{"id":123419,"date":"2025-08-17T17:00:00","date_gmt":"2025-08-17T15:00:00","guid":{"rendered":"https:\/\/www.reunion68.se\/?p=123419"},"modified":"2025-08-16T07:51:52","modified_gmt":"2025-08-16T05:51:52","slug":"17-00-104","status":"publish","type":"post","link":"https:\/\/www.reunion68.se\/?p=123419","title":{"rendered":"Olive Tree Honoring Murdered Jew Ilan Halimi Cut Down in France, Sparking Outrage Amid Rising Antisemitism"},"content":{"rendered":"<hr \/>\n<p>.<\/p>\n<h3 style=\"text-align: center;\"><a href=\"https:\/\/www.algemeiner.com\/\" target=\"_blank\" rel=\"noopener noreferrer\"><img decoding=\"async\" class=\"center alignleft\" src=\"http:\/\/www.reunion68.com\/Biuletyn\/img\/algem.png\" alt=\"\" width=\"35%\" \/><\/a><span style=\"text-decoration: underline; color: #000080;\"><strong><a style=\"color: #000080; text-decoration: underline;\" href=\"https:\/\/www.algemeiner.com\/2025\/08\/15\/olive-tree-honoring-murdered-jew-ilan-halimi-cut-down-france-sparking-outrage-rising-antisemitism\/\" target=\"_blank\" rel=\"noopener noreferrer\">Olive Tree Honoring Murdered Jew Ilan Halimi Cut Down in France, Sparking Outrage Amid Rising Antisemitism<\/a><\/strong><\/span><\/h3>\n<p style=\"text-align: center;\"><a class=\"authorLink\" href=\"https:\/\/www.algemeiner.com\/author\/ailin-vilches-arguello\"><strong><span style=\"color: #000000;\">Ailin Vilches Arguello<\/span><\/strong><\/a><\/p>\n<hr style=\"height: 15px; background: #d0e6fa; width: 100%;\" \/>\n<p><img decoding=\"async\" loading=\"lazy\" class=\"size-full wp-image-553197 ls-is-cached lazyloaded aligncenter\" src=\"https:\/\/www.algemeiner.com\/wp-content\/uploads\/2021\/02\/2021-02-14T151505Z_880562903_MT1HNSLCS000EPQ49C_RTRMADP_3_HANS-LUCAS-1-1.jpg\" sizes=\"(max-width: 720px) 100vw, 720px\" srcset=\"https:\/\/www.algemeiner.com\/wp-content\/uploads\/2021\/02\/2021-02-14T151505Z_880562903_MT1HNSLCS000EPQ49C_RTRMADP_3_HANS-LUCAS-1-1.jpg 720w, https:\/\/www.algemeiner.com\/wp-content\/uploads\/2021\/02\/2021-02-14T151505Z_880562903_MT1HNSLCS000EPQ49C_RTRMADP_3_HANS-LUCAS-1-1-300x150.jpg 300w\" alt=\"\" width=\"100%\" height=\"360\" aria-describedby=\"caption-attachment-553197\" data-src=\"https:\/\/www.algemeiner.com\/wp-content\/uploads\/2021\/02\/2021-02-14T151505Z_880562903_MT1HNSLCS000EPQ49C_RTRMADP_3_HANS-LUCAS-1-1.jpg\" data-srcset=\"https:\/\/www.algemeiner.com\/wp-content\/uploads\/2021\/02\/2021-02-14T151505Z_880562903_MT1HNSLCS000EPQ49C_RTRMADP_3_HANS-LUCAS-1-1.jpg 720w, https:\/\/www.algemeiner.com\/wp-content\/uploads\/2021\/02\/2021-02-14T151505Z_880562903_MT1HNSLCS000EPQ49C_RTRMADP_3_HANS-LUCAS-1-1-300x150.jpg 300w\" data-sizes=\"(max-width: 720px) 100vw, 720px\" \/><\/p>\n<p id=\"caption-attachment-553197\" class=\"wp-caption-text\" style=\"text-align: center;\"><span style=\"color: #808080;\"><em>A crowd gathers at the Jardin Ilan Halimi in Paris on Feb. 14, 2021, to commemorate the 15th anniversary <span style=\"color: #000080;\">of Halimi\u2019s kidnapping and murder. Photo: Reuters\/Xose Bouzas\/Hans Lucas<\/span><\/em><\/span><\/p>\n<p><span style=\"color: #000080;\">An olive tree planted in memory of a\u00a0<a style=\"color: #000080;\" href=\"https:\/\/www.algemeiner.com\/2022\/01\/21\/because-he-was-a-jew-kidnapping-and-murder-of-ilan-halimi-in-paris-commemorated-amid-french-election-battle\/\" target=\"_blank\" rel=\"noopener\">young French Jewish man tortured to death in 2006<\/a>\u00a0was vandalized and cut down this week, sparking outrage in France amid a troubling surge in antisemitic attacks.<\/span><\/p>\n<p><span style=\"color: #000080;\">In January 2006,\u00a0<a style=\"color: #000080;\" href=\"https:\/\/www.algemeiner.com\/2018\/10\/04\/french-government-launches-ilan-halimi-award-for-youth-projects-combating-antisemitism\/\" target=\"_blank\" rel=\"noopener\">Ilan Halimi<\/a>\u00a0was abducted, held captive, and tortured by a gang of about 20 people in a low-income housing estate in the Paris suburb of Bagneux.<\/span><\/p>\n<p><span style=\"color: #000080;\">Three weeks later, Halimi was found in Essonne, south of Paris, naked, gagged, and handcuffed, with clear signs of torture and burns. The 23-year-old died on the way to the hospital.<\/span><\/p>\n<p><span style=\"color: #000080;\">In 2011, an olive tree was planted in Halimi\u2019s memory. On Friday, this memorial was found felled \u2014 probably with a chainsaw \u2014 in the northern Paris suburb of Epinay-sur-Seine.<\/span><\/p>\n<p><span style=\"color: #000080;\">Halimi\u2019s memory has faced attacks before, with two other trees planted in his honor vandalized in 2019 in Essonne, where he was found dying near a railway track.<\/span><\/p>\n<p><span style=\"color: #000080;\">French officials have pledged to plant a new tree following the latest attack, which has drawn condemnation from the country\u2019s local Jewish community\u00a0<a style=\"color: #000080;\" href=\"https:\/\/www.algemeiner.com\/2025\/06\/06\/french-rabbi-tells-two-attacks-one-week-antisemitic-hate-crimes-rise\/\" target=\"_blank\" rel=\"noopener\">amid a troubling rise in antisemitic acts<\/a>.<\/span><\/p>\n<p><span style=\"color: #000080;\">French President Emmanuel Macron has condemned the incident, vowing that the perpetrators will be brought to justice while affirming that France\u2019s fight against antisemitism will remain \u201cuncompromising.\u201d<\/span><\/p>\n<p><span style=\"color: #000080;\">\u201cFelling the tree in honor of Ilan Halimi is a second attempt on his life. This will not happen: the nation will not forget this son of France who died for being Jewish,\u201d the French leader said in a post on X.<\/span><\/p>\n<p><iframe loading=\"lazy\" id=\"twitter-widget-2\" class=\"\" title=\"X Post\" src=\"https:\/\/platform.twitter.com\/embed\/Tweet.html?dnt=false&amp;embedId=twitter-widget-2&amp;features=eyJ0ZndfdGltZWxpbmVfbGlzdCI6eyJidWNrZXQiOltdLCJ2ZXJzaW9uIjpudWxsfSwidGZ3X2ZvbGxvd2VyX2NvdW50X3N1bnNldCI6eyJidWNrZXQiOnRydWUsInZlcnNpb24iOm51bGx9LCJ0ZndfdHdlZXRfZWRpdF9iYWNrZW5kIjp7ImJ1Y2tldCI6Im9uIiwidmVyc2lvbiI6bnVsbH0sInRmd19yZWZzcmNfc2Vzc2lvbiI6eyJidWNrZXQiOiJvbiIsInZlcnNpb24iOm51bGx9LCJ0ZndfZm9zbnJfc29mdF9pbnRlcnZlbnRpb25zX2VuYWJsZWQiOnsiYnVja2V0Ijoib24iLCJ2ZXJzaW9uIjpudWxsfSwidGZ3X21peGVkX21lZGlhXzE1ODk3Ijp7ImJ1Y2tldCI6InRyZWF0bWVudCIsInZlcnNpb24iOm51bGx9LCJ0ZndfZXhwZXJpbWVudHNfY29va2llX2V4cGlyYXRpb24iOnsiYnVja2V0IjoxMjA5NjAwLCJ2ZXJzaW9uIjpudWxsfSwidGZ3X3Nob3dfYmlyZHdhdGNoX3Bpdm90c19lbmFibGVkIjp7ImJ1Y2tldCI6Im9uIiwidmVyc2lvbiI6bnVsbH0sInRmd19kdXBsaWNhdGVfc2NyaWJlc190b19zZXR0aW5ncyI6eyJidWNrZXQiOiJvbiIsInZlcnNpb24iOm51bGx9LCJ0ZndfdXNlX3Byb2ZpbGVfaW1hZ2Vfc2hhcGVfZW5hYmxlZCI6eyJidWNrZXQiOiJvbiIsInZlcnNpb24iOm51bGx9LCJ0ZndfdmlkZW9faGxzX2R5bmFtaWNfbWFuaWZlc3RzXzE1MDgyIjp7ImJ1Y2tldCI6InRydWVfYml0cmF0ZSIsInZlcnNpb24iOm51bGx9LCJ0ZndfbGVnYWN5X3RpbWVsaW5lX3N1bnNldCI6eyJidWNrZXQiOnRydWUsInZlcnNpb24iOm51bGx9LCJ0ZndfdHdlZXRfZWRpdF9mcm9udGVuZCI6eyJidWNrZXQiOiJvbiIsInZlcnNpb24iOm51bGx9fQ%3D%3D&amp;frame=false&amp;hideCard=false&amp;hideThread=false&amp;id=1956304455093125337&amp;lang=en&amp;origin=https%3A%2F%2Fwww.algemeiner.com%2F2025%2F08%2F15%2Folive-tree-honoring-murdered-jew-ilan-halimi-cut-down-france-sparking-outrage-rising-antisemitism%2F&amp;sessionId=883e0e2006478ad7b742423f805ce56e35cb2b6e&amp;siteScreenName=Algemeiner&amp;theme=light&amp;widgetsVersion=2615f7e52b7e0%3A1702314776716&amp;width=550px\" width=\"650\" height=\"500\" frameborder=\"0\" scrolling=\"yes\" allowfullscreen=\"allowfullscreen\" data-tweet-id=\"1956304455093125337\" data-mce-fragment=\"1\"><\/iframe><\/p>\n<p><span style=\"color: #000080;\">Authorities have opened a criminal investigation into the incident, with Paris police confirming that inquiries are underway.<\/span><\/p>\n<p><span style=\"color: #000080;\">French Prime Minister Fran\u00e7ois Bayrou denounced the incident, calling the tree \u201ca living bulwark against oblivion.\u201d<\/span><\/p>\n<p><span style=\"color: #000080;\">\u201cThe never-ending fight against the deadly poison of hatred is our primary duty,\u201d Bayrou said in a post on X.<\/span><\/p>\n<p><span style=\"color: #000080;\">French Interior Minister Bruno Retailleau also condemned the antisemitic attack, saying that \u201cthis act can only provoke disgust and anger.\u201d<\/span><\/p>\n<p><span style=\"color: #000080;\">France\u2019s Jewish community has faced a\u00a0<a style=\"color: #000080;\" href=\"https:\/\/www.algemeiner.com\/2025\/01\/22\/antisemitism-continues-skyrocket-france-over-1500-incidents-recorded-2024-new-report-finds\/\" target=\"_blank\" rel=\"noopener\">troubling surge in antisemitic incidents and anti-Israel sentiment<\/a>\u00a0since the Hamas-led invasion of and massacre across southern Israel on Oct.7, 2023.<\/span><\/p>\n<p><span style=\"color: #000080;\">Jewish leaders have consistently called on authorities to take swift action against the rising wave of targeted attacks and anti-Jewish hate crimes they continue to face.<\/span><\/p>\n<p><span style=\"color: #000080;\">Yonathan Arfi, president of the Representative Council of Jewish Institutions in France (CRIF), denounced this latest incident, declaring that \u201ctoday\u2019s antisemites are no better than those of yesterday.\u201d<\/span><\/p>\n<p><span style=\"color: #000080;\">\u201cThis is not just another antisemitic act. It is a way for antisemites to shout their hatred toward Jews, saying: \u2018We are here more than ever!&#8217;\u201d Arfi said in a post on X.<\/span><\/p>\n<p><iframe loading=\"lazy\" id=\"twitter-widget-3\" class=\"\" title=\"X Post\" src=\"https:\/\/platform.twitter.com\/embed\/Tweet.html?dnt=false&amp;embedId=twitter-widget-3&amp;features=eyJ0ZndfdGltZWxpbmVfbGlzdCI6eyJidWNrZXQiOltdLCJ2ZXJzaW9uIjpudWxsfSwidGZ3X2ZvbGxvd2VyX2NvdW50X3N1bnNldCI6eyJidWNrZXQiOnRydWUsInZlcnNpb24iOm51bGx9LCJ0ZndfdHdlZXRfZWRpdF9iYWNrZW5kIjp7ImJ1Y2tldCI6Im9uIiwidmVyc2lvbiI6bnVsbH0sInRmd19yZWZzcmNfc2Vzc2lvbiI6eyJidWNrZXQiOiJvbiIsInZlcnNpb24iOm51bGx9LCJ0ZndfZm9zbnJfc29mdF9pbnRlcnZlbnRpb25zX2VuYWJsZWQiOnsiYnVja2V0Ijoib24iLCJ2ZXJzaW9uIjpudWxsfSwidGZ3X21peGVkX21lZGlhXzE1ODk3Ijp7ImJ1Y2tldCI6InRyZWF0bWVudCIsInZlcnNpb24iOm51bGx9LCJ0ZndfZXhwZXJpbWVudHNfY29va2llX2V4cGlyYXRpb24iOnsiYnVja2V0IjoxMjA5NjAwLCJ2ZXJzaW9uIjpudWxsfSwidGZ3X3Nob3dfYmlyZHdhdGNoX3Bpdm90c19lbmFibGVkIjp7ImJ1Y2tldCI6Im9uIiwidmVyc2lvbiI6bnVsbH0sInRmd19kdXBsaWNhdGVfc2NyaWJlc190b19zZXR0aW5ncyI6eyJidWNrZXQiOiJvbiIsInZlcnNpb24iOm51bGx9LCJ0ZndfdXNlX3Byb2ZpbGVfaW1hZ2Vfc2hhcGVfZW5hYmxlZCI6eyJidWNrZXQiOiJvbiIsInZlcnNpb24iOm51bGx9LCJ0ZndfdmlkZW9faGxzX2R5bmFtaWNfbWFuaWZlc3RzXzE1MDgyIjp7ImJ1Y2tldCI6InRydWVfYml0cmF0ZSIsInZlcnNpb24iOm51bGx9LCJ0ZndfbGVnYWN5X3RpbWVsaW5lX3N1bnNldCI6eyJidWNrZXQiOnRydWUsInZlcnNpb24iOm51bGx9LCJ0ZndfdHdlZXRfZWRpdF9mcm9udGVuZCI6eyJidWNrZXQiOiJvbiIsInZlcnNpb24iOm51bGx9fQ%3D%3D&amp;frame=false&amp;hideCard=false&amp;hideThread=false&amp;id=1956091754912080320&amp;lang=en&amp;origin=https%3A%2F%2Fwww.algemeiner.com%2F2025%2F08%2F15%2Folive-tree-honoring-murdered-jew-ilan-halimi-cut-down-france-sparking-outrage-rising-antisemitism%2F&amp;sessionId=883e0e2006478ad7b742423f805ce56e35cb2b6e&amp;siteScreenName=Algemeiner&amp;theme=light&amp;widgetsVersion=2615f7e52b7e0%3A1702314776716&amp;width=550px\" width=\"650\" height=\"500\" frameborder=\"0\" scrolling=\"yes\" allowfullscreen=\"allowfullscreen\" data-tweet-id=\"1956091754912080320\" data-mce-fragment=\"1\"><\/iframe><\/p>\n<p><span style=\"color: #000080;\">Israel\u2019s ambassador to France, Joshua Zarka, condemned the attack, calling it a \u201cshameful desecration\u201d and denouncing those responsible.<\/span><\/p>\n<p><span style=\"color: #000080;\">\u201cIt\u2019s clear that condemnations will pour in and outrage will be widespread, but who will truly reflect on the forces that led to this new act of barbarity?\u201d Zarka said in a post on X.<\/span><\/p>\n<p><span style=\"color: #000080;\">\u201cAntisemitism is a sign of a sick society, and in Europe today it has surged to levels reminiscent of nearly a century ago,\u201d he continued. \u201cMay our departed rest in peace, and may those wounded by this brutality find healing.\u201d<\/span><\/p>\n<p><iframe loading=\"lazy\" id=\"twitter-widget-4\" class=\"\" title=\"X Post\" src=\"https:\/\/platform.twitter.com\/embed\/Tweet.html?dnt=false&amp;embedId=twitter-widget-4&amp;features=eyJ0ZndfdGltZWxpbmVfbGlzdCI6eyJidWNrZXQiOltdLCJ2ZXJzaW9uIjpudWxsfSwidGZ3X2ZvbGxvd2VyX2NvdW50X3N1bnNldCI6eyJidWNrZXQiOnRydWUsInZlcnNpb24iOm51bGx9LCJ0ZndfdHdlZXRfZWRpdF9iYWNrZW5kIjp7ImJ1Y2tldCI6Im9uIiwidmVyc2lvbiI6bnVsbH0sInRmd19yZWZzcmNfc2Vzc2lvbiI6eyJidWNrZXQiOiJvbiIsInZlcnNpb24iOm51bGx9LCJ0ZndfZm9zbnJfc29mdF9pbnRlcnZlbnRpb25zX2VuYWJsZWQiOnsiYnVja2V0Ijoib24iLCJ2ZXJzaW9uIjpudWxsfSwidGZ3X21peGVkX21lZGlhXzE1ODk3Ijp7ImJ1Y2tldCI6InRyZWF0bWVudCIsInZlcnNpb24iOm51bGx9LCJ0ZndfZXhwZXJpbWVudHNfY29va2llX2V4cGlyYXRpb24iOnsiYnVja2V0IjoxMjA5NjAwLCJ2ZXJzaW9uIjpudWxsfSwidGZ3X3Nob3dfYmlyZHdhdGNoX3Bpdm90c19lbmFibGVkIjp7ImJ1Y2tldCI6Im9uIiwidmVyc2lvbiI6bnVsbH0sInRmd19kdXBsaWNhdGVfc2NyaWJlc190b19zZXR0aW5ncyI6eyJidWNrZXQiOiJvbiIsInZlcnNpb24iOm51bGx9LCJ0ZndfdXNlX3Byb2ZpbGVfaW1hZ2Vfc2hhcGVfZW5hYmxlZCI6eyJidWNrZXQiOiJvbiIsInZlcnNpb24iOm51bGx9LCJ0ZndfdmlkZW9faGxzX2R5bmFtaWNfbWFuaWZlc3RzXzE1MDgyIjp7ImJ1Y2tldCI6InRydWVfYml0cmF0ZSIsInZlcnNpb24iOm51bGx9LCJ0ZndfbGVnYWN5X3RpbWVsaW5lX3N1bnNldCI6eyJidWNrZXQiOnRydWUsInZlcnNpb24iOm51bGx9LCJ0ZndfdHdlZXRfZWRpdF9mcm9udGVuZCI6eyJidWNrZXQiOiJvbiIsInZlcnNpb24iOm51bGx9fQ%3D%3D&amp;frame=false&amp;hideCard=false&amp;hideThread=false&amp;id=1956043305747108212&amp;lang=en&amp;origin=https%3A%2F%2Fwww.algemeiner.com%2F2025%2F08%2F15%2Folive-tree-honoring-murdered-jew-ilan-halimi-cut-down-france-sparking-outrage-rising-antisemitism%2F&amp;sessionId=883e0e2006478ad7b742423f805ce56e35cb2b6e&amp;siteScreenName=Algemeiner&amp;theme=light&amp;widgetsVersion=2615f7e52b7e0%3A1702314776716&amp;width=550px\" width=\"650\" height=\"500\" frameborder=\"0\" scrolling=\"yes\" allowfullscreen=\"allowfullscreen\" data-tweet-id=\"1956043305747108212\" data-mce-fragment=\"1\"><\/iframe><\/p>\n<hr style=\"height: 15px; background: #d0e6fa; width: 100%;\" \/>\n<div id=\"content\" class=\"content-alignment\">\n<div id=\"watch-description\" class=\"yt-uix-button-panel\">\n<div id=\"watch-description-text\" style=\"text-align: center;\">\n<p><em>Zawarto\u015b\u0107 publikowanych artyku\u0142\u00f3w i materia\u0142\u00f3w nie reprezentuje pogl\u0105d\u00f3w ani opinii Reunion&#8217;68,<\/em><em><br \/>\nani te\u017c webmastera Blogu Reunion&#8217;68, chyba ze jest to wyra\u017anie zaznaczone.<br \/>\nTwoje uwagi, linki, w\u0142asne artyku\u0142y lub wiadomo\u015bci prze\u015blij na adres:<br \/>\n<\/em><span style=\"color: #000080;\"><strong><em><a style=\"color: #000080;\" href=\"mailto:webmaster@reunion68.com\"><span style=\"text-decoration: underline;\">webmaster@reunion68.com<\/span><\/a><\/em><\/strong><\/span><\/p>\n<\/div>\n<\/div>\n<\/div>\n<hr style=\"width: 100%;\" \/>\n","protected":false},"excerpt":{"rendered":"<p>. Olive Tree Honoring Murdered Jew Ilan Halimi Cut Down in France, Sparking Outrage Amid Rising Antisemitism Ailin Vilches Arguello A crowd gathers at the Jardin Ilan Halimi in Paris on Feb. 14, 2021, to commemorate the 15th anniversary of Halimi\u2019s kidnapping and murder. Photo: Reuters\/Xose Bouzas\/Hans Lucas An olive tree planted in memory of [&hellip;]<\/p>\n","protected":false},"author":1,"featured_media":0,"comment_status":"closed","ping_status":"closed","sticky":false,"template":"","format":"standard","meta":[],"categories":[6],"tags":[33,24],"_links":{"self":[{"href":"https:\/\/www.reunion68.se\/index.php?rest_route=\/wp\/v2\/posts\/123419"}],"collection":[{"href":"https:\/\/www.reunion68.se\/index.php?rest_route=\/wp\/v2\/posts"}],"about":[{"href":"https:\/\/www.reunion68.se\/index.php?rest_route=\/wp\/v2\/types\/post"}],"author":[{"embeddable":true,"href":"https:\/\/www.reunion68.se\/index.php?rest_route=\/wp\/v2\/users\/1"}],"replies":[{"embeddable":true,"href":"https:\/\/www.reunion68.se\/index.php?rest_route=%2Fwp%2Fv2%2Fcomments&post=123419"}],"version-history":[{"count":10,"href":"https:\/\/www.reunion68.se\/index.php?rest_route=\/wp\/v2\/posts\/123419\/revisions"}],"predecessor-version":[{"id":123455,"href":"https:\/\/www.reunion68.se\/index.php?rest_route=\/wp\/v2\/posts\/123419\/revisions\/123455"}],"wp:attachment":[{"href":"https:\/\/www.reunion68.se\/index.php?rest_route=%2Fwp%2Fv2%2Fmedia&parent=123419"}],"wp:term":[{"taxonomy":"category","embeddable":true,"href":"https:\/\/www.reunion68.se\/index.php?rest_route=%2Fwp%2Fv2%2Fcategories&post=123419"},{"taxonomy":"post_tag","embeddable":true,"href":"https:\/\/www.reunion68.se\/index.php?rest_route=%2Fwp%2Fv2%2Ftags&post=123419"}],"curies":[{"name":"wp","href":"https:\/\/api.w.org\/{rel}","templated":true}]}}