{"id":123510,"date":"2025-08-20T17:09:00","date_gmt":"2025-08-20T15:09:00","guid":{"rendered":"https:\/\/www.reunion68.se\/?p=123510"},"modified":"2025-08-19T07:19:46","modified_gmt":"2025-08-19T05:19:46","slug":"20-09-101","status":"publish","type":"post","link":"https:\/\/www.reunion68.se\/?p=123510","title":{"rendered":"Na Pomorzu Zachodnim zburzono kolejny pomnik polsko-radzieckiego braterstwa broni"},"content":{"rendered":"<p style=\"text-align: center;\"><img decoding=\"async\" class=\"aligncenter\" src=\"https:\/\/dzieje.pl\/sites\/default\/files\/styles\/open_article_750x0_\/public\/202508\/pap_20250818_0FJ%20%281%29.jpg?itok=hKqtAbEJ\" width=\"100%\"><span style=\"color: #808080;\"><em>Demonta\u017c pomnika polsko-radzieckiego braterstwa broni w P\u0142otach (pow. gryficki). Fot. PAP\/Marcin Bielecki<\/em><\/span><\/p>\n<hr>\n<p>.<\/p>\n<h3 style=\"text-align: center;\"><a href=\"https:\/\/dzieje.pl\/\" target=\"_blank\" rel=\"noopener noreferrer\"><img decoding=\"async\" class=\"center alignleft\" src=\"http:\/\/www.reunion68.com\/Biuletyn\/img\/dzieje_logo.png\" alt=\"\" width=\"35%\"><\/a><span style=\"text-decoration: underline; color: #000080;\"><span><strong><a style=\"color: #000080; text-decoration: underline;\" href=\"https:\/\/dzieje.pl\/wiadomosci\/na-pomorzu-zachodnim-zburzono-kolejny-pomnik-polsko-radzieckiego-braterstwa-broni\" target=\"_blank\" rel=\"noopener noreferrer\">Na Pomorzu Zachodnim zburzono kolejny pomnik polsko-radzieckiego braterstwa broni<\/a><\/strong><\/span><\/span><\/h3>\n<p style=\"text-align: center;\"><span style=\"color: #000000;\"><strong>tma\/ mi\u015b\/<\/strong><\/span><\/p>\n<hr style=\"height: 15px; background: #d0e6fa; width: 100%;\">\n<h4><strong>Pomnik polsko-radzieckiego braterstwa broni przy dworcu kolejowym w P\u0142otach zosta\u0142 w poniedzia\u0142ek zburzony z inicjatywy burmistrza miasta oraz Instytutu Pami\u0119ci Narodowej. To \u00f3smy tego rodzaju obiekt w wojew\u00f3dztwie zachodniopomorskim zdemontowany od 2022 r.<\/strong><\/h4>\n<div class=\"field field--name-body field--type-text-with-summary field--label-hidden field__item\">\n<p><span style=\"color: #000080;\">Koparka i hydrauliczny grot w poniedzia\u0142ek rozbi\u0142y betonowy monument przedstawiaj\u0105cy sylwetki dw\u00f3ch \u017co\u0142nierzy na placu przy stacji kolejowej w P\u0142otach (woj. zachodniopomorskie). W zburzeniu obiektu, kt\u00f3ry przez dziesi\u0119ciolecia nazywano \u201epomnikiem polsko-radzieckiego braterstwa broni\u201d, uczestniczy\u0142 zast\u0119pca prezesa Instytutu Pami\u0119ci Narodowej dr hab. Karol Polejowski.<\/span><\/p>\n<p><span style=\"color: #000080;\">\u2013 Ten pomnik to symbol sowieckiego panowania nad tym terenem \u2013 powiedzia\u0142 Polejowski.<\/span><\/p>\n<p><span style=\"color: #000080;\">Wiceprezes przypomnia\u0142 apel by\u0142ego prezesa IPN, a dzi\u015b prezydenta RP Karola Nawrockiego z marca 2022 r., by \u201edoko\u0144czy\u0107 proces dekomunizacji przestrzeni publicznej\u201d w Polsce. Polejowski oceni\u0142, \u017ce pomnik w P\u0142otach opowiada \u201efa\u0142szyw\u0105 histori\u0119, kt\u00f3ra nigdy nie mia\u0142a miejsca\u201d.<\/span><\/p>\n<p><span style=\"color: #000080;\">\u2013 Ten obiekt pokazuje nam co\u015b, co ma by\u0107 wdzi\u0119czno\u015bci\u0105 dla armii sowieckiej, ma symbolizowa\u0107 braterstwo broni mi\u0119dzy \u017co\u0142nierzami polskimi a \u017co\u0142nierzami sowieckimi, ale \u017caden z tych element\u00f3w przecie\u017c nie jest prawdziwy w naszej historii \u2013 powiedzia\u0142 Polejowski.<\/span><\/p>\n<p><span style=\"color: #000080;\">Wiceprezes IPN stwierdzi\u0142, \u017ce \u201eobiekt propagandowy\u201d znajduj\u0105cy si\u0119 w P\u0142otach mia\u0142 tworzy\u0107 \u201ezupe\u0142nie now\u0105 narracj\u0119\u201d. Przypomnia\u0142, \u017ce to miasteczko sta\u0142o si\u0119 polskie na pocz\u0105tku marca 1945 r., a jego powojenn\u0105 histori\u0119 zapocz\u0105tkowali osadnicy, kt\u00f3rzy przybyli na tzw. Ziemie Odzyskane.<\/span><\/p>\n<p><span style=\"color: #000080;\">\u2013 To spo\u0142eczno\u015b\u0107 lokalna budowa\u0142a now\u0105 to\u017csamo\u015b\u0107 tego miejsca \u2013 podkre\u015bli\u0142 Polejowski.<\/span><\/p>\n<p><span style=\"color: #000080;\">Zapraszaj\u0105c na demonta\u017c pomnika w P\u0142otach, Instytut Pami\u0119ci Narodowej poinformowa\u0142, \u017ce usuni\u0119cie monumentu jest realizacj\u0105 postulatu burmistrza P\u0142ot\u00f3w i Rady Miejskiej z lipca 2024 r. Przypomniano, \u017ce w listopadzie ubieg\u0142ego roku IPN podpisa\u0142 z gmin\u0105 P\u0142oty porozumienie o rozbi\u00f3rce, ale te\u017c o realizacji nowego upami\u0119tnienia.<\/span><\/p>\n<p><span style=\"color: #000080;\">W rozmowie z PAP burmistrz P\u0142ot\u00f3w Szymon Klimko poinformowa\u0142, \u017ce w planach jest \u201ewyeksponowanie\u201d obelisku po\u015bwi\u0119conego J\u00f3zefowi Pi\u0142sudskiemu, kt\u00f3ry znajduje si\u0119 w miasteczku. Ale na pewno nie zostanie on przeniesiony w miejsce zburzonego pomnika.<\/span><\/p>\n<p><span style=\"color: #000080;\">\u2013 Plac przy dworcu kolejowym to idealne miejsce, by zrobi\u0107 tu skwer i miejsca postojowe typu park &amp; ride. Na naszej stacji zatrzymuje si\u0119 coraz wi\u0119cej poci\u0105g\u00f3w \u2013 powiedzia\u0142 PAP Klimko.<\/span><\/p>\n<p><span style=\"color: #000080;\">Podkre\u015bli\u0142, \u017ce pomnik polsko-radzieckiego braterstwa by\u0142 ostatnim obiektem, kt\u00f3ry \u201enie podda\u0142 si\u0119 dekomunizacji\u201d. Zaznaczy\u0142, \u017ce inicjatywa zburzenia monumentu nie wywo\u0142a\u0142a \u017cadnej dyskusji, nie by\u0142o sprzeciw\u00f3w.<\/span><\/p>\n<p><span style=\"color: #000080;\">\u2013 To miasto zosta\u0142o 5 marca 1945 r. zaj\u0119te przez Sowiet\u00f3w bez jednego wystrza\u0142u \u2013 powiedzia\u0142 burmistrz.<\/span><\/p>\n<p><span style=\"color: #000080;\">Jak przypomnia\u0142 w komunikacie IPN, P\u0142oty zosta\u0142y zaj\u0119te w marcu 1945 r. si\u0142ami 1 Armii Pancernej Gwardii I Frontu Bia\u0142oruskiego, bez udzia\u0142u polskich jednostek tzw. Ludowego Wojska Polskiego. Pierwszy monument wyra\u017caj\u0105cy wdzi\u0119czno\u015b\u0107 Armii Czerwonej wzniesiono przy ul. Dworcowej w 1955 r. z inicjatywy w\u0142adz kolejowych. Cytuj\u0105c Archiwum Akt Nowych, IPN podaje, \u017ce by\u0142a to \u201eceglana, otynkowana konstrukcja w kszta\u0142cie sto\u017cka, o wysoko\u015bci ok. 3 m, z przymocowan\u0105 czerwon\u0105 gwiazd\u0105\u201d.<\/span><\/p>\n<p><span style=\"color: #000080;\">Obiekt zburzony w poniedzia\u0142ek powsta\u0142 w 1977 r. z okazji 700-lecia nadania P\u0142otom praw miejskich. Fundatorami by\u0142y \u00f3wczesne w\u0142adze wojew\u00f3dzkie, przy wsparciu finansowym gminy. Rze\u017aba przedstawia \u017co\u0142nierza, kt\u00f3ry niesie na ramieniu rannego towarzysza trzymaj\u0105cego w d\u0142oni granat. Napis na postumencie brzmi: \u201eZ regionu P\u0142ot w dniu 10 marca 1945 r. oddzia\u0142y 4 Dywizji Piechoty im. Jana Kili\u0144skiego 1 Armii Wojska Polskiego we wsp\u00f3\u0142dzia\u0142aniu z Armi\u0105 Radzieck\u0105 rozpocz\u0119\u0142y dzia\u0142ania bojowe w kierunku Golczewa\u201d.<\/span><\/p>\n<p><span style=\"color: #000080;\">IPN ocenia, \u017ce zniszczenia wojenne w P\u0142otach wynosi\u0142y ok. 22 proc. infrastruktury miasta. W 1946 r. wzros\u0142y do 40 proc., wskutek grabie\u017cy i dewastacji dokonywanych przez szabrownik\u00f3w, ale te\u017c oddzia\u0142y Armii Czerwonej.<\/span><\/p>\n<p><span style=\"color: #000080;\">\u2013 To Sowieci niszczyli, grabili, gwa\u0142cili, mordowali dotychczasowych mieszka\u0144c\u00f3w P\u0142ot\u00f3w [Niemc\u00f3w \u2013 PAP] i tych, kt\u00f3rzy przyje\u017cd\u017cali osiedli\u0107 si\u0119 na tych ziemiach \u2013 podkre\u015bli\u0142 Polejowski.<\/span><\/p>\n<p><span style=\"color: #000080;\">Wiceprezes zaapelowa\u0142 o odwag\u0119 do innych samorz\u0105d\u00f3w, gdzie tego typu \u201eobiekty propagandowe jeszcze strasz\u0105\u201d.<\/span><\/p>\n<p><span style=\"color: #000080;\">Zast\u0119pca dyrektora Biura Upami\u0119tnienia Walk i M\u0119cze\u0144stwa IPN Joanna Sulej-Piskorz przekaza\u0142a PAP, \u017ce pomnik w P\u0142otach jest 43. zdemontowanym obiektem od marca 2022 r. Podkre\u015bli\u0142a, \u017ce 30 monument\u00f3w zburzono we wsp\u00f3\u0142pracy z samorz\u0105dem.<\/span><\/p>\n<p><span style=\"color: #000080;\">\u2013 Na terenie wojew\u00f3dztwa zachodniopomorskiego jest to \u00f3smy zdemontowany obiekt \u2013 wyja\u015bni\u0142a Sulej-Piskorz.<\/span><\/p>\n<p><span style=\"color: #000080;\">Oceni\u0142a, \u017ce w Polsce pozosta\u0142o do demonta\u017cu jeszcze kilkana\u015bcie podobnych obiekt\u00f3w. Wyja\u015bni\u0142a, \u017ce pomniki nie s\u0105 przenoszone, tylko \u201eutylizowane\u201d.<\/span><\/p>\n<p><span style=\"color: #000080;\">\u2013 Je\u017celi zostaj\u0105 tablice, to czasami s\u0105 przekazywane do jednostek muzealnych \u2013 podsumowa\u0142a Sulej-Piskorz. (PAP)<\/span><\/p>\n<\/div>\n<hr style=\"height: 15px; background: #d0e6fa; width: 100%;\">\n<div id=\"content\" class=\"content-alignment\">\n<div id=\"watch-description\" class=\"yt-uix-button-panel\">\n<div id=\"watch-description-text\" style=\"text-align: center;\">\n<p><em>Zawarto\u015b\u0107 publikowanych artyku\u0142\u00f3w i materia\u0142\u00f3w nie reprezentuje pogl\u0105d\u00f3w ani opinii Reunion&#8217;68,<\/em><em><br \/>\nani te\u017c webmastera Blogu Reunion&#8217;68, chyba ze jest to wyra\u017anie zaznaczone.<br \/>\nTwoje uwagi, linki, w\u0142asne artyku\u0142y lub wiadomo\u015bci prze\u015blij na adres:<br \/>\n<\/em><span style=\"color: #000080;\"><strong><em><a style=\"color: #000080;\" href=\"mailto:webmaster@reunion68.com\"><span style=\"text-decoration: underline;\">webmaster@reunion68.com<\/span><\/a><\/em><\/strong><\/span><\/p>\n<\/div>\n<\/div>\n<\/div>\n<hr style=\"width: 100%;\">\n","protected":false},"excerpt":{"rendered":"<p>Demonta\u017c pomnika polsko-radzieckiego braterstwa broni w P\u0142otach (pow. gryficki). Fot. PAP\/Marcin Bielecki . Na Pomorzu Zachodnim zburzono kolejny pomnik polsko-radzieckiego braterstwa broni tma\/ mi\u015b\/ Pomnik polsko-radzieckiego braterstwa broni przy dworcu kolejowym w P\u0142otach zosta\u0142 w poniedzia\u0142ek zburzony z inicjatywy burmistrza miasta oraz Instytutu Pami\u0119ci Narodowej. To \u00f3smy tego rodzaju obiekt w wojew\u00f3dztwie zachodniopomorskim zdemontowany od [&hellip;]<\/p>\n","protected":false},"author":1,"featured_media":0,"comment_status":"closed","ping_status":"closed","sticky":false,"template":"","format":"standard","meta":[],"categories":[6],"tags":[33,24],"_links":{"self":[{"href":"https:\/\/www.reunion68.se\/index.php?rest_route=\/wp\/v2\/posts\/123510"}],"collection":[{"href":"https:\/\/www.reunion68.se\/index.php?rest_route=\/wp\/v2\/posts"}],"about":[{"href":"https:\/\/www.reunion68.se\/index.php?rest_route=\/wp\/v2\/types\/post"}],"author":[{"embeddable":true,"href":"https:\/\/www.reunion68.se\/index.php?rest_route=\/wp\/v2\/users\/1"}],"replies":[{"embeddable":true,"href":"https:\/\/www.reunion68.se\/index.php?rest_route=%2Fwp%2Fv2%2Fcomments&post=123510"}],"version-history":[{"count":4,"href":"https:\/\/www.reunion68.se\/index.php?rest_route=\/wp\/v2\/posts\/123510\/revisions"}],"predecessor-version":[{"id":123519,"href":"https:\/\/www.reunion68.se\/index.php?rest_route=\/wp\/v2\/posts\/123510\/revisions\/123519"}],"wp:attachment":[{"href":"https:\/\/www.reunion68.se\/index.php?rest_route=%2Fwp%2Fv2%2Fmedia&parent=123510"}],"wp:term":[{"taxonomy":"category","embeddable":true,"href":"https:\/\/www.reunion68.se\/index.php?rest_route=%2Fwp%2Fv2%2Fcategories&post=123510"},{"taxonomy":"post_tag","embeddable":true,"href":"https:\/\/www.reunion68.se\/index.php?rest_route=%2Fwp%2Fv2%2Ftags&post=123510"}],"curies":[{"name":"wp","href":"https:\/\/api.w.org\/{rel}","templated":true}]}}