{"id":123512,"date":"2025-08-19T17:05:00","date_gmt":"2025-08-19T15:05:00","guid":{"rendered":"https:\/\/www.reunion68.se\/?p=123512"},"modified":"2025-08-19T07:25:08","modified_gmt":"2025-08-19T05:25:08","slug":"20-05-117","status":"publish","type":"post","link":"https:\/\/www.reunion68.se\/?p=123512","title":{"rendered":"Israel Pulls Australian Officials\u2019 Visas Amid Diplomatic Rift"},"content":{"rendered":"<hr>\n<p>.<\/p>\n<h3 style=\"text-align: center;\"><a href=\"https:\/\/www.algemeiner.com\/\" target=\"_blank\" rel=\"noopener noreferrer\"><img decoding=\"async\" class=\"center alignleft\" src=\"http:\/\/www.reunion68.com\/Biuletyn\/img\/algem.png\" alt=\"\" width=\"35%\"><\/a><span style=\"text-decoration: underline; color: #000080;\"><span><strong><a style=\"color: #000080; text-decoration: underline;\" href=\"https:\/\/www.algemeiner.com\/2025\/08\/18\/israel-pulls-australian-officials-visas-amid-diplomatic-rift\/\" target=\"_blank\" rel=\"noopener noreferrer\">Israel Pulls Australian Officials\u2019 Visas Amid Diplomatic Rift<\/a><\/strong><\/span><\/span><\/h3>\n<p style=\"text-align: center;\"><span style=\"color: #000000;\"><strong>Ailin Vilches Arguello<\/strong><\/span><\/p>\n<hr style=\"height: 15px; background: #d0e6fa; width: 100%;\">\n<p><img decoding=\"async\" class=\"aligncenter\" src=\"https:\/\/www.algemeiner.com\/wp-content\/uploads\/2023\/11\/2023-11-26T020823Z_1161715897_MT1AAP000FMI593_RTRMADP_3_FREE-PALESTINE-RALLY-MELBOURNE.jpeg\" width=\"100%\"><span style=\"color: #808080;\"><em>Illustrative: Supporters of Hamas gather for a rally in Melbourne, Australia. Photo: Reuters\/Joel Carrett<\/em><\/span><\/p>\n<p><span style=\"color: #000080;\">Israel announced it will revoke the residency visas of Australian representatives to the&nbsp;<a style=\"color: #000080;\" href=\"https:\/\/www.algemeiner.com\/2025\/08\/10\/abbas-may-declare-a-palestinian-state-at-the-un-general-assembly\/\" target=\"_blank\" rel=\"noopener\">Palestinian Authority (PA)<\/a>&nbsp;in response to Australia\u2019s increasing hostility toward the Jewish state, further escalating tensions as relations between the two countries deteriorate.<\/span><\/p>\n<p><span style=\"color: #000080;\">\u201cI decided to revoke the visas of Australian representatives to the Palestinian Authority,\u201d Israeli Foreign Minister Gideon Saar said in a post on X on Monday.<\/span><\/p>\n<p><span style=\"color: #000080;\">\u201cI also instructed the Israeli Embassy in Canberra to carefully examine any official Australian visa application for entry to Israel,\u201d he continued.<\/span><\/p>\n<p><span style=\"color: #000080;\">In his statement, Saar linked this latest decision to Australia\u2019s announcement last week that it intends&nbsp;<a style=\"color: #000080;\" href=\"https:\/\/www.algemeiner.com\/2025\/08\/11\/australia-recognize-palestinian-state-un-prompting-sharp-backlash-israel-local-jewish-community\/\" target=\"_blank\" rel=\"noopener\">to recognize a Palestinian state in September<\/a>.<\/span><\/p>\n<p><span style=\"color: #000080;\">He also said this move follows \u201cAustralia\u2019s unjustified refusal to grant visas to a number of Israeli figures,\u201d among them former Minister Ayelet Shaked and Knesset Constitution, Law, and Justice Committee chairman MK Simcha Rothman.<\/span><\/p>\n<p><span style=\"color: #000080;\">Rothman\u2019s visa was denied this week, only a day before he was set to travel to Australia for community events.<\/span><\/p>\n<p><span style=\"color: #000080;\">\u201cIf you come here to spread hate and division, we don\u2019t want you,\u201d Australian Home Affairs Minister Tony Burke said in a statement about Rothman\u2019s visa denial.<\/span><\/p>\n<p><span style=\"color: #000080;\">He also noted that Rothman would not be eligible to reapply for another three years, stressing Australia\u2019s commitment to being a place where \u201ceveryone can feel safe.\u201d<\/span><\/p>\n<p><span style=\"color: #000080;\">Australian officials have argued that Rothman\u2019s visit could offend the country\u2019s Muslim population, drawing condemnation from the local Jewish community and Israeli leaders, who accused the government of being&nbsp;<a style=\"color: #000080;\" href=\"https:\/\/www.algemeiner.com\/2024\/12\/02\/antisemitic-incidents-australia-quadruple-record-high-since-oct-7-attack-new-report-says\/\" target=\"_blank\" rel=\"noopener\">lenient toward Hamas supporters<\/a>&nbsp;while barring a senior Israeli lawmaker.<\/span><\/p>\n<p><span style=\"color: #000080;\">\u201cWhile antisemitism is raging in Australia, including manifestations of violence against Jews and Jewish institutions, the Australian government is choosing to fuel it by false accusations, as if the visit of Israeli figures will disrupt public order and harm Australia\u2019s Muslim population,\u201d Saar said in his post on X. \u201cIt is shameful and unacceptable!\u201d<\/span><\/p>\n<p><span style=\"color: #000080;\">Last week, Australia announced it will formally recognize a Palestinian state during the United Nations General Assembly\u2019s annual debate next month,&nbsp;<a style=\"color: #000080;\" href=\"https:\/\/www.algemeiner.com\/2025\/08\/13\/hamas-continues-praise-western-countries-recognizing-palestinian-state\/\" target=\"_blank\" rel=\"noopener\">joining a growing list of European nations backing the move<\/a>&nbsp;despite sharp criticism from Israeli leaders and the country\u2019s Jewish community.<\/span><\/p>\n<p><span style=\"color: #000080;\">Australia\u2019s Prime Minister Anthony Albanese described a two-state solution to the Israeli-Palestinian conflict as \u201chumanity\u2019s best hope to break the cycle of violence in the Middle East and to bring an end to the conflict, suffering, and starvation in Gaza.\u201d<\/span><\/p>\n<p><span style=\"color: #000080;\">Albanese also said he had received assurances from the PA \u2014 which has governed much of the West Bank without holding elections for two decades \u2014 that there would be \u201cno role for the terrorists of Hamas in any future Palestinian state.\u201d<\/span><\/p>\n<p><span style=\"color: #000080;\">Israeli President Isaac Herzog condemned Australia\u2019s decision, calling it \u201c<a style=\"color: #000080;\" href=\"https:\/\/www.algemeiner.com\/2025\/07\/24\/israel-says-france-rewarding-terror-macron-announces-plan-recognize-palestinian-state\/\" target=\"_blank\" rel=\"noopener\">a reward for terror<\/a>, a prize for the enemies of freedom, liberty, and democracy.\u201d<\/span><\/p>\n<p><span style=\"color: #000080;\">\u201cThis is a grave and dangerous mistake, which will not help a single Palestinian and sadly will not bring back a single hostage,\u201d the Israeli leader said during a press conference, referring to the dozens of Israeli hostages still being held by the Palestinian terrorist group Hamas in Gaza.<\/span><\/p>\n<p><span style=\"color: #000080;\">Ties between Israel and Australia have soured since Hamas\u2019s Oct. 7, 2023, invasion of and massacre across southern Israel, with Canberra becoming one of the country\u2019s most outspoken critics on the global stage.<\/span><\/p>\n<p><span style=\"color: #000080;\">Meanwhile,&nbsp;<a style=\"color: #000080;\" href=\"https:\/\/www.algemeiner.com\/2025\/02\/19\/australias-spy-chief-warns-surge-antisemitism-across-country-has-not-yet-plateaued\/\" target=\"_blank\" rel=\"noopener\">antisemitism spiked to record levels in Australia<\/a>&nbsp;\u2014 especially in Sydney and Melbourne, which are home to some 85 percent of the country\u2019s Jewish population \u2014 following the start of the war in Gaza.<\/span><\/p>\n<p><span style=\"color: #000080;\">According to a report from the Executive Council of Australian Jewry (ECAJ), antisemitism quadrupled to record levels following the Oct. 7 atrocities, with Australian Jews experiencing more than 2,000 antisemitic incidents between October 2023 and September 2024.<\/span><\/p>\n<p><span style=\"color: #000080;\">Israeli leaders have condemned Australian officials for anti-Israel bias and inaction on antisemitism, while the country\u2019s Jewish community has consistently called for stronger measures to combat the growing wave of targeted attacks and anti-Jewish hate crimes.<\/span><\/p>\n<p><span style=\"color: #000080;\">On Monday, an Israeli man looking for a haircut in Melbourne was turned away after the salon owner recognized his accent and accused him of being a \u201cbaby killer\u201d responsible for \u201cgenocide in Gaza.\u201d<\/span><\/p>\n<p><span style=\"color: #000080;\">In recent months, several Jewish sites in Australia \u2014 including schools, synagogues, homes, and cars \u2014 have been&nbsp;<a style=\"color: #000080;\" href=\"https:\/\/www.algemeiner.com\/2025\/01\/29\/australian-police-foil-antisemitic-attack-finding-explosives-list-jewish-targets\/\" target=\"_blank\" rel=\"noopener\">targeted with vandalism and even arson<\/a>.<\/span><\/p>\n<hr style=\"height: 15px; background: #d0e6fa; width: 100%;\">\n<div id=\"content\" class=\"content-alignment\">\n<div id=\"watch-description\" class=\"yt-uix-button-panel\">\n<div id=\"watch-description-text\" style=\"text-align: center;\">\n<p><em>Zawarto\u015b\u0107 publikowanych artyku\u0142\u00f3w i materia\u0142\u00f3w nie reprezentuje pogl\u0105d\u00f3w ani opinii Reunion&#8217;68,<\/em><em><br \/>\nani te\u017c webmastera Blogu Reunion&#8217;68, chyba ze jest to wyra\u017anie zaznaczone.<br \/>\nTwoje uwagi, linki, w\u0142asne artyku\u0142y lub wiadomo\u015bci prze\u015blij na adres:<br \/>\n<\/em><span style=\"color: #000080;\"><strong><em><a style=\"color: #000080;\" href=\"mailto:webmaster@reunion68.com\"><span style=\"text-decoration: underline;\">webmaster@reunion68.com<\/span><\/a><\/em><\/strong><\/span><\/p>\n<\/div>\n<\/div>\n<\/div>\n<hr style=\"width: 100%;\">\n","protected":false},"excerpt":{"rendered":"<p>. Israel Pulls Australian Officials\u2019 Visas Amid Diplomatic Rift Ailin Vilches Arguello Illustrative: Supporters of Hamas gather for a rally in Melbourne, Australia. Photo: Reuters\/Joel Carrett Israel announced it will revoke the residency visas of Australian representatives to the&nbsp;Palestinian Authority (PA)&nbsp;in response to Australia\u2019s increasing hostility toward the Jewish state, further escalating tensions as relations [&hellip;]<\/p>\n","protected":false},"author":1,"featured_media":0,"comment_status":"closed","ping_status":"closed","sticky":false,"template":"","format":"standard","meta":[],"categories":[6],"tags":[33,24],"_links":{"self":[{"href":"https:\/\/www.reunion68.se\/index.php?rest_route=\/wp\/v2\/posts\/123512"}],"collection":[{"href":"https:\/\/www.reunion68.se\/index.php?rest_route=\/wp\/v2\/posts"}],"about":[{"href":"https:\/\/www.reunion68.se\/index.php?rest_route=\/wp\/v2\/types\/post"}],"author":[{"embeddable":true,"href":"https:\/\/www.reunion68.se\/index.php?rest_route=\/wp\/v2\/users\/1"}],"replies":[{"embeddable":true,"href":"https:\/\/www.reunion68.se\/index.php?rest_route=%2Fwp%2Fv2%2Fcomments&post=123512"}],"version-history":[{"count":5,"href":"https:\/\/www.reunion68.se\/index.php?rest_route=\/wp\/v2\/posts\/123512\/revisions"}],"predecessor-version":[{"id":123525,"href":"https:\/\/www.reunion68.se\/index.php?rest_route=\/wp\/v2\/posts\/123512\/revisions\/123525"}],"wp:attachment":[{"href":"https:\/\/www.reunion68.se\/index.php?rest_route=%2Fwp%2Fv2%2Fmedia&parent=123512"}],"wp:term":[{"taxonomy":"category","embeddable":true,"href":"https:\/\/www.reunion68.se\/index.php?rest_route=%2Fwp%2Fv2%2Fcategories&post=123512"},{"taxonomy":"post_tag","embeddable":true,"href":"https:\/\/www.reunion68.se\/index.php?rest_route=%2Fwp%2Fv2%2Ftags&post=123512"}],"curies":[{"name":"wp","href":"https:\/\/api.w.org\/{rel}","templated":true}]}}