{"id":123514,"date":"2025-08-19T17:00:00","date_gmt":"2025-08-19T15:00:00","guid":{"rendered":"https:\/\/www.reunion68.se\/?p=123514"},"modified":"2025-08-19T07:35:39","modified_gmt":"2025-08-19T05:35:39","slug":"20-00-112","status":"publish","type":"post","link":"https:\/\/www.reunion68.se\/?p=123514","title":{"rendered":"No. 2 House Democrat clarifies comment about Gaza \u2018genocide\u2019"},"content":{"rendered":"<hr \/>\n<p>.<\/p>\n<h3 style=\"text-align: center;\"><a href=\"https:\/\/www.jns.org\/\" target=\"_blank\" rel=\"noopener noreferrer\"><img decoding=\"async\" class=\"center alignleft\" src=\"http:\/\/www.reunion68.com\/Biuletyn\/img\/jns-1.png\" alt=\"\" width=\"35%\" \/><\/a><span style=\"text-decoration: underline; color: #000080;\"><span><strong><a style=\"color: #000080; text-decoration: underline;\" href=\"https:\/\/www.jns.org\/no-2-house-democrat-backtracks-comment-about-gaza-genocide\/\" target=\"_blank\" rel=\"noopener noreferrer\">No. 2 House Democrat clarifies comment about Gaza \u2018genocide\u2019<\/a><\/strong><\/span><\/span><\/h3>\n<p style=\"text-align: center;\"><span style=\"color: #000000;\"><strong>Jonathan D. Salant<\/strong><\/span><\/p>\n<hr style=\"height: 15px; background: #d0e6fa; width: 100%;\" \/>\n<div>\n<h4 style=\"text-align: center;\"><strong>\u201cI want to be clear that I am not accusing Israel of genocide,\u201d House Minority Whip Katherine Clark told JNS.<\/strong><\/h4>\n<\/div>\n<p style=\"text-align: center;\"><img decoding=\"async\" class=\"aligncenter\" src=\"https:\/\/me.jnsi.org\/uploads\/2025\/08\/53013239741_a046a1a9d3_o-1320x880.jpg\" width=\"100%\" \/><span style=\"color: #808080;\"><em>Massachusetts Gov. Maura Healey and Rep. Katherine Clark (D-Mass.) at an event in Boston, June 20, 2023. Credit: Joshua Qualls\/Governor\u2019s press office.<\/em><\/span><\/p>\n<p class=\"wp-block-paragraph\"><span style=\"color: #000080;\">Rep. Josh Gottheimer (D-N.J.), a leading supporter of Israel in the House, told JNS on Monday that the No. 2 House Democrat told him she does not believe that Israel\u2019s actions in Gaza amount to genocide.<\/span><\/p>\n<p class=\"wp-block-paragraph\"><span style=\"color: #000080;\">Gottheimer said in response to a JNS query that he had spoken with House Minority Whip Katherine Clark (D-Mass.) after Clark\u00a0<a style=\"color: #000080;\" href=\"https:\/\/www.politico.com\/news\/2025\/08\/15\/katherine-clark-gaza-israel-00512112\" target=\"_blank\" rel=\"noreferrer noopener\">mentioned<\/a>\u00a0\u201cstopping the starvation and genocide and destruction of Gaza\u201d during an event last week in her district.<\/span><\/p>\n<p class=\"wp-block-paragraph\"><span style=\"color: #000080;\">Clark \u201cmade clear to me that she does not believe Israel\u2019s actions in Gaza amount to genocide,\u201d the Jewish congressman told JNS. \u201cLike all of us concerned about the situation on the ground, she is focused on surging more aid to innocent Palestinians, defeating Hamas terrorists and bringing every hostage home.\u201d<\/span><\/p>\n<p class=\"wp-block-paragraph\"><span style=\"color: #000080;\">Clark told JNS that \u201clast week, while attending an event in my district, I repeated the word \u2018genocide\u2019 in response to a question.\u201d<\/span><\/p>\n<p class=\"wp-block-paragraph\"><span style=\"color: #000080;\">\u201cI want to be clear that I am not accusing Israel of genocide,\u201d she said. \u201cWe all need to work with urgency to bring the remaining hostages home, surge aid to Palestinians and oppose their involuntary relocation, remove Hamas from power and end the war.\u201d<\/span><\/p>\n<p class=\"wp-block-paragraph\"><span style=\"color: #000080;\">Gottheimer has defended Israel as the Jewish state went to war after the Hamas-led terrorist attacks on Oct. 7, 2023. He was a lead\u00a0<a style=\"color: #000080;\" href=\"https:\/\/www.jns.org\/gottheimer-lawler-present-bill-to-send-bunker-buster-bombs-to-israel\/\" target=\"_blank\" rel=\"noreferrer noopener\">sponsor<\/a>\u00a0of bipartisan legislation authorizing the United States to send Israel the bunker-buster bombs, which U.S. forces dropped on underground Iranian nuclear sites, and the aircraft needed to carry them.<\/span><\/p>\n<p class=\"wp-block-paragraph\"><span style=\"color: #000080;\">Clark\u2019s comment about \u201cgenocide\u201d came up during a forum last week held by the Friends Committee on National Legislation, a Quaker group.<\/span><\/p>\n<p class=\"wp-block-paragraph\"><span style=\"color: #000080;\">The congresswoman mentioned the conflict in the Middle East along with Republican efforts to redraw congressional district lines in GOP-run states, as she told attendees to \u201ctake action in time to make a difference.\u201d<\/span><\/p>\n<p class=\"wp-block-paragraph\"><span style=\"color: #000080;\">AIPAC\u00a0<a style=\"color: #000080;\" href=\"https:\/\/www.aipacpac.org\/home\" target=\"_blank\" rel=\"noreferrer noopener\">lists<\/a>\u00a0Clark alongside other congressional leaders under the banner \u201cwe stand with those who stand with Israel\u201d on its website.<\/span><\/p>\n<p class=\"wp-block-paragraph\"><span style=\"color: #000080;\">It adds that Clark \u201chas supported America\u2019s alliance with Israel over her seven terms in office\u201d and that after Oct. 7, she \u201cco-sponsored and voted in favor of a resolution backing Israel and affirming her right to self-defense, while condemning Hamas and its barbaric attack on the Jewish state.\u201d<\/span><\/p>\n<hr style=\"height: 15px; background: #d0e6fa; width: 100%;\" \/>\n<div id=\"content\" class=\"content-alignment\">\n<div id=\"watch-description\" class=\"yt-uix-button-panel\">\n<div id=\"watch-description-text\" style=\"text-align: center;\">\n<p><em>Zawarto\u015b\u0107 publikowanych artyku\u0142\u00f3w i materia\u0142\u00f3w nie reprezentuje pogl\u0105d\u00f3w ani opinii Reunion&#8217;68,<\/em><em><br \/>\nani te\u017c webmastera Blogu Reunion&#8217;68, chyba ze jest to wyra\u017anie zaznaczone.<br \/>\nTwoje uwagi, linki, w\u0142asne artyku\u0142y lub wiadomo\u015bci prze\u015blij na adres:<br \/>\n<\/em><span style=\"color: #000080;\"><strong><em><a style=\"color: #000080;\" href=\"mailto:webmaster@reunion68.com\"><span style=\"text-decoration: underline;\">webmaster@reunion68.com<\/span><\/a><\/em><\/strong><\/span><\/p>\n<\/div>\n<\/div>\n<\/div>\n<hr style=\"width: 100%;\" \/>\n","protected":false},"excerpt":{"rendered":"<p>. No. 2 House Democrat clarifies comment about Gaza \u2018genocide\u2019 Jonathan D. Salant \u201cI want to be clear that I am not accusing Israel of genocide,\u201d House Minority Whip Katherine Clark told JNS. Massachusetts Gov. Maura Healey and Rep. Katherine Clark (D-Mass.) at an event in Boston, June 20, 2023. Credit: Joshua Qualls\/Governor\u2019s press office. [&hellip;]<\/p>\n","protected":false},"author":1,"featured_media":0,"comment_status":"closed","ping_status":"closed","sticky":false,"template":"","format":"standard","meta":[],"categories":[6],"tags":[33,24],"_links":{"self":[{"href":"https:\/\/www.reunion68.se\/index.php?rest_route=\/wp\/v2\/posts\/123514"}],"collection":[{"href":"https:\/\/www.reunion68.se\/index.php?rest_route=\/wp\/v2\/posts"}],"about":[{"href":"https:\/\/www.reunion68.se\/index.php?rest_route=\/wp\/v2\/types\/post"}],"author":[{"embeddable":true,"href":"https:\/\/www.reunion68.se\/index.php?rest_route=\/wp\/v2\/users\/1"}],"replies":[{"embeddable":true,"href":"https:\/\/www.reunion68.se\/index.php?rest_route=%2Fwp%2Fv2%2Fcomments&post=123514"}],"version-history":[{"count":5,"href":"https:\/\/www.reunion68.se\/index.php?rest_route=\/wp\/v2\/posts\/123514\/revisions"}],"predecessor-version":[{"id":123529,"href":"https:\/\/www.reunion68.se\/index.php?rest_route=\/wp\/v2\/posts\/123514\/revisions\/123529"}],"wp:attachment":[{"href":"https:\/\/www.reunion68.se\/index.php?rest_route=%2Fwp%2Fv2%2Fmedia&parent=123514"}],"wp:term":[{"taxonomy":"category","embeddable":true,"href":"https:\/\/www.reunion68.se\/index.php?rest_route=%2Fwp%2Fv2%2Fcategories&post=123514"},{"taxonomy":"post_tag","embeddable":true,"href":"https:\/\/www.reunion68.se\/index.php?rest_route=%2Fwp%2Fv2%2Ftags&post=123514"}],"curies":[{"name":"wp","href":"https:\/\/api.w.org\/{rel}","templated":true}]}}