{"id":123649,"date":"2025-08-24T17:09:00","date_gmt":"2025-08-24T15:09:00","guid":{"rendered":"https:\/\/www.reunion68.se\/?p=123649"},"modified":"2025-08-24T14:32:40","modified_gmt":"2025-08-24T12:32:40","slug":"25-09-105","status":"publish","type":"post","link":"https:\/\/www.reunion68.se\/?p=123649","title":{"rendered":"Czy Rados\u0142aw Sikorski jest bolszewikiem?"},"content":{"rendered":"<p style=\"text-align: center;\"><img decoding=\"async\" class=\"aligncenter\" src=\"https:\/\/d-art.ppstatic.pl\/kadry\/k\/r\/1\/23\/d2\/581449e32b5a5_o_xlarge.jpg\" width=\"100%\" \/><span style=\"color: #808080;\"><em>[ Minister Rados\u0142aw Sikorski chce mie\u0107&#8230; w\u0142asn\u0105 miejscowo\u015b\u0107. Ma si\u0119 nazywa\u0107 Dw\u00f3r Chobielin. Wniosek o utworzenie wsi ju\u017c z\u0142o\u017cy\u0142. Burmistrz Szubina jest \u201eza\u201d, bo nie chce ministrowi robi\u0107 na z\u0142o\u015b\u0107&#8230; ]<\/em><\/span><\/p>\n<hr \/>\n<p>.<\/p>\n<h3 style=\"text-align: center;\"><a href=\"http:\/\/www.listyznaszegosadu.pl\/\" target=\"_blank\" rel=\"noopener noreferrer\"><img decoding=\"async\" class=\"center alignleft\" src=\"http:\/\/www.reunion68.com\/Biuletyn\/img\/z-naszego.jpg\" alt=\"\" width=\"50%\" \/><\/a><span style=\"text-decoration: underline; color: #000080;\"><span><strong><a style=\"color: #000080; text-decoration: underline;\" href=\"http:\/\/www.listyznaszegosadu.pl\/znasz-li-ten-kraj\/czy-radoslaw-sikorski-jest-bolszewikiem\" target=\"_blank\" rel=\"noopener noreferrer\">Czy Rados\u0142aw Sikorski jest bolszewikiem?<\/a><\/strong><\/span><\/span><\/h3>\n<p style=\"text-align: center;\"><span style=\"color: #000000;\"><strong>Andrzej Koraszewski<\/strong><\/span><\/p>\n<hr style=\"height: 15px; background: #d0e6fa; width: 100%;\" \/>\n<div class=\"templateArticleIngress\">\n<p><span style=\"color: #000080;\">Minister Spraw Zagranicznych RP powiedzia\u0142 w moim imieniu w Hadze, \u017ce jego ministerstwo og\u0142asza sprzeciw wobec budowania mieszka\u0144 przez \u017byd\u00f3w. Minister nie wyja\u015bni\u0142, kto w tych mieszkaniach ma mieszka\u0107, ani dlaczego budowanie mieszka\u0144 przez \u017byd\u00f3w wywo\u0142uje jego gwa\u0142towny sprzeciw. Portal \u201eDo Rzeczy\u201d cytuje s\u0142owa ministra przekazane na Twitterze\/X:<\/span><\/p>\n<p><span style=\"color: #000080;\">&#8220;Izraelscy ministrowie deklaruj\u0105, \u017ce chodzi o uniemo\u017cliwienie powstania pa\u0144stwa palesty\u0144skiego. Skoro tak, to powstaje pytanie, co przewiduj\u0105 dla milion\u00f3w Palesty\u0144czyk\u00f3w, za kt\u00f3rych odpowiadaj\u0105 jako w\u0142adza okupacyjna w Gazie i na Zachodnim Brzegu Jordanu.&#8221;<\/span><\/p>\n<\/div>\n<div class=\"templateArticleBrodtext\">\n<p><span style=\"color: #000080;\">Zacznijmy mo\u017ce od tego, \u017ce 25 maja br. ten\u017ce minister Sikorski oznajmi\u0142, \u017ce Polska \u201euznaje pa\u0144stwowo\u015b\u0107 Palestyny od kilkudziesi\u0119ciu lat\u201d. (To prawda, Polska uznaje pa\u0144stwowo\u015b\u0107 Palestyny od 1988 roku i \u017caden minister spraw zagranicznych RP po upadku komunizmu nie zaproponowa\u0142 cofni\u0119cia tego uznania.)<\/span><\/p>\n<p><span style=\"color: #000080;\">30 lipca br. powiedzia\u0142: \u2014 \u201eUwa\u017cam, \u017ce Izrael nadu\u017cy\u0142 si\u0142y, by\u0142 sprowokowany, ale nadu\u017cy\u0142 si\u0142y i dzisiaj nie wiadomo, co jeszcze pr\u00f3buje osi\u0105gn\u0105\u0107 i czy to, co robi, w og\u00f3le prowadzi do tego celu\u201d \u2014 m\u00f3wi Rados\u0142aw Sikorski w podca\u015bcie \u201eRaport Mi\u0119dzynarodowy\u201d.<\/span><\/p>\n<p><span style=\"color: #000080;\">Na jakiej podstawie s\u0105 te mniemania i czym si\u0119 r\u00f3\u017cni\u0105 od dywagacji przeci\u0119tnego bywalca piwiarni? O jakim celu peroruje nasz minister i jak powa\u017cne ma powody, \u017ceby wprowadza\u0107 ludzi w b\u0142\u0105d? Cel Izraela definiowany by\u0142 wielokrotnie i to bardzo jasno: odebranie w\u0142adzy Hamasowi nad mieszka\u0144cami Gazy, zniszczenie Hamasu jako si\u0142y militarnej, uwolnienie zak\u0142adnik\u00f3w. Zapami\u0119tanie tego nie powinno by\u0107 trudne nawet dla ministra RP.<\/span><\/p>\n<p><span style=\"color: #000080;\">Mo\u017cemy si\u0119 zastanawia\u0107, czy Sikorski, kt\u00f3ry pe\u0142ni\u0142 funkcj\u0119 wiceministra spraw zagranicznych ju\u017c w roku 1998 w rz\u0105dzie Jana Olszewskiego i trzykrotnie by\u0142 ministrem spraw zagranicznych w rz\u0105dach Donalda Tuska, mo\u017ce nie zna\u0107 tre\u015bci Porozumie\u0144 z Oslo? Ot\u00f3\u017c porozumienia te nie zabraniaj\u0105 Izraelczykom budowania mieszka\u0144 ani dla Arab\u00f3w, ani dla \u017byd\u00f3w na terenach spornych. Je\u015bli Sikorski zna te Porozumienia (a powinien, z racji swoich obowi\u0105zk\u00f3w ministra), to \u015bwiadomie i z premedytacj\u0105 pos\u0142uguje si\u0119 m\u0119tnym i k\u0142amliwym j\u0119zykiem. Izrael nie okupuje Judei i Samarii (Zachodniego Brzegu), a budowanie mieszka\u0144 nie by\u0142o ani nie jest przeszkod\u0105 do rozwi\u0105zania dwupa\u0144stwowego. Przypomnijmy fakt, \u017ce przeszkod\u0105 t\u0105 jest statut Organizacji Wyzwolenia Palestyny, wielokrotna odmowa w\u0142asnej pa\u0144stwowo\u015bci, a przede wszystkim odmowa wyrzeczenia si\u0119 terroru przez w\u0142adc\u00f3w uznawanego przez Polsk\u0119 pa\u0144stwa Palestyna.<\/span><\/p>\n<p><span style=\"color: #000080;\">Minister Sikorski nie jest a\u017c tak naiwny, \u017ceby o tym wszystkim nie mia\u0142 zielonego poj\u0119cia. Minister wie r\u00f3wnie\u017c, \u017ce wieloletnie wstrzymanie budowy osiedli na terenach spornych nie przybli\u017cy\u0142o pa\u0144stwowo\u015bci palesty\u0144skiej ani o krok, wie, co pisa\u0142 prezydent Clinton o Arafacie, wie, \u017ce w Porozumieniach z Oslo strona palesty\u0144ska zobowi\u0105za\u0142a si\u0119 do wsp\u00f3lnej walki z terroryzmem, ale p\u0142aci terrorystom i ich rodzinom za akty terroru; wie, \u017ce Izrael nie tylko nie pope\u0142nia ludob\u00f3jstwa, ale nawet ONZ wypowiada si\u0119 na ten temat niewyra\u017anie, za\u015b Mi\u0119dzynarodowy Trybuna\u0142 Sprawiedliwo\u015bci orzek\u0142 o \u201emo\u017cliwo\u015bci pope\u0142nienia ludob\u00f3jstwa w czasie przysz\u0142ym\u201d, a nie o jego pope\u0142nieniu. Poj\u0119cie okupacji jest r\u00f3wnie\u017c nadu\u017cyciem \u2014 i minister doskonale o tym wie. Tak wi\u0119c, u\u017cywaj\u0105c m\u0119tnego j\u0119zyka, minister Sikorski \u015bwiadomie wprowadza spo\u0142ecze\u0144stwo w b\u0142\u0105d. W Hadze zrobi\u0142 to jako statysta w ch\u00f3rze europejskich polityk\u00f3w, poniewa\u017c radziecka terminologia i radziecka propaganda nie tylko przetrwa\u0142y Zwi\u0105zek Radziecki, ale sta\u0142y si\u0119 g\u0142\u00f3wnym nurtem zachodniej polityki. Minister dobrze wie, z kim walczy Izrael, a jego wypowied\u017a nie ma nic wsp\u00f3lnego z elementarn\u0105 przyzwoito\u015bci\u0105; Rados\u0142aw Sikorski wie jednak, \u017ce przyzwoitym cz\u0142owiekiem by\u0107 nie warto, bo to si\u0119 nie op\u0142aca.<\/span><\/p>\n<p><span style=\"color: #000080;\">Nie, budowa osiedla mieszkaniowego nie blokuje rozwi\u0105zania dwupa\u0144stwowego. Rozwi\u0105zanie dwupa\u0144stwowe zosta\u0142o zablokowane przez strony odmawiaj\u0105ce pokojowego wsp\u00f3\u0142istnienia z Izraelem. W Autonomii Palesty\u0144skiej to blokowanie mia\u0142o inn\u0105 otoczk\u0119 werbaln\u0105 po arabsku, a inn\u0105 po angielsku. Je\u015bli idzie o Gaz\u0119 i Hamas \u2014 tam nikt niczego nigdy nie ukrywa\u0142.<\/span><\/p>\n<p><span style=\"color: #000080;\">Minister wie r\u00f3wnie\u017c, \u017ce ca\u0142a strategia walki o \u201epa\u0144stwo Palestyna\u201d zosta\u0142a zaplanowana w Moskwie. Ale poniewa\u017c dzi\u015b karier\u0119 polityczn\u0105 robi si\u0119 na powtarzaniu komunistycznych k\u0142amstw, minister Sikorski nie ma nic przeciwko manipulowaniu faktami, \u017ceby w Hadze brzmie\u0107 jak Hiszpan czy Norweg, a w domu jak cz\u0142owiek szanuj\u0105cy narodow\u0105 tradycj\u0119.<\/span><\/p>\n<p><span style=\"color: #000080;\">Trzydzie\u015bci lat temu Rados\u0142aw Sikorski odbudowa\u0142 zrujnowany dworek pod Bydgoszcz\u0105. Ca\u0142y teren og\u0142osi\u0142 stref\u0105 zdekomunizowan\u0105. Zapomnia\u0142 jednak o w\u0142asnej g\u0142owie.<\/span><\/p>\n<p><span style=\"color: #000080;\">A swoj\u0105 drog\u0105 \u2014 ciekaw jestem, czy kto\u015b mo\u017ce mi przypomnie\u0107, jak cz\u0119sto ministerstwa spraw zagranicznych r\u00f3\u017cnych kraj\u00f3w zajmuj\u0105 si\u0119 protestami w sprawie budowania osiedli mieszkaniowych? Minister powiedzia\u0142 jednak p\u00f3\u0142 prawdy. Istotnie, zar\u00f3wno w\u0142adze Izraela, jak i zdecydowana wi\u0119kszo\u015b\u0107 izraelskiego spo\u0142ecze\u0144stwa przesta\u0142y wierzy\u0107 w mo\u017cliwo\u015b\u0107 rozwi\u0105zania dwupa\u0144stwowego. Gdyby minister mia\u0142 za zadanie publicznie odpowiedzie\u0107, dlaczego tak si\u0119 sta\u0142o, prawdopodobnie byliby\u015bmy \u015bwiadkami wyj\u0105tkowo zabawnego kr\u0119tactwa ze strony tego politycznego karierowicza.<\/span><\/p>\n<\/div>\n<hr style=\"height: 15px; background: #d0e6fa; width: 100%;\" \/>\n<div id=\"content\" class=\"content-alignment\">\n<div id=\"watch-description\" class=\"yt-uix-button-panel\">\n<div id=\"watch-description-text\" style=\"text-align: center;\">\n<p><em>Zawarto\u015b\u0107 publikowanych artyku\u0142\u00f3w i materia\u0142\u00f3w nie reprezentuje pogl\u0105d\u00f3w ani opinii Reunion&#8217;68,<\/em><em><br \/>\nani te\u017c webmastera Blogu Reunion&#8217;68, chyba ze jest to wyra\u017anie zaznaczone.<br \/>\nTwoje uwagi, linki, w\u0142asne artyku\u0142y lub wiadomo\u015bci prze\u015blij na adres:<br \/>\n<\/em><span style=\"color: #000080;\"><strong><em><a style=\"color: #000080;\" href=\"mailto:webmaster@reunion68.com\"><span style=\"text-decoration: underline;\">webmaster@reunion68.com<\/span><\/a><\/em><\/strong><\/span><\/p>\n<\/div>\n<\/div>\n<\/div>\n<hr style=\"width: 100%;\" \/>\n","protected":false},"excerpt":{"rendered":"<p>[ Minister Rados\u0142aw Sikorski chce mie\u0107&#8230; w\u0142asn\u0105 miejscowo\u015b\u0107. Ma si\u0119 nazywa\u0107 Dw\u00f3r Chobielin. Wniosek o utworzenie wsi ju\u017c z\u0142o\u017cy\u0142. Burmistrz Szubina jest \u201eza\u201d, bo nie chce ministrowi robi\u0107 na z\u0142o\u015b\u0107&#8230; ] . Czy Rados\u0142aw Sikorski jest bolszewikiem? Andrzej Koraszewski Minister Spraw Zagranicznych RP powiedzia\u0142 w moim imieniu w Hadze, \u017ce jego ministerstwo og\u0142asza sprzeciw wobec [&hellip;]<\/p>\n","protected":false},"author":1,"featured_media":0,"comment_status":"closed","ping_status":"closed","sticky":false,"template":"","format":"standard","meta":[],"categories":[6],"tags":[33,24],"_links":{"self":[{"href":"https:\/\/www.reunion68.se\/index.php?rest_route=\/wp\/v2\/posts\/123649"}],"collection":[{"href":"https:\/\/www.reunion68.se\/index.php?rest_route=\/wp\/v2\/posts"}],"about":[{"href":"https:\/\/www.reunion68.se\/index.php?rest_route=\/wp\/v2\/types\/post"}],"author":[{"embeddable":true,"href":"https:\/\/www.reunion68.se\/index.php?rest_route=\/wp\/v2\/users\/1"}],"replies":[{"embeddable":true,"href":"https:\/\/www.reunion68.se\/index.php?rest_route=%2Fwp%2Fv2%2Fcomments&post=123649"}],"version-history":[{"count":8,"href":"https:\/\/www.reunion68.se\/index.php?rest_route=\/wp\/v2\/posts\/123649\/revisions"}],"predecessor-version":[{"id":123663,"href":"https:\/\/www.reunion68.se\/index.php?rest_route=\/wp\/v2\/posts\/123649\/revisions\/123663"}],"wp:attachment":[{"href":"https:\/\/www.reunion68.se\/index.php?rest_route=%2Fwp%2Fv2%2Fmedia&parent=123649"}],"wp:term":[{"taxonomy":"category","embeddable":true,"href":"https:\/\/www.reunion68.se\/index.php?rest_route=%2Fwp%2Fv2%2Fcategories&post=123649"},{"taxonomy":"post_tag","embeddable":true,"href":"https:\/\/www.reunion68.se\/index.php?rest_route=%2Fwp%2Fv2%2Ftags&post=123649"}],"curies":[{"name":"wp","href":"https:\/\/api.w.org\/{rel}","templated":true}]}}