{"id":123653,"date":"2025-08-25T17:00:00","date_gmt":"2025-08-25T15:00:00","guid":{"rendered":"https:\/\/www.reunion68.se\/?p=123653"},"modified":"2025-08-24T14:47:30","modified_gmt":"2025-08-24T12:47:30","slug":"25-00-104","status":"publish","type":"post","link":"https:\/\/www.reunion68.se\/?p=123653","title":{"rendered":"Toronto Film Festival CEO Apologizes Again for Canceling, Then Rescheduling Screening of Oct. 7 Documentary"},"content":{"rendered":"<hr \/>\n<p>.<\/p>\n<h3 style=\"text-align: center;\"><a href=\"https:\/\/www.algemeiner.com\/\" target=\"_blank\" rel=\"noopener noreferrer\"><img decoding=\"async\" class=\"center alignleft\" src=\"http:\/\/www.reunion68.com\/Biuletyn\/img\/algem.png\" alt=\"\" width=\"35%\" \/><\/a><span style=\"text-decoration: underline; color: #000080;\"><span><strong><a style=\"color: #000080; text-decoration: underline;\" href=\"https:\/\/www.algemeiner.com\/2025\/08\/21\/toronto-film-festival-ceo-apologizes-again-cancelling-then-rescheduling-screening-oct-7-documentary\/\" target=\"_blank\" rel=\"noopener noreferrer\">Toronto Film Festival CEO Apologizes Again for Canceling, Then Rescheduling Screening of Oct. 7 Documentary<\/a><\/strong><\/span><\/span><\/h3>\n<p style=\"text-align: center;\"><span style=\"color: #000000;\"><strong>Shiryn Ghermezian<\/strong><\/span><\/p>\n<hr style=\"height: 15px; background: #d0e6fa; width: 100%;\" \/>\n<p style=\"text-align: center;\"><img decoding=\"async\" class=\"aligncenter\" src=\"https:\/\/www.algemeiner.com\/wp-content\/uploads\/2021\/12\/Toronto_Skyline_Summer_2020.jpg\" width=\"100%\" \/><em><span style=\"color: #808080;\">Skyline of Toronto, Canada. Photo Credit: Aaron Davis, Wikimedia Commons, June 2020.<\/span><\/em><\/p>\n<p dir=\"ltr\" style=\"text-align: left;\"><span style=\"color: #000080;\">The CEO of the Toronto International Film Festival (TIFF) has apologized again for the festival\u2019s decision to cancel and then reschedule the screening of a documentary about the Hamas-led terrorist attack in Israel on Oct. 7, 2023.<\/span><\/p>\n<p dir=\"ltr\" style=\"text-align: left;\"><span style=\"color: #000080;\">\u201cI want to apologize for any hurt, frustration, or disappointment that our communication about the film has caused, and for any mischaracterizations that have taken root,\u201d Cameron Bailey said at a pre-festival event on Wednesday, according to The Canadian Press. \u201cWe\u2019re working now \u2014 and we will be for a while \u2014 to clarify things and to repair relationships.\u201d<\/span><\/p>\n<p dir=\"ltr\" style=\"text-align: left;\"><span style=\"color: #000080;\">Bailey made the comments during his first public appearance since the festival stirred controversy last week when it removed the documentary\u00a0<a style=\"color: #000080;\" href=\"https:\/\/tiff.net\/films\/the-road-between-us-the-ultimate-rescue\" target=\"_blank\" rel=\"noopener\">\u201cThe Road Between Us: The Ultimate Rescue\u201d<\/a>\u00a0from its official lineup of films. Directed by Canadian filmmaker Barry Avrich, the documentary recounts how retired Israeli Army general Noam Tibon traveled from his home in Tel Aviv to the Nahal Oz kibbutz to rescue his son and his family from Hamas terrorists during the Oct. 7 attack. The film combines news interviews with footage from the deadly massacre.<\/span><\/p>\n<p dir=\"ltr\" style=\"text-align: left;\"><span style=\"color: #000080;\">Bailey said on Wednesday that TIFF originally wanted to showcase the film out of \u201ca desire to share a painful but important story with audiences who choose to witness it,\u201d as reported by The Canadian Press.\u00a0\u201cThat commitment to challenging, relevant screen storytelling remains strong,\u201d he added.<\/span><\/p>\n<p dir=\"ltr\" style=\"text-align: left;\"><span style=\"color: #000080;\">Festival organizers pulled the film last week because of issues with \u201clegal clearance of all footage.\u201d The move sparked widespread outrage from Jewish groups, entertainment industry leaders, and politicians. In response, Bailey\u00a0<a style=\"color: #000080;\" href=\"https:\/\/www.algemeiner.com\/2025\/08\/14\/toronto-film-festival-denies-blocking-oct-7-doc-censorship-says-legal-team-filmmaker-working-screen-it\/\" target=\"_blank\" rel=\"noopener\">apologized<\/a>\u00a0on Aug. 13 for disinviting the film and said TIFF was committed to working with the filmmakers to meet the festival\u2019s screening requirements.<\/span><\/p>\n<p dir=\"ltr\" style=\"text-align: left;\"><span style=\"color: #000080;\">The next day, Bailey and Avrich announced in a\u00a0<a style=\"color: #000080;\" href=\"https:\/\/www.instagram.com\/p\/DNWxYeRtiUp\/\" target=\"_blank\" rel=\"noopener\">joint statement<\/a>\u00a0that the film has officially rejoined the festival. They reached a resolution that clears up \u201cimportant safety, legal, and programming concerns\u201d regarding the film after hearing \u201cpain and frustration\u201d from the public, according to their statement.<\/span><\/p>\n<p dir=\"ltr\" style=\"text-align: left;\"><span style=\"color: #000080;\">\u201cTIFF\u2019s communication around [the film\u2019s] requirements did not clearly articulate the concerns and roadblocks that arose and for that, we are sorry,\u201d Bailet and Avrich said. \u201cBoth TIFF and the filmmakers have always been committed to presenting diverse perspectives and a belief in the power of storytelling to spark and encourage dialogue and understanding. We thank our audiences and community for their passion, honesty and belief in the importance of film.\u201d<\/span><\/p>\n<p dir=\"ltr\" style=\"text-align: left;\"><span style=\"color: #000080;\">\u201cThe Road Between Us\u201d is now slated to make its world premiere at TIFF on Sept. 10 at the Roy Thomson Hall in Toronto. Tickets go on sale for the public on Monday. TIFF will run from Sept. 4-14.<\/span><\/p>\n<hr style=\"height: 15px; background: #d0e6fa; width: 100%;\" \/>\n<div id=\"content\" class=\"content-alignment\">\n<div id=\"watch-description\" class=\"yt-uix-button-panel\">\n<div id=\"watch-description-text\" style=\"text-align: center;\">\n<p><em>Zawarto\u015b\u0107 publikowanych artyku\u0142\u00f3w i materia\u0142\u00f3w nie reprezentuje pogl\u0105d\u00f3w ani opinii Reunion&#8217;68,<\/em><em><br \/>\nani te\u017c webmastera Blogu Reunion&#8217;68, chyba ze jest to wyra\u017anie zaznaczone.<br \/>\nTwoje uwagi, linki, w\u0142asne artyku\u0142y lub wiadomo\u015bci prze\u015blij na adres:<br \/>\n<\/em><span style=\"color: #000080;\"><strong><em><a style=\"color: #000080;\" href=\"mailto:webmaster@reunion68.com\"><span style=\"text-decoration: underline;\">webmaster@reunion68.com<\/span><\/a><\/em><\/strong><\/span><\/p>\n<\/div>\n<\/div>\n<\/div>\n<hr style=\"width: 100%;\" \/>\n","protected":false},"excerpt":{"rendered":"<p>. Toronto Film Festival CEO Apologizes Again for Canceling, Then Rescheduling Screening of Oct. 7 Documentary Shiryn Ghermezian Skyline of Toronto, Canada. Photo Credit: Aaron Davis, Wikimedia Commons, June 2020. The CEO of the Toronto International Film Festival (TIFF) has apologized again for the festival\u2019s decision to cancel and then reschedule the screening of a [&hellip;]<\/p>\n","protected":false},"author":1,"featured_media":0,"comment_status":"closed","ping_status":"closed","sticky":false,"template":"","format":"standard","meta":[],"categories":[6],"tags":[33,24],"_links":{"self":[{"href":"https:\/\/www.reunion68.se\/index.php?rest_route=\/wp\/v2\/posts\/123653"}],"collection":[{"href":"https:\/\/www.reunion68.se\/index.php?rest_route=\/wp\/v2\/posts"}],"about":[{"href":"https:\/\/www.reunion68.se\/index.php?rest_route=\/wp\/v2\/types\/post"}],"author":[{"embeddable":true,"href":"https:\/\/www.reunion68.se\/index.php?rest_route=\/wp\/v2\/users\/1"}],"replies":[{"embeddable":true,"href":"https:\/\/www.reunion68.se\/index.php?rest_route=%2Fwp%2Fv2%2Fcomments&post=123653"}],"version-history":[{"count":4,"href":"https:\/\/www.reunion68.se\/index.php?rest_route=\/wp\/v2\/posts\/123653\/revisions"}],"predecessor-version":[{"id":123673,"href":"https:\/\/www.reunion68.se\/index.php?rest_route=\/wp\/v2\/posts\/123653\/revisions\/123673"}],"wp:attachment":[{"href":"https:\/\/www.reunion68.se\/index.php?rest_route=%2Fwp%2Fv2%2Fmedia&parent=123653"}],"wp:term":[{"taxonomy":"category","embeddable":true,"href":"https:\/\/www.reunion68.se\/index.php?rest_route=%2Fwp%2Fv2%2Fcategories&post=123653"},{"taxonomy":"post_tag","embeddable":true,"href":"https:\/\/www.reunion68.se\/index.php?rest_route=%2Fwp%2Fv2%2Ftags&post=123653"}],"curies":[{"name":"wp","href":"https:\/\/api.w.org\/{rel}","templated":true}]}}