{"id":123675,"date":"2025-08-28T17:09:00","date_gmt":"2025-08-28T15:09:00","guid":{"rendered":"https:\/\/www.reunion68.se\/?p=123675"},"modified":"2025-08-27T07:45:55","modified_gmt":"2025-08-27T05:45:55","slug":"26-09-103","status":"publish","type":"post","link":"https:\/\/www.reunion68.se\/?p=123675","title":{"rendered":"We Francji ods\u0142oni\u0119to pierwszy pomnik ofiar komunizmu"},"content":{"rendered":"<p style=\"text-align: center;\"><em><img decoding=\"async\" class=\"aligncenter\" src=\"https:\/\/dzieje.pl\/sites\/default\/files\/styles\/open_article_750x0_\/public\/202508\/Drapeaux_fran%C3%A7ais.jpg?itok=CEt3iNCA\" width=\"100%\">Flaga Francji. Fot. Dinkum, CC0, via Wikimedia Commons<\/em><\/p>\n<hr>\n<p>.<\/p>\n<h3 style=\"text-align: center;\"><a href=\"https:\/\/dzieje.pl\/\" target=\"_blank\" rel=\"noopener noreferrer\"><img decoding=\"async\" class=\"center alignleft\" src=\"http:\/\/www.reunion68.com\/Biuletyn\/img\/dzieje_logo.png\" alt=\"\" width=\"35%\"><\/a><span style=\"text-decoration: underline; color: #000080;\"><span><strong><a style=\"color: #000080; text-decoration: underline;\" href=\"https:\/\/dzieje.pl\/wiadomosci\/we-francji-odslonieto-pierwszy-pomnik-ofiar-komunizmu\" target=\"_blank\" rel=\"noopener noreferrer\">We Francji ods\u0142oni\u0119to pierwszy pomnik ofiar komunizmu<\/a><\/strong><\/span><\/span><\/h3>\n<p style=\"text-align: center;\"><span style=\"color: #000000;\">Z Pary\u017ca<strong> Anna Wr\u00f3bel<\/strong> (PAP)<\/span><\/p>\n<hr style=\"height: 15px; background: #d0e6fa; width: 100%;\">\n<h4><strong>W mie\u015bcie Saint-Raphael na francuskim Lazurowym Wybrze\u017cu ods\u0142oni\u0119to w sobot\u0119 wieczorem pomnik upami\u0119tniaj\u0105cy ofiary re\u017cim\u00f3w komuninistycznych. To pierwsze takie upami\u0119tnienie we Francji. Dzia\u0142acze partii komunistycznej uznali, \u017ce inicjatywa ma t\u0142o polityczne.<\/strong><\/h4>\n<div class=\"field field--name-body field--type-text-with-summary field--label-hidden field__item\">\n<p style=\"text-align: left;\"><span style=\"color: #000080;\">Rze\u017aba, przedstawiaj\u0105ca a\u017curow\u0105 posta\u0107 ludzk\u0105 z wysi\u0142kiem rozsuwaj\u0105c\u0105 dwie cz\u0119\u015bci wysokiego muru,&nbsp;<a style=\"color: #000080;\" href=\"https:\/\/www.ville-saintraphael.fr\/information-transversale\/actualites\/saint-raphael-a-inaugure-le-premier-monument-en-france-dediee-aux-victimes-du-totalitarisme-communiste-11973\">stan\u0119\u0142a na esplanadzie w Saint-Raphael, z kt\u00f3rej wida\u0107 ju\u017c morze<\/a>. Nie jest pierwszym pomnikiem w tym miejscu &#8211; obok stoi stela po\u015bwi\u0119cona bohaterom Ruchu Oporu. Mer Frederic Masquelier m\u00f3wi\u0142 w mediach przed sobotni\u0105 uroczysto\u015bci\u0105, \u017ce Saint-Raphael jest \u201emiastem pami\u0119ci\u201d, kt\u00f3re uhonorowa\u0142o ju\u017c innych, a teraz chce odda\u0107 ho\u0142d ofiarom komunizmu. &#8211; Ka\u017cda ofiara, bez wzgl\u0119du na to, jaka ideologia wyda\u0142a na ni\u0105 wyrok, ma prawo do pami\u0119ci i szacunku &#8211; m\u00f3wi\u0142 mer na uroczysto\u015bci ods\u0142oni\u0119cia pomnika transmitowanej na \u017cywo na portalach spo\u0142eczno\u015bciowych.<\/span><\/p>\n<p style=\"text-align: left;\"><span style=\"color: #000080;\">Jednocze\u015bnie w\u0142adze 35-tysi\u0119cznego Saint-Raphael wyra\u017anie podkre\u015blaj\u0105, \u017ce jest to pierwszy taki pomnik we Francji. \u201eSaint-Raphael prze\u0142amie tabu odnosz\u0105ce si\u0119 pami\u0119ci, stawiaj\u0105c pomnik po\u015bwi\u0119cony wy\u0142\u0105cznie ofiarom totalitarnych re\u017cim\u00f3w komunistycznych\u201d &#8211; podkre\u015bli\u0142o merostwo w komunikacie przes\u0142anym PAP. &#8211; Dzisiaj k\u0142adziemy kres tabu &#8211; m\u00f3wi\u0142 r\u00f3wnie\u017c Masquellier na sobotniej uroczysto\u015bci.<\/span><\/p>\n<p style=\"text-align: left;\"><span style=\"color: #000080;\">Por\u00f3wnuj\u0105c dwa totalitaryzmy &#8211; nazizm i komunizm &#8211; mer podkre\u015bla\u0142, \u017ce przez dekady milczano na temat zbrodni komunistycznych, pr\u00f3bowano je usprawiedliwia\u0107 b\u0105d\u017a relatywizowa\u0107. Wyrazi\u0142 przekonanie, \u017ce to milczenie trwa r\u00f3wnie\u017c dzisiaj i ubolewa\u0142 nad tym, \u017ce \u201esymbole (komunistyczne) nadal, bez wstydu, s\u0105 demonstrowane na naszych murach i podczas pochod\u00f3w\u201d.<\/span><\/p>\n<blockquote>\n<p style=\"text-align: left;\"><strong>Wyrazi\u0142 przekonanie, \u017ce fakt, i\u017c nie dosz\u0142o do moralnego pot\u0119pienia ideologii komunistycznej tak, jak to by\u0142o w przypadku ideologii nazistowskiej, pozwala dzi\u015b \u201ezwolennikom tej ideologii, kt\u00f3rzy dzi\u015b istniej\u0105 i s\u0105 liczni\u201d, nadal \u201erelatywizowa\u0107 histori\u0119\u201d.<\/strong><\/p>\n<\/blockquote>\n<p style=\"text-align: left;\"><span style=\"color: #000080;\">W trakcie d\u0142ugiego wyst\u0105pienia Masquellier wspomnia\u0142 o tym, \u017ce inicjatywa \u201eprzeszkadza\u201d tym, kt\u00f3rzy zwo\u0142ali demonstracj\u0119 przed merostwem w sobot\u0119. Komunistyczna Partia Francji (PCF), przy wsparciu innych si\u0142 lewicowych, wezwa\u0142a do takiej manifestacji o tej samej porze, kiedy ods\u0142aniano pomnik.<\/span><\/p>\n<p style=\"text-align: left;\">\n<p style=\"text-align: left;\"><span style=\"color: #000080;\">Pierre Daspre, regionalny reprezentant komunist\u00f3w w departamencie Var, powiedzia\u0142 w sobot\u0119 rano portalowi FranceInter, \u017ce mer Masquellier w spos\u00f3b \u201eniegodziwy\u201d miesza poj\u0119cia. &#8211; Pr\u00f3buje on po\u0142\u0105czy\u0107 wypaczenia, do kt\u00f3rych dosz\u0142o w przesz\u0142o\u015bci z tym, co proponujemy w spo\u0142ecze\u0144stwie komunistycznym &#8211; zniesieniem wszelkiej relacji dominacji i wyzysku cz\u0142owieka przez cz\u0142owieka &#8211; powiedzia\u0142 Daspre.<\/span><\/p>\n<p style=\"text-align: left;\"><span style=\"color: #000080;\">Dzia\u0142acz zarzuci\u0142 te\u017c merowi, kt\u00f3ry nale\u017cy do prawicowej partii Republikanie, \u017ce kieruje si\u0119 motywami politycznymi i pr\u00f3buje \u201eprzypodoba\u0107 si\u0119 cz\u0119\u015bci elektoratu Zjednoczenia Narodowego (RN), skrajnej prawicy, by odzyska\u0107 jego g\u0142osy (&#8230;), zapewni\u0107 sobie ponowny wyb\u00f3r w przysz\u0142orocznych wyborach\u201d. Wybory lokalne odb\u0119d\u0105 si\u0119 we Francji w 2026 roku. W departamencie Var, w kt\u00f3rym le\u017cy Saint-Raphael, sympatie prawicowe s\u0105 bardzo silne, a RN zwyci\u0119\u017cy\u0142 w siedmiu na osiem okr\u0119g\u00f3w w ostatnich wyborach parlamentarnych.<\/span><\/p>\n<p style=\"text-align: left;\"><span style=\"color: #000080;\">Bezpo\u015brednio po ods\u0142oni\u0119ciu pomnika w tym samym miejscu odby\u0142a si\u0119 dyskusja z udzia\u0142em historyk\u00f3w: Virginie Girod, Pierre&#8217;a Rigoulota i Fran\u00e7ois Kersaudy&#8217;ego. Rigoulot, jeden ze wsp\u00f3\u0142autor\u00f3w znanej w Polsce \u201eCzarnej ksi\u0119gi komunizmu\u201d, m\u00f3wi\u0142 podczas dyskusji m.in. o Wielkim G\u0142odzie na Ukrainie. Girod zauwa\u017cy\u0142a, \u017ce we Francji wci\u0105\u017c s\u0105 ulice nosz\u0105ce imi\u0119 W\u0142odzimierza Lenina. Przypomnia\u0142a, \u017ce dat\u0119 ods\u0142oni\u0119cia pomnika wybrano nieprzypadkowo &#8211; ze wzgl\u0119du na dat\u0119 podpisania paktu Ribbentrop-Mo\u0142otow. W zwi\u0105zku z t\u0105 rocznic\u0105 23 sierpnia obchodzony jest Europejski Dzie\u0144 Pami\u0119ci Ofiar Re\u017cim\u00f3w Totalitarnych.<\/span><\/p>\n<\/div>\n<hr style=\"height: 15px; background: #d0e6fa; width: 100%;\">\n<div id=\"content\" class=\"content-alignment\">\n<div id=\"watch-description\" class=\"yt-uix-button-panel\">\n<div id=\"watch-description-text\" style=\"text-align: center;\">\n<p><em>Zawarto\u015b\u0107 publikowanych artyku\u0142\u00f3w i materia\u0142\u00f3w nie reprezentuje pogl\u0105d\u00f3w ani opinii Reunion&#8217;68,<\/em><em><br \/>\nani te\u017c webmastera Blogu Reunion&#8217;68, chyba ze jest to wyra\u017anie zaznaczone.<br \/>\nTwoje uwagi, linki, w\u0142asne artyku\u0142y lub wiadomo\u015bci prze\u015blij na adres:<br \/>\n<\/em><span style=\"color: #000080;\"><strong><em><a style=\"color: #000080;\" href=\"mailto:webmaster@reunion68.com\"><span style=\"text-decoration: underline;\">webmaster@reunion68.com<\/span><\/a><\/em><\/strong><\/span><\/p>\n<\/div>\n<\/div>\n<\/div>\n<hr style=\"width: 100%;\">\n","protected":false},"excerpt":{"rendered":"<p>Flaga Francji. Fot. Dinkum, CC0, via Wikimedia Commons . We Francji ods\u0142oni\u0119to pierwszy pomnik ofiar komunizmu Z Pary\u017ca Anna Wr\u00f3bel (PAP) W mie\u015bcie Saint-Raphael na francuskim Lazurowym Wybrze\u017cu ods\u0142oni\u0119to w sobot\u0119 wieczorem pomnik upami\u0119tniaj\u0105cy ofiary re\u017cim\u00f3w komuninistycznych. To pierwsze takie upami\u0119tnienie we Francji. Dzia\u0142acze partii komunistycznej uznali, \u017ce inicjatywa ma t\u0142o polityczne. Rze\u017aba, przedstawiaj\u0105ca a\u017curow\u0105 [&hellip;]<\/p>\n","protected":false},"author":1,"featured_media":0,"comment_status":"closed","ping_status":"closed","sticky":false,"template":"","format":"standard","meta":[],"categories":[6],"tags":[33,24],"_links":{"self":[{"href":"https:\/\/www.reunion68.se\/index.php?rest_route=\/wp\/v2\/posts\/123675"}],"collection":[{"href":"https:\/\/www.reunion68.se\/index.php?rest_route=\/wp\/v2\/posts"}],"about":[{"href":"https:\/\/www.reunion68.se\/index.php?rest_route=\/wp\/v2\/types\/post"}],"author":[{"embeddable":true,"href":"https:\/\/www.reunion68.se\/index.php?rest_route=\/wp\/v2\/users\/1"}],"replies":[{"embeddable":true,"href":"https:\/\/www.reunion68.se\/index.php?rest_route=%2Fwp%2Fv2%2Fcomments&post=123675"}],"version-history":[{"count":5,"href":"https:\/\/www.reunion68.se\/index.php?rest_route=\/wp\/v2\/posts\/123675\/revisions"}],"predecessor-version":[{"id":123714,"href":"https:\/\/www.reunion68.se\/index.php?rest_route=\/wp\/v2\/posts\/123675\/revisions\/123714"}],"wp:attachment":[{"href":"https:\/\/www.reunion68.se\/index.php?rest_route=%2Fwp%2Fv2%2Fmedia&parent=123675"}],"wp:term":[{"taxonomy":"category","embeddable":true,"href":"https:\/\/www.reunion68.se\/index.php?rest_route=%2Fwp%2Fv2%2Fcategories&post=123675"},{"taxonomy":"post_tag","embeddable":true,"href":"https:\/\/www.reunion68.se\/index.php?rest_route=%2Fwp%2Fv2%2Ftags&post=123675"}],"curies":[{"name":"wp","href":"https:\/\/api.w.org\/{rel}","templated":true}]}}