{"id":123754,"date":"2025-08-29T17:00:00","date_gmt":"2025-08-29T15:00:00","guid":{"rendered":"https:\/\/www.reunion68.se\/?p=123754"},"modified":"2025-08-28T08:03:48","modified_gmt":"2025-08-28T06:03:48","slug":"29-00-104","status":"publish","type":"post","link":"https:\/\/www.reunion68.se\/?p=123754","title":{"rendered":"Jewish Teen Assaulted in Lyon as France Faces Growing International Scrutiny Over Rising Antisemitism"},"content":{"rendered":"<hr \/>\n<p>.<\/p>\n<h3 style=\"text-align: center;\"><a href=\"https:\/\/www.algemeiner.com\/\" target=\"_blank\" rel=\"noopener noreferrer\"><img decoding=\"async\" class=\"center alignleft\" src=\"http:\/\/www.reunion68.com\/Biuletyn\/img\/algem.png\" alt=\"\" width=\"35%\" \/><\/a><span style=\"text-decoration: underline; color: #000080;\"><span><strong><a style=\"color: #000080; text-decoration: underline;\" href=\"https:\/\/www.algemeiner.com\/2025\/08\/27\/jewish-teen-assaulted-lyon-france-faces-growing-international-scrutiny-rising-antisemitism\/\" target=\"_blank\" rel=\"noopener noreferrer\">Jewish Teen Assaulted in Lyon as France Faces Growing International Scrutiny Over Rising Antisemitism<\/a><\/strong><\/span><\/span><\/h3>\n<p style=\"text-align: center;\"><span style=\"color: #000000;\"><strong>Ailin Vilches Arguello<\/strong><\/span><\/p>\n<hr style=\"height: 15px; background: #d0e6fa; width: 100%;\" \/>\n<p style=\"text-align: center;\"><img decoding=\"async\" class=\"aligncenter\" src=\"https:\/\/www.algemeiner.com\/wp-content\/uploads\/2024\/07\/2024-06-25T184619Z_936949123_MT1HNSLCS000652AAE_RTRMADP_3_HANS-LUCAS1.jpg\" width=\"100%\" \/><span style=\"color: #808080;\"><em>Sign reading \u201c+1000% of Antisemitic Acts: These Are Not Just Numbers\u201d during a march against antisemitism, in Lyon, France, June 25, 2024. Photo: Romain Costaseca \/ Hans Lucas via Reuters Connect<\/em><\/span><\/p>\n<p><span style=\"color: #000080;\">French authorities have opened an investigation after a Jewish teenager was physically assaulted and subjected to antisemitic slurs while leaving a synagogue last week \u2014 among the latest in a\u00a0<a style=\"color: #000080;\" href=\"https:\/\/www.algemeiner.com\/2025\/06\/04\/surge-antisemitic-incidents-rocks-france-amid-growing-security-concerns\/\" target=\"_blank\" rel=\"noopener\">surge of anti-Jewish hate crimes<\/a>\u00a0that has shaken France\u2019s Jewish community since the start of the war in Gaza.<\/span><\/p>\n<p><span style=\"color: #000080;\">On Tuesday, the Lyon prosecutor\u2019s office announced it had opened an investigation for \u201caggravated violence against a minor on religious grounds\u201d following a complaint filed by the father of a Jewish teenager who was brutally assaulted while leaving a synagogue last Friday.<\/span><\/p>\n<p><span style=\"color: #000080;\">According to the complaint, the 14-year-old boy was \u201cinsulted with antisemitic remarks\u201d and then beaten as he left the place of worship.<\/span><\/p>\n<p><span style=\"color: #000080;\">An unidentified man approached the victim, who was walking alone, and asked if he smoked. When the boy replied \u201cno,\u201d the man allegedly began hurling antisemitic insults before kicking him in the hip.<\/span><\/p>\n<p><span style=\"color: #000080;\">\u201cAntisemitism is a poison that has no place in our republic,\u201d Fabienne Buccio, prefect of the Auvergne-Rh\u00f4ne-Alpes region, said in a post on social media, adding that \u201cstate services are combating it with determination.\u201d<\/span><\/p>\n<p><span style=\"color: #000080;\">The Representative Council of Jewish Institutions of France (CRIF), the main representative body of French Jews, also condemned the attack and warned of an \u201cunprecedented wave of antisemitic acts\u201d in Lyon and its surrounding region, expressing concern over a \u201cpoisoned atmosphere.\u201d<\/span><\/p>\n<p><span style=\"color: #000080;\">This latest antisemitic incident comes amid\u00a0<a style=\"color: #000080;\" href=\"https:\/\/www.algemeiner.com\/2025\/08\/20\/macron-pushes-back-netanyahus-claim-france-inflamed-antisemitism-palestinian-state-recognition\/\" target=\"_blank\" rel=\"noopener\">growing international scrutiny of the French government<\/a>\u00a0over the rising tide of antisemitism in the country and its efforts to safeguard the local Jewish community.<\/span><\/p>\n<p><span style=\"color: #000080;\">On Monday, the French Foreign Ministry summoned US Ambassador Charles Kushner after he\u00a0<a style=\"color: #000080;\" href=\"https:\/\/www.algemeiner.com\/2025\/08\/25\/us-france-tensions-rise-antisemitism-new-data-shows-sharp-increase-french-attacks\/\" target=\"_blank\" rel=\"noopener\">accused Paris of failing to act decisively<\/a>\u00a0against the rising antisemitism targeting France\u2019s Jewish community.<\/span><\/p>\n<p><span style=\"color: #000080;\">In a letter to French President Emmanuel Macron, Kushner voiced his \u201cdeep concern over the dramatic rise of antisemitism in France\u201d and criticized the French government for its \u201clack of sufficient action\u201d to confront it.<\/span><\/p>\n<p><span style=\"color: #000080;\">However, French authorities rejected such claims as \u201cunacceptable\u201d and warned that Kushner\u2019s letter violated international law.<\/span><\/p>\n<p><span style=\"color: #000080;\">Israeli Foreign Minister Gideon Saar criticized France\u2019s decision to summon Kushner, calling the move the \u201cheight of hypocrisy.\u201d<\/span><\/p>\n<p><span style=\"color: #000080;\">\u201cInstead of addressing the issue of the rising antisemitism in France in a substantive manner \u2014 France preaches against \u2018interference in the internal affairs of states.\u2019 The height of hypocrisy!\u201d the top Israeli diplomat said in a post on X.<\/span><\/p>\n<p><span style=\"color: #000080;\">Earlier this month, Israeli Prime Minister Benjamin Netanyahu also criticized Macron\u2019s efforts to protect the French Jewish community, demanding stronger government action against the surge in hate crimes.<\/span><\/p>\n<p><span style=\"color: #000080;\">\u201cYour call for a Palestinian state pours fuel on this antisemitic fire,\u201d Netanyahu wrote in his letter, referring to Macron\u2019s recent\u00a0<a style=\"color: #000080;\" href=\"https:\/\/www.algemeiner.com\/2025\/07\/25\/french-foreign-minister-says-recognizing-palestinian-state-defies-hamas-despite-terror-groups-praise\/\" target=\"_blank\" rel=\"noopener\">announcement that France will recognize a Palestinian state<\/a>\u00a0at the UN General Assembly next month.<\/span><\/p>\n<p><span style=\"color: #000080;\">\u201cIt is not diplomacy, it is appeasement. It rewards Hamas terror, hardens Hamas\u2019s refusal to free the hostages, emboldens those who menace French Jews,\u201d the Israeli leader continued.<\/span><\/p>\n<p><span style=\"color: #000080;\">However, Macron strongly rejected these claims, insisting that the fight against antisemitism should not be \u201cweaponized.\u201d<\/span><\/p>\n<p><span style=\"color: #000080;\">\u201cProtecting France\u2019s Jewish citizens from the rise in antisemitism has been an absolute priority of mine from day one,\u201d Macron wrote in a letter to Netanyahu.<\/span><\/p>\n<p><span style=\"color: #000080;\">\u201cThe fight must not be the subject of manipulation amid a conflict in the Middle East that affects France\u2019s national cohesion and the security of its citizens,\u201d he continued.<\/span><\/p>\n<p><span style=\"color: #000080;\">France\u2019s Jewish community has faced a\u00a0<a style=\"color: #000080;\" href=\"https:\/\/www.algemeiner.com\/2025\/01\/22\/antisemitism-continues-skyrocket-france-over-1500-incidents-recorded-2024-new-report-finds\/\" target=\"_blank\" rel=\"noopener\">troubling surge in antisemitic incidents and anti-Israel sentiment<\/a>\u00a0since the Hamas-led invasion of and massacre across southern Israel on Oct. 7, 2023.<\/span><\/p>\n<p><span style=\"color: #000080;\">Jewish leaders have consistently called on authorities to take swift action against the rising wave of targeted attacks and anti-Jewish hate crimes they continue to face.<\/span><\/p>\n<p><span style=\"color: #000080;\">According to the French Interior Ministry, 646 antisemitic incidents were recorded from January to June this year \u2014 a drop from the previous year\u2019s first-half record high but a 112.5 percent increase compared with the same period in 2023, when 304 incidents were reported.<\/span><\/p>\n<hr style=\"height: 15px; background: #d0e6fa; width: 100%;\" \/>\n<div id=\"content\" class=\"content-alignment\">\n<div id=\"watch-description\" class=\"yt-uix-button-panel\">\n<div id=\"watch-description-text\" style=\"text-align: center;\">\n<p><em>Zawarto\u015b\u0107 publikowanych artyku\u0142\u00f3w i materia\u0142\u00f3w nie reprezentuje pogl\u0105d\u00f3w ani opinii Reunion&#8217;68,<\/em><em><br \/>\nani te\u017c webmastera Blogu Reunion&#8217;68, chyba ze jest to wyra\u017anie zaznaczone.<br \/>\nTwoje uwagi, linki, w\u0142asne artyku\u0142y lub wiadomo\u015bci prze\u015blij na adres:<br \/>\n<\/em><span style=\"color: #000080;\"><strong><em><a style=\"color: #000080;\" href=\"mailto:webmaster@reunion68.com\"><span style=\"text-decoration: underline;\">webmaster@reunion68.com<\/span><\/a><\/em><\/strong><\/span><\/p>\n<\/div>\n<\/div>\n<\/div>\n<hr style=\"width: 100%;\" \/>\n","protected":false},"excerpt":{"rendered":"<p>. Jewish Teen Assaulted in Lyon as France Faces Growing International Scrutiny Over Rising Antisemitism Ailin Vilches Arguello Sign reading \u201c+1000% of Antisemitic Acts: These Are Not Just Numbers\u201d during a march against antisemitism, in Lyon, France, June 25, 2024. Photo: Romain Costaseca \/ Hans Lucas via Reuters Connect French authorities have opened an investigation [&hellip;]<\/p>\n","protected":false},"author":1,"featured_media":0,"comment_status":"closed","ping_status":"closed","sticky":false,"template":"","format":"standard","meta":[],"categories":[6],"tags":[33,24],"_links":{"self":[{"href":"https:\/\/www.reunion68.se\/index.php?rest_route=\/wp\/v2\/posts\/123754"}],"collection":[{"href":"https:\/\/www.reunion68.se\/index.php?rest_route=\/wp\/v2\/posts"}],"about":[{"href":"https:\/\/www.reunion68.se\/index.php?rest_route=\/wp\/v2\/types\/post"}],"author":[{"embeddable":true,"href":"https:\/\/www.reunion68.se\/index.php?rest_route=\/wp\/v2\/users\/1"}],"replies":[{"embeddable":true,"href":"https:\/\/www.reunion68.se\/index.php?rest_route=%2Fwp%2Fv2%2Fcomments&post=123754"}],"version-history":[{"count":5,"href":"https:\/\/www.reunion68.se\/index.php?rest_route=\/wp\/v2\/posts\/123754\/revisions"}],"predecessor-version":[{"id":123777,"href":"https:\/\/www.reunion68.se\/index.php?rest_route=\/wp\/v2\/posts\/123754\/revisions\/123777"}],"wp:attachment":[{"href":"https:\/\/www.reunion68.se\/index.php?rest_route=%2Fwp%2Fv2%2Fmedia&parent=123754"}],"wp:term":[{"taxonomy":"category","embeddable":true,"href":"https:\/\/www.reunion68.se\/index.php?rest_route=%2Fwp%2Fv2%2Fcategories&post=123754"},{"taxonomy":"post_tag","embeddable":true,"href":"https:\/\/www.reunion68.se\/index.php?rest_route=%2Fwp%2Fv2%2Ftags&post=123754"}],"curies":[{"name":"wp","href":"https:\/\/api.w.org\/{rel}","templated":true}]}}