{"id":123975,"date":"2025-09-06T17:09:00","date_gmt":"2025-09-06T15:09:00","guid":{"rendered":"https:\/\/www.reunion68.se\/?p=123975"},"modified":"2025-09-05T14:09:45","modified_gmt":"2025-09-05T12:09:45","slug":"06-09-99","status":"publish","type":"post","link":"https:\/\/www.reunion68.se\/?p=123975","title":{"rendered":"Pokolenie Homo sovieticus"},"content":{"rendered":"<p style=\"text-align: center;\"><img decoding=\"async\" src=\"https:\/\/dam.media.un.org\/AssetLink\/l27xa8h04257arl6iq6ok7u543mvqbn7\" width=\"100%\" \/><span style=\"color: #808080;\"><em>Szef Organizacji Wyzwolenia Palestyny \u200b\u200b(OWP), Jaser Arafat, przyby\u0142 dzi\u015b rano do siedziby ONZ. B\u0119dzie pierwszym m\u00f3wc\u0105 w debacie otwieraj\u0105cej Zgromadzenie Og\u00f3lne ONZ w sprawie Palestyny. Zgromadzenie Og\u00f3lne przeg\u0142osowa\u0142o 14 pa\u017adziernika zaproszenie OWP do udzia\u0142u w obradach na ten temat. Jaser Arafat rozmawia z Sekretarzem Generalnym ONZ Kurtem Waldheimem tu\u017c przed otwarciem debaty w Zgromadzeniu Og\u00f3lnym.<\/em><\/span><\/p>\n<hr \/>\n<h3 style=\"text-align: center;\"><a href=\"https:\/\/www.listyznaszegosadu.pl\/\" target=\"_blank\" rel=\"noopener noreferrer\"><img decoding=\"async\" class=\"center alignleft\" src=\"http:\/\/www.reunion68.com\/Biuletyn\/img\/z-naszego.jpg\" alt=\"\" width=\"50%\" \/><\/a><span style=\"text-decoration: underline; color: #000080;\"><span><strong><a style=\"color: #000080; text-decoration: underline;\" href=\"https:\/\/www.listyznaszegosadu.pl\/notatki\/pokoleniea-homo-sovieticus\" target=\"_blank\" rel=\"noopener noreferrer\">Pokolenie Homo sovieticus<br \/>\n<\/a><\/strong><\/span><\/span><\/h3>\n<p style=\"text-align: center;\"><span style=\"color: #000000;\"><strong>Andrzej Koraszewski<\/strong><\/span><\/p>\n<hr style=\"height: 15px; background: #d0e6fa; width: 100%;\" \/>\n<div class=\"templateArticleIngress\">\n<p><span style=\"color: #000080;\">Jan Hartman pisze na swoim blogu w \u201ePolityce\u201d o Flotylli Wolno\u015bci. Zastanawia si\u0119, jak ci dzia\u0142acze, dziennikarze i politycy my\u015bl\u0105, dlaczego s\u0105dz\u0105, \u017ce pomagaj\u0105 Palesty\u0144czykom, czemu zwracaj\u0105 si\u0119 przeciwko Izraelowi, wspomagaj\u0105c Hamas? Gdzie powinni\u015bmy szuka\u0107 odpowiedzi na takie pytania?<\/span><\/p>\n<p><span style=\"color: #000080;\">Najnowszy sonda\u017c przeprowadzony przez Uniwersytet Harvarda i Harris Research Foundation ujawni\u0142 wyra\u017any podzia\u0142 pokoleniowy w podej\u015bciu do Izraela i Hamasu, podkre\u015blaj\u0105c, jak g\u0142\u0119boko debata na temat konfliktu na Bliskim Wschodzie przekszta\u0142ca ameryka\u0144sk\u0105 kultur\u0119 polityczn\u0105. Badanie przeprowadzono online w dniach 20\u201321 sierpnia 2025 roku na pr\u00f3bie ponad dw\u00f3ch tysi\u0119cy zarejestrowanych wyborc\u00f3w. Wyniki pokaza\u0142y, \u017ce 60 procent przedstawicieli Pokolenia Z (w wieku od 18 do 24 lat) zadeklarowa\u0142o poparcie dla Hamasu w konflikcie z Izraelem. By\u0142a to jedyna grupa wiekowa, kt\u00f3ra opowiedzia\u0142a si\u0119 w ten spos\u00f3b, co pozostaje w ostrym kontra\u015bcie do starszych Amerykan\u00f3w, kt\u00f3rzy nadal w przewa\u017caj\u0105cej wi\u0119kszo\u015bci wspieraj\u0105 Izrael.<\/span><\/p>\n<\/div>\n<div class=\"templateArticleBrodtext\">\n<div align=\"center\"><\/div>\n<p><span style=\"color: #000080;\">Jak dosz\u0142o do tej dramatycznej zmiany postaw i pogl\u0105d\u00f3w? By\u0107 mo\u017ce powinni\u015bmy si\u0119 cofn\u0105\u0107 o ponad p\u00f3\u0142 wieku \u2014 do czas\u00f3w, kiedy po wojnie sze\u015bciodniowej \u015bwiat zachodni zalany by\u0142 radzieck\u0105 propagand\u0105 antysyjonistyczn\u0105. Wielk\u0105 operacj\u0119 walki o rz\u0105d dusz organizowa\u0142 \u00f3wczesny szef KGB, Jurij Andropow, i to z jego walnym wsparciem Sekretarzem Generalnym ONZ zosta\u0142 by\u0142y oficer Wehrmachtu i niemieckiego wywiadu, Kurt Waldheim, kt\u00f3ry jako pierwszy zaprosi\u0142 mi\u0119dzynarodowego terroryst\u0119, Jasera Arafata, na Zgromadzenie Og\u00f3lne ONZ.<\/span><\/p>\n<p><span style=\"color: #000080;\">Warto tu wspomnie\u0107 o pozornie drobnym incydencie z 11 wrze\u015bnia 1972 roku, kiedy ugandyjski dyktator Idi Amin wys\u0142a\u0142 telegram do Kurta Waldheima, w kt\u00f3rym \u201epochwali\u0142 masakr\u0119 izraelskich sportowc\u00f3w olimpijskich w Monachium i stwierdzi\u0142, \u017ce Niemcy by\u0142y najbardziej odpowiednim miejscem na ten akt, poniewa\u017c to tam Hitler spali\u0142 ponad sze\u015b\u0107 milion\u00f3w \u017byd\u00f3w\u201d. Amin wezwa\u0142 tak\u017ce \u201edo usuni\u0119cia Izraela z Organizacji Narod\u00f3w Zjednoczonych i do wys\u0142ania wszystkich Izraelczyk\u00f3w do Wielkiej Brytanii, kt\u00f3ra ponosi win\u0119 za stworzenie pa\u0144stwa \u017cydowskiego\u201d.<\/span><\/p>\n<p><span style=\"color: #000080;\">Sekretarz Generalny nie zareagowa\u0142, ale kiedy Idi Amin wyst\u0105pi\u0142 w 1975 roku z propozycj\u0105 zr\u00f3wnania syjonizmu z rasizmem, ten sam Kurt Waldheim urz\u0105dzi\u0142 dla niego uczt\u0119 w ONZ (w rok p\u00f3\u017aniej stanowczo pot\u0119pi\u0142 Izrael za naruszenie suwerenno\u015bci Ugandy w zwi\u0105zku z operacj\u0105 Entebbe \u2014 ratowania zak\u0142adnik\u00f3w porwanych przez niemieckich, komunistycznych terroryst\u00f3w).<\/span><\/p>\n<p><span style=\"color: #000080;\">Zwi\u0105zek Radziecki dysponowa\u0142 demokratyczn\u0105 wi\u0119kszo\u015bci\u0105 w tej mi\u0119dzynarodowej organizacji, maj\u0105c za sob\u0105 nie tylko ca\u0142y \u201eob\u00f3z socjalistyczny\u201d, ale r\u00f3wnie\u017c kraje tzw. Trzeciego \u015awiata.<\/span><\/p>\n<p><span style=\"color: #000080;\">By\u0107 mo\u017ce warto tu r\u00f3wnie\u017c przypomnie\u0107, \u017ce na stan umys\u0142\u00f3w mieszka\u0144c\u00f3w Zachodu dodatkowo wp\u0142yn\u0119\u0142y wydarzenia po wojnie Jom Kipur w 1973 roku. Sztuczny wzrost cen ropy naftowej, spowodowany decyzj\u0105 pa\u0144stw OPEC o ograniczaniu wydobycia tego surowca, doprowadzi\u0142 do najwi\u0119kszego kryzysu gospodarczego od czasu drugiej wojny \u015bwiatowej. G\u0142\u00f3wnym aktorem by\u0142a tu Arabia Saudyjska, kt\u00f3ra wraz z innymi arabskimi dostawcami ropy naftowej chcia\u0142a zmusi\u0107 Ameryk\u0119 do porzucenia wsparcia dla Izraela.<\/span><\/p>\n<p><span style=\"color: #000080;\">W zasadzie by\u0142 to tylko katalizator zmian, na kt\u00f3re nie zwracano wcze\u015bniej uwagi. Kraje azjatyckie (Japonia, Korea Po\u0142udniowa, Tajwan i Hongkong) zacz\u0119\u0142y zarzuca\u0107 \u015bwiat zachodni towarami technicznymi po znacznie ni\u017cszych cenach. Gwa\u0142towny wzrost cen ropy naftowej spowodowa\u0142 za\u0142amanie si\u0119 przemys\u0142u samochodowego, okr\u0119towego, maszynowego, a nast\u0119pnie wydobywczego we wszystkich krajach zachodnich. Ten g\u0142\u0119boki wstrz\u0105s mia\u0142 z jednej strony doprowadzi\u0107 do zwyci\u0119stwa Ronalda Reagana w USA i Margaret Thatcher w Wielkiej Brytanii, a z drugiej strony \u2014 do wzmo\u017conej aktywno\u015bci zachodnich socjalist\u00f3w (g\u0142\u00f3wnie w mediach i na uniwersytetach).<\/span><\/p>\n<p><span style=\"color: #000080;\">Dla Moskwy druzgoc\u0105ca kl\u0119ska ich arabskich klient\u00f3w w 1973 roku by\u0142a kolejnym powa\u017cnym ciosem, ale szok gospodarczy na Zachodzie po tej wojnie by\u0142 darem niebios, pozwalaj\u0105cym na przekonanie mieszka\u0144c\u00f3w Zachodu, \u017ce wszystko jest win\u0105 \u017byd\u00f3w, a nadziej\u0105 na ich zniszczenie s\u0105 tylko palesty\u0144scy terrory\u015bci.<\/span><\/p>\n<p><span style=\"color: #000080;\">T\u0119 \u201edobr\u0105 nowin\u0119\u201d z Moskwy podchwycili zachodni politycy tacy jak \u00f3wczesny kanclerz Austrii Bruno Kreisky, szwedzki premier Olof Palme, oraz francuska, w\u0142oska, hiszpa\u0144ska i portugalska lewica. Antyimperializm miesza\u0142 si\u0119 tu z obsesyjn\u0105 nienawi\u015bci\u0105 do USA i nieustannymi pok\u0142onami wobec Arafata i jego zbir\u00f3w. O tym zagubieniu zachodniej lewicy bodaj najwcze\u015bniej pisa\u0142 francuski filozof Jean-Fran\u00e7ois Revel w wydanej w 1977 roku ksi\u0105\u017cce\u00a0<em>Ani Marks, ani Jezus<\/em>. Ju\u017c wtedy wida\u0107 by\u0142o wyra\u017anie, \u017ce zachodnie uniwersytety by\u0142y nie tylko naszpikowane radzieckimi agentami, ale wr\u0119cz zdominowane przez przeciwnik\u00f3w gospodarki rynkowej i konstytucyjnego \u0142adu.<\/span><\/p>\n<p><span style=\"color: #000080;\">W Ameryce guru uniwersyteckiej lewicy zosta\u0142 Edward Said \u2014 cz\u0142onek w\u0142adz Organizacji Wyzwolenia Palestyny, mieszkaj\u0105cy w USA i pracuj\u0105cy jako profesor literatury angielskiej. \u201eNajbardziej wp\u0142ywowy intelektualista naszych czas\u00f3w\u201d \u2013 pisa\u0142a o nim prasa, nie wspominaj\u0105c, \u017ce jest cz\u0142onkiem organizacji terrorystycznej. Nie jest przesad\u0105 twierdzenie, \u017ce Said ustanowi\u0142 moraln\u0105 gr\u0119 Nowej Lewicy, atakuj\u0105c Zach\u00f3d za grzechy kolonializmu i unosz\u0105c flag\u0119 Trzeciego \u015awiata jako symbol sprawiedliwo\u015bci. Ziarno pad\u0142o na dobrze przygotowany grunt \u2014 zachodnia lewica od d\u0142u\u017cszego czasu czeka\u0142a na tego proroka palesty\u0144skiej sprawy.<\/span><\/p>\n<p><span style=\"color: #000080;\">Dla tych, kt\u00f3rzy obserwowali radzieck\u0105 propagand\u0119, nie by\u0142o tu niczego nowego.<\/span><br \/>\n<span style=\"color: #000080;\">Je\u015bli dzi\u015b lwia cz\u0119\u015b\u0107 wchodz\u0105cego w doros\u0142e \u017cycie pokolenia opowiada si\u0119 za nazistami z Hamasu i ich mecenasami z Bractwa Muzu\u0142ma\u0144skiego oraz z Teheranu, to nie powinno budzi\u0107 zdumienia. To efekt d\u0142ugiego procesu, w kt\u00f3rym politycy tacy jak pobo\u017cny chrze\u015bcijanin Jimmy Carter i gor\u0105cy sympatyk Bractwa Muzu\u0142ma\u0144skiego Barack Obama kontynuowali dzie\u0142o Andropowa, Kurta Waldheima i innych \u2014 z waln\u0105 pomoc\u0105 legionu Gebert\u00f3w z mniej lub bardziej niedorozwini\u0119tych kraj\u00f3w, kt\u00f3rzy wieszczyli nieustannie, \u017ce Izrael to faszystowski kraj, kt\u00f3ry broni\u0105c si\u0119 przed zag\u0142ad\u0105 z r\u0105k ich arabskich przyjaci\u00f3\u0142 pope\u0142nia zbrodnie wojenne. Ten ko\u0144cowy efekt by\u0142 od dawna do przewidzenia, a dzi\u015b pozostaje tylko dawanie \u015bwiadectwa, \u017ce jeszcze nie wszyscy godz\u0105 si\u0119 na oklaskiwanie szale\u0144stwa nowego zapa\u0142u do polowa\u0144 na czarownice.<\/span><\/p>\n<\/div>\n<hr style=\"height: 15px; background: #d0e6fa; width: 100%;\" \/>\n<div id=\"content\" class=\"content-alignment\">\n<div id=\"watch-description\" class=\"yt-uix-button-panel\">\n<div id=\"watch-description-text\" style=\"text-align: center;\">\n<p><em>Zawarto\u015b\u0107 publikowanych artyku\u0142\u00f3w i materia\u0142\u00f3w nie reprezentuje pogl\u0105d\u00f3w ani opinii Reunion&#8217;68,<\/em><em><br \/>\nani te\u017c webmastera Blogu Reunion&#8217;68, chyba ze jest to wyra\u017anie zaznaczone.<br \/>\nTwoje uwagi, linki, w\u0142asne artyku\u0142y lub wiadomo\u015bci prze\u015blij na adres:<br \/>\n<\/em><span style=\"color: #000080;\"><strong><em><a style=\"color: #000080;\" href=\"mailto:webmaster@reunion68.com\"><span style=\"text-decoration: underline;\">webmaster@reunion68.com<\/span><\/a><\/em><\/strong><\/span><\/p>\n<\/div>\n<\/div>\n<\/div>\n<hr style=\"width: 100%;\" \/>\n","protected":false},"excerpt":{"rendered":"<p>Szef Organizacji Wyzwolenia Palestyny \u200b\u200b(OWP), Jaser Arafat, przyby\u0142 dzi\u015b rano do siedziby ONZ. B\u0119dzie pierwszym m\u00f3wc\u0105 w debacie otwieraj\u0105cej Zgromadzenie Og\u00f3lne ONZ w sprawie Palestyny. Zgromadzenie Og\u00f3lne przeg\u0142osowa\u0142o 14 pa\u017adziernika zaproszenie OWP do udzia\u0142u w obradach na ten temat. Jaser Arafat rozmawia z Sekretarzem Generalnym ONZ Kurtem Waldheimem tu\u017c przed otwarciem debaty w Zgromadzeniu Og\u00f3lnym. [&hellip;]<\/p>\n","protected":false},"author":1,"featured_media":0,"comment_status":"closed","ping_status":"closed","sticky":false,"template":"","format":"standard","meta":[],"categories":[6],"tags":[33,24],"_links":{"self":[{"href":"https:\/\/www.reunion68.se\/index.php?rest_route=\/wp\/v2\/posts\/123975"}],"collection":[{"href":"https:\/\/www.reunion68.se\/index.php?rest_route=\/wp\/v2\/posts"}],"about":[{"href":"https:\/\/www.reunion68.se\/index.php?rest_route=\/wp\/v2\/types\/post"}],"author":[{"embeddable":true,"href":"https:\/\/www.reunion68.se\/index.php?rest_route=\/wp\/v2\/users\/1"}],"replies":[{"embeddable":true,"href":"https:\/\/www.reunion68.se\/index.php?rest_route=%2Fwp%2Fv2%2Fcomments&post=123975"}],"version-history":[{"count":5,"href":"https:\/\/www.reunion68.se\/index.php?rest_route=\/wp\/v2\/posts\/123975\/revisions"}],"predecessor-version":[{"id":123984,"href":"https:\/\/www.reunion68.se\/index.php?rest_route=\/wp\/v2\/posts\/123975\/revisions\/123984"}],"wp:attachment":[{"href":"https:\/\/www.reunion68.se\/index.php?rest_route=%2Fwp%2Fv2%2Fmedia&parent=123975"}],"wp:term":[{"taxonomy":"category","embeddable":true,"href":"https:\/\/www.reunion68.se\/index.php?rest_route=%2Fwp%2Fv2%2Fcategories&post=123975"},{"taxonomy":"post_tag","embeddable":true,"href":"https:\/\/www.reunion68.se\/index.php?rest_route=%2Fwp%2Fv2%2Ftags&post=123975"}],"curies":[{"name":"wp","href":"https:\/\/api.w.org\/{rel}","templated":true}]}}