{"id":124015,"date":"2025-09-07T17:09:00","date_gmt":"2025-09-07T15:09:00","guid":{"rendered":"https:\/\/www.reunion68.se\/?p=124015"},"modified":"2025-09-07T14:18:19","modified_gmt":"2025-09-07T12:18:19","slug":"08-09-103","status":"publish","type":"post","link":"https:\/\/www.reunion68.se\/?p=124015","title":{"rendered":"Trump i Rubio odrzucaj\u0105 narracj\u0119 o palesty\u0144skim cierpieniu"},"content":{"rendered":"<p style=\"text-align: center;\"><img decoding=\"async\" class=\"aligncenter\" src=\"https:\/\/me.jnsi.org\/uploads\/2025\/07\/F250216AKPOOL04-1320x880.jpg\" width=\"100%\"><span style=\"color: #808080;\"><em>Ameryka\u0144ski Sekretarz Stanu Marco Rubio podczas konferencji prasowej w Jerozolimie 16 lutego 2025. Photo by Alex Kolomoisky\/POOL via Flash90.&nbsp;<\/em><\/span><\/p>\n<hr>\n<h3 style=\"text-align: center;\"><a href=\"http:\/\/www.listyznaszegosadu.pl\/\" target=\"_blank\" rel=\"noopener noreferrer\"><img decoding=\"async\" class=\"center alignleft\" src=\"http:\/\/www.reunion68.com\/Biuletyn\/img\/z-naszego.jpg\" alt=\"\" width=\"50%\"><\/a><span style=\"text-decoration: underline; color: #000080;\"><strong><a style=\"color: #000080; text-decoration: underline;\" href=\"http:\/\/www.listyznaszegosadu.pl\/notatki\/trump-i-rubio-odrzucaja-narracje-o-palestynskim-cierpieniu\" target=\"_blank\" rel=\"noopener noreferrer\">Trump i Rubio odrzucaj\u0105 narracj\u0119 o palesty\u0144skim cierpieniu<\/a><\/strong><\/span><\/h3>\n<p style=\"text-align: center;\"><span style=\"color: #000000;\"><strong>Jonathan S. Tobin<\/strong><\/span><\/p>\n<hr style=\"height: 15px; background: #d0e6fa; width: 100%;\">\n<blockquote>\n<div class=\"templateArticleIngress\"><em><strong>Zapomnijmy o farsie w sprawie pa\u0144stwowo\u015bci na forum ONZ. Palesty\u0144ska administracja, kt\u00f3ra dotuje terroryzm, oraz spo\u0142ecze\u0144stwo indoktrynowane islamistyczn\u0105 nienawi\u015bci\u0105 nie powinny by\u0107 wpuszczane do Stan\u00f3w Zjednoczonych.<\/strong><\/p>\n<p><\/em><em><strong>Sekretarz stanu USA Marco Rubio wywo\u0142a\u0142 na ca\u0142ym \u015bwiecie oburzenie, og\u0142aszaj\u0105c w zesz\u0142ym tygodniu, \u017ce Stany Zjednoczone zakazuj\u0105 urz\u0119dnikom Palesty\u0144skiej Autonomii wjazdu na terytorium kraju w celu uczestnictwa w tegorocznym wrze\u015bniowym Zgromadzeniu Og\u00f3lnym ONZ w Nowym Jorku. Decyzja ta wywo\u0142a\u0142a przewidywaln\u0105 fal\u0119 krytyki wobec prezydenta Donalda Trumpa ze strony tych, kt\u00f3rzy uwa\u017caj\u0105, \u017ce nie przestrzega on zasad mi\u0119dzynarodowego post\u0119powania ustalonych przez \u015brodowiska zajmuj\u0105ce si\u0119 polityk\u0105 zagraniczn\u0105. Rozp\u0119ta\u0142a tak\u017ce powa\u017cniejsz\u0105 debat\u0119 na temat tego, czy decyzja ta nie narusza Umowy o siedzibie ONZ z 1947 roku, kt\u00f3ra zosta\u0142a zatwierdzona przez Senat USA jako traktat, a zatem ma moc prawn\u0105.<\/strong><br \/>\n<\/em><\/p>\n<\/div>\n<\/blockquote>\n<p style=\"text-align: left;\">\n<div class=\"templateArticleBrodtext\">\n<p><span style=\"color: #000080;\">Jednak cofni\u0119cie wiz liderowi Palesty\u0144skiej Autonomii Mahmudowi Abbasowi oraz reszcie jego skorumpowanej \u015bwity kleptokrat\u00f3w, kt\u00f3r\u0105 co roku przywozi ze sob\u0105, by wyg\u0142osi\u0107 swoj\u0105 rutynow\u0105 tyrad\u0119 z m\u00f3wnicy ONZ, to tylko cz\u0119\u015b\u0107 sprawy. Jak donosi\u0142 dwa dni p\u00f3\u017aniej&nbsp;<em>New York Times<\/em>, zakaz wjazdu dotyczy nie tylko nich. 18 sierpnia Departament Stanu USA wys\u0142a\u0142 do wszystkich ambasad i konsulat\u00f3w ameryka\u0144skich na \u015bwiecie instrukcj\u0119, by nie wydawa\u0142y wiz odwiedzaj\u0105cych osobom posiadaj\u0105cym paszporty wydane przez Palesty\u0144sk\u0105 Autonomi\u0119.<\/span><\/p>\n<p><span style=\"color: #000080;\">Jak napisa\u0142a Ruthie Blum, redaktorka JNS, rozporz\u0105dzenie Rubio to gest maj\u0105cy na celu storpedowanie wysi\u0142k\u00f3w kraj\u00f3w zachodnich \u2013 w tym Francji, Wielkiej Brytanii, Kanady i Australii \u2013 by na forum ONZ forsowa\u0107 fikcj\u0119 palesty\u0144skiej pa\u0144stwowo\u015bci, w kt\u00f3rej 89-letni Abbas, obecnie odbywaj\u0105cy ju\u017c 20. rok swojej czteroletniej kadencji, pe\u0142ni\u0142by funkcj\u0119 g\u0142\u00f3wnego rekwizytu.<\/span><\/p>\n<h4><strong><br \/>\nKolejny \u201ezakaz dla muzu\u0142man\u00f3w\u201d?<\/strong><\/h4>\n<p style=\"text-align: left;\">\n<span style=\"color: #000080;\">Zakaz wjazdu dla wszystkich Palesty\u0144czyk\u00f3w w celach innych ni\u017c legalna imigracja oznacza de facto wprowadzenie zakazu dla Palesty\u0144czyk\u00f3w \u2013 nie tylko dla ich nieudolnych reprezentant\u00f3w.<\/span><\/p>\n<p style=\"text-align: left;\">\n<span style=\"color: #000080;\">To z pewno\u015bci\u0105 zostanie pot\u0119pione jako akt uprzedze\u0144, podobnie jak mia\u0142o to miejsce w przypadku tzw. \u201ezakazu dla muzu\u0142man\u00f3w\u201d, kt\u00f3ry Trump wprowadzi\u0142 w styczniu 2017 roku. \u00d3wczesny dekret prezydencki obejmowa\u0142 jedynie osoby z Iranu, Iraku, Libii, Somalii, Sudanu, Syrii i Jemenu, a wi\u0119c nie dotyczy\u0142 ponad 80% \u015bwiatowej populacji muzu\u0142ma\u0144skiej. Pierwsza wersja zakazu zosta\u0142a skutecznie zaskar\u017cona w s\u0105dzie i zast\u0105piona bardziej precyzyjnym zapisem, kt\u00f3ry obowi\u0105zywa\u0142 a\u017c do jego zniesienia przez by\u0142ego prezydenta Joe Bidena w pierwszym dniu jego urz\u0119dowania.<\/span><\/p>\n<p style=\"text-align: left;\">\n<span style=\"color: #000080;\">Debata na temat tamtej decyzji by\u0142a jak dialog g\u0142uchych. Trump i jego zwolennicy twierdzili, \u017ce chodzi\u0142o o zapobieganie wjazdowi os\u00f3b, kt\u00f3re mog\u0142yby stanowi\u0107 zagro\u017cenie terrorystyczne dla USA. Jego przeciwnicy, w tym niemal wszystkie g\u0142\u00f3wne media, uznali zakaz za przejaw nietolerancji i rasizmu, twierdz\u0105c, \u017ce tylko bigot m\u00f3g\u0142by wybra\u0107 takie kraje.<\/span><\/p>\n<p style=\"text-align: left;\">\n<span style=\"color: #000080;\">Mo\u017cna si\u0119 spodziewa\u0107, \u017ce podobna retoryka powr\u00f3ci teraz w kontek\u015bcie Palesty\u0144czyk\u00f3w.<\/span><\/p>\n<p style=\"text-align: left;\">\n<span style=\"color: #000080;\">Jak pokaza\u0142 sam artyku\u0142 w&nbsp;<em>Timesie<\/em>, ka\u017cda pr\u00f3ba poci\u0105gni\u0119cia Palesty\u0144czyk\u00f3w do odpowiedzialno\u015bci lub wyci\u0105gni\u0119cia jakichkolwiek wniosk\u00f3w na ich temat postrzegana jest przez liberalne media nie tylko jako uprzedzenie, ale wr\u0119cz jako szczeg\u00f3lna niesprawiedliwo\u015b\u0107 wobec narodu, kt\u00f3ry tak bardzo cierpia\u0142 w ostatnim stuleciu. Ostatnie s\u0142owo w tek\u015bcie oddano burmistrzowi Turmus Ayya, miejscowo\u015bci w Samarii zamieszkanej przez wielu Palesty\u0144czyk\u00f3w z obywatelstwem ameryka\u0144skim, kt\u00f3ry powiedzia\u0142: \u201eCzuj\u0119, \u017ce Palesty\u0144czycy s\u0105 zawsze traktowani niesprawiedliwie.\u201d<\/span><\/p>\n<p style=\"text-align: left;\">\n<span style=\"color: #000080;\">Ale to w\u0142a\u015bnie ta narracja o palesty\u0144skim cierpieniu jest przedmiotem sporu \u2013 i nie powinna pozostawa\u0107 bez odpowiedzi.<\/span><\/p>\n<h4 style=\"text-align: left;\"><strong><br \/>\nPoci\u0105gni\u0119cie Abbasa do odpowiedzialno\u015bci<\/strong><\/h4>\n<p style=\"text-align: left;\">\n<span style=\"color: #000080;\">To, co zrobi\u0142 Rubio, nie jest jedynie pr\u00f3b\u0105 storpedowania farsy, jak\u0105 jest promowana przez Francj\u0119, Wielk\u0105 Brytani\u0119, Kanad\u0119 i Australi\u0119 kampania nadania Palesty\u0144czykom pa\u0144stwowo\u015bci \u2013 jako nagrody za zbrodnie pope\u0142nione przeciwko Izraelczykom 7 pa\u017adziernika 2023 roku oraz za wywo\u0142anie wojny, jaka po tym nast\u0105pi\u0142a. Samo zablokowanie tych dzia\u0142a\u0144 jest istotnym celem, poniewa\u017c wydarzenia z 7 pa\u017adziernika jasno pokazuj\u0105, co Palesty\u0144czycy zrobiliby, gdyby przyznano im suwerenno\u015b\u0107 nad Jude\u0105, Samari\u0105 i Stref\u0105 Gazy.<\/span><\/p>\n<p style=\"text-align: left;\">\n<span style=\"color: #000080;\">Twierdzenie, \u017ce Abbas to umiarkowany przyw\u00f3dca pragn\u0105cy pokoju, kt\u00f3re stanowi fundament wysi\u0142k\u00f3w na rzecz palesty\u0144skiej pa\u0144stwowo\u015bci, to mit \u2013 i to obra\u017aliwy. Autonomia Palesty\u0144ska wci\u0105\u017c dotuje terroryst\u00f3w poprzez sw\u00f3j program \u201enagr\u00f3d za zabijanie\u201d, obejmuj\u0105cy tak\u017ce sprawc\u00f3w zbrodni z 7 pa\u017adziernika, jak i wcze\u015bniejszych akt\u00f3w przemocy. Abbas mo\u017ce wsp\u00f3\u0142pracowa\u0107 z izraelskimi si\u0142ami bezpiecze\u0144stwa, by chroni\u0107 si\u0119 przed Hamasem, ale r\u00f3wnie\u017c on sam odrzuci\u0142 propozycje pokojowe, nie uznaj\u0105c legitymacji istnienia pa\u0144stwa \u017cydowskiego \u2013 niezale\u017cnie od granic.<\/span><\/p>\n<p style=\"text-align: left;\">\n<span style=\"color: #000080;\">Abbas dopiero po 20 miesi\u0105cach i jedynie w li\u015bcie do prezydenta Francji Emmanuela Macrona pot\u0119pi\u0142 masakr\u0119 z 7 pa\u017adziernika, i to w spos\u00f3b niejednoznaczny. Nigdy nie zrobi\u0142 tego w j\u0119zyku arabskim, kieruj\u0105c s\u0142owa do w\u0142asnego narodu.<\/span><\/p>\n<p style=\"text-align: left;\">\n<span style=\"color: #000080;\">USA maj\u0105 pe\u0142ne prawo, by poci\u0105gn\u0105\u0107 go do odpowiedzialno\u015bci i odm\u00f3wi\u0107 udzia\u0142u w przedstawieniu na forum ONZ, w kt\u00f3rym odgrywa on rol\u0119 g\u0142owy nieistniej\u0105cego pa\u0144stwa \u2013 pa\u0144stwa, kt\u00f3rego popieranie tylko zach\u0119ca Hamas do kontynuacji walki.<\/span><\/p>\n<h4 style=\"text-align: left;\"><strong><br \/>\nOdrzucenie medialnej narracji<\/strong><\/h4>\n<p><span style=\"color: #000080;\">Decyzja USA to co\u015b wi\u0119cej. To d\u0142ugo oczekiwane odrzucenie mi\u0119dzynarodowej narracji medialnej, przedstawiaj\u0105cej Palesty\u0144czyk\u00f3w jako ofiary wojny, kt\u00f3r\u0105 sami rozpocz\u0119li i kt\u00f3r\u0105 nadal popieraj\u0105. Tak, cierpi\u0105 \u2013 ale fakty zosta\u0142y wypaczone przez globaln\u0105 kampani\u0119 propagandow\u0105 wymierzon\u0105 w Izrael.<\/span><\/p>\n<p><span style=\"color: #000080;\">Niestety, nie da si\u0119 zaprzeczy\u0107, \u017ce znaczna cz\u0119\u015b\u0107 palesty\u0144skiego spo\u0142ecze\u0144stwa zosta\u0142a zindoktrynowana nienawi\u015bci\u0105 do Izraela i Ameryki poprzez propagand\u0119 p\u0142yn\u0105c\u0105 z ich medi\u00f3w i szk\u00f3\u0142. Dotyczy to zar\u00f3wno tych, kt\u00f3rzy \u017cyj\u0105 pod autorytarnymi rz\u0105dami Abbasa na Zachodnim Brzegu, jak i pod w\u0142adz\u0105 Hamasu w Gazie. Wydarzenia ostatnich dw\u00f3ch lat, ich poparcie dla 7 pa\u017adziernika i 78-letnia historia odrzucania wszystkich propozycji pa\u0144stwowo\u015bci m\u00f3wi\u0105 same za siebie.<\/span><\/p>\n<p><span style=\"color: #000080;\">Owszem, indywidualni Palesty\u0144czycy mog\u0105 nie zgadza\u0107 si\u0119 ze swoimi liderami i organizacjami terrorystycznymi, kt\u00f3re zdominowa\u0142y palesty\u0144sk\u0105 polityk\u0119. Prawd\u0105 jest r\u00f3wnie\u017c, \u017ce w USA ogromna wi\u0119kszo\u015b\u0107 Palesty\u0144czyk\u00f3w z obywatelstwem ameryka\u0144skim przestrzega prawa.<\/span><\/p>\n<p><span style=\"color: #000080;\">Ale nie jest niczym nieracjonalnym, by ameryka\u0144ska administracja spojrza\u0142a na kultur\u0119 polityczn\u0105, kt\u00f3ra odrzuca\u0142a wszystkie propozycje pokojowe, r\u00f3wnie\u017c te zak\u0142adaj\u0105ce utworzenie pa\u0144stwa obok Izraela, i doda\u0142a do tego pokolenia krwawego terroryzmu, kt\u00f3rego kulminacj\u0105 by\u0142y zbrodnie z 7 pa\u017adziernika \u2013 i wynikaj\u0105cy z nich szczeg\u00f3lny rodzaj ludob\u00f3jczego antysemityzmu.<\/span><\/p>\n<p><span style=\"color: #000080;\">To w\u0142a\u015bnie zosta\u0142o rozmyte przez upowszechnienie propagandy Hamasu i oszczerstw krwi kierowanych przeciwko Izraelowi \u2013 oskar\u017ce\u0144 o \u201eludob\u00f3jstwo\u201d w Gazie czy celowe g\u0142odzenie Palesty\u0144czyk\u00f3w. W\u0142a\u015bciw\u0105 odpowiedzi\u0105 na t\u0119 narracj\u0119, w kt\u00f3rej Palesty\u0144czycy przedstawiani s\u0105 jako ofiary wojny po 7 pa\u017adziernika, jest przypomnienie, \u017ce rozpocz\u0119\u0142a si\u0119 ona orgi\u0105 masowych mord\u00f3w, gwa\u0142t\u00f3w, tortur, porwa\u0144 i bezmy\u015blnego zniszczenia, kt\u00f3rych dopu\u015bcili si\u0119 nie tylko bojownicy Hamasu, lecz tak\u017ce zwykli Palesty\u0144czycy. Jak dowiadujemy si\u0119 od zak\u0142adnik\u00f3w, kt\u00f3rzy zostali odbici lub uwolnieni w ramach wymiany, wi\u0119kszo\u015b\u0107 z nich by\u0142a przetrzymywana przez cywilnych Palesty\u0144czyk\u00f3w, a nie przez bojownik\u00f3w Hamasu.<\/span><\/p>\n<p><span style=\"color: #000080;\">Twierdzenia Bidena na temat tej wojny \u2014 a tak\u017ce wypowiedzi wielu Izraelczyk\u00f3w i \u017byd\u00f3w, kt\u00f3rzy wol\u0105 ignorowa\u0107 prawd\u0119 \u2014 g\u0142osz\u0105ce, \u017ce jest to konflikt wy\u0142\u0105cznie mi\u0119dzy pa\u0144stwem \u017cydowskim a organizacj\u0105 terrorystyczn\u0105, kt\u00f3ra zaw\u0142aszczy\u0142a palesty\u0144sk\u0105 spraw\u0119 i wprowadzi\u0142a ludzi w b\u0142\u0105d, s\u0105 po prostu b\u0142\u0119dne. To wojna mi\u0119dzy dwoma narodami, a nie jedynie z terrorystami.<\/span><\/p>\n<h4><strong><br \/>\nZachodnia projekcja<\/strong><\/h4>\n<p><span style=\"color: #000080;\">Zachodni spos\u00f3b my\u015blenia zak\u0142ada, \u017ce inne kultury s\u0105 lustrzanym odbiciem ich w\u0142asnej \u2013 bez wzgl\u0119du na to, jak bardzo rzeczywisto\u015b\u0107 temu przeczy. Narzucamy w\u0142asn\u0105 wra\u017cliwo\u015b\u0107 i oczekiwania wobec system\u00f3w wierze\u0144, kt\u00f3re opieraj\u0105 si\u0119 na zupe\u0142nie innych za\u0142o\u017ceniach. W efekcie wi\u0119kszo\u015b\u0107 Amerykan\u00f3w i Europejczyk\u00f3w podchodzi do konfliktu \u017cydowsko-arabskiego o ziemi\u0119 Izraela tak, jakby mo\u017cna go by\u0142o rozwi\u0105za\u0107 kompromisem. Wielu Izraelczyk\u00f3w r\u00f3wnie\u017c uleg\u0142o tej iluzji. Ignoruj\u0105 przy tym smutny fakt, \u017ce Arabowie zawsze postrzegali jakiekolwiek dzielenie suwerenno\u015bci nad obszarem, kt\u00f3ry kiedykolwiek znajdowa\u0142 si\u0119 pod panowaniem muzu\u0142ma\u0144skim, jako nie do przyj\u0119cia \u2014 a wr\u0119cz jako niewybaczalne upokorzenie godno\u015bci zbiorowej, kt\u00f3rego nie s\u0105 w stanie zaakceptowa\u0107.<\/span><\/p>\n<p><span style=\"color: #000080;\">Dlatego w\u0142a\u015bnie izraelski m\u0105\u017c stanu Abba Eban myli\u0142 si\u0119, m\u00f3wi\u0105c, \u017ce \u201ePalesty\u0144czycy nigdy nie przegapiaj\u0105 okazji do przegapienia okazji\u201d \u2014 bo oni po prostu nie postrzegali proponowanych kompromis\u00f3w jako szans.<\/span><\/p>\n<p><span style=\"color: #000080;\">To tak\u017ce t\u0142umaczy, dlaczego przez 30 lat procesu pokojowego poprzedzaj\u0105cego 7 pa\u017adziernika nie uda\u0142o si\u0119 osi\u0105gn\u0105\u0107 pokoju. T\u0142umaczy te\u017c, dlaczego ca\u0142kowite wycofanie si\u0119 Izraela z Gazy latem 2005 roku \u2014 ewakuacja wszystkich osadnik\u00f3w, \u017co\u0142nierzy i spo\u0142eczno\u015bci \u017cydowskich \u2014 doprowadzi\u0142o do powstania pa\u0144stwa terrorystycznego i budowy podziemnej twierdzy wielko\u015bci nowojorskiego metra, kt\u00f3ra umo\u017cliwi\u0142a kontynuacj\u0119 trwaj\u0105cej ju\u017c ponad sto lat wojny, zamiast stworzy\u0107 podwaliny pod pok\u00f3j.<\/span><\/p>\n<p><span style=\"color: #000080;\">I w\u0142a\u015bnie dlatego Amerykanie powinni spojrze\u0107 na tych, kt\u00f3rzy to wszystko zrobili \u2014 palesty\u0144skie przyw\u00f3dztwo, w tym Abbasa i jego parti\u0119 Fatah, Hamas i Palesty\u0144ski Islamski D\u017cihad, a tak\u017ce przyt\u0142aczaj\u0105c\u0105 wi\u0119kszo\u015b\u0107 palesty\u0144skiej populacji, kt\u00f3ra ich popiera \u2014 i uzna\u0107, \u017ce nie jest to co\u015b, co chcieliby\u015bmy sprowadza\u0107 do Stan\u00f3w Zjednoczonych.<\/span><\/p>\n<h4><strong><br \/>\nLewicowe z\u0142udzenia o imigracji<\/strong><\/h4>\n<p><span style=\"color: #000080;\">Wielu ludzi lewicy, zw\u0142aszcza liberalnych \u017byd\u00f3w, uwa\u017ca, \u017ce imigracja do Ameryki powinna by\u0107 podstawowym prawem dla ka\u017cdego. B\u0142\u0119dnie uto\u017csamiaj\u0105 masow\u0105 imigracj\u0119 z ko\u0144ca XIX i pocz\u0105tku XX wieku oraz pr\u00f3by ucieczki \u017byd\u00f3w przed zag\u0142ad\u0105 w nazistowskiej Europie z czym\u015b, co w istocie stanowi\u0142o inwazj\u0119 milion\u00f3w nielegalnych imigrant\u00f3w za prezydentury Bidena. Dla nich ka\u017cde dzia\u0142anie Trumpa maj\u0105ce na celu egzekwowanie obowi\u0105zuj\u0105cego prawa imigracyjnego to oznaka autorytaryzmu.<\/span><\/p>\n<p><span style=\"color: #000080;\">Tymczasem podej\u015bcie Trumpa by\u0142o rozs\u0105dn\u0105 odpowiedzi\u0105 na powa\u017cny problem, kt\u00f3ry zagra\u017ca dobrobytowi i bezpiecze\u0144stwu wielu spo\u0142eczno\u015bci. To tak\u017ce uzasadnione dzia\u0142anie na rzecz ochrony interes\u00f3w klasy pracuj\u0105cej, kt\u00f3r\u0105 Demokraci porzucili.<\/span><\/p>\n<h4><strong><br \/>\nOchrona granic USA<\/strong><\/h4>\n<p><span style=\"color: #000080;\">Wysi\u0142ek w\u0142o\u017cony w zabezpieczenie ameryka\u0144skich granic \u2014 co Trump osi\u0105gn\u0105\u0142 w kr\u00f3tkim czasie po czterech latach polityki otwartych granic i zaniedba\u0144 ze strony Bidena \u2014 dotyczy tak\u017ce pytania, jakich ludzi nale\u017cy legalnie wpuszcza\u0107 do Stan\u00f3w Zjednoczonych.<\/span><\/p>\n<p><span style=\"color: #000080;\">Z tej perspektywy odmowa wydawania wiz to op\u00f3\u017aniona, lecz ca\u0142kowicie uzasadniona reakcja na stuletni\u0105 palesty\u0144sk\u0105 kultur\u0119 nienawi\u015bci i nietolerancji, w kt\u00f3rej wojna przeciwko \u017bydom sta\u0142a si\u0119 nieod\u0142\u0105cznym elementem to\u017csamo\u015bci narodowej. Sprowadzanie do USA populacji, dla kt\u00f3rej odrzucenie Zachodu i antysemityzm s\u0105 tak istotne, to szale\u0144stwo. Tak samo, jak pozwalanie du\u017cej liczbie os\u00f3b z tej grupy na przyjazd do USA na studia, gdzie mog\u0105 uczestniczy\u0107 w przekszta\u0142caniu uczelni wy\u017cszych w bastiony nienawi\u015bci do \u017byd\u00f3w i wrogo\u015bci wobec zachodniej cywilizacji.<\/span><\/p>\n<p><span style=\"color: #000080;\">Cokolwiek mo\u017cna powiedzie\u0107 o niesp\u00f3jno\u015bci pierwotnego \u201ezakazu dla muzu\u0142man\u00f3w\u201d, kt\u00f3ry nie obejmowa\u0142 kraj\u00f3w r\u00f3wnie zagro\u017conych islamizmem, zakaz wizowy skierowany konkretnie do Palesty\u0144czyk\u00f3w jest w pe\u0142ni uzasadniony.<\/span><\/p>\n<p><span style=\"color: #000080;\">Co wi\u0119cej \u2014 powinien on zapocz\u0105tkowa\u0107 uczciwsze spojrzenie na osoby obj\u0119te zakazem wjazdu zgodnie z rozporz\u0105dzeniem Rubio.<\/span><\/p>\n<p><span style=\"color: #000080;\">Wielu Palesty\u0144czyk\u00f3w to niewinne ofiary obecnej wojny. Ale jako ca\u0142o\u015b\u0107, palesty\u0144ska populacja arabska wybra\u0142a wojn\u0119 i terror. Hamas nie m\u00f3g\u0142by utrzyma\u0107 kontroli nad Gaz\u0105 przez 17 lat, przeznaczaj\u0105c miliardy dolar\u00f3w pomocy na cele terrorystyczne, gdyby nie mia\u0142 na to przyzwolenia spo\u0142ecze\u0144stwa. A Abbas odmawia przeprowadzenia kolejnych wybor\u00f3w w Judei i Samarii, poniewa\u017c wie, \u017ce wygra\u0142by je Hamas.<\/span><\/p>\n<p><span style=\"color: #000080;\">Zakaz wjazdu Palesty\u0144czyk\u00f3w do Stan\u00f3w Zjednoczonych to nie tylko rozs\u0105dna decyzja wynikaj\u0105ca z rozpoznania faktu, \u017ce przyznanie im pa\u0144stwa oznacza\u0142oby mo\u017cliwo\u015b\u0107 powt\u00f3rki zbrodni z 7 pa\u017adziernika. To tak\u017ce uznanie rzeczywisto\u015bci palesty\u0144skiej kultury politycznej, kt\u00f3ra \u015bwiadomie d\u0105\u017cy do kolejnej nakby \u2013 katastrofy podobnej do tej z listopada 1947 roku, gdy odrzucono ofert\u0119 utworzenia pa\u0144stwa arabskiego obok \u017cydowskiego i rozpocz\u0119to wojn\u0119 maj\u0105c\u0105 na celu zniszczenie nowo powsta\u0142ego pa\u0144stwa \u017cydowskiego.<\/span><\/p>\n<p><span style=\"color: #000080;\">To odrzucenie narracji medialnej, kt\u00f3ra przedstawia ludob\u00f3jcz\u0105 wojn\u0119 rozpocz\u0119t\u0105 przez Palesty\u0144czyk\u00f3w 7 pa\u017adziernika jako element ich m\u0119cze\u0144stwa \u2014 zamiast jako niepodwa\u017calny dow\u00f3d, \u017ce stanowi\u0105 zagro\u017cenie dla Zachodu i Izraela, dop\u00f3ki nie przejd\u0105 gruntownej przemiany, kt\u00f3ra pozwoli im zaakceptowa\u0107 pok\u00f3j.<\/span><\/p>\n<p><span style=\"color: #000080;\">Dla ameryka\u0144skiej administracji uznanie tych fakt\u00f3w nie jest przejawem uprzedze\u0144, rasizmu ani islamofobii. To po prostu zdrowy rozs\u0105dek.<\/span><\/p>\n<\/div>\n<hr>\n<p><span style=\"color: #808080;\"><em><strong>Jonathan S. Tobin<\/strong> jest redaktorem naczelnym Jewish News Syndicate (JNS).<\/em><\/span><\/p>\n<hr style=\"height: 15px; background: #d0e6fa; width: 100%;\">\n<div id=\"content\" class=\"content-alignment\">\n<div id=\"watch-description\" class=\"yt-uix-button-panel\">\n<div id=\"watch-description-text\" style=\"text-align: center;\">\n<p><em>Zawarto\u015b\u0107 publikowanych artyku\u0142\u00f3w i materia\u0142\u00f3w nie reprezentuje pogl\u0105d\u00f3w ani opinii Reunion&#8217;68,<\/em><em><br \/>\nani te\u017c webmastera Blogu Reunion&#8217;68, chyba ze jest to wyra\u017anie zaznaczone.<br \/>\nTwoje uwagi, linki, w\u0142asne artyku\u0142y lub wiadomo\u015bci prze\u015blij na adres:<br \/>\n<\/em><span style=\"color: #000080;\"><strong><em><a style=\"color: #000080;\" href=\"mailto:webmaster@reunion68.com\"><span style=\"text-decoration: underline;\">webmaster@reunion68.com<\/span><\/a><\/em><\/strong><\/span><\/p>\n<\/div>\n<\/div>\n<\/div>\n<hr style=\"width: 100%;\">\n","protected":false},"excerpt":{"rendered":"<p>Ameryka\u0144ski Sekretarz Stanu Marco Rubio podczas konferencji prasowej w Jerozolimie 16 lutego 2025. Photo by Alex Kolomoisky\/POOL via Flash90.&nbsp; Trump i Rubio odrzucaj\u0105 narracj\u0119 o palesty\u0144skim cierpieniu Jonathan S. Tobin Zapomnijmy o farsie w sprawie pa\u0144stwowo\u015bci na forum ONZ. Palesty\u0144ska administracja, kt\u00f3ra dotuje terroryzm, oraz spo\u0142ecze\u0144stwo indoktrynowane islamistyczn\u0105 nienawi\u015bci\u0105 nie powinny by\u0107 wpuszczane do Stan\u00f3w [&hellip;]<\/p>\n","protected":false},"author":1,"featured_media":0,"comment_status":"closed","ping_status":"closed","sticky":false,"template":"","format":"standard","meta":[],"categories":[6],"tags":[33,24],"_links":{"self":[{"href":"https:\/\/www.reunion68.se\/index.php?rest_route=\/wp\/v2\/posts\/124015"}],"collection":[{"href":"https:\/\/www.reunion68.se\/index.php?rest_route=\/wp\/v2\/posts"}],"about":[{"href":"https:\/\/www.reunion68.se\/index.php?rest_route=\/wp\/v2\/types\/post"}],"author":[{"embeddable":true,"href":"https:\/\/www.reunion68.se\/index.php?rest_route=\/wp\/v2\/users\/1"}],"replies":[{"embeddable":true,"href":"https:\/\/www.reunion68.se\/index.php?rest_route=%2Fwp%2Fv2%2Fcomments&post=124015"}],"version-history":[{"count":8,"href":"https:\/\/www.reunion68.se\/index.php?rest_route=\/wp\/v2\/posts\/124015\/revisions"}],"predecessor-version":[{"id":124029,"href":"https:\/\/www.reunion68.se\/index.php?rest_route=\/wp\/v2\/posts\/124015\/revisions\/124029"}],"wp:attachment":[{"href":"https:\/\/www.reunion68.se\/index.php?rest_route=%2Fwp%2Fv2%2Fmedia&parent=124015"}],"wp:term":[{"taxonomy":"category","embeddable":true,"href":"https:\/\/www.reunion68.se\/index.php?rest_route=%2Fwp%2Fv2%2Fcategories&post=124015"},{"taxonomy":"post_tag","embeddable":true,"href":"https:\/\/www.reunion68.se\/index.php?rest_route=%2Fwp%2Fv2%2Ftags&post=124015"}],"curies":[{"name":"wp","href":"https:\/\/api.w.org\/{rel}","templated":true}]}}