{"id":124052,"date":"2025-09-08T17:05:00","date_gmt":"2025-09-08T15:05:00","guid":{"rendered":"https:\/\/www.reunion68.se\/?p=124052"},"modified":"2025-09-08T08:20:48","modified_gmt":"2025-09-08T06:20:48","slug":"09-05-120","status":"publish","type":"post","link":"https:\/\/www.reunion68.se\/?p=124052","title":{"rendered":"Izraelski S\u0105d Najwy\u017cszy rozstrzygn\u0105\u0142, czy rz\u0105d g\u0142odzi palesty\u0144skich wi\u0119\u017ani\u00f3w. &#8220;Powa\u017cne w\u0105tpliwo\u015bci&#8221;"},"content":{"rendered":"<hr \/>\n<h3 style=\"text-align: center;\"><a href=\"https:\/\/wyborcza.pl\/\" target=\"_blank\" rel=\"noopener noreferrer\"><img decoding=\"async\" class=\"center alignleft\" src=\"http:\/\/www.reunion68.com\/Biuletyn\/img\/wyborcza.png\" alt=\"\" width=\"35%\" \/><\/a><span style=\"text-decoration: underline; color: #000080;\"><strong><a style=\"color: #000080; text-decoration: underline;\" href=\"https:\/\/wyborcza.pl\/7,75399,32232759,izraelski-sad-najwyzszy-rozstrzygnal-czy-rzad-glodzi-palestynskich.html#s=S.index-K.C-B.1-L.1.duzy\" target=\"_blank\" rel=\"noopener noreferrer\">Izraelski S\u0105d Najwy\u017cszy rozstrzygn\u0105\u0142, czy rz\u0105d g\u0142odzi palesty\u0144skich wi\u0119\u017ani\u00f3w. &#8220;Powa\u017cne w\u0105tpliwo\u015bci&#8221;<\/a><\/strong><\/span><\/h3>\n<p style=\"text-align: center;\"><span style=\"color: #000000;\"><strong>Micha\u0142 Kokot<\/strong><\/span><\/p>\n<hr style=\"height: 15px; background: #d0e6fa; width: 100%;\" \/>\n<p style=\"text-align: center;\"><img decoding=\"async\" class=\"aligncenter\" src=\"https:\/\/bi.im-g.pl\/im\/6e\/bd\/1e\/z32232814AMP,Protestujacy-zadaja-od-gabinetu-Netanjahu-uwolnien.jpg\" width=\"100%\" \/><span style=\"color: #808080;\"><em>Protestuj\u0105cy \u017c\u0105daj\u0105 od gabinetu Netanjahu uwolnienia izraaelskich wi\u0119\u017ani\u00f3w. Jerozolima, 6.09.2025. (Fot. REUTERS\/Aviv Atlas)<\/em><\/span><\/p>\n<div class=\"text--lead \" data-progress-bar-content=\"\"><strong><span style=\"color: #000080;\">Wubieg\u0142ym roku minister bezpiecze\u0144stwa obni\u017cy\u0142 warunki dla przetrzymywanych wi\u0119\u017ani\u00f3w do &#8220;absolutnego minimum&#8221;.<\/span><\/strong><\/div>\n<div class=\"article--underlead\"><\/div>\n<div class=\"article--content article--content-free  \" style=\"text-align: left;\">\n<p class=\"text--paragraph\"><span style=\"color: #000080;\">Wyrok, kt\u00f3ry w niedziel\u0119 (7.09) wyda\u0142 S\u0105d Najwy\u017cszy, dotyczy\u0142 pozwu, jaki wnios\u0142o Stowarzyszenie na Rzecz Praw Cz\u0142owieka w Izraelu (ACRI). Organizacja twierdzi, \u017ce po wybuchu wojny w Gazie Izrael obni\u017cy\u0142 standardy \u017cywieniowe w wi\u0119zieniach, co w skrajnych przypadkach prowadzi\u0142o do \u015bmierci g\u0142odowych przetrzymywanych tam wi\u0119\u017ani\u00f3w palesty\u0144skich.<\/span><\/p>\n<p class=\"text--paragraph\"><span style=\"color: #000080;\">W tej chwili w izraelskich wi\u0119zieniach osadzonych jest ok. 9 tys. Palesty\u0144czyk\u00f3w, w tym kobiet i dzieci. Wed\u0142ug organizacji pozarz\u0105dowych s\u0105 w systemowy spos\u00f3b upokarzani i g\u0142odzeni.<\/span><\/p>\n<h4 class=\"text--title font-head-700\"><strong>S\u0105d w Izraelu: &#8220;powa\u017cne w\u0105tpliwo\u015bci&#8221;, czy wi\u0119\u017aniowie s\u0105 odpowiednio \u017cywieni<\/strong><\/h4>\n<p class=\"text--paragraph\"><span style=\"color: #000080;\">S\u0105d Najwy\u017cszy zobligowa\u0142 izraelski rz\u0105d do poprawy jako\u015bci \u017cywienia, kt\u00f3ra zapewni im \u201epodstawowy poziomu egzystencji&#8221;.<\/span><\/p>\n<p class=\"text--paragraph\"><span style=\"color: #000080;\">S\u0119dziowie w wydanym wyroku stwierdzili, \u017ce istniej\u0105 przes\u0142anki \u201ewskazuj\u0105ce, \u017ce obecne wy\u017cywienie wi\u0119\u017ani\u00f3w nie jest w dostatecznym stopniu zgodne z normami prawnymi&#8221;. A tak\u017ce, \u017ce maj\u0105 \u201epowa\u017cne w\u0105tpliwo\u015bci&#8221; co do tego, czy wi\u0119\u017aniowie maj\u0105 zagwarantowany odpowiedni poziom wy\u017cywienia.<\/span><\/p>\n<p class=\"text--paragraph\"><span style=\"color: #000080;\">ACRI wezwa\u0142a rz\u0105d do natychmiastowego wcielenia wyroku w \u017cycie. Stwierdzi\u0142a, \u017ce \u201eizraelskie wi\u0119zienia zamieni\u0142y si\u0119 w obozy tortur&#8221;.<\/span><\/p>\n<blockquote class=\"text--quote font-quotation-500\"><p><strong>Pa\u0144stwo nie powinno g\u0142odzi\u0107 ludzi, niezale\u017cenie od tego, co zrobili<\/strong><\/p><\/blockquote>\n<p class=\"text--paragraph\"><span style=\"color: #000080;\">&#8211; napisa\u0142a organizacja w o\u015bwiadczeniu. Przypomnijmy, \u017ce w marcu tego roku z niedo\u017cywienia w wi\u0119zieniu umar\u0142 17-letni Palesty\u0144czyk. Wed\u0142ug izraelskiej organizacji\u00a0pozarz\u0105dowej B&#8217;Tselem tylko w pierwszym roku wojny w izraelskich wi\u0119zieniach umar\u0142o co najmniej 60 os\u00f3b.<\/span><\/p>\n<\/div>\n<h4 class=\"text--title font-head-700\"><strong>Rz\u0105d Izraela o wyroku s\u0105du. &#8220;Ha\u0144bi naszych \u017co\u0142nierzy&#8221;<\/strong><\/h4>\n<p class=\"text--paragraph\"><span style=\"color: #000080;\">Minister bezpiecze\u0144stwa Itamar Ben-Gvir okre\u015bli\u0142 wyrok s\u0105du jako \u201eha\u0144bi\u0105cy&#8221; izraelskich \u017co\u0142nierzy. Wed\u0142ug niego s\u0119dziowie broni\u0105 bojownik\u00f3w Hamasu, podczas gdy nie ma \u017cadnej instytucji, kt\u00f3ra mog\u0142aby pom\u00f3c zak\u0142adnikom przetrzymywanym w Strefie Gazy przez Hamas. Zapowiedzia\u0142, \u017ce polityki \u201eminimalnych warunk\u00f3w w wi\u0119zieniach&#8221;, kt\u00f3rej wprowadzeniem chwali\u0142 si\u0119 jeszcze w ubieg\u0142ym roku, nie b\u0119dzie zmienia\u0142.<\/span><\/p>\n<p class=\"text--paragraph\"><span style=\"color: #000080;\">Ben-Gvir jest przyw\u00f3dc\u0105 jednej z niewielkich skrajnie prawicowych partii, od kt\u00f3rych zale\u017cy los Benjamina Netanjahu jako premiera Izraela. I to one sprzeciwiaj\u0105 si\u0119 najbardziej wprowadzeniu zawieszenia broni w Strefie Gazy.<\/span><\/p>\n<h4 class=\"text--title font-head-700\"><strong>Trump naciska na zawarcie pokoju w Strefie Gazy<\/strong><\/h4>\n<p class=\"text--paragraph\"><span style=\"color: #000080;\">W niedziel\u0119 Donald Trump napisa\u0142 na swojej platformie spo\u0142eczno\u015bciowej Truth Social, \u017ce izraelski rz\u0105d mia\u0142 zaakceptowa\u0107 (bli\u017cej nieznane) warunki rozejmu w Strefie Gazy, jakie przedstawi\u0142 prezydent USA. Wezwa\u0142 r\u00f3wnie\u017c Hamas do zrobienia kroku w stron\u0119 zwolnienia zak\u0142adnik\u00f3w, stwierdzaj\u0105c, \u017ce to jego \u201eostatnie ostrze\u017cenie&#8221;. Organizacja odpowiedzia\u0142a, \u017ce jest gotowa natychmiast si\u0105\u015b\u0107 do sto\u0142u rokowa\u0144, by om\u00f3wi\u0107 uwolnienie wszystkich zak\u0142adnik\u00f3w \u201ew zamian za o\u015bwiadczenie o zako\u0144czeniu wojny, ca\u0142kowite wycofanie si\u0119 ze Strefy Gazy i utworzenie komitetu niezale\u017cnych Palesty\u0144czyk\u00f3w do zarz\u0105dzania Stref\u0105 Gazy&#8221;.<\/span><\/p>\n<p class=\"text--paragraph\"><span style=\"color: #000080;\">Wcze\u015bniej Netanjahu odrzuca\u0142 tak\u0105 mo\u017cliwo\u015b\u0107, zapowiadaj\u0105c przej\u0119cie kontroli nad ca\u0142\u0105 Stref\u0105 Gazy. Od Hamasu domaga\u0142 si\u0119 bezwzgl\u0119dnej kapitulacji.<\/span><\/p>\n<p class=\"text--paragraph\"><span style=\"color: #000080;\">Przed trzema dniami izraelskie media obieg\u0142y zdj\u0119cia jednego z przetrzymywanych zak\u0142adnik\u00f3w, kt\u00f3ry by\u0142 wieziony w samochodzie pomi\u0119dzy zniszczonymi budynkami w Strefie Gazy. Na filmie wzywa\u0142 rz\u0105d Netanjahu do tego, by cofn\u0105\u0142 sw\u00f3j rozkaz w sprawie inwazji na miasto Gaza. Film powsta\u0142 pod koniec sierpnia, a przemawiaj\u0105cy na nim zak\u0142adnik zosta\u0142 zidentyfikowany jako 22-letni Izraelczyk, kt\u00f3ry zosta\u0142 porwany przed trzema laty, posiadaj\u0105cy izraelski i niemiecki paszport.<\/span><\/p>\n<h4 class=\"text--title font-head-700\"><strong>Izrael nadal bombarduje Stref\u0119 Gazy<\/strong><\/h4>\n<p class=\"text--paragraph\"><span style=\"color: #000080;\">Izrael zbombardowa\u0142 i zniszczy\u0142 w niedziel\u0119 kolejny wie\u017cowiec, w kt\u00f3rym \u2013 jak utrzymuje izraelska armia \u2013 dzia\u0142ali terrory\u015bci Hamasu, szpieguj\u0105 stamt\u0105d izraelskich \u017co\u0142nierzy. W pobli\u017cu mieli zastawi\u0107 pu\u0142apki z minami. Wiadomo\u015bci tych nie da si\u0119 niezale\u017cnie zweryfikowa\u0107, a Izraelskie Si\u0142y Obronne nie przedstawi\u0142y dowod\u00f3w na potwierdzenie tej tezy.<\/span><\/p>\n<p class=\"text--paragraph\"><span style=\"color: #000080;\">Od pocz\u0105tku inwazji w Strefie Gazy zgin\u0119\u0142o ju\u017c ponad 63 tys. Palesty\u0144czyk\u00f3w. Hamas w pa\u017adzierniku 2023 r. zabi\u0142 1,2 tys. Izraelczyk\u00f3w i porwa\u0142 ponad 200 os\u00f3b. Kilkadziesi\u0105t z nich wci\u0105\u017c znajduje si\u0119 w niewoli Hamasu.<\/span><\/p>\n<hr \/>\n<p><span style=\"color: #808080;\"><i>Redagowa\u0142 <strong>Micha\u0142 Olszewski<\/strong><\/i><\/span><\/p>\n<hr style=\"height: 15px; background: #d0e6fa; width: 100%;\" \/>\n<div id=\"content\" class=\"content-alignment\">\n<div id=\"watch-description\" class=\"yt-uix-button-panel\">\n<div id=\"watch-description-text\" style=\"text-align: center;\">\n<p><em>Zawarto\u015b\u0107 publikowanych artyku\u0142\u00f3w i materia\u0142\u00f3w nie reprezentuje pogl\u0105d\u00f3w ani opinii Reunion&#8217;68,<\/em><em><br \/>\nani te\u017c webmastera Blogu Reunion&#8217;68, chyba ze jest to wyra\u017anie zaznaczone.<br \/>\nTwoje uwagi, linki, w\u0142asne artyku\u0142y lub wiadomo\u015bci prze\u015blij na adres:<br \/>\n<\/em><span style=\"color: #000080;\"><strong><em><a style=\"color: #000080;\" href=\"mailto:webmaster@reunion68.com\"><span style=\"text-decoration: underline;\">webmaster@reunion68.com<\/span><\/a><\/em><\/strong><\/span><\/p>\n<\/div>\n<\/div>\n<\/div>\n<hr style=\"width: 100%;\" \/>\n","protected":false},"excerpt":{"rendered":"<p>Izraelski S\u0105d Najwy\u017cszy rozstrzygn\u0105\u0142, czy rz\u0105d g\u0142odzi palesty\u0144skich wi\u0119\u017ani\u00f3w. &#8220;Powa\u017cne w\u0105tpliwo\u015bci&#8221; Micha\u0142 Kokot Protestuj\u0105cy \u017c\u0105daj\u0105 od gabinetu Netanjahu uwolnienia izraaelskich wi\u0119\u017ani\u00f3w. Jerozolima, 6.09.2025. (Fot. REUTERS\/Aviv Atlas) Wubieg\u0142ym roku minister bezpiecze\u0144stwa obni\u017cy\u0142 warunki dla przetrzymywanych wi\u0119\u017ani\u00f3w do &#8220;absolutnego minimum&#8221;. Wyrok, kt\u00f3ry w niedziel\u0119 (7.09) wyda\u0142 S\u0105d Najwy\u017cszy, dotyczy\u0142 pozwu, jaki wnios\u0142o Stowarzyszenie na Rzecz Praw Cz\u0142owieka [&hellip;]<\/p>\n","protected":false},"author":1,"featured_media":0,"comment_status":"closed","ping_status":"closed","sticky":false,"template":"","format":"standard","meta":[],"categories":[6],"tags":[33,24],"_links":{"self":[{"href":"https:\/\/www.reunion68.se\/index.php?rest_route=\/wp\/v2\/posts\/124052"}],"collection":[{"href":"https:\/\/www.reunion68.se\/index.php?rest_route=\/wp\/v2\/posts"}],"about":[{"href":"https:\/\/www.reunion68.se\/index.php?rest_route=\/wp\/v2\/types\/post"}],"author":[{"embeddable":true,"href":"https:\/\/www.reunion68.se\/index.php?rest_route=\/wp\/v2\/users\/1"}],"replies":[{"embeddable":true,"href":"https:\/\/www.reunion68.se\/index.php?rest_route=%2Fwp%2Fv2%2Fcomments&post=124052"}],"version-history":[{"count":6,"href":"https:\/\/www.reunion68.se\/index.php?rest_route=\/wp\/v2\/posts\/124052\/revisions"}],"predecessor-version":[{"id":124069,"href":"https:\/\/www.reunion68.se\/index.php?rest_route=\/wp\/v2\/posts\/124052\/revisions\/124069"}],"wp:attachment":[{"href":"https:\/\/www.reunion68.se\/index.php?rest_route=%2Fwp%2Fv2%2Fmedia&parent=124052"}],"wp:term":[{"taxonomy":"category","embeddable":true,"href":"https:\/\/www.reunion68.se\/index.php?rest_route=%2Fwp%2Fv2%2Fcategories&post=124052"},{"taxonomy":"post_tag","embeddable":true,"href":"https:\/\/www.reunion68.se\/index.php?rest_route=%2Fwp%2Fv2%2Ftags&post=124052"}],"curies":[{"name":"wp","href":"https:\/\/api.w.org\/{rel}","templated":true}]}}