{"id":124075,"date":"2025-09-09T17:09:00","date_gmt":"2025-09-09T15:09:00","guid":{"rendered":"https:\/\/www.reunion68.se\/?p=124075"},"modified":"2025-09-09T08:55:58","modified_gmt":"2025-09-09T06:55:58","slug":"10-09-108","status":"publish","type":"post","link":"https:\/\/www.reunion68.se\/?p=124075","title":{"rendered":"Antysemicki incydent na &#8220;Ginczance&#8221;. Gdy trwa\u0142 spektakl, kto\u015b krzykn\u0105\u0142: &#8220;J&#8230;\u0107 \u017byd\u00f3w&#8221;"},"content":{"rendered":"<p style=\"text-align: center;\"><img decoding=\"async\" class=\"aligncenter\" src=\"https:\/\/bi.im-g.pl\/im\/a1\/8b\/18\/z25739169AMP,Ginczanka--Przepis-na-prostote-zycia--Na-zdjeciu-A.jpg\" width=\"100%\"><span style=\"color: #808080;\"><em>Ginczanka. Przepis na prostot\u0119 \u017cycia. Na zdj\u0119ciu Agnieszka Przepi\u00f3rska (Fot. Jakub Porzycki \/ Agencja Wyborcza.pl)<\/em><\/span><\/p>\n<hr>\n<h3 style=\"text-align: center;\"><a href=\"https:\/\/kielce.wyborcza.pl\/\" target=\"_blank\" rel=\"noopener noreferrer\"><img decoding=\"async\" class=\"center alignleft\" src=\"http:\/\/www.reunion68.com\/Biuletyn\/img\/wyborcza.png\" alt=\"\" width=\"35%\"><\/a><span style=\"text-decoration: underline; color: #000080;\"><span><strong><a style=\"color: #000080; text-decoration: underline;\" href=\"https:\/\/kielce.wyborcza.pl\/kielce\/7,47262,32234634,antysemicki-incydent-na-ginczance-balam-sie-chcialam-im.html\" target=\"_blank\" rel=\"noopener noreferrer\">Antysemicki incydent na &#8220;Ginczance&#8221;. Gdy trwa\u0142 spektakl, kto\u015b krzykn\u0105\u0142: &#8220;J&#8230;\u0107 \u017byd\u00f3w&#8221;<\/a><\/strong><\/span><\/span><\/h3>\n<p style=\"text-align: center;\"><span style=\"color: #000000;\"><strong>Grzegorz Walczak<\/strong><\/span><\/p>\n<hr style=\"height: 15px; background: #d0e6fa; width: 100%;\">\n<p><span style=\"color: #000080;\">&#8220;Dostrzega\u0142am tylko cienie, ale chcia\u0142am da\u0107 wyraz temu, \u017ce nie dam si\u0119 zastraszy\u0107. \u017be teatr nie ucieka. \u017be strach nie mo\u017ce by\u0107 zgod\u0105 na zaw\u0142aszczanie przestrzeni&#8221; &#8211; napisa\u0142a aktorka Agnieszka Przepi\u00f3rska. Gdy w centrum Kielc odgrywa\u0142a rol\u0119 Ginczanki, us\u0142ysza\u0142a: &#8220;J&#8230;\u0107 \u017byd\u00f3w!&#8221;.<\/span><\/p>\n<p><span style=\"color: #000080;\">&#8211; Jest mi wstyd za to, do czego dosz\u0142o. Cho\u0107 nie mam przecie\u017c wp\u0142ywu na to, co kto\u015b wykrzyczy, to jednak uczucie wstydu jako\u015b mi towarzyszy &#8211; przyznaje Anna \u017bmudzi\u0144ska, dyrektorka Miejskiej Biblioteki Publicznej im. Jerzego Pilcha w Kielcach, kt\u00f3re by\u0142o wsp\u00f3\u0142organizatorem V Festiwalu Herlinga Grudzi\u0144skiego. &#8211; Podczas \u015bwi\u0119ta literatury, w mie\u015bcie pogromu \u017cydowskiego, wydarzy\u0142o si\u0119 co\u015b absolutnie nieakceptowalnego. Co\u015b, co wybrzmia\u0142o strasznie. Co\u015b, na co absolutnie nie ma zgody organizator\u00f3w.<\/span><\/p>\n<h4 class=\"text--title font-head-700\"><strong>Agnieszka Przepi\u00f3rska: Sparali\u017cowa\u0142o mnie&nbsp;poczucie bezbronno\u015bci<\/strong><\/h4>\n<p class=\"text--paragraph\"><span style=\"color: #000080;\">\u201eGinczanka. Przepis na prostot\u0119 \u017cycia&#8221; to monodram, kt\u00f3ry&nbsp;opowiada o nie\u0142atwym \u017cyciu i tw\u00f3rczo\u015bci Zuzanny Gincburg znanej jako Zuzanna Ginczanka. To historia m\u0142odej, utalentowanej poetki \u017cydowskiego pochodzenia, kt\u00f3r\u0105 dotyka antysemityzm i wojna. W jej posta\u0107 w sobot\u0119 wieczorem, na g\u0142\u00f3wnej festiwalowej scenie na Placu Artyst\u00f3w w centrum Kielc, wcieli\u0142a si\u0119 aktorka Agnieszka Przepi\u00f3rska, kt\u00f3ra nazywana jest mistrzyni\u0105 monodramu &#8211;&nbsp;potrafi sama wype\u0142ni\u0107 scen\u0119, nie oszcz\u0119dza si\u0119 w emocjach.&nbsp;<\/span><\/p>\n<p class=\"text--paragraph\"><span style=\"color: #000080;\">To, z jak\u0105 reakcj\u0119 spotka\u0142 si\u0119 wystawiony w Kielcach&nbsp;spektakl, Agnieszka Przepi\u00f3rska zrelacjonowa\u0142a w mediach spo\u0142eczno\u015bciowych. Napisa\u0142a, \u017ce mi\u0119dzy drug\u0105 a trzeci\u0105 cz\u0119\u015bci\u0105 zauwa\u017cy\u0142a grupk\u0119 m\u0142odych ch\u0142opak\u00f3w stoj\u0105cych za widowni\u0105. I \u017ce nagle rozleg\u0142 si\u0119 krzyk: &#8220;J&#8230;\u0107 \u017byd\u00f3w&#8221;.&nbsp;<\/span><\/p>\n<p class=\"text--paragraph\"><span style=\"color: #000080;\">&#8220;W tamtym miejscu, w tamtym momencie, zabrzmia\u0142o to, jak p\u0119kni\u0119cie czasoprzestrzeni. Jakby echo przesz\u0142o\u015bci przebi\u0142o si\u0119 do tera\u017aniejszo\u015bci i zmrozi\u0142o wszystkich s\u0142uchaj\u0105cych&#8221; &#8211; opisywa\u0142a Przepi\u00f3rska.<\/span><\/p>\n<blockquote class=\"text--quote font-quotation-500\"><p><strong>Mnie \u2013 jako aktork\u0119, kobiet\u0119, cz\u0142owieka \u2013 sparali\u017cowa\u0142o poczucie bezbronno\u015bci.<\/strong><\/p><\/blockquote>\n<p class=\"text--paragraph\"><span style=\"color: #000080;\">&#8211; opowiada\u0142a o tamtych emocjach.<\/span><\/p>\n<p class=\"text--paragraph\"><span style=\"color: #000080;\">Zwraca\u0142a uwag\u0119 na symboliczne zderzenie: na scenie wciela\u0142a si\u0119 w Zuzann\u0119, kt\u00f3ra &#8220;ca\u0142e doros\u0142e \u017cycie do\u015bwiadcza\u0142a wykluczenia&#8221;, a teraz wykluczenie &#8220;sta\u0142o si\u0119 realnym do\u015bwiadczeniem tu i teraz&#8221;.<\/span><\/p>\n<h4 class=\"text--title font-head-700\"><strong>&#8220;Pami\u0119tamy!&#8221;. G\u0142os zemsty, pe\u0142en mrocznej energii.&nbsp;<\/strong><\/h4>\n<p class=\"text--paragraph\"><span style=\"color: #000080;\">Przyzna\u0142a, \u017ce czu\u0142a strach, ale i odwag\u0119. Zgodnie z planem zdecydowa\u0142a si\u0119 zej\u015b\u0107 w stron\u0119 publiczno\u015bci.&nbsp;<\/span><\/p>\n<p class=\"text--paragraph\"><span style=\"color: #000080;\">&#8220;Ba\u0142am si\u0119. W g\u0142owie przelecia\u0142o mi kilka scenariuszy: co je\u015bli p\u00f3jd\u0105 krok dalej? Mam w pami\u0119ci tragedi\u0119 Paw\u0142a Adamowicza w Gda\u0144sku. A jednak, gdy przysz\u0142a scena zej\u015bcia do widowni, zdecydowa\u0142am, \u017ce podejd\u0119 w\u0142a\u015bnie w stron\u0119 tej grupki. Chcia\u0142am im spojrze\u0107 prosto w oczy. W ciemno\u015bci jeszcze o\u015blepiona reflektorami ze sceny. Dostrzega\u0142am tylko cienie, ale chcia\u0142am da\u0107 wyraz temu, \u017ce nie dam si\u0119 zastraszy\u0107. \u017be teatr nie ucieka. \u017be strach nie mo\u017ce by\u0107 zgod\u0105 na zaw\u0142aszczanie przestrzeni&#8221; &#8211; napisa\u0142a Przepi\u00f3rska.<\/span><\/p>\n<p class=\"text--paragraph\"><span style=\"color: #000080;\">I relacjonowa\u0142a dalej:<\/span><\/p>\n<blockquote class=\"text--quote font-quotation-500\"><p><strong>Na koniec spektaklu, gdy prosz\u0119 widz\u00f3w, by zapami\u0119tali numer buta Ginczanki \u2013 38 \u2013 z ty\u0142u rozleg\u0142 si\u0119 kolejny krzyk: \u00bbPami\u0119tamy!\u00ab. Ale to nie by\u0142 g\u0142os pami\u0119ci \u2013 to by\u0142 g\u0142os zemsty, pe\u0142en mrocznej energii. Trudno by\u0142o go inaczej odebra\u0107<\/strong><\/p><\/blockquote>\n<p class=\"text--paragraph\"><span style=\"color: #000080;\">Aktorka przyzna\u0142a, \u017ce d\u0142ugo zastanawia\u0142a si\u0119 nad tym, czy w og\u00f3le opisa\u0107 to, co si\u0119 sta\u0142o. Czy nie przemilcze\u0107. &#8220;Ale skoro nie mog\u0119 przesta\u0107 o tym my\u015ble\u0107 i wci\u0105\u017c czuj\u0119 poruszenie, uzna\u0142am, \u017ce powinnam to napisa\u0107 \u2013 bo wydarzy\u0142o si\u0119 co\u015b wa\u017cnego, co\u015b, co odbieram jako ostrze\u017cenie&#8221; &#8211; zwr\u00f3ci\u0142a uwag\u0119. Podkre\u015bli\u0142a, \u017ce nie chodzi jej o wzbudzanie sensacji. &#8220;Pisz\u0119, bo wiem, \u017ce takie momenty trzeba nazywa\u0107. Bo nie mo\u017cemy mie\u0107 zgody na mow\u0119 nienawi\u015bci, na rozlewanie si\u0119 faszyzmu w przestrzeni publicznej. Historia nie znika \u2013 \u017cyje w nas, i od tego, jak na ni\u0105 odpowiemy, zale\u017cy przysz\u0142o\u015b\u0107&#8221; &#8211; zaznaczy\u0142a.<\/span><\/p>\n<p class=\"text--paragraph\"><span style=\"color: #000080;\">Sam festiwal chwali\u0142a, pisz\u0105c, \u017ce organizacja &#8220;by\u0142a wspania\u0142a, pe\u0142na troski i czu\u0142o\u015bci&#8221;. Oceni\u0142a, \u017ce gdy &#8220;teatr wychodzi z mur\u00f3w, wplata si\u0119 w tkank\u0119 architektury i codzienno\u015bci, spotyka przypadkowych przechodni\u00f3w, prowokuje rozmowy&#8221;. I \u017ce wtedy &#8220;mo\u017cemy naprawd\u0119 przygl\u0105da\u0107 si\u0119 sobie nawzajem&#8221;.&nbsp;<\/span><\/p>\n<div class=\"text--embed external--embed\"><iframe loading=\"lazy\" class=\"fb-embed\" src=\"https:\/\/www.facebook.com\/plugins\/post.php?href=https%3A%2F%2Fwww.facebook.com%2Fagnieszkaprzepiorskaaktorka%2Fposts%2Fpfbid0jokmYkEHARvDH5JpUvmNgrfzYpWi88ChFdtG82fmCUCrvQJsdLpR4T6iwyVVUDzyl&amp;width=500&amp;show_text=false&amp;height=786&amp;appId\" width=\"500\" height=\"786\" frameborder=\"0\" scrolling=\"no\" allowfullscreen=\"allowfullscreen\" data-mce-fragment=\"1\"><\/iframe><\/div>\n<p class=\"text--paragraph\"><span style=\"color: #000080;\">Dlatego post napisa\u0142a z mieszanymi uczuciami: &#8220;z wdzi\u0119czno\u015bci\u0105 za pi\u0119kny festiwal i czu\u0142e przyj\u0119cie, i z niezgod\u0105 na nienawi\u015b\u0107, kt\u00f3ra \u2013 je\u015bli nie b\u0119dziemy jej nazywa\u0107 \u2013 znajdzie dla siebie miejsce i g\u0142os&#8221;.<\/span><\/p>\n<h4 class=\"text--title font-head-700\"><strong>Dyrektorka biblioteki:&nbsp;Moja wyobra\u017ania nie si\u0119ga tak daleko, jak si\u0119ga nienawi\u015b\u0107 cz\u0142owieka<\/strong><\/h4>\n<p class=\"text--paragraph\"><span style=\"color: #000080;\">Anna \u017bmudzi\u0144ska przyznaje, \u017ce rozmawia\u0142a z Agnieszk\u0105 Przepi\u00f3rsk\u0105 o tym, co si\u0119 sta\u0142o.&nbsp;<\/span><\/p>\n<div id=\"banC5\"><\/div>\n<div id=\"ads-087-ADBOARD-C-1\" class=\"adviewDFPBanner DFP-087-ADBOARD-C activeBan\" style=\"text-align: left;\" data-ads-slot=\"087-ADBOARD-C\" data-google-query-id=\"CMCew5-Ly48DFY0bogMdjyIB8Q\">\n<blockquote class=\"text--quote font-quotation-500\"><p><strong>&#8211; Przeprosi\u0142am j\u0105 za ten incydent &#8211; m\u00f3wi. &#8211; Nie ma co milcze\u0107. Tak\u0105 s\u0142own\u0105 agresj\u0119 trzeba pi\u0119tnowa\u0107. To dobrze, \u017ce Agnieszka opowiedzia\u0142a t\u0119 histori\u0119. Nawet je\u015bli to incydent, kt\u00f3ry bezpo\u015brednio nas dotyka.<\/strong><\/p><\/blockquote>\n<p class=\"text--paragraph\"><span style=\"color: #000080;\">Opowiada, \u017ce obra\u017aliwy okrzyk pad\u0142 do\u015b\u0107 daleko od sceny, spoza widowni, ale by\u0142 s\u0142yszalny. &#8211; To by\u0142o na pocz\u0105tku Placu Artyst\u00f3w. Sobota wiecz\u00f3r, grupa m\u0142odych ludzi, pe\u0142nych agresji i nienawi\u015bci, wykrzycza\u0142a, co wykrzycza\u0142a. S\u0142u\u017cby porz\u0105dkowe festiwalu od razu zareagowa\u0142y, stanowczo zwr\u00f3ci\u0142y im uwag\u0119. Ci m\u0142odzi ludzie oddalili si\u0119. Nie wzywali\u015bmy w zwi\u0105zku z tym policji &#8211; relacjonuje Anna \u017bmudzi\u0144ska.<\/span><\/p>\n<p class=\"text--paragraph\"><span style=\"color: #000080;\">&#8211; Agnieszka wysz\u0142a mi\u0119dzy publiczno\u015b\u0107, przeszy\u0142a wzrokiem tych m\u0142odych ch\u0142opak\u00f3w, nie przerywa\u0142a swojego monodramu. Zachowa\u0142a si\u0119 wspaniale. To wielka artystka, wielka gwiazda &#8211; zachwala dyrektorka.<\/span><\/p>\n<p class=\"text--paragraph\"><span style=\"color: #000080;\">&#8211; Czy historia \u017cydowskiej poetki jest dzi\u015b niebezpieczna do publicznego przedstawienia? &#8211; pytam.<\/span><\/p>\n<p class=\"text--paragraph\"><span style=\"color: #000080;\">&#8211; Czytam ksi\u0105\u017cki. Mam wyobra\u017ani\u0119. I moja wyobra\u017ania nie si\u0119ga tak daleko, jak si\u0119ga nienawi\u015b\u0107 cz\u0142owieka do drugiego cz\u0142owieka &#8211; opowiada Anna \u017bmudzi\u0144ska. &#8211; Mo\u017ce to infantylne, co powiem, ale je\u015bli ludzie czytaj\u0105 ksi\u0105\u017cki, to maj\u0105 w\u0142asne zdanie. Trudniej jest nimi sterowa\u0107. Warto uczestniczy\u0107 w wydarzeniach kulturalnych, przebywa\u0107 w\u015br\u00f3d ludzi, ale te\u017c pokazywa\u0107, \u017ce na nienawi\u015b\u0107 i agresj\u0119 nie ma naszej zgody.<\/span><\/p>\n<p class=\"text--paragraph\"><span style=\"color: #000080;\">M\u00f3wi, \u017ce chcia\u0142aby, aby historia z festiwalu &#8220;czego\u015b nas nauczy\u0142a&#8221;. &#8211; Ale czy tak b\u0119dzie? Nie jestem przekonana. Pe\u0142no jest hejtu, nienawi\u015bci, agresji. Z drugiej strony: nie mo\u017cemy by\u0107 oboj\u0119tni &#8211; zauwa\u017ca.<\/span><\/p>\n<h4 class=\"text--title font-head-700\"><strong>Dzi\u0119kuje Agnieszka Holland, wspiera Sylwia Chutnik<\/strong><\/h4>\n<p class=\"text--paragraph\"><span style=\"color: #000080;\">Wpis Agnieszki Przepi\u00f3rskiej spotka\u0142 si\u0119 z wieloma komentarzami.&nbsp;<\/span><\/p>\n<p class=\"text--paragraph\"><span style=\"color: #000080;\">Jeden z nich: &#8220;By\u0142am, wstydzi\u0142am si\u0119, wspar\u0142am. Wr\u00f3ci\u0142am do domu i porozmawia\u0142am o tej sytuacji z synem. On siad\u0142 do pianina i za\u015bpiewali\u015bmy razem \u00bbImagine\u00ab. Bardzo ch\u0119tnie spojrza\u0142abym w oczy matkom tych ch\u0142opc\u00f3w i spyta\u0142a, czemu wychowuj\u0105 ludzi, kt\u00f3rzy nienawidz\u0105\u2026&#8221;.<\/span><\/p>\n<p class=\"text--paragraph\"><span style=\"color: #000080;\">Kolejny: &#8220;Tak, ja te\u017c s\u0142ysza\u0142am pierwszy okrzyk, podsk\u00f3rnie czeka\u0142am czy nie nast\u0105pi atak niewerbalny. Przez kolejne 15 minut obmy\u015bla\u0142am plan obywatelskiego zatrzymania. My\u015bla\u0142am sobie: nas jest wi\u0119cej, ale czy zd\u0105\u017cymy obroni\u0107 t\u0119 dziewczyn\u0119, na kt\u00f3rej si\u0119 skupi ta twardog\u0142owa, bezmy\u015blna z\u0142o\u015b\u0107? Potem mia\u0142am wra\u017cenie, \u017ce chuligani poszli za scen\u0119 i pr\u00f3bowali zag\u0142usza\u0107 spektakl muzyk\u0105 disco (sprawdzi\u0142am, za scen\u0105 nikogo nie by\u0142o, nie znalaz\u0142am \u017ar\u00f3d\u0142a muzyki, ale zdaje si\u0119, \u017ce to po prostu miasto i sobotni wiecz\u00f3r przebija\u0142o?). Nie s\u0105dz\u0119, \u017ceby to by\u0142a zorganizowana akcja, raczej my\u015bl\u0119, \u017ce mo\u017ce Ginczanka \u00bbzaw\u0142aszczy\u0142a\u00ab przestrze\u0144 chuligan\u00f3w?&#8221;.<\/span><\/p>\n<p><span style=\"color: #000080;\">Za wpis Agnieszki Przepi\u00f3rskiej podzi\u0119kowa\u0142a Agnieszka Holland.<\/span><\/p>\n<p class=\"text--paragraph\"><span style=\"color: #000080;\">Tak samo pisarka Sylwia Chutnik, kt\u00f3ra by\u0142a go\u015bcini\u0105 kieleckiego festiwalu: &#8220;Jeste\u015b bardzo dzielna: w tym, jakie tematy podejmujesz, gdzie i w jaki spos\u00f3b. To, \u017ce zesz\u0142a\u015b ze sceny do tej grupy os\u00f3b, uwa\u017cam za gest odwagi nie tylko jako aktorki, ale i cz\u0142owieka. Dzi\u0119kuj\u0119 Ci za wszystko. I przykro mi, \u017ce musia\u0142a\u015b si\u0119 z tym zmierzy\u0107. A Festiwal Herlinga-Grudzi\u0144skiego \u015bwietny i ludzie organizuj\u0105cy go r\u00f3wnie\u017c&#8221;.&nbsp;<\/span><\/p>\n<p class=\"text--paragraph\"><span style=\"color: #000080;\">Dziennikarka i filozofka Katarzyna Kasia: &#8220;Dzi\u0119kuj\u0119, \u017ce to opisa\u0142a\u015b, ale jeszcze bardziej dzi\u0119kuj\u0119 Ci za \u00bbGinczank\u0119\u00bb i za wszystko, co robisz, za Tw\u00f3j teatr, odwag\u0119 i opiek\u0119 nad pami\u0119ci\u0105&#8221;.<\/span><\/p>\n<hr>\n<p class=\"text--paragraph\"><span style=\"color: #808080;\"><i>Redagowa\u0142 <strong>Bart\u0142omiej Derdzikowski<\/strong><\/i><\/span><\/p>\n<\/div>\n<hr style=\"height: 15px; background: #d0e6fa; width: 100%;\">\n<div id=\"content\" class=\"content-alignment\">\n<div id=\"watch-description\" class=\"yt-uix-button-panel\">\n<div id=\"watch-description-text\" style=\"text-align: center;\">\n<p><em>Zawarto\u015b\u0107 publikowanych artyku\u0142\u00f3w i materia\u0142\u00f3w nie reprezentuje pogl\u0105d\u00f3w ani opinii Reunion&#8217;68,<\/em><em><br \/>\nani te\u017c webmastera Blogu Reunion&#8217;68, chyba ze jest to wyra\u017anie zaznaczone.<br \/>\nTwoje uwagi, linki, w\u0142asne artyku\u0142y lub wiadomo\u015bci prze\u015blij na adres:<br \/>\n<\/em><span style=\"color: #000080;\"><strong><em><a style=\"color: #000080;\" href=\"mailto:webmaster@reunion68.com\"><span style=\"text-decoration: underline;\">webmaster@reunion68.com<\/span><\/a><\/em><\/strong><\/span><\/p>\n<\/div>\n<\/div>\n<\/div>\n<hr style=\"width: 100%;\">\n","protected":false},"excerpt":{"rendered":"<p>Ginczanka. Przepis na prostot\u0119 \u017cycia. Na zdj\u0119ciu Agnieszka Przepi\u00f3rska (Fot. Jakub Porzycki \/ Agencja Wyborcza.pl) Antysemicki incydent na &#8220;Ginczance&#8221;. Gdy trwa\u0142 spektakl, kto\u015b krzykn\u0105\u0142: &#8220;J&#8230;\u0107 \u017byd\u00f3w&#8221; Grzegorz Walczak &#8220;Dostrzega\u0142am tylko cienie, ale chcia\u0142am da\u0107 wyraz temu, \u017ce nie dam si\u0119 zastraszy\u0107. \u017be teatr nie ucieka. \u017be strach nie mo\u017ce by\u0107 zgod\u0105 na zaw\u0142aszczanie przestrzeni&#8221; &#8211; [&hellip;]<\/p>\n","protected":false},"author":1,"featured_media":0,"comment_status":"closed","ping_status":"closed","sticky":false,"template":"","format":"standard","meta":[],"categories":[6],"tags":[33,24],"_links":{"self":[{"href":"https:\/\/www.reunion68.se\/index.php?rest_route=\/wp\/v2\/posts\/124075"}],"collection":[{"href":"https:\/\/www.reunion68.se\/index.php?rest_route=\/wp\/v2\/posts"}],"about":[{"href":"https:\/\/www.reunion68.se\/index.php?rest_route=\/wp\/v2\/types\/post"}],"author":[{"embeddable":true,"href":"https:\/\/www.reunion68.se\/index.php?rest_route=\/wp\/v2\/users\/1"}],"replies":[{"embeddable":true,"href":"https:\/\/www.reunion68.se\/index.php?rest_route=%2Fwp%2Fv2%2Fcomments&post=124075"}],"version-history":[{"count":7,"href":"https:\/\/www.reunion68.se\/index.php?rest_route=\/wp\/v2\/posts\/124075\/revisions"}],"predecessor-version":[{"id":124088,"href":"https:\/\/www.reunion68.se\/index.php?rest_route=\/wp\/v2\/posts\/124075\/revisions\/124088"}],"wp:attachment":[{"href":"https:\/\/www.reunion68.se\/index.php?rest_route=%2Fwp%2Fv2%2Fmedia&parent=124075"}],"wp:term":[{"taxonomy":"category","embeddable":true,"href":"https:\/\/www.reunion68.se\/index.php?rest_route=%2Fwp%2Fv2%2Fcategories&post=124075"},{"taxonomy":"post_tag","embeddable":true,"href":"https:\/\/www.reunion68.se\/index.php?rest_route=%2Fwp%2Fv2%2Ftags&post=124075"}],"curies":[{"name":"wp","href":"https:\/\/api.w.org\/{rel}","templated":true}]}}