{"id":124079,"date":"2025-09-09T17:00:00","date_gmt":"2025-09-09T15:00:00","guid":{"rendered":"https:\/\/www.reunion68.se\/?p=124079"},"modified":"2025-09-09T09:14:28","modified_gmt":"2025-09-09T07:14:28","slug":"10-00-114","status":"publish","type":"post","link":"https:\/\/www.reunion68.se\/?p=124079","title":{"rendered":"Spain Recalls Ambassador From Israel After Jerusalem Accuses S\u00e1nchez Government of Antisemitism"},"content":{"rendered":"<hr>\n<h3 style=\"text-align: center;\"><a href=\"https:\/\/www.algemeiner.com\/\" target=\"_blank\" rel=\"noopener noreferrer\"><img decoding=\"async\" class=\"center alignleft\" src=\"http:\/\/www.reunion68.com\/Biuletyn\/img\/algem.png\" alt=\"\" width=\"35%\"><\/a><span style=\"text-decoration: underline; color: #000080;\"><span><strong><a style=\"color: #000080; text-decoration: underline;\" href=\"https:\/\/www.algemeiner.com\/2025\/09\/08\/spain-recalls-ambassador-israel-jerusalem-accuses-sanchez-government-antisemitism\/\" target=\"_blank\" rel=\"noopener noreferrer\">Spain Recalls Ambassador From Israel After Jerusalem Accuses S\u00e1nchez Government of Antisemitism<\/a><\/strong><\/span><\/span><\/h3>\n<p style=\"text-align: center;\"><span style=\"color: #000000;\"><strong>Ailin Vilches Arguello<\/strong><\/span><\/p>\n<hr style=\"height: 15px; background: #d0e6fa; width: 100%;\">\n<p style=\"text-align: center;\"><img decoding=\"async\" class=\"aligncenter\" src=\"https:\/\/www.algemeiner.com\/wp-content\/uploads\/2025\/09\/2025-09-08T155533Z_3_LYNXNPEL870AN_RTROPTP_4_CHINA-SPAIN-1.jpg\" width=\"100%\"><span style=\"color: #808080;\"><em>Spanish Prime Minister Pedro Sanchez speaks at a press conference in Kunshan, Jiangsu province, China, Sept. 11, 2024. Photo: REUTERS\/Xihao Jiang<\/em><\/span><\/p>\n<p style=\"text-align: left;\"><span style=\"color: #000080;\">Spain has recalled its ambassador from Israel after Israeli Foreign Minister Gideon Saar accused Spanish Prime Minister Pedro S\u00e1nchez of antisemitism, following Madrid\u2019s latest measures against the Jewish state.<\/span><\/p>\n<p style=\"text-align: left;\"><span style=\"color: #000080;\">On Monday,&nbsp;<a style=\"color: #000080;\" href=\"https:\/\/www.algemeiner.com\/2025\/06\/23\/spain-pushes-eu-suspend-israel-trade-pact-amid-gaza-conflict-sparking-division-bloc\/\" target=\"_blank\" rel=\"noopener\">S\u00e1nchez unveiled new policies targeting Israel<\/a>&nbsp;over the war in Gaza, including an arms embargo and a ban on certain Israeli goods.<\/span><\/p>\n<p style=\"text-align: left;\"><span style=\"color: #000080;\">The Spanish government announced it would bar entry to individuals involved in what it called a \u201cgenocide against Palestinians,\u201d block Israel-bound ships and aircraft carrying weapons from Spanish ports and airspace, and enforce an embargo on products from Israeli communities in the West Bank.<\/span><\/p>\n<p style=\"text-align: left;\"><span style=\"color: #000080;\">\u201cProtecting your country and your society is one thing, but bombing hospitals and killing innocent boys and girls with hunger is another thing entirely,\u201d S\u00e1nchez said during a televised speech.<\/span><\/p>\n<p style=\"text-align: left;\"><span style=\"color: #000080;\">\u201cWhat [Israeli] Prime Minister [Benjamin] Netanyahu presented in October 2023 as a military operation in response to the horrific terrorist attacks has ended up becoming a new wave of illegal occupations and an unjustifiable attack against the Palestinian civilian population \u2013 an attack that the UN special rapporteur and the majority of experts already describe as a genocide,\u201d the Spanish leader continued.<\/span><\/p>\n<p style=\"text-align: left;\"><span style=\"color: #000080;\">\u201cThat isn\u2019t defending yourself; that\u2019s not even attacking. It\u2019s exterminating defenseless people. It\u2019s breaking all the rules of humanitarian law,\u201d he said.<\/span><\/p>\n<p style=\"text-align: left;\"><span style=\"color: #000080;\">Palestinian terrorists led by Hamas started the war on Oct. 7, 2023, when they invaded southern Israel from neighboring Gaza,&nbsp;<a style=\"color: #000080;\" href=\"https:\/\/www.algemeiner.com\/2024\/06\/19\/hamas-official-says-terror-group-would-do-oct-7-attack-again-possible-go-back-time\/\" target=\"_blank\" rel=\"noopener\">murdered, 1,200 people, and kidnapped 251 hostgaes<\/a>&nbsp;while perpetrating widespread sexual violence against the Israeli people.<\/span><\/p>\n<p style=\"text-align: left;\"><span style=\"color: #000080;\">Israel responded with an ongoing military campaign aimed at freeing the hostages and dismantling Hamas\u2019s military capabilities and political rule in Gaza.<\/span><\/p>\n<p style=\"text-align: left;\"><span style=\"color: #000080;\">Meanwhile, Saar announced sanctions against two Spanish ministers, accusing the government in Madrid of antisemitism and of pursuing an&nbsp;<a style=\"color: #000080;\" href=\"https:\/\/www.algemeiner.com\/2025\/06\/23\/spain-pushes-eu-suspend-israel-trade-pact-amid-gaza-conflict-sparking-division-bloc\/\" target=\"_blank\" rel=\"noopener\">escalating anti-Israel campaign<\/a>&nbsp;aimed at undermining the Jewish state on the international stage.<\/span><\/p>\n<p style=\"text-align: left;\"><span style=\"color: #000080;\">\u201cThe government of Spain is leading a hostile, anti-Israel line, marked by wild, hate-filled rhetoric,\u201d Saar wrote in a post on X, accusing S\u00e1nchez\u2019s \u201ccorrupt\u201d administration of trying to \u201cdivert attention from grave corruption scandals.\u201d<\/span><\/p>\n<p style=\"text-align: left;\"><span style=\"color: #000080;\">\u201cThe obsessive activism of the current Spanish government against Israel stands out in light of its ties with dark, tyrannical regimes \u2014 from Iran\u2019s ayatollahs to [Nicol\u00e1s] Maduro\u2019s government in Venezuela,\u201d the top Israeli diplomat continued.<\/span><\/p>\n<p style=\"text-align: left;\"><span style=\"color: #000080;\">In his post, Saar announced an entry and contact ban on Spanish Deputy Prime Minister and Minister of Labor Yolanda D\u00edaz and Minister of Children and Youth Sira Rego.<\/span><\/p>\n<p style=\"text-align: left;\"><span style=\"color: #000080;\">He accused both ministers of&nbsp;<a style=\"color: #000080;\" href=\"https:\/\/www.algemeiner.com\/2025\/01\/02\/spanish-far-left-leaders-2025-wishes-spotlight-genocide-palestinians-before-mentioning-own-country\/\" target=\"_blank\" rel=\"noopener\">promoting antisemitic rhetoric<\/a>, citing multiple examples of statements calling for Israel\u2019s destruction and endorsing violence against Israeli citizens in the aftermath of the Hamas-led invasion of and massacre across southern Israel on Oct. 7, 2023.<\/span><\/p>\n<p style=\"text-align: left;\"><span style=\"color: #000080;\">\u201cIt is no longer possible to avoid imposing personal sanctions on members of the Spanish government who have crossed every red line,\u201d Saar wrote.<\/span><\/p>\n<p style=\"text-align: left;\"><span style=\"color: #000080;\">\u201cNot every criticism of Israeli policy constitutes antisemitism. However, when such criticism is characterized by demonization, delegitimization, and double standards \u2014 it is antisemitism, according to the IHRA definition,\u201d he added, referring to the International Holocaust Remembrance Alliance\u2019s&nbsp;<a style=\"color: #000080;\" href=\"https:\/\/www.algemeiner.com\/2025\/06\/09\/new-york-city-mayor-signs-executive-order-adopting-ihra-definition-antisemitism\/\" target=\"_blank\" rel=\"noopener\">(IHRA) widely adopted definition of antisemitism<\/a>. \u201cStatements by members of the Spanish government, and its policy as a whole, fall squarely into this category. This is antisemitism.\u201d<\/span><\/p>\n<p style=\"text-align: left;\"><span style=\"color: #000080;\">Earlier this year, Spain urged the European Union to suspend&nbsp;<a style=\"color: #000080;\" href=\"https:\/\/www.algemeiner.com\/2025\/05\/20\/eu-review-agreement-israel-gaza-concerns-kallas-says\/\" target=\"_blank\" rel=\"noopener\">its association agreement with Israel<\/a>&nbsp;\u2014 a pact governing the EU\u2019s political and economic ties with Jerusalem \u2014 to protest what it calls human rights violations in Gaza.<\/span><\/p>\n<p style=\"text-align: left;\"><span style=\"color: #000080;\">The Spanish government has also pressured the EU to approve an arms embargo on Israel and to&nbsp;<a style=\"color: #000080;\" href=\"https:\/\/www.algemeiner.com\/2025\/05\/25\/spain-calls-for-sanctions-against-israel-to-stop-gaza-war\/\" target=\"_blank\" rel=\"noopener\">impose sanctions on individuals<\/a>&nbsp;accused of undermining the two-state solution to the Israeli-Palestinian conflict.<\/span><\/p>\n<p style=\"text-align: left;\"><span style=\"color: #000080;\">One of Spain\u2019s most recent anti-Israel initiatives came after an EU-commissioned report accusing Israel of committing \u201cindiscriminate attacks \u2026 starvation \u2026 torture \u2026 [and] apartheid\u201d against Palestinians in Gaza during its military campaign against Hamas, an internationally designated terrorist group.<\/span><\/p>\n<p style=\"text-align: left;\"><span style=\"color: #000080;\">According to the report, \u201cthere are indications that Israel would be in breach of its human rights obligations\u201d under the 25-year-old EU-Israel Association Agreement.<\/span><\/p>\n<p style=\"text-align: left;\"><span style=\"color: #000080;\">While the document acknowledges the existence of violence by Hamas, it states that this issue lies outside its scope \u2014 failing to address the Palestinian terrorist group\u2019s&nbsp;<a style=\"color: #000080;\" href=\"https:\/\/www.algemeiner.com\/2025\/05\/05\/netanyahu-says-new-gaza-offensive-intensive-israel-approves-expanded-operation-hamas\/\" target=\"_blank\" rel=\"noopener\">role in sparking the current war<\/a>.<\/span><\/p>\n<p style=\"text-align: left;\"><span style=\"color: #000080;\">Israeli officials have slammed the report as factually incorrect and morally flawed, noting Hamas embeds its military infrastructure within civilian targets and Israel\u2019s army takes extensive precautions to try and avoid civilian casualties.<\/span><\/p>\n<p style=\"text-align: left;\"><span style=\"color: #000080;\">Since the start of the war in Gaza, Spain has become&nbsp;<a style=\"color: #000080;\" href=\"https:\/\/www.algemeiner.com\/2025\/04\/24\/spain-scraps-purchase-israeli-bullets-internal-pressure\/\" target=\"_blank\" rel=\"noopener\">one of Jerusalem\u2019s fiercest critics<\/a>, a stance that has only intensified in recent months.<\/span><\/p>\n<p style=\"text-align: left;\"><span style=\"color: #000080;\">Spanish Foreign Minister Jos\u00e9 Manuel Albares has actively pushed for anti-Israel measures on the international stage, while portraying himself as a dedicated supporter of a two-state solution to the Israeli-Palestinian conflict.<\/span><\/p>\n<p style=\"text-align: left;\"><span style=\"color: #000080;\">In the aftermath of the Oct. 7 atrocities, Spain halted arms shipments from its own defense companies to Israel and&nbsp;<a style=\"color: #000080;\" href=\"https:\/\/www.algemeiner.com\/2023\/10\/25\/spanish-government-intensifies-diplomatic-campaign-restrain-israeli-response-hamas-atrocities\/\" target=\"_blank\" rel=\"noopener\">launched a diplomatic campaign to curb<\/a>&nbsp;the country\u2019s military response.<\/span><\/p>\n<p style=\"text-align: left;\"><span style=\"color: #000080;\">At the same time, several Spanish ministers in the country\u2019s left-wing coalition government issued pro-Hamas statements and called for an immediate ceasefire in Gaza, with some falsely accusing Israel of \u201cgenocide.\u201d<\/span><\/p>\n<p style=\"text-align: left;\"><span style=\"color: #000080;\">Last year,&nbsp;<a style=\"color: #000080;\" href=\"https:\/\/www.algemeiner.com\/2024\/05\/28\/spain-norway-ireland-officially-recognize-palestinian-state-denmarks-parliament-rejects-proposal\/\" target=\"_blank\" rel=\"noopener\">Spain officially recognized a Palestinian state<\/a>, claiming the move was accelerated by the Israel-Hamas war and would help foster peace in the region. However, Israeli officials described the decision as a \u201creward for terrorism.\u201d<\/span><\/p>\n<hr style=\"height: 15px; background: #d0e6fa; width: 100%;\">\n<div id=\"content\" class=\"content-alignment\">\n<div id=\"watch-description\" class=\"yt-uix-button-panel\">\n<div id=\"watch-description-text\" style=\"text-align: center;\">\n<p><em>Zawarto\u015b\u0107 publikowanych artyku\u0142\u00f3w i materia\u0142\u00f3w nie reprezentuje pogl\u0105d\u00f3w ani opinii Reunion&#8217;68,<\/em><em><br \/>\nani te\u017c webmastera Blogu Reunion&#8217;68, chyba ze jest to wyra\u017anie zaznaczone.<br \/>\nTwoje uwagi, linki, w\u0142asne artyku\u0142y lub wiadomo\u015bci prze\u015blij na adres:<br \/>\n<\/em><span style=\"color: #000080;\"><strong><em><a style=\"color: #000080;\" href=\"mailto:webmaster@reunion68.com\"><span style=\"text-decoration: underline;\">webmaster@reunion68.com<\/span><\/a><\/em><\/strong><\/span><\/p>\n<\/div>\n<\/div>\n<\/div>\n<hr style=\"width: 100%;\">\n","protected":false},"excerpt":{"rendered":"<p>Spain Recalls Ambassador From Israel After Jerusalem Accuses S\u00e1nchez Government of Antisemitism Ailin Vilches Arguello Spanish Prime Minister Pedro Sanchez speaks at a press conference in Kunshan, Jiangsu province, China, Sept. 11, 2024. Photo: REUTERS\/Xihao Jiang Spain has recalled its ambassador from Israel after Israeli Foreign Minister Gideon Saar accused Spanish Prime Minister Pedro S\u00e1nchez [&hellip;]<\/p>\n","protected":false},"author":1,"featured_media":0,"comment_status":"closed","ping_status":"closed","sticky":false,"template":"","format":"standard","meta":[],"categories":[6],"tags":[33,24],"_links":{"self":[{"href":"https:\/\/www.reunion68.se\/index.php?rest_route=\/wp\/v2\/posts\/124079"}],"collection":[{"href":"https:\/\/www.reunion68.se\/index.php?rest_route=\/wp\/v2\/posts"}],"about":[{"href":"https:\/\/www.reunion68.se\/index.php?rest_route=\/wp\/v2\/types\/post"}],"author":[{"embeddable":true,"href":"https:\/\/www.reunion68.se\/index.php?rest_route=\/wp\/v2\/users\/1"}],"replies":[{"embeddable":true,"href":"https:\/\/www.reunion68.se\/index.php?rest_route=%2Fwp%2Fv2%2Fcomments&post=124079"}],"version-history":[{"count":4,"href":"https:\/\/www.reunion68.se\/index.php?rest_route=\/wp\/v2\/posts\/124079\/revisions"}],"predecessor-version":[{"id":124101,"href":"https:\/\/www.reunion68.se\/index.php?rest_route=\/wp\/v2\/posts\/124079\/revisions\/124101"}],"wp:attachment":[{"href":"https:\/\/www.reunion68.se\/index.php?rest_route=%2Fwp%2Fv2%2Fmedia&parent=124079"}],"wp:term":[{"taxonomy":"category","embeddable":true,"href":"https:\/\/www.reunion68.se\/index.php?rest_route=%2Fwp%2Fv2%2Fcategories&post=124079"},{"taxonomy":"post_tag","embeddable":true,"href":"https:\/\/www.reunion68.se\/index.php?rest_route=%2Fwp%2Fv2%2Ftags&post=124079"}],"curies":[{"name":"wp","href":"https:\/\/api.w.org\/{rel}","templated":true}]}}