{"id":124278,"date":"2025-09-18T17:05:00","date_gmt":"2025-09-18T15:05:00","guid":{"rendered":"https:\/\/www.reunion68.se\/?p=124278"},"modified":"2025-09-17T11:57:49","modified_gmt":"2025-09-17T09:57:49","slug":"18-05-108","status":"publish","type":"post","link":"https:\/\/www.reunion68.se\/?p=124278","title":{"rendered":"Spain\u2019s PM S\u00e1nchez Faces Backlash for Fueling Anti-Israel Hostility Amid Surge in Antisemitic Incidents"},"content":{"rendered":"<hr \/>\n<h3 style=\"text-align: center;\"><a href=\"https:\/\/www.algemeiner.com\" target=\"_blank\" rel=\"noopener noreferrer\"><img decoding=\"async\" class=\"center alignleft\" src=\"http:\/\/www.reunion68.com\/Biuletyn\/img\/algem.png\" alt=\"\" width=\"35%\" \/><\/a><span style=\"text-decoration: underline; color: #000080;\"><span><strong><a style=\"color: #000080; text-decoration: underline;\" href=\"https:\/\/www.algemeiner.com\/2025\/09\/16\/spains-pm-sanchez-faces-backlash-fueling-anti-israel-hostility-amid-surge-antisemitic-incidents\/\" target=\"_blank\" rel=\"noopener noreferrer\">Spain\u2019s PM S\u00e1nchez Faces Backlash for Fueling Anti-Israel Hostility Amid Surge in Antisemitic Incidents<\/a><\/strong><\/span><\/span><\/h3>\n<p style=\"text-align: center;\"><span style=\"color: #000000;\"><strong>Ailin Vilches Arguello<\/strong><\/span><\/p>\n<hr style=\"height: 15px; background: #d0e6fa; width: 100%;\" \/>\n<p style=\"text-align: center;\"><img decoding=\"async\" class=\"aligncenter\" src=\"https:\/\/www.algemeiner.com\/wp-content\/uploads\/2025\/09\/2025-09-14T181641Z_1_LYNXNPEL8D0CE_RTROPTP_4_CYCLING-VUELTA-1.jpg\" width=\"100%\" \/><span style=\"color: #808080;\"><em>Cycling \u2013 Vuelta a Espana \u2013 Stage 21 \u2013 Alalpardo to Madrid \u2013 Madrid, Spain \u2013 Sept. 14, 2025: Barriers are smashed by anti-Israel protesters during Stage 21. Photo: REUTERS\/Ana Beltran<\/em><\/span><\/p>\n<p><span style=\"color: #000080;\">Spanish Prime Minister Pedro S\u00e1nchez is facing backlash from his country\u2019s political leaders and Jewish community, who accuse him of fueling antisemitic hostility after\u00a0<a style=\"color: #000080;\" href=\"https:\/\/www.algemeiner.com\/2025\/09\/15\/anti-israel-protests-force-early-end-vuelta-espana-cycle-race\/\" target=\"_blank\" rel=\"noopener\">incidents at the Vuelta a Espa\u00f1a<\/a>\u00a0disrupted the prestigious cycling race.<\/span><\/p>\n<p><span style=\"color: #000080;\">Amid a sharp rise in anti-Jewish hate crimes and anti-Israel sentiment, Lorenzo Rodr\u00edguez, mayor of Castrillo Mota de Jud\u00edos in northern Spain, accused the country\u2019s leader of \u201cfueling a discourse of hatred\u201d against Israel and the Jewish people.<\/span><\/p>\n<p><span style=\"color: #000080;\">\u201cThe government is fostering antisemitism that will prove deeply damaging for Spain,\u201d Rodr\u00edguez said in an interview with the local outlet\u00a0<em>El Espa\u00f1ol<\/em>.<\/span><\/p>\n<p><span style=\"color: #000080;\">\u201cS\u00e1nchez\u2019s moves are less about serious foreign policy and more about deflecting attention from his trials and failures in governance,\u201d he continued. \u201cSpain isn\u2019t leading anything \u2014 it\u2019s merely whitewashing Hamas and other terrorist groups.\u201d<\/span><\/p>\n<p><span style=\"color: #000080;\">On Sunday,\u00a0<a style=\"color: #000080;\" href=\"https:\/\/www.algemeiner.com\/2025\/09\/14\/anti-israel-protests-force-early-end-to-vuelta-a-espana-cycle-race\/\" target=\"_blank\" rel=\"noopener\">anti-Israel protests forced the finale of the Vuelta a Espa\u00f1a<\/a>\u00a0cycle race to be abandoned as police tried to quell demonstrations against the participation of an Israeli team.<\/span><\/p>\n<p><span style=\"color: #000080;\">In his interview, Rodr\u00edguez blamed S\u00e1nchez for fostering a hostile climate in Spain, saying the country is witnessing \u201chatred toward an entire people.\u201d<\/span><\/p>\n<p><span style=\"color: #000080;\">He also criticized the Spanish leader for failing to take a strong stand on other international crises, including those in Russia and Venezuela.<\/span><\/p>\n<p><span style=\"color: #000080;\">\u201cWe all recognize that the Palestinian people are suffering, but the solution cannot be to blame the Jewish people,\u201d Rodr\u00edguez said.<\/span><\/p>\n<p><span style=\"color: #000080;\">\u201cPeople are afraid. There\u2019s growing concern because our town was recently targeted,\u201d he continued. \u201cWe are being singled out and threatened even though we have nothing to do with this war.\u201d<\/span><\/p>\n<p><span style=\"color: #000080;\">Before the incidents on Sunday that led to the race\u2019s cancellation, S\u00e1nchez expressed \u201cadmiration for the Spanish people mobilizing for just causes like Palestine\u201d through their protests.<\/span><\/p>\n<p><span style=\"color: #000080;\">Madrid\u2019s Mayor Jos\u00e9 Luis Mart\u00ednez-Almeida strongly condemned S\u00e1nchez\u2019s statement, accusing him of encouraging hostility and fueling tensions.<\/span><\/p>\n<p><span style=\"color: #000080;\">\u201cThe prime minister is directly responsible for this violence, as his statements this morning helped instigate the protests,\u201d Martinez-Almeida said after the race was canceled.<\/span><\/p>\n<p><span style=\"color: #000080;\">\u201cToday is the saddest day since I took office as mayor of this great city,\u201d he continued.<\/span><\/p>\n<p><span style=\"color: #000080;\">Santiago Abascal, leader of the far-right Vox party, also criticized S\u00e1nchez\u2019s remarks, accusing him of stoking division to maintain his hold on power.<\/span><\/p>\n<p><span style=\"color: #000080;\">\u201cThe psychopath has taken his militias to the streets,\u201d Abascal wrote in a post on X. \u201cHe doesn\u2019t care about Gaza. He doesn\u2019t care about Spain. He doesn\u2019t care about anything. But he wants violence in the streets to maintain power.\u201d<\/span><\/p>\n<p><span style=\"color: #000080;\">Shortly after the incidents, the Federation of Jewish Communities of Spain (FCJE) publicly denounced the violence, urging authorities to respond quickly and decisively.<\/span><\/p>\n<p><span style=\"color: #000080;\">\u201cViolence and intimidation have no place in a democratic society and cannot be excused under the guise of freedom of expression,\u201d FCJE said in a statement.<\/span><\/p>\n<p><span style=\"color: #000080;\">\u201cThese violent demonstrations fuel hatred and contribute to a concerning rise in antisemitism in Spain, which we have been warning about over the past two years,\u201d the statement read. \u201cIt is unacceptable that violence is justified on ideological grounds and hostility is directed toward the Jewish community\u201d<\/span><\/p>\n<p><span style=\"color: #000080;\">Since the start of the war in Gaza, Spain has become\u00a0<a style=\"color: #000080;\" href=\"https:\/\/www.algemeiner.com\/2025\/09\/08\/spain-recalls-ambassador-israel-jerusalem-accuses-sanchez-government-antisemitism\/\" target=\"_blank\" rel=\"noopener\">one of Israel\u2019s fiercest critics<\/a>, a stance that has only intensified in recent months, coinciding with a shocking rise in antisemitic incidents targeting the local Jewish community \u2014 from violent assaults and vandalism to protests and legal actions.<\/span><\/p>\n<p><span style=\"color: #000080;\">On Monday, S\u00e1nchez called for Israel to be barred from international sports events after pro-Palestinian activists disrupted the finale of the Vuelta cycling race in chaotic scenes in Madrid.<\/span><\/p>\n<p><span style=\"color: #000080;\">\u201cThe sports organizations should ask whether it\u2019s ethical for Israel to continue participating in international competitions. Why was Russia expelled after invading Ukraine, yet Israel is not expelled after the invasion of Gaza?\u201d S\u00e1nchez said while speaking to members of his Socialist Party.<\/span><\/p>\n<p><span style=\"color: #000080;\">\u201cUntil the barbarity ends, neither Russia nor Israel should be allowed to participate in any international competition,\u201d the Spanish leader continued.<\/span><\/p>\n<p><span style=\"color: #000080;\">Israeli Foreign Minister Gideon Saar condemned S\u00e1nchez\u2019s remarks, labeling him \u201can antisemite and a liar.\u201d<\/span><\/p>\n<p><span style=\"color: #000080;\">\u201cDid Israel invade Gaza on Oct. 7th or did the Hamas terror state invade Israel and commit the worst massacre against the Jews since the Holocaust?\u201d the top Israeli diplomat wrote in a post on X.<\/span><\/p>\n<p><span style=\"color: #000080;\">The Palestinian terrorist group Hamas started the war in Gaza on Oct. 7, 2023, when it led an invasion of southern Israel,\u00a0<a style=\"color: #000080;\" href=\"https:\/\/www.algemeiner.com\/2025\/09\/16\/norway-donate-proceeds-israel-soccer-match-doctors-without-borders-gaza\/\" target=\"_blank\" rel=\"noopener\">murdered 1,200 people, and kidnapped 251 hostages<\/a>\u00a0while perpetrating widespread sexual violence against the Israeli people.<\/span><\/p>\n<p><span style=\"color: #000080;\">Israel responded with an ongoing military campaign aimed at freeing the hostages and dismantling Hamas\u2019s military capabilities and political rule in Gaza.<\/span><\/p>\n<p><span style=\"color: #000080;\">As part of its anti-Israel campaign, Spain announced on Tuesday that it will boycott next year\u2019s Eurovision Song Contest if Israel participates, citing the country\u2019s military offensive against Hamas in the war-torn enclave.<\/span><\/p>\n<p><span style=\"color: #000080;\">Last week, S\u00e1nchez also\u00a0<a style=\"color: #000080;\" href=\"https:\/\/www.algemeiner.com\/2025\/09\/08\/spain-recalls-ambassador-israel-jerusalem-accuses-sanchez-government-antisemitism\/\" target=\"_blank\" rel=\"noopener\">unveiled new policies targeting Israel over the war in Gaza<\/a>, including an arms embargo and a ban on certain Israeli goods.<\/span><\/p>\n<p><span style=\"color: #000080;\">The Spanish government announced it would bar entry to individuals involved in what it called a \u201cgenocide against Palestinians,\u201d block Israel-bound ships and aircraft carrying weapons from Spanish ports and airspace, and enforce an embargo on products from Israeli communities in the West Bank.<\/span><\/p>\n<p><span style=\"color: #000080;\">In one of its latest attempts to curb Israel\u2019s defensive campaign in Gaza, Spain has canceled a \u20ac700 million ($825 million) deal for Israeli-designed rocket launchers, as the government conducts a broader review to systematically phase out Israeli weapons and technology from its armed forces.<\/span><\/p>\n<p><span style=\"color: #000080;\">Saar has denounced S\u00e1nchez\u2019s latest actions, accusing the government in Madrid of antisemitism and of pursuing an\u00a0<a style=\"color: #000080;\" href=\"https:\/\/www.algemeiner.com\/2025\/09\/16\/show-support-belgian-pm-attends-concert-israeli-conductor-disinvited-music-festival\/\" target=\"_blank\" rel=\"noopener\">escalating anti-Israel campaign aimed at undermining the Jewish state<\/a>\u00a0on the international stage.<\/span><\/p>\n<p><span style=\"color: #000080;\">\u201cThe government of Spain is leading a hostile, anti-Israel line, marked by wild, hate-filled rhetoric,\u201d Saar wrote in a post on X, accusing S\u00e1nchez\u2019s \u201ccorrupt\u201d administration of trying to \u201cdivert attention from grave corruption scandals.\u201d<\/span><\/p>\n<p><span style=\"color: #000080;\">\u201cThe obsessive activism of the current Spanish government against Israel stands out in light of its ties with dark, tyrannical regimes \u2014 from Iran\u2019s ayatollahs to [Nicol\u00e1s] Maduro\u2019s government in Venezuela,\u201d the Israeli diplomat continued.<\/span><\/p>\n<hr style=\"height: 15px; background: #d0e6fa; width: 100%;\" \/>\n<div id=\"content\" class=\"content-alignment\">\n<div id=\"watch-description\" class=\"yt-uix-button-panel\">\n<div id=\"watch-description-text\" style=\"text-align: center;\">\n<p><em>Zawarto\u015b\u0107 publikowanych artyku\u0142\u00f3w i materia\u0142\u00f3w nie reprezentuje pogl\u0105d\u00f3w ani opinii Reunion&#8217;68,<\/em><em><br \/>\nani te\u017c webmastera Blogu Reunion&#8217;68, chyba ze jest to wyra\u017anie zaznaczone.<br \/>\nTwoje uwagi, linki, w\u0142asne artyku\u0142y lub wiadomo\u015bci prze\u015blij na adres:<br \/>\n<\/em><span style=\"color: #000080;\"><strong><em><a style=\"color: #000080;\" href=\"mailto:webmaster@reunion68.com\"><span style=\"text-decoration: underline;\">webmaster@reunion68.com<\/span><\/a><\/em><\/strong><\/span><\/p>\n<\/div>\n<\/div>\n<\/div>\n<hr style=\"width: 100%;\" \/>\n","protected":false},"excerpt":{"rendered":"<p>Spain\u2019s PM S\u00e1nchez Faces Backlash for Fueling Anti-Israel Hostility Amid Surge in Antisemitic Incidents Ailin Vilches Arguello Cycling \u2013 Vuelta a Espana \u2013 Stage 21 \u2013 Alalpardo to Madrid \u2013 Madrid, Spain \u2013 Sept. 14, 2025: Barriers are smashed by anti-Israel protesters during Stage 21. Photo: REUTERS\/Ana Beltran Spanish Prime Minister Pedro S\u00e1nchez is facing [&hellip;]<\/p>\n","protected":false},"author":1,"featured_media":0,"comment_status":"closed","ping_status":"closed","sticky":false,"template":"","format":"standard","meta":[],"categories":[1],"tags":[33,24],"_links":{"self":[{"href":"https:\/\/www.reunion68.se\/index.php?rest_route=\/wp\/v2\/posts\/124278"}],"collection":[{"href":"https:\/\/www.reunion68.se\/index.php?rest_route=\/wp\/v2\/posts"}],"about":[{"href":"https:\/\/www.reunion68.se\/index.php?rest_route=\/wp\/v2\/types\/post"}],"author":[{"embeddable":true,"href":"https:\/\/www.reunion68.se\/index.php?rest_route=\/wp\/v2\/users\/1"}],"replies":[{"embeddable":true,"href":"https:\/\/www.reunion68.se\/index.php?rest_route=%2Fwp%2Fv2%2Fcomments&post=124278"}],"version-history":[{"count":4,"href":"https:\/\/www.reunion68.se\/index.php?rest_route=\/wp\/v2\/posts\/124278\/revisions"}],"predecessor-version":[{"id":124296,"href":"https:\/\/www.reunion68.se\/index.php?rest_route=\/wp\/v2\/posts\/124278\/revisions\/124296"}],"wp:attachment":[{"href":"https:\/\/www.reunion68.se\/index.php?rest_route=%2Fwp%2Fv2%2Fmedia&parent=124278"}],"wp:term":[{"taxonomy":"category","embeddable":true,"href":"https:\/\/www.reunion68.se\/index.php?rest_route=%2Fwp%2Fv2%2Fcategories&post=124278"},{"taxonomy":"post_tag","embeddable":true,"href":"https:\/\/www.reunion68.se\/index.php?rest_route=%2Fwp%2Fv2%2Ftags&post=124278"}],"curies":[{"name":"wp","href":"https:\/\/api.w.org\/{rel}","templated":true}]}}