{"id":124356,"date":"2025-09-21T17:00:00","date_gmt":"2025-09-21T15:00:00","guid":{"rendered":"https:\/\/www.reunion68.se\/?p=124356"},"modified":"2025-09-20T16:01:15","modified_gmt":"2025-09-20T14:01:15","slug":"21-00-111","status":"publish","type":"post","link":"https:\/\/www.reunion68.se\/?p=124356","title":{"rendered":"France Set to Recognize Palestinian State Despite Majority of Citizens Opposing the Move, New Survey Shows"},"content":{"rendered":"<hr>\n<h3 style=\"text-align: center;\"><a href=\"https:\/\/www.algemeiner.com\/\" target=\"_blank\" rel=\"noopener noreferrer\"><img decoding=\"async\" class=\"center alignleft\" src=\"http:\/\/www.reunion68.com\/Biuletyn\/img\/algem.png\" alt=\"\" width=\"35%\"><\/a><span style=\"text-decoration: underline; color: #000080;\"><strong><a style=\"color: #000080; text-decoration: underline;\" href=\"https:\/\/www.algemeiner.com\/2025\/09\/19\/france-set-recognize-palestinian-state-despite-majority-citizens-opposing-move-new-survey-shows\/\" target=\"_blank\" rel=\"noopener noreferrer\">France Set to Recognize Palestinian State Despite Majority of Citizens Opposing the Move, New Survey Shows<\/a><\/strong><\/span><\/h3>\n<p style=\"text-align: center;\"><span style=\"color: #000000;\"><strong>Ailin Vilches Arguello<\/strong><\/span><\/p>\n<hr style=\"height: 15px; background: #d0e6fa; width: 100%;\">\n<p style=\"text-align: center;\"><img decoding=\"async\" class=\"aligncenter\" src=\"https:\/\/www.algemeiner.com\/wp-content\/uploads\/2025\/09\/2025-09-18T161309Z_1_LYNXNPEL8H0UI_RTROPTP_4_ISRAEL-PALESTINIANS-FRANCE-UN-1.jpg\" width=\"100%\"><span style=\"color: #808080;\"><em>French President Emmanuel Macron at the Elysee Palace in Paris, France, Sept. 15, 2025. Photo: REUTERS\/Benoit Tessier\/Pool<\/em><\/span><\/p>\n<p><span style=\"color: #000080;\">More than 70 percent of the French people oppose President Emmanuel&nbsp;<a style=\"color: #000080;\" href=\"https:\/\/www.algemeiner.com\/2025\/08\/20\/macron-pushes-back-netanyahus-claim-france-inflamed-antisemitism-palestinian-state-recognition\/\" target=\"_blank\" rel=\"noopener\">Macron\u2019s plan to recognize a Palestinian state<\/a>&nbsp;at the United Nations General Assembly next week, according to a new study that highlights strong public opposition to the contentious diplomatic move.<\/span><\/p>\n<p><span style=\"color: #000080;\">A survey conducted by the French Institute of Public Opinion (IFOP) on behalf of the Representative Council of Jewish Institutions of France (CRIF), the main representative body of French Jews, found that only 29 percent of French citizens support Macron\u2019s initiative.<\/span><\/p>\n<p><span style=\"color: #000080;\">On Monday, France is expected to recognize a Palestinian state&nbsp;<a style=\"color: #000080;\" href=\"https:\/\/www.algemeiner.com\/2025\/08\/30\/us-bars-palestinian-leader-abbas-from-un-as-allies-back-statehood\/\" target=\"_blank\" rel=\"noopener\">at the UN General Assembly in New York<\/a>, with a handful of other Western countries \u2014 including the United Kingdom, Canada, and Australia \u2014 poised to follow suit.<\/span><\/p>\n<p><span style=\"color: #000080;\">However, the majority of the French people oppose the immediate recognition of a Palestinian state, with 71 percent rejecting any recognition before the release of all remaining Israeli hostages still held in Gaza and the surrender of Hamas, according to the newly released survey.<\/span><br \/>\n<iframe id=\"twitter-widget-2\" class=\"\" title=\"X Post\" src=\"https:\/\/platform.twitter.com\/embed\/Tweet.html?dnt=false&amp;embedId=twitter-widget-2&amp;features=eyJ0ZndfdGltZWxpbmVfbGlzdCI6eyJidWNrZXQiOltdLCJ2ZXJzaW9uIjpudWxsfSwidGZ3X2ZvbGxvd2VyX2NvdW50X3N1bnNldCI6eyJidWNrZXQiOnRydWUsInZlcnNpb24iOm51bGx9LCJ0ZndfdHdlZXRfZWRpdF9iYWNrZW5kIjp7ImJ1Y2tldCI6Im9uIiwidmVyc2lvbiI6bnVsbH0sInRmd19yZWZzcmNfc2Vzc2lvbiI6eyJidWNrZXQiOiJvbiIsInZlcnNpb24iOm51bGx9LCJ0ZndfZm9zbnJfc29mdF9pbnRlcnZlbnRpb25zX2VuYWJsZWQiOnsiYnVja2V0Ijoib24iLCJ2ZXJzaW9uIjpudWxsfSwidGZ3X21peGVkX21lZGlhXzE1ODk3Ijp7ImJ1Y2tldCI6InRyZWF0bWVudCIsInZlcnNpb24iOm51bGx9LCJ0ZndfZXhwZXJpbWVudHNfY29va2llX2V4cGlyYXRpb24iOnsiYnVja2V0IjoxMjA5NjAwLCJ2ZXJzaW9uIjpudWxsfSwidGZ3X3Nob3dfYmlyZHdhdGNoX3Bpdm90c19lbmFibGVkIjp7ImJ1Y2tldCI6Im9uIiwidmVyc2lvbiI6bnVsbH0sInRmd19kdXBsaWNhdGVfc2NyaWJlc190b19zZXR0aW5ncyI6eyJidWNrZXQiOiJvbiIsInZlcnNpb24iOm51bGx9LCJ0ZndfdXNlX3Byb2ZpbGVfaW1hZ2Vfc2hhcGVfZW5hYmxlZCI6eyJidWNrZXQiOiJvbiIsInZlcnNpb24iOm51bGx9LCJ0ZndfdmlkZW9faGxzX2R5bmFtaWNfbWFuaWZlc3RzXzE1MDgyIjp7ImJ1Y2tldCI6InRydWVfYml0cmF0ZSIsInZlcnNpb24iOm51bGx9LCJ0ZndfbGVnYWN5X3RpbWVsaW5lX3N1bnNldCI6eyJidWNrZXQiOnRydWUsInZlcnNpb24iOm51bGx9LCJ0ZndfdHdlZXRfZWRpdF9mcm9udGVuZCI6eyJidWNrZXQiOiJvbiIsInZlcnNpb24iOm51bGx9fQ%3D%3D&amp;frame=false&amp;hideCard=false&amp;hideThread=false&amp;id=1968691504467100019&amp;lang=en&amp;origin=https%3A%2F%2Fwww.algemeiner.com%2F2025%2F09%2F19%2Ffrance-set-recognize-palestinian-state-despite-majority-citizens-opposing-move-new-survey-shows%2F&amp;sessionId=acf43ff918320647d078c5439a75c314091c59e7&amp;siteScreenName=Algemeiner&amp;theme=light&amp;widgetsVersion=2615f7e52b7e0%3A1702314776716&amp;width=550px\" frameborder=\"0\" scrolling=\"yes\" allowfullscreen=\"allowfullscreen\" data-tweet-id=\"1968691504467100019\" data-mce-fragment=\"1\"><\/iframe><\/p>\n<p><span style=\"color: #000080;\">The study also examined how this diplomatic initiative and the ongoing war in Gaza have fueled the ongoing&nbsp;<a style=\"color: #000080;\" href=\"https:\/\/www.algemeiner.com\/2025\/09\/04\/french-lawmaker-under-fire-pro-hamas-comments-questioning-antisemitic-attack-figures\/\" target=\"_blank\" rel=\"noopener\">surge of antisemitism and anti-Israel sentiment across France<\/a>.<\/span><\/p>\n<p><span style=\"color: #000080;\">Nearly 70 percent of the French people view antisemitic incidents as a serious threat, not only to French Jews but to the society as a whole, the survey found.<\/span><\/p>\n<p><span style=\"color: #000080;\">Meanwhile, according to the data, 19 percent of French citizens consider it acceptable to target Jews due to the conflict in Gaza, with the figure rising to 31 percent among those aged 18 to 24.<\/span><\/p>\n<p><span style=\"color: #000080;\">France has faced&nbsp;<a style=\"color: #000080;\" href=\"https:\/\/www.algemeiner.com\/2025\/07\/25\/reckless-decision-us-officials-blast-france-recognizing-palestinian-state\/\" target=\"_blank\" rel=\"noopener\">sharp criticism from Israeli and US officials<\/a>&nbsp;who oppose recognizing a Palestinian state, warning that such a move would only reward terrorism, hinder Gaza ceasefire negotiations, and embolden Hamas, the Palestinian terrorist group that has ruled the enclave for nearly two decades.<\/span><\/p>\n<p><span style=\"color: #000080;\">Israel is reportedly considering multiple retaliatory measures in response to Macron\u2019s move, including&nbsp;<a style=\"color: #000080;\" href=\"https:\/\/www.algemeiner.com\/2025\/08\/31\/israel-mulls-west-bank-annexation-in-response-to-moves-to-recognize-palestine\/\" target=\"_blank\" rel=\"noopener\">accelerating West Bank annexations<\/a>, closing the French consulate in Jerusalem, and seizing French-owned sites in Israel, such as the Sanctuary of the Eleona \u2014 a Christian pilgrimage destination.<\/span><\/p>\n<p><span style=\"color: #000080;\">For his part, Macron has pushed back against criticism of France\u2019s decision to recognize a Palestinian state, arguing that it is a necessary step to counter Hamas.<\/span><\/p>\n<p><span style=\"color: #000080;\">\u201cThe objective of Hamas has never been to make two states, and especially two states as we propose \u2026 they want to destroy Israel,\u201d Macron said in an interview with Israeli broadcaster Channel 12. \u201cThe recognition of a Palestinian state is the best way to isolate Hamas.\u201d<\/span><\/p>\n<p><span style=\"color: #000080;\">The French leader has argued that this move is the only way to bring peace and stability to the region, noting that&nbsp;<a style=\"color: #000080;\" href=\"https:\/\/www.algemeiner.com\/2025\/07\/25\/french-foreign-minister-says-recognizing-palestinian-state-defies-hamas-despite-terror-groups-praise\/\" target=\"_blank\" rel=\"noopener\">the terrorist group has never supported a two-state solution<\/a>&nbsp;to resolve the Israeli-Palestinian conflict and would likely oppose a Palestinian state since it would have no governing role.<\/span><\/p>\n<p><span style=\"color: #000080;\">\u201cHamas is just obsessed with destroying Israel,\u201d Macron told US television network CBS in an interview. \u201cBut I recognize the legitimacy of so many Palestinian people who want a state \u2026 and we shouldn\u2019t push them toward Hamas.\u201d<\/span><\/p>\n<p><span style=\"color: #000080;\">However, the Palestinian terrorist group&nbsp;<a style=\"color: #000080;\" href=\"https:\/\/www.algemeiner.com\/2025\/08\/13\/hamas-continues-praise-western-countries-recognizing-palestinian-state\/\" target=\"_blank\" rel=\"noopener\">has repeatedly praised such plans<\/a>&nbsp;to recognize a Palestinian state as \u201cthe fruits of Oct. 7,\u201d citing the Hamas-led invasion of and massacre across southern Israel on Oct. 7, 2023, and its aftermath as the reason for increasing Western support.<\/span><\/p>\n<p><span style=\"color: #000080;\">France\u2019s expected move has also sparked strong reactions across the country, amid an already tense and hostile climate.<\/span><\/p>\n<p><span style=\"color: #000080;\">CRIF has repeatedly denounced the recognition of a Palestinian state, calling it \u201ca moral failing, a diplomatic error, and a political danger,\u201d and warned that it would exacerbate antisemitism amid a&nbsp;<a style=\"color: #000080;\" href=\"https:\/\/www.algemeiner.com\/2025\/08\/27\/jewish-teen-assaulted-lyon-france-faces-growing-international-scrutiny-rising-antisemitism\/\" target=\"_blank\" rel=\"noopener\">surge in anti-Jewish hate crimes<\/a>&nbsp;since the Oct. 7 atrocities.<\/span><\/p>\n<p><span style=\"color: #000080;\">Far-right leader Marine Le Pen has also condemned the initiative, accusing Macron of supporting it \u201cpurely for electoral reasons.\u201d<\/span><\/p>\n<p><span style=\"color: #000080;\">Meanwhile, France\u2019s left-wing opposition welcomed Macron\u2019s decision, with Olivier Faure, leader of the Socialist Party, calling on mayors to raise the Palestinian flag over town halls on Monday.<\/span><\/p>\n<p><span style=\"color: #000080;\">However, Interior Minister Bruno Retailleau asked prefects, the government\u2019s local representatives, not to follow through with such gestures, citing the principle of neutrality in public services and warning that violations would be referred to administrative courts.<\/span><\/p>\n<p><span style=\"color: #000080;\">\u201cThere are enough divisive issues in the country without importing the conflict in the Middle East,\u201d the French diplomat wrote in a post on X.<\/span><\/p>\n<p><span style=\"color: #000080;\">Several French town halls have been forced to take down Palestinian flags following court rulings.<\/span><\/p>\n<hr style=\"height: 15px; background: #d0e6fa; width: 100%;\">\n<div id=\"content\" class=\"content-alignment\">\n<div id=\"watch-description\" class=\"yt-uix-button-panel\">\n<div id=\"watch-description-text\" style=\"text-align: center;\">\n<p><em>Zawarto\u015b\u0107 publikowanych artyku\u0142\u00f3w i materia\u0142\u00f3w nie reprezentuje pogl\u0105d\u00f3w ani opinii Reunion&#8217;68,<\/em><em><br \/>\nani te\u017c webmastera Blogu Reunion&#8217;68, chyba ze jest to wyra\u017anie zaznaczone.<br \/>\nTwoje uwagi, linki, w\u0142asne artyku\u0142y lub wiadomo\u015bci prze\u015blij na adres:<br \/>\n<\/em><span style=\"color: #000080;\"><strong><em><a style=\"color: #000080;\" href=\"mailto:webmaster@reunion68.com\"><span style=\"text-decoration: underline;\">webmaster@reunion68.com<\/span><\/a><\/em><\/strong><\/span><\/p>\n<\/div>\n<\/div>\n<\/div>\n<hr style=\"width: 100%;\">\n","protected":false},"excerpt":{"rendered":"<p>France Set to Recognize Palestinian State Despite Majority of Citizens Opposing the Move, New Survey Shows Ailin Vilches Arguello French President Emmanuel Macron at the Elysee Palace in Paris, France, Sept. 15, 2025. Photo: REUTERS\/Benoit Tessier\/Pool More than 70 percent of the French people oppose President Emmanuel&nbsp;Macron\u2019s plan to recognize a Palestinian state&nbsp;at the United [&hellip;]<\/p>\n","protected":false},"author":1,"featured_media":0,"comment_status":"closed","ping_status":"closed","sticky":false,"template":"","format":"standard","meta":[],"categories":[6],"tags":[33,24],"_links":{"self":[{"href":"https:\/\/www.reunion68.se\/index.php?rest_route=\/wp\/v2\/posts\/124356"}],"collection":[{"href":"https:\/\/www.reunion68.se\/index.php?rest_route=\/wp\/v2\/posts"}],"about":[{"href":"https:\/\/www.reunion68.se\/index.php?rest_route=\/wp\/v2\/types\/post"}],"author":[{"embeddable":true,"href":"https:\/\/www.reunion68.se\/index.php?rest_route=\/wp\/v2\/users\/1"}],"replies":[{"embeddable":true,"href":"https:\/\/www.reunion68.se\/index.php?rest_route=%2Fwp%2Fv2%2Fcomments&post=124356"}],"version-history":[{"count":7,"href":"https:\/\/www.reunion68.se\/index.php?rest_route=\/wp\/v2\/posts\/124356\/revisions"}],"predecessor-version":[{"id":124387,"href":"https:\/\/www.reunion68.se\/index.php?rest_route=\/wp\/v2\/posts\/124356\/revisions\/124387"}],"wp:attachment":[{"href":"https:\/\/www.reunion68.se\/index.php?rest_route=%2Fwp%2Fv2%2Fmedia&parent=124356"}],"wp:term":[{"taxonomy":"category","embeddable":true,"href":"https:\/\/www.reunion68.se\/index.php?rest_route=%2Fwp%2Fv2%2Fcategories&post=124356"},{"taxonomy":"post_tag","embeddable":true,"href":"https:\/\/www.reunion68.se\/index.php?rest_route=%2Fwp%2Fv2%2Ftags&post=124356"}],"curies":[{"name":"wp","href":"https:\/\/api.w.org\/{rel}","templated":true}]}}