{"id":124697,"date":"2025-10-05T17:05:00","date_gmt":"2025-10-05T15:05:00","guid":{"rendered":"https:\/\/www.reunion68.se\/?p=124697"},"modified":"2025-10-04T08:37:13","modified_gmt":"2025-10-04T06:37:13","slug":"04-05-112","status":"publish","type":"post","link":"https:\/\/www.reunion68.se\/?p=124697","title":{"rendered":"Asystentka Franciszka Sterczewskiego: Nikt nie wsiada\u0142 na Flotyll\u0119 po to, \u017ceby zrobi\u0107 sobie selfie"},"content":{"rendered":"<hr>\n<h3 style=\"text-align: center;\"><a href=\"https:\/\/poznan.wyborcza.pl\/\" target=\"_blank\" rel=\"noopener noreferrer\"><img decoding=\"async\" class=\"center alignleft\" src=\"http:\/\/www.reunion68.com\/Biuletyn\/img\/wyborcza.png\" alt=\"\" width=\"35%\"><\/a><span style=\"text-decoration: underline; color: #000080;\"><span><strong><a style=\"color: #000080; text-decoration: underline;\" href=\"https:\/\/poznan.wyborcza.pl\/poznan\/7,36001,32297376,asystentka-franka-sterczewskiego-nikt-nie-wsiadal-na-flotylle.html\" target=\"_blank\" rel=\"noopener noreferrer\">Asystentka Franciszka Sterczewskiego: Nikt nie wsiada\u0142 na Flotyll\u0119 po to, \u017ceby zrobi\u0107 sobie selfie<\/a><\/strong><\/span><\/span><\/h3>\n<p style=\"text-align: center;\"><span style=\"color: #000000;\"><strong>Marta Ka\u017amierska<\/strong><\/span><\/p>\n<hr style=\"height: 15px; background: #d0e6fa; width: 100%;\">\n<p style=\"text-align: center;\"><img decoding=\"async\" class=\"aligncenter\" src=\"https:\/\/bi.im-g.pl\/im\/8a\/cd\/1e\/z32297610AMP,Demonstracja-propalestynska--z-mikrofonem-Marysia-.jpg\" width=\"100%\"><span style=\"color: #808080;\"><em>Demonstracja propalesty\u0144ska, z mikrofonem Marysia D\u0105bek, Pozna\u0144, 2 pa\u017adziernika 2025 r. (Marta Ka\u017amierska)<\/em><\/span><\/p>\n<h4><strong>Ka\u017cdy, kto tam pop\u0142yn\u0105\u0142, zrobi\u0142 to z poczucia przyzwoito\u015bci. Obowi\u0105zkiem polityk\u00f3w jest dzia\u0142a\u0107, a nie siedzie\u0107 z za\u0142o\u017conymi r\u0119kami &#8211; m\u00f3wi\u0142a na demonstracji w Poznaniu Maria D\u0105bek, asystentka pos\u0142a Franciszka Sterczewskiego.<\/strong><\/h4>\n<p class=\"text--paragraph\"><span style=\"color: #000080;\">Pozna\u0144ski Stary Rynek, czwartkowe popo\u0142udnie. Tu\u017c obok Galerii Miejskiej Arsena\u0142 g\u0119stnieje t\u0142um ludzi. Ci, kt\u00f3rzy przyszli, maj\u0105 palesty\u0144skie flagi i chusty, a na transparentach i banerach has\u0142a nawo\u0142uj\u0105ce do zaprzestania konfliktu zbrojnego w Gazie. &#8220;Zabijanie dzieci to nie jest samoobrona&#8221;, &#8220;Pozna\u0144 z Palestyn\u0105&#8221; &#8211; mo\u017cna przeczyta\u0107 na niekt\u00f3rych z nich.<\/span><\/p>\n<h4 class=\"text--title font-head-700\"><strong>Protest w Poznaniu po zatrzymaniu Flotylli&nbsp;Sumund<\/strong><\/h4>\n<p class=\"text--paragraph\"><span style=\"color: #000080;\">Chwil\u0119 po godz. 18 wok\u00f3\u0142 pomnika \u015bw. Jana Nepomucena jest ju\u017c ponad setka os\u00f3b. To cz\u0119\u015b\u0107 wi\u0119kszego og\u00f3lnopolskiego protestu, kt\u00f3ry odbywa si\u0119 w tym samym czasie tak\u017ce w innych miastach. Pow\u00f3d? W&nbsp;\u015brod\u0119 01 pa\u017adziernika&nbsp;<a id=\"LinkArea:embed_link\" class=\"text--link \" style=\"color: #000080;\" title=\"na platformach spo\u0142eczno\u015bciowych Flotylli Sumund udost\u0119pniono szereg materia\u0142\u00f3w wideo przedstawiaj\u0105cych izraelskich \u017co\u0142nierzy przejmuj\u0105cych cz\u0119\u015b\u0107 \u0142odzi zmierzaj\u0105cych w kierunku Gazy. \" href=\"https:\/\/wyborcza.pl\/7,75399,32294886,wciaz-plyniemy-mimo-izraelskich-przechwycen-flotylla-wolnosci.html#s=S.embed_link-K.C-B.1-L.1.zw\" rel=\"dofollow\" data-bd-viewability=\"1\" data-bd-viewability-id=\"embed_link\" data-bd-viewability-href=\"https:\/\/wyborcza.pl\/7,75399,32294886,wciaz-plyniemy-mimo-izraelskich-przechwycen-flotylla-wolnosci.html#s=S.embed_link-K.C-B.1-L.1.zw\">na platformach spo\u0142eczno\u015bciowych Flotylli Sumund udost\u0119pniono szereg materia\u0142\u00f3w wideo przedstawiaj\u0105cych izraelskich \u017co\u0142nierzy przejmuj\u0105cych cz\u0119\u015b\u0107 \u0142odzi zmierzaj\u0105cych w kierunku Gazy.&nbsp;<\/a>W nocy ze \u015brody na czwartek z niekt\u00f3rymi statkami p\u0142yn\u0105cymi w konwoju z humanitarn\u0105 misj\u0105 urwa\u0142a si\u0119 \u0142\u0105czno\u015b\u0107. Przerwany zosta\u0142 te\u017c szereg transmisji na \u017cywo dokumentuj\u0105cych podr\u00f3\u017c.<\/span><\/p>\n<p><span style=\"color: #000080;\">W trakcie akcji si\u0142 Izraela przej\u0119tych mia\u0142o zosta\u0107 co najmniej 13 \u0142odzi. Aresztowano oko\u0142o 200 os\u00f3b, w tym szwedzk\u0105 aktywistk\u0119 Gret\u0119 Thunberg. W\u015br\u00f3d nich by\u0142o tak\u017ce czworo Polak\u00f3w, m.in. pochodz\u0105cy z Poznania pose\u0142 Franciszek Sterczewski. On sam wrzuci\u0142 na Instagram nagranie informuj\u0105ce o jego &#8220;porwaniu&#8221;.<\/span><\/p>\n<h4 class=\"text--title font-head-700\"><strong>Asystentka Franciszka Sterczewskiego:&nbsp;Nikt nie wsiada\u0142 na Flotyll\u0119, \u017ceby zrobi\u0107 sobie wakacje<\/strong><\/h4>\n<p class=\"text--paragraph\"><span style=\"color: #000080;\">&nbsp;&#8211; Te emocje, kt\u00f3re s\u0105 we mnie od paru dni, kiedy ju\u017c wiedzieli\u015bmy, \u017ce Flotylla b\u0119dzie przechwycona na dniach, s\u0105 straszne. To jest ci\u0105g\u0142e napi\u0119cie. Nie wyobra\u017cam sobie, jak straszne emocje siedz\u0105 w tych, kt\u00f3rzy t\u0105 Flotyll\u0105 p\u0142yn\u0119li &#8211; m\u00f3wi\u0142a Maria D\u0105bek.<\/span><\/p>\n<p class=\"text--paragraph\"><span style=\"color: #000080;\">&nbsp;&#8211; Jestem dumna, \u017ce mog\u0119 pracowa\u0107 z kim\u015b, kto zdecydowa\u0142 si\u0119 pop\u0142yn\u0105\u0107 do Gazy. Bardzo cz\u0119sto dostajemy dzi\u015b na r\u00f3\u017cne kana\u0142y pytanie: &#8220;Po co tam pop\u0142yn\u0105\u0142e\u015b? Przecie\u017c MSZ odradza\u0142o, b\u0119dziemy p\u0142aci\u0107 za twoj\u0105 ewakuacj\u0119&#8221;. Ja z ch\u0119ci\u0105 z moich podatk\u00f3w zap\u0142ac\u0119 &#8211; stwierdzi\u0142a asystentka Sterczewskiego. &#8211; Nikt nie wsiada\u0142 na t\u0119 Flotyll\u0119 po to, \u017ceby zrobi\u0107 sobie selfie. \u017beby poczu\u0107, jak trz\u0119sie si\u0119 ziemia, kiedy dooko\u0142a ciebie lataj\u0105 drony, kiedy \u015bpisz w ciuchach i butach, bo ci\u0105gle zastanawiasz si\u0119, czy to b\u0119dzie teraz, czy za godzin\u0119, czy za dwie, czy jutro. Nikt nie wsiada\u0142 na t\u0119 flotyll\u0119 po to, \u017ceby zrobi\u0107 sobie wakacje. Ka\u017cdy, kto na ni\u0105 wsiad\u0142, zrobi\u0142 to z poczucia przyzwoito\u015bci. Na ile rozumiem motywacje Franka, to by\u0142o poczucie, \u017ce trzeba co\u015b zrobi\u0107. I \u017ce obowi\u0105zkiem polityk\u00f3w jest dzia\u0142a\u0107, a nie siedzie\u0107 z za\u0142o\u017conymi r\u0119kami &#8211; m\u00f3wi\u0142a Maria D\u0105bek.<\/span><\/p>\n<h4 class=\"text--title font-head-700\"><span style=\"color: #000000;\"><strong>Protest w Poznaniu po zatrzymaniu Flotylli. &#8220;Zale\u017cy nam na ich powrocie. Ale bardziej na zawieszeniu broni&#8221;<\/strong><\/span><\/h4>\n<p class=\"text--paragraph\"><span style=\"color: #000080;\">Zaznaczy\u0142a, \u017ce z ryzykownej wyprawy nie ma w tej chwili \u017cadnych korzy\u015bci. &#8211; Wr\u0119cz przeciwnie &#8211; w tym momencie mam wra\u017cenie, \u017ce oni maj\u0105 przegwizdane. Siedz\u0105 &#8211; mam nadziej\u0119 &#8211; w jakim\u015b odosobnieniu, nie wiemy, co si\u0119 z nimi dzieje. Z komunikat\u00f3w MSZ wynika, \u017ce nikt nie ucierpia\u0142 i wszyscy s\u0105 wzgl\u0119dnie bezpieczni. Na ile jednak mo\u017cna by\u0107 bezpiecznym w areszcie pa\u0144stwa, kt\u00f3re kilkadziesi\u0105t kilometr\u00f3w dalej dokonuje ludob\u00f3jstwa? &#8211; m\u00f3wi\u0142a D\u0105bek.<\/span><\/p>\n<p class=\"text--paragraph\"><span style=\"color: #000080;\">&#8211; Zale\u017cy nam na tym, \u017ceby oni wszyscy wr\u00f3cili bezpiecznie do domu. Ale jeszcze bardziej zale\u017cy nam na zawieszeniu broni. Na sko\u0144czeniu z ludob\u00f3jstwem i wpuszczeniu pomocy humanitarnej do Gazy. I \u017ceby wreszcie kto\u015b zauwa\u017cy\u0142, \u017ce Palesty\u0144czycy nie s\u0105 grup\u0105, kt\u00f3r\u0105 mo\u017cna przepchn\u0105\u0107 z miejsca na miejsce &#8211; podkre\u015bli\u0142a asystentka pos\u0142a z Poznania.<\/span><\/p>\n<p class=\"text--paragraph\"><span style=\"color: #000080;\">Organizatorzy protestu w niedziel\u0119 na Placu Wolno\u015bci b\u0119d\u0105 odczytywa\u0107 imiona i nazwiska dzieci, kt\u00f3re ponios\u0142y \u015bmier\u0107 w Gazie. Czytanie listy zacznie si\u0119 o godz. 9 i potrwa 12 godzin.<\/span><\/p>\n<hr>\n<p class=\"text--paragraph\"><span style=\"color: #808080;\"><i>Red. M. Nogaj<\/i><\/span><\/p>\n<hr style=\"height: 15px; background: #d0e6fa; width: 100%;\">\n<div id=\"content\" class=\"content-alignment\">\n<div id=\"watch-description\" class=\"yt-uix-button-panel\">\n<div id=\"watch-description-text\" style=\"text-align: center;\">\n<p><em>Zawarto\u015b\u0107 publikowanych artyku\u0142\u00f3w i materia\u0142\u00f3w nie reprezentuje pogl\u0105d\u00f3w ani opinii Reunion&#8217;68,<\/em><em><br \/>\nani te\u017c webmastera Blogu Reunion&#8217;68, chyba ze jest to wyra\u017anie zaznaczone.<br \/>\nTwoje uwagi, linki, w\u0142asne artyku\u0142y lub wiadomo\u015bci prze\u015blij na adres:<br \/>\n<\/em><span style=\"color: #000080;\"><strong><em><a style=\"color: #000080;\" href=\"mailto:webmaster@reunion68.com\"><span style=\"text-decoration: underline;\">webmaster@reunion68.com<\/span><\/a><\/em><\/strong><\/span><\/p>\n<\/div>\n<\/div>\n<\/div>\n<hr style=\"width: 100%;\">\n","protected":false},"excerpt":{"rendered":"<p>Asystentka Franciszka Sterczewskiego: Nikt nie wsiada\u0142 na Flotyll\u0119 po to, \u017ceby zrobi\u0107 sobie selfie Marta Ka\u017amierska Demonstracja propalesty\u0144ska, z mikrofonem Marysia D\u0105bek, Pozna\u0144, 2 pa\u017adziernika 2025 r. (Marta Ka\u017amierska) Ka\u017cdy, kto tam pop\u0142yn\u0105\u0142, zrobi\u0142 to z poczucia przyzwoito\u015bci. Obowi\u0105zkiem polityk\u00f3w jest dzia\u0142a\u0107, a nie siedzie\u0107 z za\u0142o\u017conymi r\u0119kami &#8211; m\u00f3wi\u0142a na demonstracji w Poznaniu Maria [&hellip;]<\/p>\n","protected":false},"author":1,"featured_media":0,"comment_status":"closed","ping_status":"closed","sticky":false,"template":"","format":"standard","meta":[],"categories":[6],"tags":[33,24],"_links":{"self":[{"href":"https:\/\/www.reunion68.se\/index.php?rest_route=\/wp\/v2\/posts\/124697"}],"collection":[{"href":"https:\/\/www.reunion68.se\/index.php?rest_route=\/wp\/v2\/posts"}],"about":[{"href":"https:\/\/www.reunion68.se\/index.php?rest_route=\/wp\/v2\/types\/post"}],"author":[{"embeddable":true,"href":"https:\/\/www.reunion68.se\/index.php?rest_route=\/wp\/v2\/users\/1"}],"replies":[{"embeddable":true,"href":"https:\/\/www.reunion68.se\/index.php?rest_route=%2Fwp%2Fv2%2Fcomments&post=124697"}],"version-history":[{"count":7,"href":"https:\/\/www.reunion68.se\/index.php?rest_route=\/wp\/v2\/posts\/124697\/revisions"}],"predecessor-version":[{"id":124752,"href":"https:\/\/www.reunion68.se\/index.php?rest_route=\/wp\/v2\/posts\/124697\/revisions\/124752"}],"wp:attachment":[{"href":"https:\/\/www.reunion68.se\/index.php?rest_route=%2Fwp%2Fv2%2Fmedia&parent=124697"}],"wp:term":[{"taxonomy":"category","embeddable":true,"href":"https:\/\/www.reunion68.se\/index.php?rest_route=%2Fwp%2Fv2%2Fcategories&post=124697"},{"taxonomy":"post_tag","embeddable":true,"href":"https:\/\/www.reunion68.se\/index.php?rest_route=%2Fwp%2Fv2%2Ftags&post=124697"}],"curies":[{"name":"wp","href":"https:\/\/api.w.org\/{rel}","templated":true}]}}