{"id":124762,"date":"2025-10-08T17:09:00","date_gmt":"2025-10-08T15:09:00","guid":{"rendered":"https:\/\/www.reunion68.se\/?p=124762"},"modified":"2025-10-08T07:44:42","modified_gmt":"2025-10-08T05:44:42","slug":"06-00-120","status":"publish","type":"post","link":"https:\/\/www.reunion68.se\/?p=124762","title":{"rendered":"7 pa\u017adziernika \u2013 dwa lata p\u00f3\u017aniej"},"content":{"rendered":"<p style=\"text-align: center;\"><img decoding=\"async\" class=\"aligncenter\" src=\"https:\/\/armenpress.am\/resized\/1600\/static\/news\/b\/2017\/02\/878152.jpg\" width=\"80%\"><span style=\"color: #808080;\"><em>Cz\u0142owiek, kt\u00f3ry nie pojawi\u0142 si\u0119 w pr\u00f3\u017cni. (\u0179r\u00f3d\u0142o zdj\u0119cia: Wikipedia)<\/em><\/span><\/p>\n<hr>\n<h3 style=\"text-align: center;\"><a href=\"https:\/\/www.listyznaszegosadu.pl\/\" target=\"_blank\" rel=\"noopener noreferrer\"><img decoding=\"async\" class=\"center alignleft\" src=\"http:\/\/www.reunion68.com\/Biuletyn\/img\/z-naszego.jpg\" alt=\"\" width=\"50%\"><\/a><span style=\"text-decoration: underline; color: #000080;\"><strong><a style=\"color: #000080; text-decoration: underline;\" href=\"https:\/\/www.listyznaszegosadu.pl\/brunatna-fala\/7-pazdziernika-dwa-lata-palzniej\" target=\"_blank\" rel=\"noopener noreferrer\">7 pa\u017adziernika \u2013 dwa lata p\u00f3\u017aniej<\/a><\/strong><\/span><\/h3>\n<p style=\"text-align: center;\"><span style=\"color: #000000;\"><strong>Andrzej Koraszewski<\/strong><\/span><\/p>\n<hr style=\"height: 15px; background: #d0e6fa; width: 100%;\">\n<p><span style=\"color: #000080;\">Tak, min\u0119\u0142y dwa lata od tamtego ludob\u00f3jczego ataku Palesty\u0144czyk\u00f3w. Ant\u00f3nio Manuel de Oliveira Guterres, dziedzic p\u0142aszcza austriackiego nazisty Kurta Waldheima, natychmiast s\u0142usznie zauwa\u017cy\u0142, \u017ce \u201eto nie wydarzy\u0142o si\u0119 w pr\u00f3\u017cni\u201d. O, nie \u2013 to nie wydarzy\u0142o si\u0119 w pr\u00f3\u017cni. Nie od razu zbudowano nazistowsk\u0105 twierdz\u0119 w Gazie \u2013 z jej setkami kilometr\u00f3w tuneli terroru, z jej szpitalami i meczetami przemienionymi w arsena\u0142y broni, z jej szko\u0142ami kryj\u0105cymi wej\u015bcia do tuneli i kszta\u0142c\u0105cymi dzieci z wypranymi m\u00f3zgami sadyst\u00f3w. To nie wydarzy\u0142o si\u0119 w pr\u00f3\u017cni, a minione dwa lata s\u0105 \u015bwiadectwem ci\u0105gle rosn\u0105cej mi\u0142o\u015bci \u015bwiata do nazist\u00f3w.<\/span><\/p>\n<p data-start=\"798\" data-end=\"1593\"><span style=\"color: #000080;\">Dzi\u015b to Izrael, a nie Hamas, oskar\u017cany jest o ludob\u00f3jstwo, o zabijanie dzieci, o rzekome g\u0142odzenie biednych Palesty\u0144czyk\u00f3w. Uprzejme pro\u015bby o wskazanie w ca\u0142ej historii konflikt\u00f3w zbrojnych jednego przypadku takiego zaopatrywania wrogiej populacji w \u017cywno\u015b\u0107 i medykamenty, jaki widzimy w Gazie, s\u0105 oczywi\u015bcie zbywane pogardliwym milczeniem. Te dwa lata okaza\u0142y si\u0119 latami troskliwego budowania nienawi\u015bci do \u017cydowskiego pa\u0144stwa. Czasami szerz\u0105ce t\u0119 nienawi\u015b\u0107 kreatury ukrywaj\u0105 swoj\u0105 mi\u0142o\u015b\u0107 do nazist\u00f3w za lamentami nad grobami pomordowanych przed dziesi\u0105tkami lat. Ta mi\u0142o\u015b\u0107 do martwych \u017byd\u00f3w, maj\u0105ca zamaskowa\u0107 solidarno\u015b\u0107 z tymi, kt\u00f3rzy deklaruj\u0105 i demonstruj\u0105 gotowo\u015b\u0107 zamordowania jeszcze \u017cywych, jest szczeg\u00f3lnie obrzydliwa. Kefija, ta swastyka hipsters\u00f3w, sta\u0142a si\u0119 dzi\u015b sztandarem \u015bwiata.<\/span><\/p>\n<p><span style=\"color: #000080;\">Michael Starr, izraelski \u017co\u0142nierz rezerwy, kt\u00f3ry dwa lata temu wszed\u0142 ze swoj\u0105 jednostk\u0105 do kibucu Kissufim, opisuje sceny rzezi \u2014 krew rozmazan\u0105 na \u015bcianach, cia\u0142a terroryst\u00f3w le\u017c\u0105ce na ulicach, od\u00f3r gnij\u0105cych zw\u0142ok wnikaj\u0105cy w ka\u017cdy zak\u0105tek kibucu.<\/span><br data-start=\"1845\" data-end=\"1848\"><span style=\"color: #000080;\">Jak&nbsp;<a style=\"color: #000080;\" href=\"https:\/\/www.jpost.com\/diaspora\/article-869545\">pisze<\/a>:<\/span><\/p>\n<blockquote>\n<p style=\"text-align: left;\"><strong>Dla wielu to wci\u0105\u017c jakby by\u0142o wczoraj, a jednocze\u015bnie ta rana j\u0105trzy si\u0119, jakby nie by\u0142a leczona przez ca\u0142e \u017cycie. Dopiero co wchodzi\u0142em do Kissufim, by oczy\u015bci\u0107 je z terroryst\u00f3w \u2014 a straci\u0142em dwa lata \u017cycia. Nagle mam siwe w\u0142osy, os\u0142abiony s\u0142uch, ale nigdy nie mia\u0142em czasu, by si\u0119 zestarze\u0107. Najd\u0142u\u017cszy dzie\u0144 sta\u0142 si\u0119 najd\u0142u\u017cszym tygodniem, a potem najd\u0142u\u017cszym rokiem.<\/strong><\/p>\n<\/blockquote>\n<p style=\"text-align: left;\" data-start=\"2233\" data-end=\"2562\"><span style=\"color: #000080;\">Trauma rodzin porwanych, trauma tych, kt\u00f3rych zdo\u0142ano odzyska\u0107 \u017cywych \u2013 za cen\u0119 uwolnienia morderc\u00f3w przysi\u0119gaj\u0105cych, \u017ce b\u0119d\u0105 mordowa\u0107 dalej \u2013 trauma ca\u0142ego narodu, gdzie wyprawa po bu\u0142ki na \u015bniadanie mo\u017ce zako\u0144czy\u0107 si\u0119 \u015bmiertelnym atakiem no\u017cownika, taranowaniem samochodem czy uderzeniem rakiety wystrzelonej ze szkolnego okna.<\/span><\/p>\n<p style=\"text-align: left;\" data-start=\"2564\" data-end=\"2913\"><span style=\"color: #000080;\">Mog\u0142oby si\u0119 zdawa\u0107, \u017ce ca\u0142y \u015bwiat powinien dzi\u015b domaga\u0107 si\u0119 ostatecznego zniszczenia nie tylko tej nazistowskiej twierdzy, ale ruchu zmierzaj\u0105cego do ostatecznego rozwi\u0105zania kwestii \u017cydowskiej. O nie \u2013 miliony Grupi\u0144skich, z wsparciem tysi\u0119cy Leociak\u00f3w, domagaj\u0105 si\u0119 aresztowania premiera Netanjahu na wniosek prokuratora Karima Asada Ahmada Khana.<\/span><\/p>\n<p style=\"text-align: left;\" data-start=\"2915\" data-end=\"3068\"><span style=\"color: #000080;\">Oczywi\u015bcie, izraelski premier jest winien pr\u00f3by ca\u0142kowitego demonta\u017cu nazistowskiej twierdzy, kt\u00f3ra jest zaledwie forpoczt\u0105 d\u017cihadu przeciwko niewiernym.<\/span><\/p>\n<p style=\"text-align: left;\" data-start=\"3070\" data-end=\"3257\"><span style=\"color: #000080;\">\u015awi\u0119ta wojna. Jak bardzo \u015bwi\u0119ta? Dla kogo \u015bwi\u0119ta? Przez kogo u\u015bwi\u0119cona? Dlaczego w tej \u015bwi\u0119tej wojnie pierwszym i najbardziej \u015bwi\u0119tym celem jest ostateczne rozwi\u0105zanie kwestii \u017cydowskiej?<\/span><\/p>\n<p style=\"text-align: left;\" data-start=\"3259\" data-end=\"3735\"><span style=\"color: #000080;\">Izraelski arabista, profesor Mordechai Kedar, pisze, \u017ce g\u0142\u00f3wn\u0105 przeszkod\u0105 na drodze do pokoju mi\u0119dzy Izraelem a Palesty\u0144czykami wcale nie jest polityka.<\/span><\/p>\n<blockquote>\n<p style=\"text-align: left;\"><strong>Z uwagi na si\u0142\u0119 czynnika religijnego i s\u0142abo\u015b\u0107 czynnika narodowego, akceptacja rozwi\u0105zania dwupa\u0144stwowego przez Palesty\u0144czyk\u00f3w jest niemal niemo\u017cliwa. Niepodleg\u0142o\u015b\u0107 narodowa ma ograniczony urok, a wszystko, co nie oznacza ca\u0142kowitego zwyci\u0119stwa nad pa\u0144stwem \u017cydowskim, nie zaspokaja potrzeby triumfu islamu nad judaizmem.<\/strong><\/p>\n<\/blockquote>\n<p style=\"text-align: left;\" data-start=\"3737\" data-end=\"4244\"><span style=\"color: #000080;\">Zachodni obserwatorzy maj\u0105 tendencj\u0119 do ignorowania religijnego aspektu \u015bwiata muzu\u0142ma\u0144skiego, traktuj\u0105c go jako spraw\u0119 drugorz\u0119dn\u0105 lub czysto retoryczn\u0105. W rzeczywisto\u015bci nawet takie ugrupowania jak Fatah \u2013 pos\u0142uguj\u0105ce si\u0119 cz\u0119sto \u015bwieck\u0105, nacjonalistyczn\u0105 retoryk\u0105 \u2013 s\u0105 g\u0142\u0119boko przesi\u0105kni\u0119te islamskimi przekonaniami i sposobem my\u015blenia. Dla Palesty\u0144czyk\u00f3w aspiracje narodowe i religijne s\u0105 nieroz\u0142\u0105czne, a dla wielu z nich blisko\u015b\u0107 Hamasu z islamem nadaje mu wi\u0119ksz\u0105 legitymacj\u0119 jako ruchowi politycznemu.<\/span><\/p>\n<p style=\"text-align: left;\" data-start=\"4246\" data-end=\"4440\"><span style=\"color: #000080;\">Gaza jest forpoczt\u0105, mityczna \u201ePalestyna\u201d jest tylko forpoczt\u0105 d\u017cihadu przeciw niewiernym, w kt\u00f3rym zwyci\u0119stwo nad \u017bydami jest tylko niezb\u0119dnym i \u2013 na tym etapie \u2013 najbardziej upragnionym celem.<\/span><\/p>\n<p style=\"text-align: left;\" data-start=\"4442\" data-end=\"5197\"><span style=\"color: #000080;\">Pisze dalej ten izraelski arabista, \u017ce Hamas i inne ugrupowania powi\u0105zane z Bractwem Muzu\u0142ma\u0144skim pos\u0142uguj\u0105 si\u0119 ustalonym zestawem pogl\u0105d\u00f3w na temat \u017byd\u00f3w i judaizmu, kt\u00f3ry czyni jakikolwiek kompromis czy wzajemne uznanie pa\u0144stwa \u017cydowskiego nie do przyj\u0119cia. Pojawienie si\u0119 islamu w VII wieku uniewa\u017cni\u0142o judaizm. Wyznawcy tej wypieranej religii nie stanowi\u0105 narodu ani ludu. Dlatego istnienie pa\u0144stwa \u017cydowskiego jest sprzeczne z prawami Boga. Dodajmy, \u017ce dok\u0142adnie to samo zapisane jest w konstytucji Islamskiej Republiki Iranu. Religijny nakaz walki z niewiernymi musi si\u0119 zacz\u0105\u0107 od ludob\u00f3jstwa, bo tego wymaga B\u00f3g. Dlatego 7 pa\u017adziernika jest celebrowany, a ofiary z w\u0142asnych ludzi sk\u0142adane s\u0105 na o\u0142tarzach jako niezb\u0119dne na drodze do sukcesu Allaha.<\/span><\/p>\n<blockquote>\n<p style=\"text-align: left;\" data-start=\"5199\" data-end=\"5477\"><strong>Religijne postrzeganie le\u017cy r\u00f3wnie\u017c u podstaw wrogo\u015bci wobec Izraela w\u015br\u00f3d pozosta\u0142ych narod\u00f3w arabskich i muzu\u0142man\u00f3w na ca\u0142ym \u015bwiecie. Dlatego Palesty\u0144czycy czuj\u0105, \u017ce uznanie Izraela jako pa\u0144stwa narodu \u017cydowskiego by\u0142oby zdrad\u0105 islamu i przynios\u0142oby im pogard\u0119 wsp\u00f3\u0142wyznawc\u00f3w.<\/strong><\/p>\n<\/blockquote>\n<p style=\"text-align: left;\" data-start=\"5479\" data-end=\"5644\"><span style=\"color: #000080;\">Kefija jest dzi\u015b symbolem d\u017cihadu. Palesty\u0144czykom wyznaczono rol\u0119 ps\u00f3w tej religijnej wojny, w kt\u00f3rej mord, terror, sadyzm, gwa\u0142t i dzieciob\u00f3jstwo zosta\u0142y u\u015bwi\u0119cone.<\/span><\/p>\n<p style=\"text-align: left;\" data-start=\"5646\" data-end=\"5920\"><span style=\"color: #000080;\">Czemu jednak z tym d\u017cihadem przeciwko \u017bydom sympatyzuj\u0105 miliony ludzi, kt\u00f3rzy nigdy nie byli indoktrynowani przez religi\u0119 Mahometa? Czemu 7 pa\u017adziernika 2023 roku wywo\u0142a\u0142 religijn\u0105 nienawi\u015b\u0107 do pa\u0144stwa \u017cydowskiego w\u015br\u00f3d ateist\u00f3w ameryka\u0144skich, europejskich i australijskich?<\/span><\/p>\n<p style=\"text-align: left;\" data-start=\"5922\" data-end=\"6210\"><span style=\"color: #000080;\">Widz\u0105c t\u0119 odra\u017caj\u0105c\u0105 orgi\u0119, by\u0142a muzu\u0142manka Ayaan Hirsi Ali porzuci\u0142a ateizm i nawr\u00f3ci\u0142a si\u0119 na chrze\u015bcija\u0144stwo. Zastanawiam si\u0119, jak\u0105 chrze\u015bcijank\u0105 jest Ayaan, dlaczego szuka dzi\u015b cz\u0142owiecze\u0144stwa raczej w tradycji chrze\u015bcija\u0144skiej ni\u017c w\u015br\u00f3d bestii, kt\u00f3re ubra\u0142y sw\u00f3j \u201ehumanizm\u201d w kefije?<\/span><\/p>\n<p style=\"text-align: left;\" data-start=\"6212\" data-end=\"6785\"><span style=\"color: #000080;\">Richard Dawkins o\u015bwiadczy\u0142, \u017ce jest kulturowym chrze\u015bcijaninem \u2013 motywuje to tym, \u017ce lubi architektur\u0119 katedr, psalmy i atmosfer\u0119 tradycji. Odrzuci\u0142 Boga, ale nie widzi powodu do odrzucenia tradycji. Podobnie jak on, czuj\u0119 si\u0119 kulturowym chrze\u015bcijaninem, ale motywowa\u0142bym to inaczej. W\u015br\u00f3d moich wzor\u00f3w moralnych dominuj\u0105 wierz\u0105cy chrze\u015bcijanie, kt\u00f3rzy odzierali chrze\u015bcija\u0144stwo z jego barbarzy\u0144stwa. To chrze\u015bcija\u0144skie barbarzy\u0144stwo by\u0142o od pierwszych dni naznaczone religijnym antyjudaizmem. Postrzeganie \u017byda jako wzorca antybli\u017aniego mia\u0142o oferowa\u0107 drog\u0119 do zwyci\u0119stwa.<\/span><\/p>\n<p style=\"text-align: left;\" data-start=\"6787\" data-end=\"7244\"><span style=\"color: #000080;\">Dlaczego ta najbardziej nieludzka tradycja chrze\u015bcija\u0144skiej barbarii zosta\u0142a zachowana w postchrze\u015bcija\u0144skim \u015bwiecie przez chmary ateistycznych zwyrodnialc\u00f3w? Dlaczego ci atei\u015bci dysz\u0105 mi\u0142o\u015bci\u0105 do fanatycznych islamskich d\u017cihadyst\u00f3w, udaj\u0105c, \u017ce to jest jakie\u015b wsp\u00f3\u0142czucie dla niewinnych Palesty\u0144czyk\u00f3w? Czy odpowiedzi m\u00f3g\u0142by tu udzieli\u0107 Ant\u00f3nio Manuel de Oliveira Guterres \u2013 nosz\u0105cy imiona portugalskiego faszysty i portugalskiego kr\u00f3la, kt\u00f3ry wygna\u0142 \u017byd\u00f3w?<\/span><\/p>\n<p style=\"text-align: left;\" data-start=\"7246\" data-end=\"7510\"><span style=\"color: #000080;\">Tradycja i atrakcja nieludzkiej barbarii od\u017cy\u0142a na wie\u015b\u0107, \u017ce 7 pa\u017adziernika 2023 roku tak wspaniale uda\u0142a si\u0119 orgia mord\u00f3w. Z nor wylaz\u0142y szczury roznosz\u0105ce zaraz\u0119. Nie pojawi\u0142y si\u0119 w pr\u00f3\u017cni \u2013 znalaz\u0142y podatny \u015bwiat, w kt\u00f3rym zaraza mo\u017ce zn\u00f3w zbiera\u0107 obfite \u017cniwo.<\/span><\/p>\n<hr style=\"height: 15px; background: #d0e6fa; width: 100%;\">\n<div id=\"content\" class=\"content-alignment\">\n<div id=\"watch-description\" class=\"yt-uix-button-panel\">\n<div id=\"watch-description-text\" style=\"text-align: center;\">\n<p><em>Zawarto\u015b\u0107 publikowanych artyku\u0142\u00f3w i materia\u0142\u00f3w nie reprezentuje pogl\u0105d\u00f3w ani opinii Reunion&#8217;68,<\/em><em><br \/>\nani te\u017c webmastera Blogu Reunion&#8217;68, chyba ze jest to wyra\u017anie zaznaczone.<br \/>\nTwoje uwagi, linki, w\u0142asne artyku\u0142y lub wiadomo\u015bci prze\u015blij na adres:<br \/>\n<\/em><span style=\"color: #000080;\"><strong><em><a style=\"color: #000080;\" href=\"mailto:webmaster@reunion68.com\"><span style=\"text-decoration: underline;\">webmaster@reunion68.com<\/span><\/a><\/em><\/strong><\/span><\/p>\n<\/div>\n<\/div>\n<\/div>\n<hr style=\"width: 100%;\">\n","protected":false},"excerpt":{"rendered":"<p>Cz\u0142owiek, kt\u00f3ry nie pojawi\u0142 si\u0119 w pr\u00f3\u017cni. (\u0179r\u00f3d\u0142o zdj\u0119cia: Wikipedia) 7 pa\u017adziernika \u2013 dwa lata p\u00f3\u017aniej Andrzej Koraszewski Tak, min\u0119\u0142y dwa lata od tamtego ludob\u00f3jczego ataku Palesty\u0144czyk\u00f3w. Ant\u00f3nio Manuel de Oliveira Guterres, dziedzic p\u0142aszcza austriackiego nazisty Kurta Waldheima, natychmiast s\u0142usznie zauwa\u017cy\u0142, \u017ce \u201eto nie wydarzy\u0142o si\u0119 w pr\u00f3\u017cni\u201d. O, nie \u2013 to nie wydarzy\u0142o si\u0119 [&hellip;]<\/p>\n","protected":false},"author":1,"featured_media":0,"comment_status":"closed","ping_status":"closed","sticky":false,"template":"","format":"standard","meta":[],"categories":[6],"tags":[33,24],"_links":{"self":[{"href":"https:\/\/www.reunion68.se\/index.php?rest_route=\/wp\/v2\/posts\/124762"}],"collection":[{"href":"https:\/\/www.reunion68.se\/index.php?rest_route=\/wp\/v2\/posts"}],"about":[{"href":"https:\/\/www.reunion68.se\/index.php?rest_route=\/wp\/v2\/types\/post"}],"author":[{"embeddable":true,"href":"https:\/\/www.reunion68.se\/index.php?rest_route=\/wp\/v2\/users\/1"}],"replies":[{"embeddable":true,"href":"https:\/\/www.reunion68.se\/index.php?rest_route=%2Fwp%2Fv2%2Fcomments&post=124762"}],"version-history":[{"count":9,"href":"https:\/\/www.reunion68.se\/index.php?rest_route=\/wp\/v2\/posts\/124762\/revisions"}],"predecessor-version":[{"id":124795,"href":"https:\/\/www.reunion68.se\/index.php?rest_route=\/wp\/v2\/posts\/124762\/revisions\/124795"}],"wp:attachment":[{"href":"https:\/\/www.reunion68.se\/index.php?rest_route=%2Fwp%2Fv2%2Fmedia&parent=124762"}],"wp:term":[{"taxonomy":"category","embeddable":true,"href":"https:\/\/www.reunion68.se\/index.php?rest_route=%2Fwp%2Fv2%2Fcategories&post=124762"},{"taxonomy":"post_tag","embeddable":true,"href":"https:\/\/www.reunion68.se\/index.php?rest_route=%2Fwp%2Fv2%2Ftags&post=124762"}],"curies":[{"name":"wp","href":"https:\/\/api.w.org\/{rel}","templated":true}]}}