{"id":124785,"date":"2025-10-10T17:00:00","date_gmt":"2025-10-10T15:00:00","guid":{"rendered":"https:\/\/www.reunion68.se\/?p=124785"},"modified":"2025-10-09T09:09:11","modified_gmt":"2025-10-09T07:09:11","slug":"09-00-109","status":"publish","type":"post","link":"https:\/\/www.reunion68.se\/?p=124785","title":{"rendered":"German Chancellor: Germany Should Pull Out of Eurovision Song Contest if Israel Is Banned"},"content":{"rendered":"<hr>\n<h3 style=\"text-align: center;\"><a href=\"https:\/\/www.algemeiner.com\/\" target=\"_blank\" rel=\"noopener noreferrer\"><img decoding=\"async\" class=\"center alignleft\" src=\"http:\/\/www.reunion68.com\/Biuletyn\/img\/algem.png\" alt=\"\" width=\"35%\"><\/a><span style=\"text-decoration: underline; color: #000080;\"><span><strong><a style=\"color: #000080; text-decoration: underline;\" href=\"https:\/\/www.algemeiner.com\/2025\/10\/06\/german-chancellor-germany-should-pull-out-eurovision-song-contest-if-israel-banned\/\" target=\"_blank\" rel=\"noopener noreferrer\">German Chancellor: Germany Should Pull Out of Eurovision Song Contest if Israel Is Banned<\/a><\/strong><\/span><\/span><\/h3>\n<p style=\"text-align: center;\"><span style=\"color: #000000;\"><strong>Shiryn Ghermezian<\/strong><\/span><\/p>\n<hr style=\"height: 15px; background: #d0e6fa; width: 100%;\">\n<p style=\"text-align: center;\"><img decoding=\"async\" class=\"aligncenter\" src=\"https:\/\/cdn.zonebourse.com\/static\/resize\/768\/432\/\/images\/reuters\/2025-09\/2025-09-16T062459Z_1_LYNXNPEL8F082_RTROPTP_4_GERMANY-SYNAGOGUE.JPG\" width=\"100%\"><span style=\"color: #808080;\"><em>German Chancellor Friedrich Merz attends celebrations of the newly completed renovation of Reichenbach Strasse synagogue in Munich, Germany, Sept. 15, 2025. Photo: REUTERS\/Angelika Warmuth<\/em><\/span><\/p>\n<p class=\"mb-4 text-lg md:leading-8 break-words\" style=\"text-align: left;\"><span style=\"color: #000080;\">German Chancellor Friedrich Merz said on Sunday that Germany should withdraw its participation in the 2026 Eurovision Song Contest (ESC) if Israel is banned from the international competition.<\/span><\/p>\n<p style=\"text-align: left;\"><span style=\"color: #000080;\">Merz made the comments during an interview on the public broadcaster ARD when he was asked whether Germany should voluntarily pull out of the Eurovision next year if Israel is excluded.<\/span><\/p>\n<p style=\"text-align: left;\"><span style=\"color: #000080;\">\u201cI would support that. I think it\u2019s a scandal that this is even being discussed. Israel belongs there,\u201d he replied, according to the German news agency Deutsche Presse-Agentur (DPA).<\/span><\/p>\n<p style=\"text-align: left;\"><span style=\"color: #000080;\">Merz\u2019s remarks come after Germany\u2019s Culture Minister Wolfram Weimer last month criticized those threatening to withdraw from the 2026 Eurovision contest if Israel participates. Weimer&nbsp;<a style=\"color: #000080;\" href=\"https:\/\/www.algemeiner.com\/2025\/09\/22\/more-countries-speak-out-calls-boycott-israel-2025-eurovision-song-contest\/\" target=\"_blank\" rel=\"noopener\">said<\/a>&nbsp;in part that \u201cthe culture of cancellation is not the solution \u2014 the solution is diversity and cohesion.\u201d<\/span><\/p>\n<p class=\"\" style=\"text-align: left;\" data-v-2a4c3726=\"\" data-v-e580db1b-s=\"\"><span style=\"color: #000080;\">The European Broadcasting Union (EBU), which organizes the ESC, is scheduled to hold&nbsp;<a style=\"color: #000080;\" href=\"https:\/\/www.algemeiner.com\/2025\/09\/26\/ebu-vote-israeli-participation-2026-eurovision\/\" target=\"_blank\" rel=\"noopener\">an online vote<\/a>&nbsp;in November&nbsp;of all its member broadcasters to decide if the&nbsp;<span class=\"highlight\" data-qa-component=\"highlight-text\">Israeli&nbsp;<\/span>public broadcaster KAN should be allowed to participate in the 2026 Eurovision, in light of Israel\u2019s military actions in the Gaza Strip during the ongoing Israel-Hamas war. Kan said in a released&nbsp;<a style=\"color: #000080;\" href=\"https:\/\/www.kan.org.il\/content\/kan-news\/culture\/954536\/\" target=\"_blank\" rel=\"noopener\">statement<\/a>&nbsp;that it hopes the EBU \u201cwill continue to maintain the apolitical, professional, and cultural nature of the competition.\u201d<\/span><\/p>\n<p class=\"\" style=\"text-align: left;\" data-v-2a4c3726=\"\" data-v-e580db1b-s=\"\"><span style=\"color: #000080;\">Next year\u2019s Eurovision is set to take place in Vienna, Austria, in May.&nbsp;KAN recently announced that the singer who will represent Israel in the 2026 Eurovision will be selected again this year through the reality show \u201cThe Next Star,\u201d which is set to air in Israel in the coming weeks. Yuval Raphael represented Israel in this year\u2019s Eurovision competition and came in second place with her song \u201cNew Day Will Rise.\u201d<\/span><\/p>\n<p class=\"\" style=\"text-align: left;\" data-v-2a4c3726=\"\" data-v-e580db1b-s=\"\"><span style=\"color: #000080;\">Organizers of the ESC have been facing growing pressure to bar Israel from the competition, and broadcasters from several countries \u2013 including in Spain, Slovenia, Iceland, Ireland, and the Netherlands \u2013 have threatened to withdraw from the Eurovision if Israel is not banned.&nbsp;<a style=\"color: #000080;\" href=\"https:\/\/www.algemeiner.com\/2025\/09\/22\/more-countries-speak-out-calls-boycott-israel-2025-eurovision-song-contest\/\" target=\"_blank\" rel=\"noopener\">Senior officials in Austria<\/a>&nbsp;have criticized efforts to ban Israel from the competition and the&nbsp;Danish public broadcaster DR also<a style=\"color: #000080;\" href=\"https:\/\/www.algemeiner.com\/2025\/09\/30\/denmarks-national-broadcaster-we-will-not-vote-ban-israel-2026-eurovision-song-contest\/\" target=\"_blank\" rel=\"noopener\">&nbsp;said<\/a>&nbsp;it does not support a boycott of the Jewish state from the competition \u201cas long as they comply with the rules and regulations.\u201d<\/span><\/p>\n<p style=\"text-align: left;\" data-v-2a4c3726=\"\" data-v-e580db1b-s=\"\"><span style=\"color: #000080;\">Poland\u2019s culture minister said she hopes her country will not participate in the 2026 Eurovision if Israel is allowed to partake in the song contest.<\/span><\/p>\n<hr style=\"height: 15px; background: #d0e6fa; width: 100%;\">\n<div id=\"content\" class=\"content-alignment\">\n<div id=\"watch-description\" class=\"yt-uix-button-panel\">\n<div id=\"watch-description-text\" style=\"text-align: center;\">\n<p><em>Zawarto\u015b\u0107 publikowanych artyku\u0142\u00f3w i materia\u0142\u00f3w nie reprezentuje pogl\u0105d\u00f3w ani opinii Reunion&#8217;68,<\/em><em><br \/>\nani te\u017c webmastera Blogu Reunion&#8217;68, chyba ze jest to wyra\u017anie zaznaczone.<br \/>\nTwoje uwagi, linki, w\u0142asne artyku\u0142y lub wiadomo\u015bci prze\u015blij na adres:<br \/>\n<\/em><span style=\"color: #000080;\"><strong><em><a style=\"color: #000080;\" href=\"mailto:webmaster@reunion68.com\"><span style=\"text-decoration: underline;\">webmaster@reunion68.com<\/span><\/a><\/em><\/strong><\/span><\/p>\n<\/div>\n<\/div>\n<\/div>\n<hr style=\"width: 100%;\">\n","protected":false},"excerpt":{"rendered":"<p>German Chancellor: Germany Should Pull Out of Eurovision Song Contest if Israel Is Banned Shiryn Ghermezian German Chancellor Friedrich Merz attends celebrations of the newly completed renovation of Reichenbach Strasse synagogue in Munich, Germany, Sept. 15, 2025. Photo: REUTERS\/Angelika Warmuth German Chancellor Friedrich Merz said on Sunday that Germany should withdraw its participation in the [&hellip;]<\/p>\n","protected":false},"author":1,"featured_media":0,"comment_status":"closed","ping_status":"closed","sticky":false,"template":"","format":"standard","meta":[],"categories":[6],"tags":[33,24],"_links":{"self":[{"href":"https:\/\/www.reunion68.se\/index.php?rest_route=\/wp\/v2\/posts\/124785"}],"collection":[{"href":"https:\/\/www.reunion68.se\/index.php?rest_route=\/wp\/v2\/posts"}],"about":[{"href":"https:\/\/www.reunion68.se\/index.php?rest_route=\/wp\/v2\/types\/post"}],"author":[{"embeddable":true,"href":"https:\/\/www.reunion68.se\/index.php?rest_route=\/wp\/v2\/users\/1"}],"replies":[{"embeddable":true,"href":"https:\/\/www.reunion68.se\/index.php?rest_route=%2Fwp%2Fv2%2Fcomments&post=124785"}],"version-history":[{"count":5,"href":"https:\/\/www.reunion68.se\/index.php?rest_route=\/wp\/v2\/posts\/124785\/revisions"}],"predecessor-version":[{"id":124855,"href":"https:\/\/www.reunion68.se\/index.php?rest_route=\/wp\/v2\/posts\/124785\/revisions\/124855"}],"wp:attachment":[{"href":"https:\/\/www.reunion68.se\/index.php?rest_route=%2Fwp%2Fv2%2Fmedia&parent=124785"}],"wp:term":[{"taxonomy":"category","embeddable":true,"href":"https:\/\/www.reunion68.se\/index.php?rest_route=%2Fwp%2Fv2%2Fcategories&post=124785"},{"taxonomy":"post_tag","embeddable":true,"href":"https:\/\/www.reunion68.se\/index.php?rest_route=%2Fwp%2Fv2%2Ftags&post=124785"}],"curies":[{"name":"wp","href":"https:\/\/api.w.org\/{rel}","templated":true}]}}