{"id":12500,"date":"2015-01-12T19:02:02","date_gmt":"2015-01-12T17:02:02","guid":{"rendered":"http:\/\/www.reunion68.se\/?p=12500"},"modified":"2015-01-12T09:36:43","modified_gmt":"2015-01-12T07:36:43","slug":"12500","status":"publish","type":"post","link":"https:\/\/www.reunion68.se\/?p=12500","title":{"rendered":"Po ataku na Charlie Hebdo: To nie jest ostatni zamach"},"content":{"rendered":"<h5 style=\"text-align: center;\"><a href=\"http:\/\/opinie.newsweek.pl\/\" target=\"_blank\"><img decoding=\"async\" class=\"center alignleft\" src=\"http:\/\/www.reunion68.com\/Biuletyn\/img\/newsweek.jpg\" alt=\"\" \/><\/a><span style=\"text-decoration: underline; color: #000080;\"><span style=\"text-decoration: underline;\"><strong><a style=\"color: #000080; text-decoration: underline;\" href=\"http:\/\/opinie.newsweek.pl\/atak-na-redakcje-charlie-hebdo-w-paryzu-to-nie-ostatni-zamach,artykuly,354684,1.html#utm_source=rasp&amp;utm_medium=click&amp;utm_campaign=kategoria\" target=\"_blank\">Po ataku na Charlie Hebdo: To nie jest ostatni zamach<\/a><\/strong><\/span><\/span><\/h5>\n<p style=\"text-align: center;\"><span style=\"color: #333333;\"><strong>Maciej Nowicki<\/strong><\/span><\/p>\n<hr style=\"height: 15px; background: #d0e6fa; width: 710px;\" \/>\n<div style=\"width: 360px\" class=\"wp-caption alignright\"><img decoding=\"async\" class=\"articleImg\" title=\"M\u0142odzi mieszka\u0144cy Pary\u017ca manifestuj\u0105 swoj\u0105 solidarno\u015b\u0107 z redakcj\u0105 satyrycznego pisma w niemym prote\u015bcie, ajki przeszed\u0142 ulicami miasta  \" src=\"http:\/\/www.newsweek.pl\/g\/i.aspx\/680\/0\/newsweek\/635563116978264675.jpg\" alt=\"FRANCE-SHOOTING\/\" width=\"350\" border=\"0\" \/><p class=\"wp-caption-text\"><span style=\"color: #000080;\">M\u0142odzi mieszka\u0144cy Pary\u017ca manifestuj\u0105 swoj\u0105 solidarno\u015b\u0107 z redakcj\u0105 satyrycznego pisma w niemym prote\u015bcie, ajki przeszed\u0142 ulicami miasta \/ fot. Bobby Yip \/ \u017ar\u00f3d\u0142o: Reuters <\/span><\/p><\/div>\n<p style=\"text-align: left;\"><span style=\"color: #333333;\"><strong>Dla dzieci imigrant\u00f3w Francja oznacza trwa\u0142\u0105 marginalizacj\u0119 i obietnic\u0119 bezrobocia do grobowej deski. Dlatego wybieraj\u0105 islamski radykalizm. I dlatego dojdzie zapewne do kolejnych atak\u00f3w.<\/strong><\/span><\/p>\n<p style=\"text-align: left;\"><span style=\"color: #000080;\">\u201ePom\u015bcili\u015bmy proroka Mahometa. Charlie Hebdo jest martwy\u201d &#8211; krzycza\u0142 jeden z autor\u00f3w zamachu w kt\u00f3rym zgin\u0119\u0142o 12 os\u00f3b, a 20 zosta\u0142o rannych.<\/span><\/p>\n<p style=\"text-align: left;\"><span style=\"color: #000080;\">Atak na redakcj\u0119 satyrycznego magazynu to najbardziej krwawy akt terrorystyczny w historii Francji od ponad 40 lat, ale zamachy islamskich radyka\u0142\u00f3w mia\u0142y ju\u017c miejsce wcze\u015bniej. Dwa lata temu muzu\u0142ma\u0144ski ekstremista i obywatel Francji, Mohamed Merah zabi\u0142 w Tuluzie i okolicach 8 os\u00f3b, w tym tr\u00f3jk\u0119 dzieci. W zesz\u0142ym roku inny obywatel Francji, uczestnik d\u017cihadu w Syrii, zamordowa\u0142 w Muzeum \u017bydowskim w Brukseli 4 osoby. Kr\u00f3tko m\u00f3wi\u0105c mamy do czynienia z pewn\u0105 seri\u0105 zdarze\u0144. Wszystko wskazuje na to, \u017ce to jeszcze nie koniec.<\/span><\/p>\n<p style=\"text-align: left;\"><span style=\"color: #000080;\">Jedna z ocalonych dziennikarek \u201eCharlie Hebdo\u201d opowiada\u0142a, \u017ce zamachowcy podkre\u015blali swoje zwi\u0105zki z Al-Kaid\u0105. Oraz, \u017ce \u201ewys\u0142awiali si\u0119 doskonale po francusku\u201d. I tu kryje si\u0119 kolejny problem. Dzieci imigrant\u00f3w z kraj\u00f3w Afryki P\u00f3\u0142nocnych m\u00f3wi\u0105 znakomicie po francusku. Znacznie lepiej ni\u017c ojcowie. Ale za to znacznie cz\u0119\u015bciej ni\u017c ojcowie nienawidz\u0105 swej przybranej ojczyzny. Dla poprzedniego pokolenia imigrant\u00f3w z Maghrebu Francja stanowi\u0142a obietnic\u0119 lepszego \u017cycia. Dla ich dzieci ten kraj oznacza trwa\u0142\u0105 marginalizacj\u0119 i obietnic\u0119 bezrobocia do grobowej deski. Dlatego wybieraj\u0105 islamski radykalizm &#8211; r\u00f3wnie\u017c ten krwawy. Francja jest najwi\u0119kszym eksporterem bojownik\u00f3w d\u017cihadu w\u015br\u00f3d wszystkich kraj\u00f3w Zachodu.<\/span><\/p>\n<p style=\"text-align: left;\"><span style=\"color: #000080;\">Po zamachu w Pary\u017cu pewnie jeszcze bardziej s\u0142yszalne stan\u0105 si\u0119 dwie grupy. Histerycy praw cz\u0142owieka, kt\u00f3rzy b\u0119d\u0105 podkre\u015bla\u0107, \u017ce paryscy zamachowcy nie maj\u0105 nic wsp\u00f3lnego z reszt\u0105 imigrant\u00f3w, a jedyn\u0105 odpowiedzi\u0105 na podobne tragedie jest jeszcze szersze otwarcie naszych serc i granic. I histerycy ze skrajnej prawicy, kt\u00f3rzy b\u0119d\u0105 si\u0119 domaga\u0107 zredukowania liczby imigrant\u00f3w niemal do zera. Pierwsi nie chc\u0105 zrozumie\u0107, \u017ce dzia\u0142aj\u0105 na szkod\u0119 swoich protegowanych, bo w kryzysowej Europie nie ma dla nich miejsca i pracy. Drudzy po prostu k\u0142ami\u0105 &#8211; szczelne zamkni\u0119cie europejskich granic jest technicznie niewykonalne (chyba, \u017ce chcemy powrotu do komunistycznej dyktatury). Tak dalej nie mo\u017cna.<\/span><\/p>\n<p style=\"text-align: left;\"><span style=\"color: #000080;\">Imigracja jest dzi\u015b najwi\u0119kszym problemem Unii Europejskiej &#8211; obok euro i Rosji. Zamach w Pary\u017cu jest kolejnym na to dowodem. I albo Europa wreszcie zaproponuje jak\u0105\u015b sensown\u0105 polityk\u0119 imigracyjn\u0105 &#8211; jasno okre\u015blaj\u0105c jej cele. Albo b\u0119dzie wy\u0142\u0105cznie gorzej &#8211; pogr\u0105\u017cymy si\u0119 w panice, nienawi\u015bci i chaosie. \u015alepota nie ratuje przed katastrof\u0105.<\/span><\/p>\n<p style=\"text-align: right;\"><span style=\"color: #000080;\">Czytaj dalej tu: <span style=\"text-decoration: underline;\"><strong><a style=\"color: #000080; text-decoration: underline;\" href=\"http:\/\/opinie.newsweek.pl\/atak-na-redakcje-charlie-hebdo-w-paryzu-to-nie-ostatni-zamach,artykuly,354684,1.html#utm_source=rasp&amp;utm_medium=click&amp;utm_campaign=kategoria\" target=\"_blank\">Po ataku na Charlie&#8230;<\/a><\/strong><\/span><\/span><\/p>\n<hr style=\"height: 15px; background: #d0e6fa; width: 710px;\" \/>\n<div id=\"content\" class=\"  content-alignment&lt;br \/&gt;&lt;br \/&gt; \">\n<div id=\"watch-description\" class=\"yt-uix-button-panel\">\n<div id=\"watch-description-text\">\n<p style=\"text-align: center;\"><span style=\"color: #808080;\"> twoje uwagi, linki, wlasne artykuly, lub wiadomosci przeslij do: <strong><span style=\"text-decoration: underline;\"><span style=\"color: #808080; text-decoration: underline;\"><a href=\"mailto:webmaster@reunion68.com\">webmaster@reunion68.com<\/a><\/span><\/span><\/strong><\/span><\/p>\n<\/div>\n<\/div>\n<\/div>\n<p>&nbsp;<\/p>\n<hr style=\"width: 710px;\" \/>\n","protected":false},"excerpt":{"rendered":"<p>Po ataku na Charlie Hebdo: To nie jest ostatni zamach Maciej Nowicki Dla dzieci imigrant\u00f3w Francja oznacza trwa\u0142\u0105 marginalizacj\u0119 i obietnic\u0119 bezrobocia do grobowej deski. Dlatego wybieraj\u0105 islamski radykalizm. I dlatego dojdzie zapewne do kolejnych atak\u00f3w. \u201ePom\u015bcili\u015bmy proroka Mahometa. Charlie Hebdo jest martwy\u201d &#8211; krzycza\u0142 jeden z autor\u00f3w zamachu w kt\u00f3rym zgin\u0119\u0142o 12 os\u00f3b, a [&hellip;]<\/p>\n","protected":false},"author":1,"featured_media":0,"comment_status":"closed","ping_status":"closed","sticky":false,"template":"","format":"standard","meta":[],"categories":[6],"tags":[24],"_links":{"self":[{"href":"https:\/\/www.reunion68.se\/index.php?rest_route=\/wp\/v2\/posts\/12500"}],"collection":[{"href":"https:\/\/www.reunion68.se\/index.php?rest_route=\/wp\/v2\/posts"}],"about":[{"href":"https:\/\/www.reunion68.se\/index.php?rest_route=\/wp\/v2\/types\/post"}],"author":[{"embeddable":true,"href":"https:\/\/www.reunion68.se\/index.php?rest_route=\/wp\/v2\/users\/1"}],"replies":[{"embeddable":true,"href":"https:\/\/www.reunion68.se\/index.php?rest_route=%2Fwp%2Fv2%2Fcomments&post=12500"}],"version-history":[{"count":14,"href":"https:\/\/www.reunion68.se\/index.php?rest_route=\/wp\/v2\/posts\/12500\/revisions"}],"predecessor-version":[{"id":12508,"href":"https:\/\/www.reunion68.se\/index.php?rest_route=\/wp\/v2\/posts\/12500\/revisions\/12508"}],"wp:attachment":[{"href":"https:\/\/www.reunion68.se\/index.php?rest_route=%2Fwp%2Fv2%2Fmedia&parent=12500"}],"wp:term":[{"taxonomy":"category","embeddable":true,"href":"https:\/\/www.reunion68.se\/index.php?rest_route=%2Fwp%2Fv2%2Fcategories&post=12500"},{"taxonomy":"post_tag","embeddable":true,"href":"https:\/\/www.reunion68.se\/index.php?rest_route=%2Fwp%2Fv2%2Ftags&post=12500"}],"curies":[{"name":"wp","href":"https:\/\/api.w.org\/{rel}","templated":true}]}}