{"id":125179,"date":"2025-10-25T17:00:00","date_gmt":"2025-10-25T15:00:00","guid":{"rendered":"https:\/\/www.reunion68.se\/?p=125179"},"modified":"2025-10-23T12:46:16","modified_gmt":"2025-10-23T10:46:16","slug":"24-00-111","status":"publish","type":"post","link":"https:\/\/www.reunion68.se\/?p=125179","title":{"rendered":"A Tale of Two Cities: Vienna\u2019s Historical Warning to New York on Mamdani"},"content":{"rendered":"<h5 style=\"text-align: center;\"><a href=\"https:\/\/www.algemeiner.com\/\" target=\"_blank\" rel=\"noopener noreferrer\"><img decoding=\"async\" class=\"center alignleft\" src=\"http:\/\/www.reunion68.com\/Biuletyn\/img\/algem.png\" alt=\"\" width=\"35%\"><\/a><span style=\"text-decoration: underline; color: #000080;\"><span><strong><a style=\"color: #000080; text-decoration: underline;\" href=\"https:\/\/www.algemeiner.com\/2025\/10\/21\/a-tale-of-two-cities-viennas-historical-warning-to-new-york-on-mamdani\/\" target=\"_blank\" rel=\"noopener noreferrer\">A Tale of Two Cities: Vienna\u2019s Historical Warning to New York on Mamdani<\/a><\/strong><\/span><\/span><\/h5>\n<p style=\"text-align: center;\"><span style=\"color: #000000;\"><strong>Menachem Levine<\/strong><\/span><\/p>\n<hr style=\"height: 15px; background: #d0e6fa; width: 100%;\">\n<p style=\"text-align: center;\"><img decoding=\"async\" class=\"aligncenter\" src=\"https:\/\/www.algemeiner.com\/wp-content\/uploads\/2025\/06\/2025-06-04T233018Z_1784830064_RC2ZVEAUGWNW_RTRMADP_3_NEW-YORK-MAYOR-DEBATE-1.jpg\" width=\"100%\"><span style=\"color: #808080;\"><em>Candidate Zohran Mamdani speaks during a Democratic New York City mayoral primary debate, June 4, 2025, in New York, US. Photo: Yuki Iwamura\/Pool via REUTERS<\/em><\/span><\/p>\n<p style=\"text-align: left;\"><span style=\"color: #000080;\">The likely ascension of Zohran Mamdani to the New York City Mayorship brings uncertainty and unease to the city\u2019s Jewish community, and for good reason.<\/span><\/p>\n<p style=\"text-align: left;\"><span style=\"color: #000080;\">Mamdani\u2019s rhetoric is rabidly anti-Israel, both in its war in Gaza and in its existence as a Jewish State. How might this manifest itself should he become mayor? A historical analogy comes to mind in Vienna, Austria \u2014 more than a century ago \u2014 when another so-called populist reformer rose to power and paved the way to normalizing Jew hatred in central Europe.&nbsp;<\/span><\/p>\n<p style=\"text-align: left;\"><span style=\"color: #000080;\">Indeed, the Vienna of 1900 and New York City of 2025 share several similarities. Both Vienna\u2019s population then and New York\u2019s now is approximately 10% Jewish. In 1900, Jews had lived in Vienna for generations, just as they do in New York City today. In Vienna, Jews such as Sigmund Freud, Alfred Adler, Gustav Mahler, Stefan Zweig, and Victor Adler had achieved significant roles in finance, culture, and politics. The same is true of countless titans of business, politics, fashion, and culture in modern-day New York.&nbsp;<\/span><\/p>\n<p style=\"text-align: left;\"><span style=\"color: #000080;\">However, one powerful mayor was instrumental in dramatically changing the lives of Jews in his city.<\/span><\/p>\n<p style=\"text-align: left;\"><span style=\"color: #000080;\">Karl Lueger was elected mayor of Vienna five times, serving from 1897 to 1910. His antisemitic views, which vilified Jews, blamed them for social and economic issues, and promoted boycotting Jewish businesses, were so extreme that initially, the Austro-Hungarian Emperor Franz Joseph refused to support him. Ultimately, after Lueger\u2019s fifth election, the Emperor conceded and offered his support.<\/span><\/p>\n<p style=\"text-align: left;\"><span style=\"color: #000080;\">With Lueger in power, it became socially acceptable \u2014 perhaps even trendy \u2014 to be an antisemite. Lueger\u2019s influence on Vienna was tremendous. Lueger took latent antisemitism that existed and made it socially acceptable to express openly. He would give speeches, blaming the Jews for Vienna\u2019s financial problems, rousing crowds with his antisemitic fervor.&nbsp;<\/span><\/p>\n<p style=\"text-align: left;\"><span style=\"color: #000080;\">He normalized antisemitism and successfully poisoned the minds of Vienna\u2019s population against the Jews. Adolf Hitler himself credited Lueger as someone who helped shape his views on Jews, and he wrote in&nbsp;<em>Mein Kampf<\/em>&nbsp;that he became an antisemite in Vienna.<\/span><\/p>\n<p style=\"text-align: left;\"><span style=\"color: #000080;\">While Lueger himself was dead by 1910, the wicked flame that he helped light ultimately resulted in the eradication of Vienna\u2019s Jews in the Holocaust, while the non-Jewish residents of the city largely watched or (in many cases) actively took part in their destruction.<\/span><\/p>\n<p style=\"text-align: left;\"><span style=\"color: #000080;\">Simon Wiesenthal lived in Vienna after World War II, and&nbsp;<a style=\"color: #000080;\" href=\"https:\/\/www.washingtonpost.com\/archive\/politics\/1987\/12\/29\/wiesenthal-finds-resurgence-of-prejudice-not-surprising\/97cdd11f-5c75-44df-a053-3064955f4ce9\/\" target=\"_blank\" rel=\"noopener\">remarked<\/a>&nbsp;later that, \u201cAustria was about 8.5 percent of the population of greater Germany. Nazis from Austria, in positions of responsibility in the machine, were responsible for half the crimes of the Holocaust.\u201d&nbsp;<\/span><\/p>\n<p style=\"text-align: left;\"><span style=\"color: #000080;\">Lueger deserves historical blame for much of the hatred he sowed. Lueger was not Hitler. But he created an environment in Vienna where violence against Jews was socially acceptable, giving rise to leaders who took his antisemitism to the next level.&nbsp;<\/span><\/p>\n<p style=\"text-align: left;\"><span style=\"color: #000080;\">Zohran Mamdani, in New York City today, is heading in the same direction.&nbsp;<\/span><\/p>\n<p style=\"text-align: left;\"><span style=\"color: #000080;\">Mamdani supports Within Our Lifetime (WOL), a New York-based organization that seeks to create support for Palestinian aspirations within New York. On their&nbsp;<a style=\"color: #000080;\" href=\"https:\/\/wolpalestine.com\/resources\/rally-toolkit\/\" target=\"_blank\" rel=\"noopener\">website<\/a>, they recommend chants like \u201cOccupation is a crime, From New York to Palestine!\u201d Or \u201cFrom New York to Gaza, Globalize the Intifada!\u201d \u201cGlobalize the Intifada\u201d can reasonably be interpreted as a call to violence against Jews in New York and beyond.<\/span><\/p>\n<p style=\"text-align: left;\"><span style=\"color: #000080;\">WOL protested at Columbia University, with some people yelling at Jewish students, \u201cNever forget the 7th of October! That will happen \u2026 10,000 more times!\u201d WOL has posted maps online revealing locations of Jewish organizations, stating \u201cthey have blood on their hands.\u201d This is not only outrageous, but also a direct threat. Yet, Mamdani stands alongside them.<\/span><\/p>\n<p style=\"text-align: left;\"><span style=\"color: #000080;\">During his college years, Mamdani co-founded a chapter of Students for Justice in Palestine (SJP). This organization has become infamous for fostering an atmosphere of intimidation towards Jewish students on campuses all over the country. SJP currently faces bans on multiple campuses. Yet Mamdani continues to support them staunchly.<\/span><\/p>\n<p style=\"text-align: left;\"><span style=\"color: #000080;\">Labeling Israel as a genocidal state, which Mamdani does, perpetuates harmful blood libels against Israel and pro-Israel Jews. This kind of rhetoric creates a toxic environment where intimidation against Jews and Jewish organizations becomes acceptable and legitimate. Mamdani\u2019s threats to arrest Netanyahu are not merely illegal under Federal law; they invite further hostility and unrest for Jewish New Yorkers.<\/span><\/p>\n<p style=\"text-align: left;\"><span style=\"color: #000080;\">Although Mamdani claims to have Jewish supporters, in this he echoes Vienna\u2019s Mayor Karl Lueger, who also had Jewish \u201cfriends.\u201d When confronted about this contradiction to his antisemitic views, Lueger infamously declared, \u201cI decide who is a Jew.\u201d This attitude reflects Mamdani\u2019s own selective acceptance: as long as one is not a pro-Israel Jew, they are welcome in his circle.<\/span><\/p>\n<p style=\"text-align: left;\"><span style=\"color: #000080;\">The position of Mayor of New York City does not include dictating international policy. Yet, Vienna\u2019s Jewish history has shown us that antisemitic rhetoric can have a global impact.<\/span><\/p>\n<hr>\n<p style=\"text-align: left;\"><em><span style=\"color: #808080;\"><strong>Rabbi Menachem Levine<\/strong> is the CEO of JDBY-YTT, the largest Jewish school in the Midwest. He served as Rabbi of Congregation Am Echad in San Jose, CA, from 2007 to 2020. He is a popular speaker and writes for numerous publications. Rabbi Levine\u2019s personal website is&nbsp;<\/span><a href=\"https:\/\/thinktorah.org\/\" target=\"_blank\" rel=\"noopener\"><span style=\"color: #808080;\">https:\/\/thinktorah.org<\/span><\/a><\/em><\/p>\n<hr style=\"height: 15px; background: #d0e6fa; width: 100%;\">\n<div id=\"content\" class=\"content-alignment\">\n<div id=\"watch-description\" class=\"yt-uix-button-panel\">\n<div id=\"watch-description-text\" style=\"text-align: center;\">\n<p><em>Zawarto\u015b\u0107 publikowanych artyku\u0142\u00f3w i materia\u0142\u00f3w nie reprezentuje pogl\u0105d\u00f3w ani opinii Reunion&#8217;68,<\/em><em><br \/>\nani te\u017c webmastera Blogu Reunion&#8217;68, chyba ze jest to wyra\u017anie zaznaczone.<br \/>\nTwoje uwagi, linki, w\u0142asne artyku\u0142y lub wiadomo\u015bci prze\u015blij na adres:<br \/>\n<\/em><span style=\"color: #000080;\"><strong><em><a style=\"color: #000080;\" href=\"mailto:webmaster@reunion68.com\"><span style=\"text-decoration: underline;\">webmaster@reunion68.com<\/span><\/a><\/em><\/strong><\/span><\/p>\n<\/div>\n<\/div>\n<\/div>\n<hr style=\"width: 100%;\">\n","protected":false},"excerpt":{"rendered":"<p>A Tale of Two Cities: Vienna\u2019s Historical Warning to New York on Mamdani Menachem Levine Candidate Zohran Mamdani speaks during a Democratic New York City mayoral primary debate, June 4, 2025, in New York, US. Photo: Yuki Iwamura\/Pool via REUTERS The likely ascension of Zohran Mamdani to the New York City Mayorship brings uncertainty and [&hellip;]<\/p>\n","protected":false},"author":1,"featured_media":0,"comment_status":"closed","ping_status":"closed","sticky":false,"template":"","format":"standard","meta":[],"categories":[6],"tags":[33,24],"_links":{"self":[{"href":"https:\/\/www.reunion68.se\/index.php?rest_route=\/wp\/v2\/posts\/125179"}],"collection":[{"href":"https:\/\/www.reunion68.se\/index.php?rest_route=\/wp\/v2\/posts"}],"about":[{"href":"https:\/\/www.reunion68.se\/index.php?rest_route=\/wp\/v2\/types\/post"}],"author":[{"embeddable":true,"href":"https:\/\/www.reunion68.se\/index.php?rest_route=\/wp\/v2\/users\/1"}],"replies":[{"embeddable":true,"href":"https:\/\/www.reunion68.se\/index.php?rest_route=%2Fwp%2Fv2%2Fcomments&post=125179"}],"version-history":[{"count":6,"href":"https:\/\/www.reunion68.se\/index.php?rest_route=\/wp\/v2\/posts\/125179\/revisions"}],"predecessor-version":[{"id":125277,"href":"https:\/\/www.reunion68.se\/index.php?rest_route=\/wp\/v2\/posts\/125179\/revisions\/125277"}],"wp:attachment":[{"href":"https:\/\/www.reunion68.se\/index.php?rest_route=%2Fwp%2Fv2%2Fmedia&parent=125179"}],"wp:term":[{"taxonomy":"category","embeddable":true,"href":"https:\/\/www.reunion68.se\/index.php?rest_route=%2Fwp%2Fv2%2Fcategories&post=125179"},{"taxonomy":"post_tag","embeddable":true,"href":"https:\/\/www.reunion68.se\/index.php?rest_route=%2Fwp%2Fv2%2Ftags&post=125179"}],"curies":[{"name":"wp","href":"https:\/\/api.w.org\/{rel}","templated":true}]}}