{"id":125278,"date":"2025-10-26T17:00:00","date_gmt":"2025-10-26T15:00:00","guid":{"rendered":"https:\/\/www.reunion68.se\/?p=125278"},"modified":"2025-10-24T09:24:28","modified_gmt":"2025-10-24T07:24:28","slug":"26-09-105","status":"publish","type":"post","link":"https:\/\/www.reunion68.se\/?p=125278","title":{"rendered":"Antysemityzm rozlewa si\u0119 po Polsce"},"content":{"rendered":"<p style=\"text-align: center;\"><img decoding=\"async\" class=\"aligncenter\" src=\"https:\/\/bi.im-g.pl\/im\/4c\/d9\/1e\/z32347212AMP,Grzegorz-Braun-w-Jedwabnem--10-lipca-2025-r--Polit.jpg\" width=\"100%\"><span style=\"color: #808080;\"><em>Grzegorz Braun w Jedwabnem, 10 lipca 2025 r. Polityk zak\u0142\u00f3ca\u0142 uroczysto\u015bci zwi\u0105zane z oddaniem ho\u0142du pomordowanym tu \u017bydom w rocznic\u0119 ich \u015bmierci (Fot. Agnieszka Sadowska \/ Agencja Wyborcza.pl<\/em><\/span><\/p>\n<hr>\n<h3 style=\"text-align: center;\"><a href=\"https:\/\/wyborcza.pl\/\" target=\"_blank\" rel=\"noopener noreferrer\"><img decoding=\"async\" class=\"center alignleft\" src=\"http:\/\/www.reunion68.com\/Biuletyn\/img\/wyborcza.png\" alt=\"\" width=\"35%\"><\/a><span style=\"text-decoration: underline; color: #000080;\"><span><strong><a style=\"color: #000080; text-decoration: underline;\" href=\"https:\/\/wyborcza.pl\/7,75968,32346776,antysemityzm-rozlewa-sie-po-polsce.html#s=S.index-K.C-B.1-L.3.duzy\" target=\"_blank\" rel=\"noopener noreferrer\">Antysemityzm rozlewa si\u0119 po Polsce<\/a><\/strong><\/span><\/span><\/h3>\n<p style=\"text-align: center;\"><span style=\"color: #000000;\"><strong>Roman Imielski<\/strong><\/span><\/p>\n<hr style=\"height: 15px; background: #d0e6fa; width: 100%;\">\n<p><span style=\"color: #000080;\">Pod przykrywk\u0105 pot\u0119pienia polityki rz\u0105du Beniamina Netanjahu wobec Palesty\u0144czyk\u00f3w i krwawej operacji Izraela w strefie Gazy w Polsce wybija antysemityzm. Ze wszystkimi tego konsekwencjami<\/span><\/p>\n<p class=\"text--paragraph\"><span style=\"color: #000080;\">O\u015brodek Dokumentacji Sztuki Tadeusza Kantora oraz Mi\u0119dzynarodowe Centrum Kultury w Krakowie&nbsp;<a id=\"LinkArea:embed_link\" class=\"text--link \" style=\"color: #000080;\" title=\"odwo\u0142a\u0142y spotkanie z laureatk\u0105 literackiego Nobla Hert\u0105 M\u00fcller\" href=\"https:\/\/krakow.wyborcza.pl\/krakow\/7,44425,32334030,odwolane-spotkanie-z-herta-muller-w-krakowie-w-tle-obawa-przez.html#s=S.embed_link-K.C-B.1-L.1.zw\" rel=\"dofollow\" data-bd-viewability=\"1\" data-bd-viewability-id=\"embed_link\" data-bd-viewability-href=\"https:\/\/krakow.wyborcza.pl\/krakow\/7,44425,32334030,odwolane-spotkanie-z-herta-muller-w-krakowie-w-tle-obawa-przez.html#s=S.embed_link-K.C-B.1-L.1.zw\">odwo\u0142a\u0142y spotkanie z laureatk\u0105 literackiego Nobla Hert\u0105 M\u00fcller<\/a>&nbsp;&#8220;ze wzgl\u0119d\u00f3w bezpiecze\u0144stwa&#8221;. Bo wybitna pisarka raczy\u0142a m.in. powiedzie\u0107, \u017ce &#8220;zniszczenie \u017byd\u00f3w i zniszczenie Izraela pozostaj\u0105 celem i pragnieniem Hamasu&#8221; oraz wskazywa\u0142a na rosn\u0105cy antysemityzm w krajach zachodnich.<\/span><\/p>\n<p class=\"text--paragraph\"><span style=\"color: #000080;\"><a id=\"LinkArea:embed_link\" class=\"text--link \" style=\"color: #000080;\" title=\"Europejskie Centrum Solidarno\u015bci odm\u00f3wi\u0142o wynaj\u0119cia sali&nbsp;grupie z Izraela\" href=\"https:\/\/trojmiasto.wyborcza.pl\/trojmiasto\/7,35612,32341911,kontrowersje-wokol-wizyty-delegacji-z-izraela-w-gdansku-odwolane.html#s=S.embed_link-K.C-B.1-L.2.zw\" rel=\"dofollow\" data-bd-viewability=\"1\" data-bd-viewability-id=\"embed_link\" data-bd-viewability-href=\"https:\/\/trojmiasto.wyborcza.pl\/trojmiasto\/7,35612,32341911,kontrowersje-wokol-wizyty-delegacji-z-izraela-w-gdansku-odwolane.html#s=S.embed_link-K.C-B.1-L.2.zw\">Europejskie Centrum Solidarno\u015bci odm\u00f3wi\u0142o wynaj\u0119cia sali&nbsp;grupie z Izraela<\/a>&nbsp;&#8211; przedstawicielom instytucji naukowych, akademickich i pozarz\u0105dowych &#8211; w sk\u0142ad kt\u00f3rej wchodzili zar\u00f3wno \u017bydzi, jak i osoby z mniejszo\u015bci arabskiej w Izraelu. Wizyt\u0119 organizowa\u0142&nbsp;Instytut Polski pod egid\u0105 naszego MSZ.<\/span><\/p>\n<p><span style=\"color: #000080;\">Fundacja Widzialne, wsparta przez Parti\u0119 Razem, napisa\u0142a list do ECS, gro\u017c\u0105c protestami i domagaj\u0105c si\u0119 wyrzucenia izraelskiej grupy z Centrum. I dyrektor Basil Kerski wynajem odwo\u0142a\u0142.&nbsp;&#8220;Europejskie Centrum Solidarno\u015bci stanowczo sprzeciwia si\u0119 niszczycielskiej wojnie rz\u0105du Benjamina Netanjahu wobec Palesty\u0144czyk\u00f3w i Palestynek (&#8230;) ECS stoi zawsze po stronie ofiar&#8221; &#8211; o\u015bwiadczy\u0142.<\/span><\/p>\n<p><span style=\"color: #000080;\">Z kolei&nbsp;<a id=\"LinkArea:embed_link\" class=\"text--link \" style=\"color: #000080;\" title=\"we Wrze\u015bni odwo\u0142ano koncert, na kt\u00f3rym mia\u0142 wyst\u0105pi\u0107&nbsp;ch\u00f3r berli\u0144skiej synagogi i jej kantor. \" href=\"https:\/\/poznan.wyborcza.pl\/poznan\/7,36001,32342018,grzegorz-braun-nakreca-antysemicka-nagonke-przez-prawicowy.html#s=S.embed_link-K.C-B.1-L.3.zw\" rel=\"dofollow\" data-bd-viewability=\"1\" data-bd-viewability-id=\"embed_link\" data-bd-viewability-href=\"https:\/\/poznan.wyborcza.pl\/poznan\/7,36001,32342018,grzegorz-braun-nakreca-antysemicka-nagonke-przez-prawicowy.html#s=S.embed_link-K.C-B.1-L.3.zw\">we Wrze\u015bni odwo\u0142ano koncert, na kt\u00f3rym mia\u0142 wyst\u0105pi\u0107&nbsp;ch\u00f3r berli\u0144skiej synagogi i jej kantor.&nbsp;<\/a>Tu hejt nakr\u0119ci\u0142&nbsp;Grzegorz Braun, kt\u00f3ry stwierdzi\u0142 na wiecu, \u017ce we Wrze\u015bni &#8220;polskie dzieci w katolickim ko\u015bciele maj\u0105 \u015bpiewa\u0107 po niemiecku pie\u015b\u0144 hanukow\u0105&#8221;. I skutecznie zastraszy\u0142 organizator\u00f3w.<\/span><\/p>\n<p class=\"text--paragraph\"><span style=\"color: #000080;\">W stolicy na rektora Uniwersytetu Warszawskiego, prof. Alojzego Nowaka, trwaj\u0105 za\u015b naciski, by zerwa\u0142 wszelkie kontakty z izraelskimi uczelniami. Mimo, \u017ce akurat tamtejsze \u015brodowiska akademickie ostro i publicznie krytykuj\u0105 polityk\u0119 Netanjahu za to, co Izrael robi w Strefie Gazy i jak prawicowy rz\u0105d traktuje Palesty\u0144czyk\u00f3w.<\/span><\/p>\n<p class=\"text--paragraph\"><span style=\"color: #000080;\">Tak, rz\u0105d Netanjahu, kt\u00f3ry sk\u0142ada si\u0119 z te\u017c z czystych faszyst\u00f3w, takich jak minister finans\u00f3w Becalel Smotricz, nale\u017cy pot\u0119pia\u0107 za zbrodnie wojenne i zbrodnie przeciwko ludzko\u015bci, kt\u00f3re pope\u0142niono w Strefie Gazy, i za dziesi\u0105tki tysi\u0119cy ofiar. W samym Izraelu spora cz\u0119\u015b\u0107 spo\u0142ecze\u0144stwa pot\u0119pia dzia\u0142ania Netanjahu, organizuje protesty, pisze odezwy, ujawnia wspomniane zbrodnie. Izrael to jednak kraj demokratyczny.<\/span><\/p>\n<p><span style=\"color: #000080;\">Pot\u0119pia\u0107 nale\u017cy te\u017c terroryst\u00f3w z Hamasu, kt\u00f3rzy dokonali bestialskiego ataku na Izrael 7 pa\u017adziernika 2023 r., zabijaj\u0105c 1,3 tys. os\u00f3b i porywaj\u0105c ponad 250, prowokuj\u0105c izraelski odwet. To nie s\u0105 \u017cadni bojownicy o spraw\u0119 palesty\u0144sk\u0105, to wyrachowana i brutalna organizacja, kt\u00f3ra rz\u0105dy w Strefie Gazy w 2007 r. rozpocz\u0119\u0142a od krwawej rozprawy z rywalami politycznymi. Jej liderzy i ich rodziny p\u0142awili i p\u0142awi\u0105 si\u0119 w luksusie, gdy wielu Palesty\u0144czyk\u00f3w z Gazy \u017cy\u0142o i \u017cyje w n\u0119dzy.<\/span><\/p>\n<div class=\"article--content article--content-paid \" data-progress-bar-content=\"\">\n<div class=\"paywall\">\n<p class=\"text--paragraph\"><span style=\"color: #000080;\">W Polsce wiele \u015brodowisk Hamas rozgrzesza i przymyka oczy na jego dzia\u0142ania, a Izrael atakuje po ca\u0142o\u015bci, uderzaj\u0105c nawet w tych, kt\u00f3rzy ostro Netanjahu atakuj\u0105. Te \u015brodowiska i ci ludzie doskonale wiedz\u0105, \u017ce trafi to na podatny grunt, bo pod przykrywk\u0105 krytyki polityki izraelskiego rz\u0105du buzuje ukryty antysemityzm.<\/span><\/p>\n<p class=\"text--paragraph\"><span style=\"color: #000080;\">Ostrzegam: na razie odwo\u0142ywane s\u0105 spotkania i koncerty, ale antysemityzm zawsze ko\u0144czy\u0142 si\u0119 pogromami.<\/span><\/p>\n<hr>\n<p style=\"text-align: left;\"><img decoding=\"async\" class=\"bio--article-image alignleft\" src=\"https:\/\/bi.im-g.pl\/im\/96\/ba\/19\/z26978454IAR.jpg\" width=\"20%\"><br \/>\n<span style=\"color: #808080;\"><em><a id=\"LinkArea:author_bio\" class=\"bio--article-desc-name bio--article-desc-name-link font-head-300\" style=\"color: #808080;\" href=\"https:\/\/autorzy.wyborcza.pl\/autor\/5e78a18e7da7ab2fc730e806\/Roman-Imielski#s=S.author_bio-K.C-B.1-L.1.zw\"><strong>Roman Imielski<\/strong> &#8211; <\/a><\/em><\/span><span style=\"color: #808080;\"><em>I zast\u0119pca redaktora naczelnego &#8220;Gazety Wyborczej&#8221; i by\u0142y szef dzia\u0142u krajowego. W 2018 roku wraz z Rados\u0142awem Leniarskim wyda\u0142 ksi\u0105\u017ck\u0119 &#8220;Najwa\u017cniejszy mecz Kremla&#8221; po\u015bwi\u0119con\u0105 mundialowi w Rosji<\/em><\/span><\/p>\n<div class=\"bio--article-desc font-hp-lead\" style=\"text-align: left;\">\n<hr style=\"height: 15px; background: #d0e6fa; width: 100%;\">\n<div id=\"content\" class=\"content-alignment\">\n<div id=\"watch-description\" class=\"yt-uix-button-panel\">\n<div id=\"watch-description-text\" style=\"text-align: center;\">\n<p><em>Zawarto\u015b\u0107 publikowanych artyku\u0142\u00f3w i materia\u0142\u00f3w nie reprezentuje pogl\u0105d\u00f3w ani opinii Reunion&#8217;68,<\/em><em><br \/>\nani te\u017c webmastera Blogu Reunion&#8217;68, chyba ze jest to wyra\u017anie zaznaczone.<br \/>\nTwoje uwagi, linki, w\u0142asne artyku\u0142y lub wiadomo\u015bci prze\u015blij na adres:<br \/>\n<\/em><span style=\"color: #000080;\"><strong><em><a style=\"color: #000080;\" href=\"mailto:webmaster@reunion68.com\"><span style=\"text-decoration: underline;\">webmaster@reunion68.com<\/span><\/a><\/em><\/strong><\/span><\/p>\n<\/div>\n<\/div>\n<\/div>\n<hr style=\"width: 100%;\">\n<\/div>\n<\/div>\n<\/div>\n","protected":false},"excerpt":{"rendered":"<p>Grzegorz Braun w Jedwabnem, 10 lipca 2025 r. Polityk zak\u0142\u00f3ca\u0142 uroczysto\u015bci zwi\u0105zane z oddaniem ho\u0142du pomordowanym tu \u017bydom w rocznic\u0119 ich \u015bmierci (Fot. Agnieszka Sadowska \/ Agencja Wyborcza.pl Antysemityzm rozlewa si\u0119 po Polsce Roman Imielski Pod przykrywk\u0105 pot\u0119pienia polityki rz\u0105du Beniamina Netanjahu wobec Palesty\u0144czyk\u00f3w i krwawej operacji Izraela w strefie Gazy w Polsce wybija antysemityzm. [&hellip;]<\/p>\n","protected":false},"author":1,"featured_media":0,"comment_status":"closed","ping_status":"closed","sticky":false,"template":"","format":"standard","meta":[],"categories":[6],"tags":[33,24],"_links":{"self":[{"href":"https:\/\/www.reunion68.se\/index.php?rest_route=\/wp\/v2\/posts\/125278"}],"collection":[{"href":"https:\/\/www.reunion68.se\/index.php?rest_route=\/wp\/v2\/posts"}],"about":[{"href":"https:\/\/www.reunion68.se\/index.php?rest_route=\/wp\/v2\/types\/post"}],"author":[{"embeddable":true,"href":"https:\/\/www.reunion68.se\/index.php?rest_route=\/wp\/v2\/users\/1"}],"replies":[{"embeddable":true,"href":"https:\/\/www.reunion68.se\/index.php?rest_route=%2Fwp%2Fv2%2Fcomments&post=125278"}],"version-history":[{"count":8,"href":"https:\/\/www.reunion68.se\/index.php?rest_route=\/wp\/v2\/posts\/125278\/revisions"}],"predecessor-version":[{"id":125291,"href":"https:\/\/www.reunion68.se\/index.php?rest_route=\/wp\/v2\/posts\/125278\/revisions\/125291"}],"wp:attachment":[{"href":"https:\/\/www.reunion68.se\/index.php?rest_route=%2Fwp%2Fv2%2Fmedia&parent=125278"}],"wp:term":[{"taxonomy":"category","embeddable":true,"href":"https:\/\/www.reunion68.se\/index.php?rest_route=%2Fwp%2Fv2%2Fcategories&post=125278"},{"taxonomy":"post_tag","embeddable":true,"href":"https:\/\/www.reunion68.se\/index.php?rest_route=%2Fwp%2Fv2%2Ftags&post=125278"}],"curies":[{"name":"wp","href":"https:\/\/api.w.org\/{rel}","templated":true}]}}