{"id":125327,"date":"2025-10-26T17:09:00","date_gmt":"2025-10-26T15:09:00","guid":{"rendered":"https:\/\/www.reunion68.se\/?p=125327"},"modified":"2025-10-26T04:53:59","modified_gmt":"2025-10-26T02:53:59","slug":"28-09-109","status":"publish","type":"post","link":"https:\/\/www.reunion68.se\/?p=125327","title":{"rendered":"Od \u201etrzech tenor\u00f3w\u201d do nowej formu\u0142y; po 25 latach z politycznej sceny znika Platforma Obywatelska"},"content":{"rendered":"<p style=\"text-align: center;\"><img decoding=\"async\" class=\"aligncenter\" src=\"https:\/\/dzieje.pl\/sites\/default\/files\/styles\/open_article_750x0_\/public\/202510\/videoframe_5475.png?itok=ubmYQl06\" width=\"100%\" \/><span style=\"color: #808080;\"><em>\/PAP Wideo<\/em><\/span><\/p>\n<hr \/>\n<h3 style=\"text-align: center;\"><a href=\"https:\/\/dzieje.pl\/\" target=\"_blank\" rel=\"noopener noreferrer\"><img decoding=\"async\" class=\"center alignleft\" src=\"http:\/\/www.reunion68.com\/Biuletyn\/img\/dzieje_logo.png\" alt=\"\" width=\"35%\" \/><\/a><span style=\"text-decoration: underline; color: #000080;\"><span><strong><a style=\"color: #000080; text-decoration: underline;\" href=\"https:\/\/dzieje.pl\/wiadomosci\/od-trzech-tenorow-do-nowej-formuly-po-25-latach-z-politycznej-sceny-znika-platforma\" target=\"_blank\" rel=\"noopener noreferrer\">Od \u201etrzech tenor\u00f3w\u201d do nowej formu\u0142y; po 25 latach z politycznej sceny znika Platforma Obywatelska<\/a><\/strong><\/span><\/span><\/h3>\n<p style=\"text-align: center;\"><span style=\"color: #000000;\"><strong>p\u015b\/ bst\/ mhr\/<\/strong><\/span><\/p>\n<hr style=\"height: 15px; background: #d0e6fa; width: 100%;\" \/>\n<h5><strong>Zaczyna\u0142a jako obywatelski ruch Olechowskiego, P\u0142a\u017cy\u0144skiego i Tuska, kt\u00f3ry mia\u0142 by\u0107 alternatyw\u0105 dla partyjnych uk\u0142ad\u00f3w. Po \u0107wier\u0107wieczu Platforma Obywatelska ko\u0144czy dzia\u0142alno\u015b\u0107 \u2013 jej miejsce zajmie nowe ugrupowanie tworzone przez PO, Nowoczesn\u0105 i Inicjatyw\u0119 Polsk\u0105.<\/strong><\/h5>\n<div class=\"field field--name-body field--type-text-with-summary field--label-hidden field__item\">\n<p><span style=\"color: #000080;\">W sobot\u0119 odb\u0119dzie si\u0119 konwencja Platformy Obywatelskiej, kt\u00f3ra zainauguruje proces po\u0142\u0105czenia PO z Nowoczesn\u0105 i Inicjatyw\u0105 Polsk\u0105. W wyniku zjednoczenia ma powsta\u0107 nowe ugrupowanie polityczne.<\/span><\/p>\n<p><span style=\"color: #000080;\">Jego nazwa nie zosta\u0142a jeszcze ujawniona, cho\u0107 nieoficjalnie m\u00f3wi si\u0119 o Koalicji Obywatelskiej.<\/span><\/p>\n<p><span style=\"color: #000080;\">Powstanie nowej formacji oznacza zako\u0144czenie dzia\u0142alno\u015bci Platformy Obywatelskiej funkcjonuj\u0105cej pod t\u0105 nazw\u0105 od blisko 25 lat.<\/span><\/p>\n<p><span style=\"color: #000080;\">Politolo\u017cka prof. Anna Wojciuk z Uniwersytetu Warszawskiego powiedzia\u0142a PAP, \u017ce konsolidacja PO z Nowoczesn\u0105 i Inicjatyw\u0105 Polsk\u0105 \u201ema przede wszystkim znaczenie wewn\u0119trzne, bo os\u0142abia dotychczasowych koalicjant\u00f3w Platformy, kt\u00f3rzy nie b\u0119d\u0105 mogli domaga\u0107 si\u0119 miejsc na listach z tytu\u0142u parytet\u00f3w\u201d.<\/span><\/p>\n<p><span style=\"color: #000080;\">11 stycznia 2001 r. Andrzej Olechowski, Maciej P\u0142a\u017cy\u0144ski i Donald Tusk og\u0142osili zamiar powo\u0142ania nowego ruchu, a 19 stycznia 2001 r. ujawnili jego nazw\u0119 \u2013 Platforma Obywatelska \u2013 podkre\u015blaj\u0105c, \u017ce nie b\u0119dzie to partia polityczna, lecz \u201eruch obywatelski\u201d.<\/span><\/p>\n<p><span style=\"color: #000080;\">Pierwsza konwencja PO odby\u0142a si\u0119 24 stycznia 2001 r. w Hali Oliwii w Gda\u0144sku. Na czele ugrupowania stan\u0119li Olechowski, P\u0142a\u017cy\u0144ski i Tusk jako r\u00f3wnorz\u0119dni liderzy, okre\u015blani w\u00f3wczas mianem \u201etrzech tenor\u00f3w\u201d.<\/span><\/p>\n<p><span style=\"color: #000080;\">Olechowski, kt\u00f3ry w wyborach prezydenckich w 2000 r. zdoby\u0142 17,3 proc. g\u0142os\u00f3w i zaj\u0105\u0142 drugie miejsce za Aleksandrem Kwa\u015bniewskim, by\u0142 pomys\u0142odawc\u0105 nazwy Platforma Obywatelska. Wcze\u015bniej za\u0142o\u017cy\u0142 stowarzyszenie Obywatele dla Rzeczypospolitej. \u201eChodzi\u0142o o stworzenie przestrzeni, w kt\u00f3rej spotykaliby si\u0119 ludzie o podobnych pogl\u0105dach \u2013 z czasem mia\u0142a z niej wyrosn\u0105\u0107 partia, wsp\u00f3\u0142pracuj\u0105ca z innymi organizacjami spo\u0142ecznymi\u201d \u2013 wspomina\u0142 w 2021 r.<\/span><\/p>\n<p><span style=\"color: #000080;\">Maciej P\u0142a\u017cy\u0144ski, marsza\u0142ek Sejmu i dot\u0105d dzia\u0142acz AWS, postanowi\u0142 odej\u015b\u0107 z ugrupowania. Donald Tusk, po przegranej w wyborach na przewodnicz\u0105cego Unii Wolno\u015bci w grudniu 2000 r., wraz z dawnymi kolegami z Kongresu Liberalno-Demokratycznego r\u00f3wnie\u017c opu\u015bci\u0142 parti\u0119.<\/span><\/p>\n<p><span style=\"color: #000080;\">W wyborach do Sejmu 23 wrze\u015bnia 2001 r. PO uzyska\u0142a 12,6 proc. g\u0142os\u00f3w i 65 mandat\u00f3w, zajmuj\u0105c drugie miejsce za koalicj\u0105 SLD-UP. Sta\u0142a si\u0119 najwi\u0119kszym klubem opozycyjnym wobec rz\u0105du Leszka Millera. Na bazie tego klubu powsta\u0142y pierwsze w\u0142adze partii \u2013 przewodnicz\u0105cym zosta\u0142 Maciej P\u0142a\u017cy\u0144ski, a PO formalnie zarejestrowano wiosn\u0105 2002 r.<\/span><\/p>\n<p><span style=\"color: #000080;\">Wiosn\u0105 2003 r. P\u0142a\u017cy\u0144ski zrezygnowa\u0142 z funkcji przewodnicz\u0105cego i wyst\u0105pi\u0142 z partii. Zgin\u0105\u0142 potem w katastrofie smole\u0144skiej w 2010 r., pe\u0142ni\u0105c funkcj\u0119 wicemarsza\u0142ka Senatu.<\/span><\/p>\n<p><span style=\"color: #000080;\">Po odej\u015bciu P\u0142a\u017cy\u0144skiego PO obj\u0105\u0142 Donald Tusk, a szefem klubu zosta\u0142 Jan Rokita, zyskuj\u0105cy rozg\u0142os dzi\u0119ki pracy w komisji \u015bledczej ds. afery Rywina. Wiosn\u0105 2004 r. dosz\u0142o do konfliktu z Andrzejem Olechowskim \u2013 podczas Rady Krajowej Rokita zaatakowa\u0142 go za krytyk\u0119 swojego wyst\u0105pienia w Sejmie (\u201eNicea albo \u015bmier\u0107\u201d), co symbolizowa\u0142o sp\u00f3r o kierunek partii. Wkr\u00f3tce Olechowski odsun\u0105\u0142 si\u0119 od PO, a po kilku latach ostatecznie z niej odszed\u0142.<\/span><\/p>\n<p><span style=\"color: #000080;\">W 2004 r. za \u201enowy triumwirat\u201d PO uchodzili Tusk, Rokita i ekspertka gospodarcza Zyta Gilowska. Ta ostatnia jeszcze w maju 2005 r. rekomendowa\u0142a na konwencji kandydatur\u0119 Tuska w wyborach prezydenckich 2005 r., a wkr\u00f3tce potem opu\u015bci\u0142a szeregi partyjne w prote\u015bcie przeciw formu\u0142owanym pod jej adresem zarzutom o nepotyzm (chodzi\u0142o o zatrudnienie synowej w biurze poselskim). Potem by\u0142a wicepremierem i ministrem finans\u00f3w w rz\u0105dzie PiS, a tak\u017ce cz\u0142onkiem RPP.<\/span><\/p>\n<p><span style=\"color: #000080;\">Przed planowanymi na jesie\u0144 2005 r. podw\u00f3jnymi wyborami \u2013 parlamentarnymi i prezydenckimi \u2013 kandydatem na premiera zosta\u0142 Rokita, za\u015b Tusk kandydatem w wyborach prezydenckich. Tusk przegra\u0142 jednak w wyborach prezydenckich z Lechem Kaczy\u0144skim, a PO w wyborach parlamentarnych z PiS, co zdeterminowa\u0142o podzia\u0142 sceny politycznej na dwa wielkie obozy \u2013 PiS i PO. Cho\u0107 przed tymi wyborami obie formacje wsp\u00f3\u0142pracowa\u0142y i szykowa\u0142y si\u0119 do wsp\u00f3lnych rz\u0105d\u00f3w, ujawniona w wyborach s\u0142abo\u015b\u0107 podzielonej lewicy oraz niespodziewane podw\u00f3jne zwyci\u0119stwo PiS przes\u0105dzi\u0142y o przej\u015bciu kierowanej przez Tuska Platformy do ostrej opozycji, za\u015b PiS do stworzenia rz\u0105du z LPR i Samoobron\u0105.<\/span><\/p>\n<p><span style=\"color: #000080;\">W 2006 r. Tusk umocni\u0142 si\u0119 na czele Platformy, doprowadzaj\u0105c do wykluczenia z partii Paw\u0142a Piskorskiego, w 2001 r. jednego z g\u0142\u00f3wnych organizator\u00f3w PO, potem jej sekretarza generalnego. Marginalizowany by\u0142 te\u017c Rokita, kt\u00f3ry tu\u017c przed przedterminowymi wyborami w 2007 r. wycofa\u0142 si\u0119 z polityki. Pretekstem by\u0142o zatrudnienie jego \u017cony Nelly jako doradcy prezydenta Lecha Kaczy\u0144skiego.<\/span><\/p>\n<p><span style=\"color: #000080;\">Przedterminowe wybory w 2007 r., do kt\u00f3rych dosz\u0142o w wyniku samorozwi\u0105zania Sejmu, gdy po tzw. aferze gruntowej rozpad\u0142a si\u0119 koalicja PiS z Samoobron\u0105 i LPR i rz\u0105d Jaros\u0142awa Kaczy\u0144skiego straci\u0142 wi\u0119kszo\u015b\u0107, zako\u0144czy\u0142y si\u0119 zwyci\u0119stwem PO. Tusk w listopadzie 2007 r. stan\u0105\u0142 na czele rz\u0105du, wsp\u00f3\u0142tworzonego przez PO i PSL.<\/span><\/p>\n<p><span style=\"color: #000080;\">Platforma wygra\u0142a te\u017c kolejne wybory w 2011 r., cho\u0107 w czasie kadencji wybuch\u0142a m.in. afera hazardowa.<\/span><\/p>\n<p><span style=\"color: #000080;\">Dosz\u0142o te\u017c do katastrofy smole\u0144skiej, w kt\u00f3rej zgin\u0105\u0142 prezydent Lech Kaczy\u0144ski i 95 innych os\u00f3b, a rz\u0105d Tuska obarczano odpowiedzialno\u015bci\u0105 za b\u0142\u0119dy przy wyja\u015bnianiu katastrofy (w 2011 r. powo\u0142ana do jej wyja\u015bnienia komisja pod przewodnictwem szefa MSWiA Jerzego Millera wskaza\u0142a jako przyczyn\u0119 b\u0142\u0119dy pilot\u00f3w oraz rosyjskich kontroler\u00f3w; PiS do dzi\u015b kwestionuje te ustalenia).<\/span><\/p>\n<p><span style=\"color: #000080;\">Kandydat PO Bronis\u0142aw Komorowski wygra\u0142 z kolei przedterminowe wybory prezydenckie z Jaros\u0142awem Kaczy\u0144skim w lipcu 2010 r.<\/span><\/p>\n<p><span style=\"color: #000080;\">W kolejnej kadencji najbardziej brzemienna politycznie okaza\u0142a si\u0119 wdro\u017cona w 2012 r. przez rz\u0105d Tuska reforma emerytalna, oznaczaj\u0105ca zr\u00f3wnanie wieku emerytalnego kobiet i m\u0119\u017cczyzn i wyd\u0142u\u017cenie go do 67 lat.<\/span><\/p>\n<p><span style=\"color: #000080;\">W 2014 r. wybuch\u0142a tzw. afera ta\u015bmowa po opublikowaniu przez tygodnik \u201eWprost\u201d nagranych potajemnie rozm\u00f3w polityk\u00f3w PO, kt\u00f3ra mia\u0142a wp\u0142yw na wynik partii w kolejnych wyborach rok p\u00f3\u017aniej. W samym 2014 r. Tuskowi uda\u0142o si\u0119 ocali\u0107 od dymisji najbardziej obci\u0105\u017conego w zwi\u0105zku z pods\u0142uchami szefa MSW Bart\u0142omieja Sienkiewicza. 31 sierpnia 2014 r. og\u0142oszono, \u017ce Tusk obejmie funkcj\u0119 szefa Rady Europejskiej, co nast\u0105pi\u0142o w grudniu tego roku.<\/span><\/p>\n<p><span style=\"color: #000080;\">We wrze\u015bniu 2014 r. na czele PO i rz\u0105du stan\u0119\u0142a dotychczasowa marsza\u0142ek Sejmu Ewa Kopacz.<\/span><\/p>\n<p><span style=\"color: #000080;\">W 2015 r. kierowana przez ni\u0105 Platforma ponios\u0142a dwie pora\u017cki. W maju wybory prezydenckie z kandydatem PiS Andrzejem Dud\u0105 przegra\u0142 urz\u0119duj\u0105cy prezydent Bronis\u0142aw Komorowski, za\u015b w pa\u017adzierniku 2015 r. w wyborach parlamentarnych PiS uzyska\u0142o samodzieln\u0105 wi\u0119kszo\u015b\u0107, a PO przesz\u0142a do opozycji.<\/span><\/p>\n<p><span style=\"color: #000080;\">Na pocz\u0105tku 2016 r. Ew\u0119 Kopacz na czele Platformy zast\u0105pi\u0142 Grzegorz Schetyna. W 2019 r. uda\u0142o mu si\u0119 doprowadzi\u0107 do porozumienia prawie wszystkich ugrupowa\u0144 opozycyjnych \u2013 w majowych wyborach do Parlamentu Europejskiego PO wystartowa\u0142a w ramach Koalicji Europejskiej z Nowoczesn\u0105, PSL, SLD i Zielonymi, za\u015b w pa\u017adziernikowych wyborach parlamentarnych w ramach Koalicji Obywatelskiej z Nowoczesn\u0105, Inicjatyw\u0105 Polsk\u0105 i Zielonymi. W obu przypadkach wybory zako\u0144czy\u0142y si\u0119 jednak pora\u017ck\u0105 Platformy i jej koalicjant\u00f3w, jedynym sukcesem by\u0142o zdobycie przez wszystkie ugrupowania opozycyjne wi\u0119kszo\u015bci w Senacie, co umo\u017cliwi\u0142o powo\u0142anie na marsza\u0142ka Senatu Tomasza Grodzkiego z KO.<\/span><\/p>\n<p><span style=\"color: #000080;\">W styczniu 2020 r. Schetyn\u0119 na czele PO zast\u0105pi\u0142 Borys Budka, za\u015b w lipcu kandydat Koalicji Obywatelskiej w wyborach prezydenckich Rafa\u0142 Trzaskowski przegra\u0142 minimalnie z urz\u0119duj\u0105cym prezydentem Andrzejem Dud\u0105. Zaplanowane w pierwotnym majowym terminie wybory prezydenckie, w kt\u00f3rych kandydatk\u0105 by\u0142a Ma\u0142gorzata Kidawa-B\u0142o\u0144ska, nie odby\u0142y si\u0119 z powodu pandemii Covid-19.<\/span><\/p>\n<p><span style=\"color: #000080;\">Wiosn\u0105 2021 r. notowania PO i ca\u0142ej Koalicji Obywatelskiej zacz\u0119\u0142y spada\u0107, Platform\u0119 wyprzedzi\u0142 w sonda\u017cach ruch Szymona Ho\u0142owni Polska 2050. Grupa 54 dzia\u0142aczy PO napisa\u0142a list do kierownictwa, \u017c\u0105daj\u0105c zmian w partii i krytykuj\u0105c zbytni skr\u0119t w lewo (w lutym 2021 r. w\u0142adze PO popar\u0142y np. prawo do aborcji do 12. tygodnia ci\u0105\u017cy).<\/span><\/p>\n<p><span style=\"color: #000080;\">W lipcu 2021 na czele Platformy stan\u0105\u0142 zn\u00f3w Donald Tusk, kt\u00f3ry w ko\u0144cu 2019 roku przesta\u0142 by\u0107 szefem Rady Europejskiej. Po wyborach 15 pa\u017adziernika 2023 r., formalnie wygranych przez PiS, uda\u0142o si\u0119 czterem ugrupowaniom \u2013 KO, Polsce 2050, PSL (startuj\u0105cemu wsp\u00f3lnie z komitetem Trzecia Droga) oraz Lewicy \u2013 utworzy\u0107 rz\u0105d, na kt\u00f3rego czele zn\u00f3w stan\u0105\u0142 Tusk.<\/span><\/p>\n<p><span style=\"color: #000080;\">Wszystko wskazuje te\u017c na to, \u017ce to Tusk b\u0119dzie przewodnicz\u0105cym nowego ugrupowania, kt\u00f3re powstanie z po\u0142\u0105czenia Platformy Obywatelskiej, Nowoczesnej i Inicjatywy Polskiej. Powszechne wybory przewodnicz\u0105cego zapowiadane s\u0105 na po\u0142ow\u0119 stycznia 2026 r. \u2013 Oznacza to te\u017c wi\u0119ksz\u0105 koncentracj\u0119 w\u0142adzy w r\u0119kach Donalda Tuska oraz potwierdza tez\u0119, \u017ce w Polsce trudno utrzyma\u0107 formacj\u0119 spoza duopolu PO\u2013PiS d\u0142u\u017cej ni\u017c dwie kadencje \u2013 powiedzia\u0142a prof. Wojciuk. (PAP)<\/span><\/p>\n<\/div>\n<hr style=\"height: 15px; background: #d0e6fa; width: 100%;\" \/>\n<div id=\"content\" class=\"content-alignment\">\n<div id=\"watch-description\" class=\"yt-uix-button-panel\">\n<div id=\"watch-description-text\" style=\"text-align: center;\">\n<p><em>Zawarto\u015b\u0107 publikowanych artyku\u0142\u00f3w i materia\u0142\u00f3w nie reprezentuje pogl\u0105d\u00f3w ani opinii Reunion&#8217;68,<\/em><em><br \/>\nani te\u017c webmastera Blogu Reunion&#8217;68, chyba ze jest to wyra\u017anie zaznaczone.<br \/>\nTwoje uwagi, linki, w\u0142asne artyku\u0142y lub wiadomo\u015bci prze\u015blij na adres:<br \/>\n<\/em><span style=\"color: #000080;\"><strong><em><a style=\"color: #000080;\" href=\"mailto:webmaster@reunion68.com\"><span style=\"text-decoration: underline;\">webmaster@reunion68.com<\/span><\/a><\/em><\/strong><\/span><\/p>\n<\/div>\n<\/div>\n<\/div>\n<hr style=\"width: 100%;\" \/>\n","protected":false},"excerpt":{"rendered":"<p>\/PAP Wideo Od \u201etrzech tenor\u00f3w\u201d do nowej formu\u0142y; po 25 latach z politycznej sceny znika Platforma Obywatelska p\u015b\/ bst\/ mhr\/ Zaczyna\u0142a jako obywatelski ruch Olechowskiego, P\u0142a\u017cy\u0144skiego i Tuska, kt\u00f3ry mia\u0142 by\u0107 alternatyw\u0105 dla partyjnych uk\u0142ad\u00f3w. Po \u0107wier\u0107wieczu Platforma Obywatelska ko\u0144czy dzia\u0142alno\u015b\u0107 \u2013 jej miejsce zajmie nowe ugrupowanie tworzone przez PO, Nowoczesn\u0105 i Inicjatyw\u0119 Polsk\u0105. W [&hellip;]<\/p>\n","protected":false},"author":1,"featured_media":0,"comment_status":"closed","ping_status":"closed","sticky":false,"template":"","format":"standard","meta":[],"categories":[6],"tags":[33,24],"_links":{"self":[{"href":"https:\/\/www.reunion68.se\/index.php?rest_route=\/wp\/v2\/posts\/125327"}],"collection":[{"href":"https:\/\/www.reunion68.se\/index.php?rest_route=\/wp\/v2\/posts"}],"about":[{"href":"https:\/\/www.reunion68.se\/index.php?rest_route=\/wp\/v2\/types\/post"}],"author":[{"embeddable":true,"href":"https:\/\/www.reunion68.se\/index.php?rest_route=\/wp\/v2\/users\/1"}],"replies":[{"embeddable":true,"href":"https:\/\/www.reunion68.se\/index.php?rest_route=%2Fwp%2Fv2%2Fcomments&post=125327"}],"version-history":[{"count":6,"href":"https:\/\/www.reunion68.se\/index.php?rest_route=\/wp\/v2\/posts\/125327\/revisions"}],"predecessor-version":[{"id":125337,"href":"https:\/\/www.reunion68.se\/index.php?rest_route=\/wp\/v2\/posts\/125327\/revisions\/125337"}],"wp:attachment":[{"href":"https:\/\/www.reunion68.se\/index.php?rest_route=%2Fwp%2Fv2%2Fmedia&parent=125327"}],"wp:term":[{"taxonomy":"category","embeddable":true,"href":"https:\/\/www.reunion68.se\/index.php?rest_route=%2Fwp%2Fv2%2Fcategories&post=125327"},{"taxonomy":"post_tag","embeddable":true,"href":"https:\/\/www.reunion68.se\/index.php?rest_route=%2Fwp%2Fv2%2Ftags&post=125327"}],"curies":[{"name":"wp","href":"https:\/\/api.w.org\/{rel}","templated":true}]}}