{"id":125368,"date":"2025-10-29T17:00:00","date_gmt":"2025-10-29T15:00:00","guid":{"rendered":"https:\/\/www.reunion68.se\/?p=125368"},"modified":"2025-10-27T09:40:26","modified_gmt":"2025-10-27T07:40:26","slug":"29-00-106","status":"publish","type":"post","link":"https:\/\/www.reunion68.se\/?p=125368","title":{"rendered":"12-Year-Old Jewish Boy Brutally Attacked in Vienna, Mother Says School Ignored Pattern of Antisemitic Harassment"},"content":{"rendered":"<hr \/>\n<h3 style=\"text-align: center;\"><a href=\"https:\/\/www.algemeiner.com\/\" target=\"_blank\" rel=\"noopener noreferrer\"><img decoding=\"async\" class=\"center alignleft\" src=\"http:\/\/www.reunion68.com\/Biuletyn\/img\/algem.png\" alt=\"\" width=\"35%\" \/><\/a><span style=\"text-decoration: underline; color: #000080;\"><span><strong><a style=\"color: #000080; text-decoration: underline;\" href=\"https:\/\/www.algemeiner.com\/2025\/10\/24\/12-year-old-jewish-boy-brutally-attacked-in-vienna-mother-says-school-ignored-pattern-of-antisemitic-harassment\/\" target=\"_blank\" rel=\"noopener noreferrer\">12-Year-Old Jewish Boy Brutally Attacked in Vienna, Mother Says School Ignored Pattern of Antisemitic Harassment<\/a><\/strong><\/span><\/span><\/h3>\n<p style=\"text-align: center;\"><span style=\"color: #000000;\"><strong>Ailin Vilches Arguello<\/strong><\/span><\/p>\n<hr style=\"height: 15px; background: #d0e6fa; width: 100%;\" \/>\n<p style=\"text-align: center;\"><img decoding=\"async\" class=\"aligncenter\" src=\"https:\/\/www.algemeiner.com\/wp-content\/uploads\/2024\/03\/2024-01-26T000000Z_1999876676_MT1IMGOST0006WM6KF_RTRMADP_3_IMAGO-IMAGES.jpeg\" width=\"100%\" \/><span style=\"color: #808080;\"><em>A pro-Hamas demonstration in Vienna. Photo: Reuters\/Andreas Stroh<\/em><\/span><\/p>\n<p style=\"text-align: left;\"><span style=\"color: #000080;\">Austrian police have launched an investigation after a 12-year-old Jewish boy was brutally attacked by a group of classmates on his way home from school in Vienna, sparking outrage within the country\u2019s Jewish community and renewed calls for swift action\u00a0<a style=\"color: #000080;\" href=\"https:\/\/www.algemeiner.com\/2025\/07\/29\/jews-israelis-targeted-austria-surge-antisemitic-incidents-local-jewish-community-calls-action\/\" target=\"_blank\" rel=\"noopener\">against rising antisemitism<\/a>.<\/span><\/p>\n<p style=\"text-align: left;\"><span style=\"color: #000080;\">On Tuesday, the boy reportedly had a dispute with a classmate earlier at school. As he was heading home, a group of students followed and harassed him.<\/span><\/p>\n<p style=\"text-align: left;\"><span style=\"color: #000080;\">According to the boy\u2019s mother, he was repeatedly kicked and punched by his classmates, who also shouted antisemitic slurs and threats during the attack.<\/span><\/p>\n<p style=\"text-align: left;\"><span style=\"color: #000080;\">\u201cYou Jew, if you say anything, I\u2019ll tell everyone you\u2019re Jewish \u2013 then you\u2019ll see what happens to you,\u201d one of the assailants reportedly told him, according to the Austrian outlet\u00a0<em>oe24<\/em><\/span><\/p>\n<p style=\"text-align: left;\"><span style=\"color: #000080;\">The victim was later taken to a hospital with bruises and other injuries across his body.<\/span><\/p>\n<p style=\"text-align: left;\"><span style=\"color: #000080;\">Shortly after the incident, the boy\u2019s mother filed a police report, prompting Vienna authorities to launch an investigation. As of Friday afternoon, no arrests had been made.<\/span><\/p>\n<p style=\"text-align: left;\"><span style=\"color: #000080;\">The boy\u2019s mother said this was not the first time her son had been targeted in an antisemitic attack, accusing the school of repeatedly covering up such incidents.<\/span><\/p>\n<p style=\"text-align: left;\"><span style=\"color: #000080;\">Now, she is urging authorities to transfer her son if the school continues to \u201csweep under the rug\u201d what she describes as a persistent pattern of antisemitic harassment.<\/span><\/p>\n<p style=\"text-align: left;\"><span style=\"color: #000080;\">According to her testimony, her son was also physically attacked earlier this year when a female classmate choked him and tried to push him down the stairs, leaving him with a neck injury that required a brace for several days.<\/span><\/p>\n<p style=\"text-align: left;\"><span style=\"color: #000080;\">The boy has also been subjected to sexualized insults, threats, and blackmail after photos of him were posted on TikTok without his consent.<\/span><\/p>\n<p style=\"text-align: left;\"><span style=\"color: #000080;\">Despite repeated complaints, the boy\u2019s mother said the school took no effective action, even allowing chants of \u201cfrom the river to the sea\u201d to echo through the halls without any teacher intervention.<\/span><\/p>\n<p style=\"text-align: left;\"><span style=\"color: #000080;\">\u201cFrom the river to the sea, Palestine shall be free\u201d is a popular slogan among anti-Israel activists that has been widely interpreted as a genocidal call for the destruction of the Jewish state, which is located between the Jordan River and the Mediterranean Sea.<\/span><\/p>\n<p style=\"text-align: left;\"><span style=\"color: #000080;\">\u201cThe school failed to protect him,\u201d the mother said. \u201cOnly after things escalated did we decide to file a complaint with the police.\u201d<\/span><\/p>\n<p style=\"text-align: left;\"><span style=\"color: #000080;\">Austria\u2019s Jewish community has faced a troubling surge in antisemitic incidents and anti-Israel sentiment since the Hamas-led invasion of and massacre across southern Israel on Oct. 7, 2023.<\/span><\/p>\n<p style=\"text-align: left;\"><span style=\"color: #000080;\">Jewish leaders have consistently called on authorities to take swift action against the rising wave of targeted attacks and anti-Jewish hate crimes they continue to face.<\/span><\/p>\n<hr style=\"height: 15px; background: #d0e6fa; width: 100%;\" \/>\n<div id=\"content\" class=\"content-alignment\">\n<div id=\"watch-description\" class=\"yt-uix-button-panel\">\n<div id=\"watch-description-text\" style=\"text-align: center;\">\n<p><em>Zawarto\u015b\u0107 publikowanych artyku\u0142\u00f3w i materia\u0142\u00f3w nie reprezentuje pogl\u0105d\u00f3w ani opinii Reunion&#8217;68,<\/em><em><br \/>\nani te\u017c webmastera Blogu Reunion&#8217;68, chyba ze jest to wyra\u017anie zaznaczone.<br \/>\nTwoje uwagi, linki, w\u0142asne artyku\u0142y lub wiadomo\u015bci prze\u015blij na adres:<br \/>\n<\/em><span style=\"color: #000080;\"><strong><em><a style=\"color: #000080;\" href=\"mailto:webmaster@reunion68.com\"><span style=\"text-decoration: underline;\">webmaster@reunion68.com<\/span><\/a><\/em><\/strong><\/span><\/p>\n<\/div>\n<\/div>\n<\/div>\n<hr style=\"width: 100%;\" \/>\n","protected":false},"excerpt":{"rendered":"<p>12-Year-Old Jewish Boy Brutally Attacked in Vienna, Mother Says School Ignored Pattern of Antisemitic Harassment Ailin Vilches Arguello A pro-Hamas demonstration in Vienna. Photo: Reuters\/Andreas Stroh Austrian police have launched an investigation after a 12-year-old Jewish boy was brutally attacked by a group of classmates on his way home from school in Vienna, sparking outrage [&hellip;]<\/p>\n","protected":false},"author":1,"featured_media":0,"comment_status":"closed","ping_status":"closed","sticky":false,"template":"","format":"standard","meta":[],"categories":[6],"tags":[33,24],"_links":{"self":[{"href":"https:\/\/www.reunion68.se\/index.php?rest_route=\/wp\/v2\/posts\/125368"}],"collection":[{"href":"https:\/\/www.reunion68.se\/index.php?rest_route=\/wp\/v2\/posts"}],"about":[{"href":"https:\/\/www.reunion68.se\/index.php?rest_route=\/wp\/v2\/types\/post"}],"author":[{"embeddable":true,"href":"https:\/\/www.reunion68.se\/index.php?rest_route=\/wp\/v2\/users\/1"}],"replies":[{"embeddable":true,"href":"https:\/\/www.reunion68.se\/index.php?rest_route=%2Fwp%2Fv2%2Fcomments&post=125368"}],"version-history":[{"count":4,"href":"https:\/\/www.reunion68.se\/index.php?rest_route=\/wp\/v2\/posts\/125368\/revisions"}],"predecessor-version":[{"id":125382,"href":"https:\/\/www.reunion68.se\/index.php?rest_route=\/wp\/v2\/posts\/125368\/revisions\/125382"}],"wp:attachment":[{"href":"https:\/\/www.reunion68.se\/index.php?rest_route=%2Fwp%2Fv2%2Fmedia&parent=125368"}],"wp:term":[{"taxonomy":"category","embeddable":true,"href":"https:\/\/www.reunion68.se\/index.php?rest_route=%2Fwp%2Fv2%2Fcategories&post=125368"},{"taxonomy":"post_tag","embeddable":true,"href":"https:\/\/www.reunion68.se\/index.php?rest_route=%2Fwp%2Fv2%2Ftags&post=125368"}],"curies":[{"name":"wp","href":"https:\/\/api.w.org\/{rel}","templated":true}]}}