{"id":125661,"date":"2025-11-08T17:09:00","date_gmt":"2025-11-08T15:09:00","guid":{"rendered":"https:\/\/www.reunion68.se\/?p=125661"},"modified":"2025-11-06T08:52:41","modified_gmt":"2025-11-06T06:52:41","slug":"08-00-109","status":"publish","type":"post","link":"https:\/\/www.reunion68.se\/?p=125661","title":{"rendered":"Bogdan Rymanowski \u2013 od\u00a0dziennikarza mainstreamu do\u00a0architekta dezinformacji"},"content":{"rendered":"<p><img decoding=\"async\" src=\"https:\/\/www.press.pl\/images\/contents\/photo_83372_1725216628_big.jpg\" width=\"100%\">W niedziel\u0119 wieczorem kana\u0142 Rymanowskiego mia\u0142 ok. 6 tys. subskrybent\u00f3w (screen: YouTube\/Rymanowski Live)<\/p>\n<hr>\n<h3 style=\"text-align: center;\"><a href=\"https:\/\/studioopinii.pl\/\" target=\"_blank\" rel=\"noopener noreferrer\"><img decoding=\"async\" class=\"center alignleft\" src=\"http:\/\/www.reunion68.com\/Biuletyn\/img\/studio.png\" alt=\"\" width=\"35%\"><\/a><span style=\"text-decoration: underline; color: #000080;\"><span><strong><a style=\"color: #000080; text-decoration: underline;\" href=\"https:\/\/studioopinii.pl\/archiwa\/247604\" target=\"_blank\" rel=\"noopener noreferrer\">Bogdan Rymanowski \u2013 od dziennikarza mainstreamu do architekta dezinformacji<\/a><\/strong><\/span><\/span><\/h3>\n<p style=\"text-align: center;\"><span style=\"color: #000000;\"><strong>S\u0142awek<\/strong><\/span><\/p>\n<hr style=\"height: 15px; background: #d0e6fa; width: 100%;\">\n<p><strong>05.11.2025<\/strong><\/p>\n<p><span style=\"color: #000080;\">Przemiana Bogdana Rymanowskiego z&nbsp;salonowego publicysty w&nbsp;czo\u0142owego dystrybutora antynaukowych teorii spiskowych, stanowi jedno z&nbsp;najsmutniejszych zjawisk wsp\u00f3\u0142czesnego polskiego internetu. Co&nbsp;wi\u0119cej, proces radykalizacji przebiega z&nbsp;tak\u0105 precyzj\u0105 i&nbsp;wykalkulowanym ch\u0142odem, i\u017c&nbsp;trudno oprze\u0107 si\u0119 wra\u017ceniu, \u017ce&nbsp;przed&nbsp;nami znajduje si\u0119 model biznesowy, kt\u00f3rego&nbsp;celem jest maksymalizacja zasi\u0119g\u00f3w poprzez systematyczne degradowanie standard\u00f3w rzetelno\u015bci informacyjnej. Dotychczasowe osi\u0105gni\u0119cia dziennikarskie \u2013 z&nbsp;kt\u00f3rych&nbsp;Rymanowski s\u0142usznie m\u00f3g\u0142 by\u0107 dumny \u2013 zosta\u0142y niemal ca\u0142kowicie skompromitowane przez&nbsp;jego aktywno\u015b\u0107 w&nbsp;ekosystemie YouTube, gdzie znalaz\u0142 on&nbsp;idealn\u0105 wyl\u0119garni\u0119 wszelkiej ma\u015bci k\u0142amstw, mit\u00f3w i&nbsp;pseudonaukowych bzdur.<a id=\"post-247604-fnref1\" style=\"color: #000080;\"><\/a><\/span><\/p>\n<h4><strong><a id=\"post-247604-od_konserwatywy_racjonalnego_do_k_28c0b5\"><\/a>Od&nbsp;racjonalnego konserwatysty do&nbsp;popularyzatora irracjonalno\u015bci<\/strong><\/h4>\n<p><span style=\"color: #000080;\">Najbardziej zaskakuj\u0105ca jest obserwacja, \u017ce&nbsp;cz\u0142owiek, kt\u00f3ry&nbsp;przez&nbsp;dziesi\u0119ciolecia s\u0142yn\u0105\u0142 ze&nbsp;swoistego pragmatyzmu i&nbsp;og\u0142ady \u2013 znajomi pami\u0119taj\u0105 go&nbsp;z&nbsp;lat 90-tych jako kogo\u015b, kto \u201ezawsze stara\u0142 si\u0119 by\u0107 politycznie przezroczysty\u201d \u2013 dzi\u015b jawnie promuje pseudonauk\u0119 ze&nbsp;wszystkimi oznakami zaanga\u017cowania ideologicznego. Historia wskazuje, \u017ce&nbsp;konserwatyzm Rymanowskiego nigdy nie&nbsp;by\u0142 zwyk\u0142\u0105 fasad\u0105 polityczn\u0105 lecz&nbsp;kwesti\u0105 osobistych przekona\u0144. W&nbsp;czasach poprzedzaj\u0105cych transformacj\u0119 1989 roku, kiedy zaanga\u017cowany by\u0142 w&nbsp;krakowskie \u015brodowiska m\u0142odzie\u017cowe, Rymanowski wykazywa\u0142 si\u0119 pogl\u0105dami, kt\u00f3re mo\u017cna okre\u015bli\u0107 mianem \u201eradykalnych\u201d \u2013 czy&nbsp;to&nbsp;w&nbsp;kwestii lustracji w&nbsp;stylu Jana Olszewskiego, gdzie jego stanowisko by\u0142o, jak wspominaj\u0105 jego koledzy, \u201d bardzo zasadnicze \u201e, czy&nbsp;to&nbsp;w&nbsp;jego uczestnictwie w&nbsp;Federacji M\u0142odzie\u017cy Walcz\u0105cej.<a id=\"post-247604-fnref1_1\" style=\"color: #000080;\"><\/a><\/span><\/p>\n<p><span style=\"color: #000080;\">Kluczowym momentem przemiany \u2013 momentem, kt\u00f3rego&nbsp;nie&nbsp;powinno si\u0119 bagatelizowa\u0107 \u2013 by\u0142a tragedia smole\u0144ska z&nbsp;2010 roku. Cytuj\u0105c wprost s\u0142owa osoby go&nbsp;znaj\u0105cej: \u201eZacz\u0105\u0142 si\u0119 radykalizowa\u0107 po&nbsp;Smole\u0144sku \u2013 abdykowa\u0142 kompletnie, jego prawicowi go\u015bcie m\u00f3wili, co&nbsp;chcieli, a&nbsp;on&nbsp;tego specjalnie nie&nbsp;kontrowa\u0142\u201d. To&nbsp;spostrze\u017cenie jest niezwykle trafne, bowiem oznacza przej\u015bcie od&nbsp;pragmatyka-konserwatysty do&nbsp;kogo\u015b, kto przesuwa\u0142 si\u0119 w&nbsp;stron\u0119 emocjonalnego zakotwiczenia w&nbsp;alternatywnych narracjach historycznych. Przej\u015bcie to&nbsp;znalaz\u0142o swoje uwie\u0144czenie we&nbsp;wsp\u00f3\u0142pracy przy ksi\u0105\u017ckowym wywiadzie z&nbsp;Ma\u0142gorzat\u0105 Wassermann pt.&nbsp;\u201eZamach na&nbsp;prawd\u0119\u201d \u2013 projekcie, kt\u00f3ry&nbsp;jawnie pos\u0142ugiwa\u0142 si\u0119 metodami charakterystycznymi dla teorii spiskowych, a&nbsp;zarazem nadawa\u0142 im&nbsp;poz\u00f3r rzetelno\u015bci poprzez samo zaanga\u017cowanie osoby Rymanowskiego.<a id=\"post-247604-fnref1_2\" style=\"color: #000080;\"><\/a><\/span><\/p>\n<h4><strong><a id=\"post-247604-youtube_jako_aren\u0119_bezkarno\u015bci_dl_bb7768\" style=\"color: #000080;\"><\/a>YouTube \u2013 arena bezkarno\u015bci dezinformacyjnej<\/strong><\/h4>\n<p><span style=\"color: #000080;\">Po&nbsp;do\u0142\u0105czeniu do&nbsp;Polsatu w&nbsp;2018 roku \u2013 przej\u015bciu z&nbsp;TVN-u, kt\u00f3re \u015brodowisko medialne s\u0142usznie interpretowa\u0142o jako \u201edeklaracj\u0119 polityczn\u0105\u201d \u2013 Rymanowski znalaz\u0142 si\u0119 w&nbsp;pozycji, kt\u00f3ra&nbsp;pozwala\u0142a mu&nbsp;jednocze\u015bnie utrzymywa\u0107 pozory powa\u017cnego dziennikarza telewizyjnego, a&nbsp;zarazem budowa\u0107 swoje kr\u00f3lestwo na&nbsp;YouTube, gdzie regu\u0142y gry zdecydowanie bardziej przyzwalaj\u0105 na&nbsp;rozpowszechnianie pseudonaukowych tre\u015bci. Algorytm platformy, kt\u00f3ry&nbsp;faworyzuje emocje i&nbsp;kontrowersje, okaza\u0142 si\u0119 dla niego idealnym narz\u0119dziem. Kana\u0142 \u201eRymanowski Live\u201d, subskrybowany przez&nbsp;ponad 450 tysi\u0119cy u\u017cytkownik\u00f3w, sta\u0142 si\u0119 platform\u0105, na&nbsp;kt\u00f3rej&nbsp;prezentowane s\u0105&nbsp;tezy, kt\u00f3re \u017caden szanuj\u0105cy si\u0119 redaktor naczelny nie&nbsp;pozwoli\u0142by opublikowa\u0107 w&nbsp;pi\u015bmie o&nbsp;minimalnym standardzie edytorskim.<a id=\"post-247604-fnref1_3\" style=\"color: #000080;\"><\/a><\/span><\/p>\n<p><span style=\"color: #000080;\">Szczeg\u00f3lnie symptomatyczna jest strategia, kt\u00f3r\u0105 sam Rymanowski pos\u0142uguje si\u0119 w&nbsp;promocji swojego kana\u0142u. Powiada: \u201eRozmowa to&nbsp;co\u015b, co&nbsp;lubi\u0119 najbardziej. Ka\u017cdego z&nbsp;rozm\u00f3wc\u00f3w b\u0119d\u0119 traktowa\u0142 w&nbsp;ten sam spos\u00f3b. Ani nie&nbsp;b\u0119d\u0119 nikogo krytykowa\u0142, ale&nbsp;te\u017c nikomu nie&nbsp;b\u0119d\u0119 schlebia\u0142. Mam prawo zada\u0107 ka\u017cde pytanie. I&nbsp;ka\u017cdy zas\u0142uguje na&nbsp;wys\u0142uchanie\u201d.<\/span><\/p>\n<p><span style=\"color: #000080;\">To&nbsp;<strong>pozornie neutralne, nawet szlachetne stanowisko kryje w&nbsp;sobie fundamentalne nieporozumienie \u2013 a&nbsp;nawet fundamentalne oszustwo<\/strong>&nbsp;\u2013 dotycz\u0105ce istoty dziennikarskiej weryfikacji. Nie&nbsp;ka\u017cdy \u201ezas\u0142uguje\u201d na&nbsp;wys\u0142uchanie, zw\u0142aszcza je\u015bli dysponuje on&nbsp;wy\u0142\u0105cznie fa\u0142szywymi lub zmy\u015blonymi faktami. W&nbsp;rzeczywisto\u015bci stanowisko to&nbsp;jest jedynie sofistyk\u0105 s\u0142u\u017c\u0105c\u0105 do&nbsp;uzasadnienia popularyzowania oszust\u00f3w naukowych.<a id=\"post-247604-fnref1_4\" style=\"color: #000080;\"><\/a><\/span><\/p>\n<h4><strong><a id=\"post-247604-antyszczepionkowe_bzdury_i_polity_5d949b\" style=\"color: #000080;\"><\/a>Teorie antyszczepionkowe i&nbsp;polityka bezkarno\u015bci<\/strong><\/h4>\n<p><span style=\"color: #000080;\">Gwo\u017adziem do&nbsp;trumny wiarygodno\u015bci Rymanowskiego sta\u0142y si\u0119 ostatnie miesi\u0105ce jego aktywno\u015bci. W&nbsp;pa\u017adzierniku 2025 roku opublikowa\u0142 on&nbsp;wywiad z&nbsp;prof.&nbsp;Gra\u017cyn\u0105 Cichosz, kontrowersyjn\u0105 specjalistk\u0105 technologii \u017cywno\u015bci, podczas kt\u00f3rego&nbsp;pada\u0142y tezy o&nbsp;genetycznie modyfikowanej soi powoduj\u0105cej chorob\u0119 Hashimoto, o&nbsp;olejach ro\u015blinnych jako rzekomo rakotw\u00f3rczych, a&nbsp;nawet o&nbsp;zwi\u0105zkach autyzmu ze&nbsp;szczepieniami. Materia\u0142 wideo osi\u0105gn\u0105\u0142 w&nbsp;ci\u0105gu zaledwie dziesi\u0119ciu dni dwa miliony wy\u015bwietle\u0144 \u2013 wynik, kt\u00f3ry&nbsp;doskonale obrazuje apetyt spo\u0142eczno\u015bci internetowej na&nbsp;pseudonauk\u0119 sprzedawan\u0105 w&nbsp;opakowaniu \u201edebaty\u201d.<a id=\"post-247604-fnref1_5\" style=\"color: #000080;\"><\/a><\/span><\/p>\n<p><span style=\"color: #000080;\">Mniej znanym, ale&nbsp;r\u00f3wnie symptomatycznym aspektem jego dzia\u0142alno\u015bci jest fakt, \u017ce&nbsp;Rymanowski zaprasza\u0142 do&nbsp;swoich program\u00f3w postaci takie jak dr&nbsp;Piotr Witczak, kt\u00f3ry&nbsp;\u2013 jak pisze \u2013 \u201e\u017cyje w&nbsp;Matrixie\u201d i&nbsp;promuje teorie o&nbsp;\u201eWielkim Resecie\u201d kontroluj\u0105cym populacj\u0119, o&nbsp;zwi\u0105zkach autyzmu ze&nbsp;szczepieniami i&nbsp;o&nbsp;\u201esanitaryzmie\u201d jako narz\u0119dziu globalnych elit kontroluj\u0105cych spo\u0142ecze\u0144stwa. To&nbsp;wszystko postaci i&nbsp;tezy charakterystyczne dla ekosystemu, kt\u00f3ry&nbsp;zazwyczaj okre\u015blamy mianem \u201ealt-right\u201d lub konspiracjonizmu czyli teorii spiskowych.<a id=\"post-247604-fnref1_6\" style=\"color: #000080;\"><\/a><\/span><\/p>\n<p><span style=\"color: #000080;\">Odpowied\u017a Rymanowskiego na&nbsp;krytyk\u0119 ze&nbsp;strony naukowc\u00f3w i&nbsp;ekspert\u00f3w jest r\u00f3wnie zaskakuj\u0105ca co&nbsp;jego program. Zamiast refleksji, zamiast przepraszaj\u0105cego wycofania si\u0119 z&nbsp;promowania oszustw, Rymanowski t\u0142umaczy si\u0119, \u017ce&nbsp;publikuje zar\u00f3wno opinie \u201eentuzjastyczne\u201d jak i&nbsp;\u201ekrytyczne\u201d. To&nbsp;stanowisko ignoruje fundamentalny fakt \u2013 \u017ce&nbsp;algorytm w&nbsp;spos\u00f3b nieuprawniony zr\u00f3wnuje ze&nbsp;sob\u0105 strony w&nbsp;debacie. Traktuje na&nbsp;r\u00f3wni te, kt\u00f3re maj\u0105 faktyczne naukowe dowody, z&nbsp;tymi kt\u00f3re dysponuj\u0105 wy\u0142\u0105cznie opowie\u015bciami sprzedawanymi jako wiedza alternatywna.<a id=\"post-247604-fnref2\" style=\"color: #000080;\"><\/a><\/span><\/p>\n<h4><strong><a id=\"post-247604-kalkulacja_zamiast_konwikacji\" style=\"color: #000080;\"><\/a>Kalkulacja zamiast uznania prawdy<\/strong><\/h4>\n<p><span style=\"color: #000080;\">Pozostaje pytanie: czy&nbsp;Rymanowski naprawd\u0119 wierzy w&nbsp;antyszczepionkowe bzdury i&nbsp;teorie o&nbsp;\u201eWielkim Resecie\u201d? Czy&nbsp;te\u017c jest to&nbsp;czysty cynizm, kalkulacyjne wykorzystanie algorytm\u00f3w do&nbsp;maksymalizacji zasi\u0119g\u00f3w i&nbsp;przychod\u00f3w? Odpowied\u017a, jak sugeruj\u0105 jego najbli\u017csi znajomi z&nbsp;bran\u017cy, jest prawdopodobnie taka: \u201epewnie jedno i&nbsp;drugie\u201d. To&nbsp;postawa nawet bardziej niebezpieczna ni\u017c czysty cynizm, bowiem oznacza g\u0142\u0119bok\u0105 radykalizacj\u0119 ideologiczn\u0105 po\u0142\u0105czon\u0105 z&nbsp;pragmatycznym wykorzystaniem algorytm\u00f3w.<a id=\"post-247604-fnref1_7\" style=\"color: #000080;\"><\/a><\/span><\/p>\n<p><span style=\"color: #000080;\">Por\u00f3wnania do&nbsp;Joe Rogana czy&nbsp;Patricka Bet-Davida \u2013 gigant\u00f3w ameryka\u0144skiego podcastu \u2013 s\u0105&nbsp;jako najbardziej na&nbsp;miejscu. Ci&nbsp;m\u0119\u017cczy\u017ani osi\u0105gn\u0119li ogromne zasi\u0119gi poprzez stawianie na&nbsp;teorie spiskowe i&nbsp;alternatywne narracje, jednocze\u015bnie chroni\u0105c si\u0119 za&nbsp;parawanem \u201ewolno\u015bci s\u0142owa\u201d i&nbsp;\u201epluralizmu opinii\u201d. Rymanowski pod\u0105\u017ca dok\u0142adnie t\u0105&nbsp;sam\u0105 \u015bcie\u017ck\u0105, tyle \u017ce&nbsp;w&nbsp;polskim kontek\u015bcie, gdzie w&nbsp;mi\u0119dzyczasie straci\u0142 wszelk\u0105 wiarygodno\u015b\u0107 intelektualn\u0105.<a id=\"post-247604-fnref1_8\" style=\"color: #000080;\"><\/a><\/span><\/p>\n<h4><strong><a id=\"post-247604-zaniedbanie_etyki_zawodowej_i_pub_ff23ed\" style=\"color: #000080;\"><\/a>Zaniedbanie etyki zawodowej i&nbsp;publiczna kapitulacja<\/strong><\/h4>\n<p><span style=\"color: #000080;\">Szczeg\u00f3lnie godne po\u017ca\u0142owania jest milczenie polskiego \u015brodowiska medialnego i&nbsp;akademickiego wobec tego fenomenu. Kiedy w&nbsp;2021 roku \u201eNewsweek\u201d umie\u015bci\u0142 Rymanowskiego na&nbsp;ok\u0142adce jako \u201esiewc\u0119 g\u0142upoty\u201d \u2013 tudzie\u017c jako osob\u0119 nara\u017caj\u0105c\u0105 zdrowotnie na&nbsp;\u015bmier\u0107 tysi\u0105ce ludzi \u2013 Rymanowski zareagowa\u0142 nie&nbsp;namys\u0142em, ale&nbsp;oskar\u017ceniami o&nbsp;znies\u0142awienie. W&nbsp;efekcie, zamiast poczucia wstydu i&nbsp;powa\u017cnej refleksji zawodowej, obserwujemy jego dalsz\u0105 radykalizacj\u0119 i&nbsp;ekspansj\u0119 dezinformacyjn\u0105.<a id=\"post-247604-fnref3\" style=\"color: #000080;\"><\/a><a id=\"post-247604-fnref4\" style=\"color: #000080;\"><\/a><\/span><\/p>\n<p><span style=\"color: #000080;\">Fakt, \u017ce&nbsp;redaktor naczelny Newsweeka, Tomasz Lis, napisa\u0142 w&nbsp;komentarzu, \u017ce&nbsp;Rymanowski \u201enara\u017ca na&nbsp;\u015bmier\u0107 tysi\u0105ce ludzi\u201d \u2013 po&nbsp;to&nbsp;aby zmotywowa\u0107 dziennikarza do&nbsp;przemilczenia lub opami\u0119tania si\u0119 \u2013 jest wyrazem zapa\u015bci naszych medi\u00f3w. To, \u017ce&nbsp;osoba o&nbsp;takim sta\u017cu zawodowym mo\u017ce niemal bezkarnie propagowa\u0107 antyszczepionkowc\u00f3w i&nbsp;powiela\u0107 teorie spiskowe, \u015bwiadczy o&nbsp;g\u0142\u0119bokim kryzysie medi\u00f3w instytucjonalnych, oraz&nbsp;braku mechanizm\u00f3w odpowiedzialno\u015bci dla popularnych osobowo\u015bci telewizyjnych.<\/span><\/p>\n<p><span style=\"color: #000080;\">Nawiasem m\u00f3wi\u0105c sprawa s\u0105dowa, kt\u00f3r\u0105 Bogdan Rymanowski zapowiada\u0142 przeciwko \u201eNewsweekowi\u201d oraz&nbsp;Tomaszowi Lisowi za&nbsp;nazwanie go&nbsp;na&nbsp;ok\u0142adce tygodnika \u201esiewc\u0105 g\u0142upoty\u201d, ostatecznie zako\u0144czy\u0142a si\u0119 zawarciem ugody mi\u0119dzy stronami. Pozew nie&nbsp;zosta\u0142 z\u0142o\u017cony, a&nbsp;obie strony uzna\u0142y, \u017ce&nbsp;bardziej racjonalne b\u0119dzie polubowne zako\u0144czenie sporu. Tomasz Lis opublikowa\u0142 o\u015bwiadczenie, w&nbsp;kt\u00f3rym&nbsp;stwierdzi\u0142, \u017ce&nbsp;jego intencj\u0105 nie&nbsp;by\u0142o podwa\u017cenie rzetelno\u015bci zawodowej i&nbsp;reputacji Rymanowskiego. Rymanowski zaakceptowa\u0142 ten gest, uznaj\u0105c spraw\u0119 za&nbsp;zamkni\u0119t\u0105.<\/span><\/p>\n<h4><strong><a id=\"post-247604-konkluzja_upadek_z_wysoko\u015bci\" style=\"color: #000080;\"><\/a>Upadek z&nbsp;wysoko\u015bci<\/strong><\/h4>\n<p><span style=\"color: #000080;\">Bogdan Rymanowski jest przypadkiem, kt\u00f3ry&nbsp;wart jest badania \u2013 nie&nbsp;ze&nbsp;wzgl\u0119du na&nbsp;niego samego, ale&nbsp;ze&nbsp;wzgl\u0119du na&nbsp;to, co&nbsp;m\u00f3wi on&nbsp;o&nbsp;naszej obecnej przestrzeni medialnej i&nbsp;o&nbsp;<strong>specyfice algorytm\u00f3w, kt\u00f3re preferuj\u0105 dezinformacj\u0119 bardziej ni\u017c prawd\u0119<\/strong>. Jego metamorfoza z&nbsp;konserwatywnego pragmatyka o&nbsp;rzetelnych standardach zawodowych w&nbsp;promotora pseudonaukowych teorii spiskowych stanowi przyk\u0142ad z\u0142ego wp\u0142ywu Internetu na&nbsp;intelekt i&nbsp;etyk\u0119 niekt\u00f3rych ludzi zaliczanych uprzednio do&nbsp;elity medialnej.<\/span><\/p>\n<p><span style=\"color: #000080;\">Pozostaje smutnym symbolem tego, \u017ce&nbsp;nie&nbsp;wystarczy wykaza\u0107 si\u0119 znacznym do\u015bwiadczeniem, inteligencj\u0105 czy&nbsp;nawet pocz\u0105tkowymi standardami etycznymi \u2013 wystarczy jedno zaburzenie (Smole\u0144sk), jedno dostrze\u017cenie algorytmu promuj\u0105cego radykalizm, i&nbsp;cz\u0142owiek mo\u017ce sta\u0107 si\u0119 narz\u0119dziem rozprzestrzeniania k\u0142amstw na&nbsp;masow\u0105 skal\u0119. Jego kana\u0142 na&nbsp;YouTube\u2019ie jest obecnie mniej wi\u0119cej tym, czym Radio Maryja w&nbsp;latach 90-tych. Inn\u0105 form\u0105 rozpowszechniania naukowych mit\u00f3w i&nbsp;politycznego radykalizmu, ale&nbsp;z&nbsp;du\u017co wi\u0119ksz\u0105 dynamik\u0105 i&nbsp;bezpo\u015brednim docieraniem do&nbsp;potencjalnie milion\u00f3w ludzi.<a id=\"post-247604-fnref1_9\" style=\"color: #000080;\"><\/a><\/span><\/p>\n<p><span style=\"color: #000080;\">Czy&nbsp;nazywamy to&nbsp;upadkiem, zdrad\u0105 obowi\u0105zk\u00f3w zawodowych, czy&nbsp;te\u017c zmian\u0105 ideologiczn\u0105 \u2013 jest mniej wa\u017cne ni\u017c zrozumienie, \u017ce&nbsp;przypadek Rymanowskiego potencjalnie wiele m\u00f3wi nam o&nbsp;wra\u017cliwo\u015bci naszych medi\u00f3w na&nbsp;populizm, teorie spiskowe i&nbsp;dezinformacj\u0119, w&nbsp;imi\u0119 maksymalizacji zysku portali internetowych kosztem prawdy.<\/span><\/p>\n<h4><strong>Epilog \u2013 murarze<\/strong><\/h4>\n<p><span style=\"color: #000080;\">Nie&nbsp;trzeba by\u0142o d\u0142ugo czeka\u0107 na&nbsp;reakcj\u0119 z&nbsp;prawej strony. Znani politycy prawicowi oraz&nbsp;media prawicowe, w&nbsp;tym mi\u0119dzy innymi \u201eOtwarta konserwa\u201d Krzysztofa Ziemca, Radio WNET, Kana\u0142 Zero, przyst\u0105pi\u0142y do&nbsp;zmasowanej obrony pod&nbsp;has\u0142em: \u201emurem za&nbsp;Rymanowskim\u201d. Redaktor\u00f3w Newsweeka, powa\u017cnych portali internetowych, uczonych wykazuj\u0105cych zmy\u015blenia, k\u0142amstwa i&nbsp;nieprawdy w&nbsp;podcastach Rymanowskiego, oskar\u017cano o&nbsp;ograniczanie wolno\u015bci s\u0142owa, cenzur\u0119 w&nbsp;internecie, czy&nbsp;ograniczanie wolno\u015bci s\u0142owa przez&nbsp;rz\u0105d Tuska. Rymanowskiego przedstawiano jako&nbsp;ofiar\u0119 ataku \u201eliberalnych medi\u00f3w\u201d, a&nbsp;nawet wpisano rzecz ca\u0142\u0105 w&nbsp;szersz\u0105 narracj\u0119 o&nbsp;walce z&nbsp;\u201etotalitaryzmem liberalnym\u201d.<\/span><\/p>\n<p><span style=\"color: #000080;\">W&nbsp;tej&nbsp;retoryce nie&nbsp;rozr\u00f3\u017cniano pomi\u0119dzy prawem do&nbsp;wypowiedzi a&nbsp;odpowiedzialno\u015bci\u0105 za&nbsp;fakty i&nbsp;dezinformacj\u0119 \u2013 ka\u017cda krytyka by\u0142a nazywana \u201ecenzur\u0105\u201d, a&nbsp;ka\u017cde fake newsy \u201ealternatywn\u0105 prawd\u0105\u201d. Obrona okaza\u0142a si\u0119 taktycznie skuteczna, mobilizuj\u0105c zwolennik\u00f3w Rymanowskiego i&nbsp;zwi\u0119kszaj\u0105c jego zasi\u0119gi, ale&nbsp;pog\u0142\u0119bi\u0142a polaryzacj\u0119 medialn\u0105, legitymizowa\u0142a pseudonauk\u0119 i&nbsp;os\u0142abi\u0142a standardy publicznej debaty.<\/span><\/p>\n<blockquote><p><strong>To&nbsp;jest esencja problemu: w&nbsp;\u015bwiecie, gdzie ka\u017cda krytyka jest \u201ecenzur\u0105\u201d, ka\u017cda nieprawda jest \u201ealternatywn\u0105 narracj\u0105\u201d, a&nbsp;ka\u017cdy fact-checking jest \u201eatakiem na&nbsp;wolno\u015b\u0107 s\u0142owa\u201d \u2013&nbsp;nie&nbsp;ma&nbsp;ju\u017c mo\u017cliwo\u015bci racjonalnego dyskursu publicznego.\u200b<\/strong><\/p>\n<p><strong>Rymanowski mo\u017ce triumfowa\u0107, \u017ce \u201ewygra\u0142\u201d z \u201eNewsweekiem\u201d. Ale prawdziwym przegranym jest polska przestrze\u0144 publiczna, kt\u00f3ra coraz bardziej przypomina dwie r\u00f3wnoleg\u0142e rzeczywisto\u015bci niemog\u0105ce si\u0119 ze sob\u0105 porozumie\u0107.<\/strong><\/p><\/blockquote>\n<hr>\n<ol>\n<li><a class=\"extlink https\" href=\"https:\/\/www.newsweek.pl\/polska\/spoleczenstwo\/co-sie-stalo-z-bogdanem-rymanowskim-znajoma-zawsze-ciagnelo-go-do-radykalow\/pgqjej4\">https:\/\/www.newsweek.pl\/polska\/spoleczenstwo\/co-sie-stalo-z-bogdanem-rymanowskim-znajoma-zawsze-ciagnelo-go-do-radykalow\/pgqjej4<\/a><\/li>\n<li><a class=\"extlink https\" href=\"https:\/\/www.wirtualnemedia.pl\/bogdan-rymanowski-w-ogniu-krytyki-wszystko-przez-wywiad-o-zywnosci,7215441713445536a\">https:\/\/www.wirtualnemedia.pl\/bogdan-rymanowski-w-ogniu-krytyki-wszystko-przez-wywiad-o-zywnosci,7215441713445536a<\/a><\/li>\n<li><a class=\"extlink https\" href=\"https:\/\/wiadomosci.onet.pl\/kraj\/bogdan-rymanowski-jako-siewca-glupoty-w-newsweeku-chce-isc-do-sadu\/tznt6rx\">https:\/\/wiadomosci.onet.pl\/kraj\/bogdan-rymanowski-jako-siewca-glupoty-w-newsweeku-chce-isc-do-sadu\/tznt6rx<\/a><\/li>\n<li><a class=\"extlink https\" href=\"https:\/\/www.wirtualnemedia.pl\/bogdan-rymanowski-fake-newsy-covid-19-koronawirus-podlosc-nieudolnosc,7170072466393217a\">https:\/\/www.wirtualnemedia.pl\/bogdan-rymanowski-fake-newsy-covid-19-koronawirus-podlosc-nieudolnosc,7170072466393217a<\/a><\/li>\n<li><a class=\"extlink https\" href=\"https:\/\/www.ejournals.eu\/pliki\/art\/23949\/\">https:\/\/www.ejournals.eu\/pliki\/art\/23949\/<\/a><\/li>\n<li><a class=\"extlink https\" href=\"https:\/\/www.ejournals.eu\/pliki\/art\/23671\/\">https:\/\/www.ejournals.eu\/pliki\/art\/23671\/<\/a><\/li>\n<li><a class=\"extlink https\" href=\"https:\/\/ispan.waw.pl\/journals\/index.php\/adeptus\/article\/download\/a.2058\/5750\">https:\/\/ispan.waw.pl\/journals\/index.php\/adeptus\/article\/download\/a.2058\/5750<\/a><\/li>\n<li><a class=\"extlink https\" href=\"https:\/\/www.onet.pl\/styl-zycia\/plejada\/wyksztalcenie-bogdana-rymanowskiego-zaskakuje-nie-wszyscy-o-tym-wiedza\/yjdddgx,0898b825\">https:\/\/www.onet.pl\/styl-zycia\/plejada\/wyksztalcenie-bogdana-rymanowskiego-zaskakuje-nie-wszyscy-o-tym-wiedza\/yjdddgx,0898b825<\/a><\/li>\n<li><a class=\"extlink https\" href=\"https:\/\/natemat.pl\/628994,bogdan-rymanowski-kompromituje-sie-dalej-po-wywiadzie-z-cichosz\">https:\/\/natemat.pl\/628994,bogdan-rymanowski-kompromituje-sie-dalej-po-wywiadzie-z-cichosz<\/a><\/li>\n<li><a class=\"extlink https\" href=\"https:\/\/www.youtube.com\/watch?v=o2QOBA_WhCI\">https:\/\/www.youtube.com\/watch?v=o2QOBA_WhCI<\/a><\/li>\n<li><a class=\"extlink https\" href=\"https:\/\/www.wirtualnemedia.pl\/burza-wokol-wywiadu-rymanowskiego-nie-cichnie-co-dziennikarz-na-tym-zyskal,7217905154325088a\">https:\/\/www.wirtualnemedia.pl\/burza-wokol-wywiadu-rymanowskiego-nie-cichnie-co-dziennikarz-na-tym-zyskal,7217905154325088a<\/a><\/li>\n<li><a class=\"extlink https\" href=\"https:\/\/wpolityce.pl\/media\/744832-fala-wsparcia-dla-rymanowskiego-krotko-z-cenzorami\">https:\/\/wpolityce.pl\/media\/744832-fala-wsparcia-dla-rymanowskiego-krotko-z-cenzorami<\/a><\/li>\n<li><a class=\"extlink https\" href=\"https:\/\/www.newsweek.pl\/opinie\/brednie-u-rymanowskiego-oto-dlaczego-opublikowalismy-ten-tekst\/3g27k0d\">https:\/\/www.newsweek.pl\/opinie\/brednie-u-rymanowskiego-oto-dlaczego-opublikowalismy-ten-tekst\/3g27k0d<\/a><\/li>\n<li><a class=\"extlink https\" href=\"https:\/\/www.tokfm.pl\/polska\/burza-po-okladce-newsweeka-o-co-chodzi-w-aferze-z-bogdanem-rymanowskim\">https:\/\/www.tokfm.pl\/polska\/burza-po-okladce-newsweeka-o-co-chodzi-w-aferze-z-bogdanem-rymanowskim<\/a><\/li>\n<li><a class=\"extlink https\" href=\"https:\/\/www.youtube.com\/watch?v=Lt1dyO6tloI\">https:\/\/www.youtube.com\/watch?v=Lt1dyO6tloI<\/a><\/li>\n<li><a class=\"extlink https\" href=\"https:\/\/www.youtube.com\/watch?v=6MXKAsypcok\">https:\/\/www.youtube.com\/watch?v=6MXKAsypcok<\/a><\/li>\n<li><a class=\"extlink https\" href=\"https:\/\/wnet.fm\/\">https:\/\/wnet.fm<\/a><\/li>\n<li><a class=\"extlink https\" href=\"https:\/\/www.youtube.com\/watch?v=mY1-vsBoViQ\">https:\/\/www.youtube.com\/watch?v=mY1-vsBoViQ<\/a><\/li>\n<\/ol>\n<hr style=\"height: 15px; background: #d0e6fa; width: 100%;\">\n<div id=\"content\" class=\"content-alignment\">\n<div id=\"watch-description\" class=\"yt-uix-button-panel\">\n<div id=\"watch-description-text\" style=\"text-align: center;\">\n<p><em>Zawarto\u015b\u0107 publikowanych artyku\u0142\u00f3w i materia\u0142\u00f3w nie reprezentuje pogl\u0105d\u00f3w ani opinii Reunion&#8217;68,<\/em><em><br \/>\nani te\u017c webmastera Blogu Reunion&#8217;68, chyba ze jest to wyra\u017anie zaznaczone.<br \/>\nTwoje uwagi, linki, w\u0142asne artyku\u0142y lub wiadomo\u015bci prze\u015blij na adres:<br \/>\n<\/em><span style=\"color: #000080;\"><strong><em><a style=\"color: #000080;\" href=\"mailto:webmaster@reunion68.com\"><span style=\"text-decoration: underline;\">webmaster@reunion68.com<\/span><\/a><\/em><\/strong><\/span><\/p>\n<\/div>\n<\/div>\n<\/div>\n<hr style=\"width: 100%;\">\n","protected":false},"excerpt":{"rendered":"<p>W niedziel\u0119 wieczorem kana\u0142 Rymanowskiego mia\u0142 ok. 6 tys. subskrybent\u00f3w (screen: YouTube\/Rymanowski Live) Bogdan Rymanowski \u2013 od dziennikarza mainstreamu do architekta dezinformacji S\u0142awek 05.11.2025 Przemiana Bogdana Rymanowskiego z&nbsp;salonowego publicysty w&nbsp;czo\u0142owego dystrybutora antynaukowych teorii spiskowych, stanowi jedno z&nbsp;najsmutniejszych zjawisk wsp\u00f3\u0142czesnego polskiego internetu. Co&nbsp;wi\u0119cej, proces radykalizacji przebiega z&nbsp;tak\u0105 precyzj\u0105 i&nbsp;wykalkulowanym ch\u0142odem, i\u017c&nbsp;trudno oprze\u0107 si\u0119 wra\u017ceniu, \u017ce&nbsp;przed&nbsp;nami znajduje [&hellip;]<\/p>\n","protected":false},"author":1,"featured_media":0,"comment_status":"closed","ping_status":"closed","sticky":false,"template":"","format":"standard","meta":[],"categories":[6],"tags":[33,24],"_links":{"self":[{"href":"https:\/\/www.reunion68.se\/index.php?rest_route=\/wp\/v2\/posts\/125661"}],"collection":[{"href":"https:\/\/www.reunion68.se\/index.php?rest_route=\/wp\/v2\/posts"}],"about":[{"href":"https:\/\/www.reunion68.se\/index.php?rest_route=\/wp\/v2\/types\/post"}],"author":[{"embeddable":true,"href":"https:\/\/www.reunion68.se\/index.php?rest_route=\/wp\/v2\/users\/1"}],"replies":[{"embeddable":true,"href":"https:\/\/www.reunion68.se\/index.php?rest_route=%2Fwp%2Fv2%2Fcomments&post=125661"}],"version-history":[{"count":5,"href":"https:\/\/www.reunion68.se\/index.php?rest_route=\/wp\/v2\/posts\/125661\/revisions"}],"predecessor-version":[{"id":125673,"href":"https:\/\/www.reunion68.se\/index.php?rest_route=\/wp\/v2\/posts\/125661\/revisions\/125673"}],"wp:attachment":[{"href":"https:\/\/www.reunion68.se\/index.php?rest_route=%2Fwp%2Fv2%2Fmedia&parent=125661"}],"wp:term":[{"taxonomy":"category","embeddable":true,"href":"https:\/\/www.reunion68.se\/index.php?rest_route=%2Fwp%2Fv2%2Fcategories&post=125661"},{"taxonomy":"post_tag","embeddable":true,"href":"https:\/\/www.reunion68.se\/index.php?rest_route=%2Fwp%2Fv2%2Ftags&post=125661"}],"curies":[{"name":"wp","href":"https:\/\/api.w.org\/{rel}","templated":true}]}}