{"id":125733,"date":"2025-11-09T17:05:00","date_gmt":"2025-11-09T15:05:00","guid":{"rendered":"https:\/\/www.reunion68.se\/?p=125733"},"modified":"2025-11-09T10:27:41","modified_gmt":"2025-11-09T08:27:41","slug":"11-05-121","status":"publish","type":"post","link":"https:\/\/www.reunion68.se\/?p=125733","title":{"rendered":"Kristallnacht survivors warn that today\u2019s world is dangerous for Jews"},"content":{"rendered":"<hr \/>\n<h3 style=\"text-align: center;\"><a href=\"https:\/\/www.jns.org\/\" target=\"_blank\" rel=\"noopener noreferrer\"><img decoding=\"async\" class=\"center alignleft\" src=\"http:\/\/www.reunion68.com\/Biuletyn\/img\/jns-1.png\" alt=\"\" width=\"35%\" \/><\/a><span style=\"text-decoration: underline; color: #000080;\"><span><strong><a style=\"color: #000080; text-decoration: underline;\" href=\"https:\/\/www.jns.org\/kristallnacht-survivors-warn-that-the-world-is-dangerous-for-jews\/\" target=\"_blank\" rel=\"noopener noreferrer\">Kristallnacht survivors warn that today\u2019s world is dangerous for Jews<\/a><\/strong><\/span><\/span><\/h3>\n<p style=\"text-align: center;\"><span style=\"color: #000000;\"><strong>Steve Linde<\/strong><\/span><\/p>\n<hr style=\"height: 15px; background: #d0e6fa; width: 100%;\" \/>\n<div style=\"text-align: center;\"><strong>&#8220;Teach your children what happens when the world stays silent.&#8221;<\/strong><\/div>\n<p style=\"text-align: center;\"><img decoding=\"async\" class=\"aligncenter\" src=\"https:\/\/me.jnsi.org\/uploads\/2025\/11\/%D7%97%D7%97-1320x880.jpeg\" width=\"100%\" \/><span style=\"color: #808080;\"><em>(Left to right): Walter Bingham, Revital Yakin Krakovsky, CEO of March of the Living Israel, George Shefi and Paul Alexander outside the Great Synagogue in Jerusalem, Nov. 9, 2025. Credit: March of the Living.<\/em><\/span><\/p>\n<p class=\"wp-block-paragraph\"><span style=\"color: #000080;\">On the 87th anniversary of\u00a0<a style=\"color: #000080;\" href=\"https:\/\/www.jns.org\/topic\/kristallnacht\/\">Kristallnacht<\/a>, three Holocaust survivors who lived through the infamous 1938 Nazi pogrom in Germany as children warned that the world today is once again dangerously unsafe for Jews, urging governments to take decisive action to combat antisemitism and strengthen Holocaust education.<\/span><\/p>\n<p class=\"wp-block-paragraph\"><span style=\"color: #000080;\">Walter Bingham, 101, George Shefi, 94, and Paul Alexander, 90, who all experienced Kristallnacht, issued a stark joint statement with the International March of the Living, saying that the current wave of global antisemitism mirrors the climate of hate that preceded the Holocaust.<\/span><\/p>\n<p class=\"wp-block-paragraph\"><span style=\"color: #000080;\">\u201cWith today\u2019s antisemitic atmosphere, pogroms against Jews can happen again,\u201d said Bingham, who witnessed Hitler\u2019s rise to power as a boy.<\/span><\/p>\n<p class=\"wp-block-paragraph\"><span style=\"color: #000080;\">Alexander, whose father was arrested that night and sent to Buchenwald, added: \u201cThe world today is no safer for Jews than it was 87 years ago. The images of the past two years remind us of the darkest days of the 1930s in Nazi Germany.\u201d<\/span><\/p>\n<p class=\"wp-block-paragraph\"><span style=\"color: #000080;\">Shefi recalled waking up to find shattered glass outside a Jewish-owned store and his synagogue burned to the ground.<\/span><\/p>\n<p style=\"text-align: left;\"><span style=\"color: #000080;\">In the aftermath of the pogrom, all three were sent to Britain on the Kindertransport. Shefi never saw his mother again; she was murdered in Auschwitz. Bingham\u2019s father perished in the Warsaw Ghetto. Alexander, one of the few Kindertransport children to reunite with both parents, later made his way to Israel, where all three survivors now live.<\/span><\/p>\n<p style=\"text-align: center;\">\n<img decoding=\"async\" class=\"aligncenter\" src=\"https:\/\/me.jnsi.org\/uploads\/2025\/11\/STATEMENT-.jpg\" width=\"100%\" \/><span style=\"color: #808080;\"><em>The statement issued by three survivors of Kristallnacht, Nov. 9, 2025. Credit: March of the Living.<\/em><\/span><\/p>\n<p class=\"wp-block-paragraph\"><span style=\"color: #000080;\">In their statement, the survivors wrote: \u201cWe saw with our own eyes how hatred turned to flames, how indifference became complicity, and how the world stayed silent as Jews were attacked. Today, 87 years later, we look around us and say with deep pain: the world has learned nothing.<\/span><\/p>\n<p class=\"wp-block-paragraph\"><span style=\"color: #000080;\">\u201cOnce again, Jews are murdered for being Jews. Once again, synagogues are attacked. Once again, universities remain silent in the face of incitement. In today\u2019s atmosphere, Kristallnacht could happen again.\u201d<\/span><\/p>\n<p class=\"wp-block-paragraph\"><span style=\"color: #000080;\">In a joint appeal, issued under the auspices of Revital Yakin Krakovsky, CEO of March of the Living Israel, they said, \u201cWe call on governments to act decisively to eradicate antisemitism and to strengthen Holocaust education. Learn history. Teach your children what happens when the world stays silent.\u201d<\/span><\/p>\n<p class=\"wp-block-paragraph\"><span style=\"color: #000080;\">\u201cAntisemitism does not disappear on its own,\u201d they added. \u201cIt grows when met with silence and thrives where ignorance prevails. It stops only when courageous people\u2014Jews and non-Jews alike\u2014stand up and say: enough.\u201d<\/span><\/p>\n<p class=\"wp-block-paragraph\"><span style=\"color: #000080;\">Two years ago, Bingham, Shefi and Alexander retraced their childhood escape from Nazi Germany in a journey organized by the International March of the Living\u2014just one day after the Hamas attacks on Israel. From Germany, they watched the news of Israeli communities burning in what many called the worst antisemitic massacre since the Holocaust.<\/span><\/p>\n<p class=\"wp-block-paragraph\"><span style=\"color: #000080;\">Scott Saunders, CEO of the International March of the Living, said the anniversary comes \u201camid two consecutive years of record-high antisemitism worldwide, and less than a month after Jews were murdered in a synagogue in Manchester.\u201d<\/span><\/p>\n<p class=\"wp-block-paragraph\"><span style=\"color: #000080;\">\u201cKristallnacht was a warning,\u201d he said. \u201cToday we issue another: a pogrom against Jews can happen again. At the International March of the Living, we will continue to advance Holocaust education and march against antisemitism, reminding the world of the devastating cost of hate.\u201d<\/span><\/p>\n<p class=\"wp-block-paragraph\"><span style=\"color: #000080;\">A new report released by Israel\u2019s Ministry for Diaspora Affairs and Combating Antisemitism marks the anniversary with alarming statistics: since Oct. 7, 2023, antisemitic incidents have sharply increased worldwide. Over the past two years, seven Jews were murdered in antisemitic attacks in the U.S. and Europe, including two people in the recent\u00a0<a style=\"color: #000080;\" href=\"https:\/\/www.jns.org\/manchester-hero-rabbi-underwent-israeli-security-training\/\">Manchester<\/a>\u00a0synagogue assault.<\/span><\/p>\n<p class=\"wp-block-paragraph\"><span style=\"color: #000080;\">The report documented 99 attacks on synagogues, 98 on Jewish-owned businesses, 14 cemetery desecrations, and 182 incidents targeting Jewish schools and community centers.<\/span><\/p>\n<p class=\"wp-block-paragraph\"><span style=\"color: #000080;\">Eighty-seven years after Kristallnacht, the survivors\u2019 message is clear: in the face of rising antisemitism, the world must not remain silent again.<\/span><\/p>\n<hr style=\"height: 15px; background: #d0e6fa; width: 100%;\" \/>\n<div id=\"content\" class=\"content-alignment\">\n<div id=\"watch-description\" class=\"yt-uix-button-panel\">\n<div id=\"watch-description-text\" style=\"text-align: center;\">\n<p><em>Zawarto\u015b\u0107 publikowanych artyku\u0142\u00f3w i materia\u0142\u00f3w nie reprezentuje pogl\u0105d\u00f3w ani opinii Reunion&#8217;68,<\/em><em><br \/>\nani te\u017c webmastera Blogu Reunion&#8217;68, chyba ze jest to wyra\u017anie zaznaczone.<br \/>\nTwoje uwagi, linki, w\u0142asne artyku\u0142y lub wiadomo\u015bci prze\u015blij na adres:<br \/>\n<\/em><span style=\"color: #000080;\"><strong><em><a style=\"color: #000080;\" href=\"mailto:webmaster@reunion68.com\"><span style=\"text-decoration: underline;\">webmaster@reunion68.com<\/span><\/a><\/em><\/strong><\/span><\/p>\n<\/div>\n<\/div>\n<\/div>\n<hr style=\"width: 100%;\" \/>\n","protected":false},"excerpt":{"rendered":"<p>Kristallnacht survivors warn that today\u2019s world is dangerous for Jews Steve Linde &#8220;Teach your children what happens when the world stays silent.&#8221; (Left to right): Walter Bingham, Revital Yakin Krakovsky, CEO of March of the Living Israel, George Shefi and Paul Alexander outside the Great Synagogue in Jerusalem, Nov. 9, 2025. Credit: March of the [&hellip;]<\/p>\n","protected":false},"author":1,"featured_media":0,"comment_status":"closed","ping_status":"closed","sticky":false,"template":"","format":"standard","meta":[],"categories":[6],"tags":[33,24],"_links":{"self":[{"href":"https:\/\/www.reunion68.se\/index.php?rest_route=\/wp\/v2\/posts\/125733"}],"collection":[{"href":"https:\/\/www.reunion68.se\/index.php?rest_route=\/wp\/v2\/posts"}],"about":[{"href":"https:\/\/www.reunion68.se\/index.php?rest_route=\/wp\/v2\/types\/post"}],"author":[{"embeddable":true,"href":"https:\/\/www.reunion68.se\/index.php?rest_route=\/wp\/v2\/users\/1"}],"replies":[{"embeddable":true,"href":"https:\/\/www.reunion68.se\/index.php?rest_route=%2Fwp%2Fv2%2Fcomments&post=125733"}],"version-history":[{"count":7,"href":"https:\/\/www.reunion68.se\/index.php?rest_route=\/wp\/v2\/posts\/125733\/revisions"}],"predecessor-version":[{"id":125757,"href":"https:\/\/www.reunion68.se\/index.php?rest_route=\/wp\/v2\/posts\/125733\/revisions\/125757"}],"wp:attachment":[{"href":"https:\/\/www.reunion68.se\/index.php?rest_route=%2Fwp%2Fv2%2Fmedia&parent=125733"}],"wp:term":[{"taxonomy":"category","embeddable":true,"href":"https:\/\/www.reunion68.se\/index.php?rest_route=%2Fwp%2Fv2%2Fcategories&post=125733"},{"taxonomy":"post_tag","embeddable":true,"href":"https:\/\/www.reunion68.se\/index.php?rest_route=%2Fwp%2Fv2%2Ftags&post=125733"}],"curies":[{"name":"wp","href":"https:\/\/api.w.org\/{rel}","templated":true}]}}