{"id":125735,"date":"2025-11-09T17:00:00","date_gmt":"2025-11-09T15:00:00","guid":{"rendered":"https:\/\/www.reunion68.se\/?p=125735"},"modified":"2025-11-09T10:43:02","modified_gmt":"2025-11-09T08:43:02","slug":"11-00-115","status":"publish","type":"post","link":"https:\/\/www.reunion68.se\/?p=125735","title":{"rendered":"Jewish New York died on November 4 &#8211; opinion"},"content":{"rendered":"<hr \/>\n<h3 style=\"text-align: center;\"><a href=\"https:\/\/www.jpost.com\/\" target=\"_blank\" rel=\"noopener noreferrer\"><img decoding=\"async\" class=\"center alignleft\" src=\"http:\/\/www.reunion68.com\/Biuletyn\/img\/jpost.png\" alt=\"\" width=\"35%\" \/><\/a><span style=\"text-decoration: underline; color: #000080;\"><span style=\"text-decoration: underline;\"><strong><a style=\"color: #000080; text-decoration: underline;\" href=\"https:\/\/www.jpost.com\/opinion\/article-873139\" target=\"_blank\" rel=\"noopener noreferrer\">Jewish New York died on November 4 &#8211; opinion<\/a><\/strong><\/span><\/span><\/h3>\n<p style=\"text-align: center;\"><span style=\"color: #000000;\"><strong>SHERWIN POMERANTZ<\/strong><\/span><\/p>\n<hr style=\"height: 15px; background: #d0e6fa; width: 100%;\" \/>\n<p style=\"text-align: center;\"><img decoding=\"async\" class=\"aligncenter\" src=\"https:\/\/images.jpost.com\/image\/upload\/f_auto,fl_lossy\/q_auto\/c_fill,g_faces:center,h_720,w_1280\/688985\" width=\"100%\" \/><span style=\"color: #808080;\"><em>MAYOR-ELECT Zohran Mamdani holds a news conference in Queens on Wednesday. The flavor of New York as a Jewish city will be gone, the writer laments. \/ (photo credit: Kylie Cooper\/Reuters)<\/em><\/span><\/p>\n<p>The city that former\u00a0<em>Carolina Israelite<\/em>\u00a0editor Harry Golden described in his 1972 book<em>\u00a0The Greatest Jewish City in the World<\/em>, celebrating New York City as the world\u2019s preeminent Jewish city, died with the election of\u00a0<a href=\"https:\/\/www.jpost.com\/american-politics\/article-871970\">Zohran Mamdani<\/a>\u00a0as its next mayor.<\/p>\n<section class=\"article-body-paragraph article-body-paragraph \">To be sure, nothing specific will change for Jews on the day Mamdani takes office. It is unsafe for some Jews to walk the streets of New York today, and it will continue to\u00a0<a href=\"https:\/\/www.jpost.com\/diaspora\/antisemitism\/article-872881\">be unsafe<\/a> after his inauguration. But normal daily life will continue, people will still go to work, still maintain their lives as Jewishly as they wish, have family get-togethers and frequent their preferred synagogues as before.<\/section>\n<section class=\"article-body-paragraph article-body-paragraph \">\n<section class=\"article-body-paragraph article-body-paragraph \">\nHowever, the flavor of New York as a Jewish city will be\u00a0<a href=\"https:\/\/www.jpost.com\/diaspora\/article-873119\">gone<\/a>.<\/p>\n<section><\/section>\n<section class=\"article-body-paragraph article-body-paragraph \">I grew up in the borough of the Bronx during my first 20 years of life, from 1940-1960, and it was like living in a shtetl. In that place at that time, there were more than 600,000 Jews (37% of the population), with the others being predominantly Catholic of either Italian or Irish origin. The Catholics went to their own schools, so the public schools, as they were called, were 90%-95% Jewish. So much so, that I even learned popular Yiddish songs in their original language in PS 11, the public school that served my Highbridge neighborhood.<\/p>\n<section><\/section>\n<section class=\"article-body-paragraph article-body-paragraph \">High School was no different. The Bronx High School of Science, where I studied, while it drew students from the entire city, was also about 80% Jewish, as were most of its faculty and its founding principal. As a matter of fact, the largest cohort of the school\u2019s alumni living abroad resides here in Israel. In effect, the street was Jewish, with a plethora of kosher delis, synagogues, and cultural organizations catering to the population of the times.<\/section>\n<section class=\"article-body-paragraph article-body-paragraph \">\n<p style=\"text-align: center;\"><img decoding=\"async\" class=\"aligncenter\" src=\"https:\/\/images.jpost.com\/image\/upload\/f_auto,fl_lossy\/c_fill,g_faces:center,h_537,w_822\/688668\" width=\"100%\" \/><span style=\"color: #808080;\"><em>An illustration shows the Daily News and New York Post newspapers featuring Zohran Mamdani&#8217;s mayoral election win stories, the morning on after Election Day in New York City, US, November 5, 2025. (credit: REUTERS\/Eduardo Munoz\/Illustration)<\/em><\/span><\/p>\n<p><span style=\"color: #000080;\">That New York has been gone for many years, as large segments of the Jewish population moved to the suburbs as they became wealthier. Still, other sections of the city grew, and areas such as Manhattan\u2019s Upper West Side and Brooklyn\u2019s Williamsburg and Borough Park welcomed new Jewish growth, as did areas of the Bronx such as Riverdale and Pelham Parkway.<\/span><\/p>\n<section class=\"article-paragraph-wrap\">\n<section class=\"article-body-paragraph article-body-paragraph \"><span style=\"color: #000080;\">Nevertheless, the Jewishness of the city, the feeling of people living there that the city was incredibly hospitable to Jews and Jewish life, remained and, in many respects, even grew. There is no city in the US today with more kosher restaurants, more yeshivot, more Jewish cultural institutions than what one will find in New York.<\/span><\/p>\n<\/section>\n<\/section>\n<section class=\"article-paragraph-wrap\">\n<section class=\"article-body-paragraph article-body-paragraph \"><span style=\"color: #000080;\">Yet, now there will be a mayor who, in addition to being an observant Muslim, holds views that are anathema to a large portion of the Jewish community, albeit a significant number did vote for him, presumably identifying with his plans to address the social and economic ills of American society.<\/span><\/p>\n<\/section>\n<\/section>\n<section class=\"article-paragraph-wrap\">\n<section class=\"article-body-paragraph article-body-paragraph \"><span style=\"color: #000080;\">For example, Mamdani is an open and long-term supporter of the Boycott, Divestment, and Sanctions movement, which lobbies for an economic and\u00a0<a style=\"color: #000080;\" href=\"https:\/\/www.jpost.com\/american-politics\/article-872751\">cultural boycott<\/a>\u00a0of Israel. He has said, \u201cMy support for BDS is consistent with the core of my politics, which is nonviolence. And I think that it is a legitimate movement when you are seeking to find compliance with international law.\u201d<\/span><\/p>\n<\/section>\n<\/section>\n<section class=\"article-paragraph-wrap\">\n<section>\n<section class=\"fake-br-for-article-body\"><\/section>\n<\/section>\n<section class=\"article-body-paragraph article-body-paragraph \"><span style=\"color: #000080;\">While a student at Bowdoin College, where he co-founded the school\u2019s Students for Justice in Palestine chapter, Mamdani agreed with the American Studies Association\u2019s boycott of Israeli academic institutions in 2014.<\/span><\/p>\n<\/section>\n<\/section>\n<section class=\"article-paragraph-wrap\">\n<section class=\"article-body-paragraph article-body-paragraph \"><span style=\"color: #000080;\">He has said on more than one occasion that if Prime Minister Netanyahu were to come to New York City, he would have him arrested, given the decisions handed down by the International Court of Justice.<\/span><\/p>\n<\/section>\n<\/section>\n<section class=\"article-paragraph-wrap\">\n<section class=\"article-body-paragraph article-body-paragraph \"><span style=\"color: #000080;\">He regularly describes Israel\u2019s conduct of the war against Hamas as genocide and chooses to describe Israel as an apartheid state, both of which we reject.<\/span><\/p>\n<\/section>\n<\/section>\n<section class=\"article-paragraph-wrap\">\n<section class=\"article-body-paragraph article-body-paragraph \">\n<h3><strong>The electorate has spoken<\/strong><\/h3>\n<p><span style=\"color: #000080;\">NEVERTHELESS, THE electorate has spoken, and Mamdani will take office on January 1, as the law dictates. Just over eight months later, on September 11, he will preside over the ceremonies marking the 25th anniversary of the attack on the World Trade Center and Pentagon that caused the deaths of 2,977 innocent Americans at the hands of crazed Muslim terrorists.<\/span><\/section>\n<\/section>\n<section class=\"article-paragraph-wrap\">\n<section class=\"article-body-paragraph article-body-paragraph \"><span style=\"color: #000080;\">That event will either demonstrate how far New York has progressed, intellectually and emotionally, in coming to terms with the events of September 11, or mark one more step in the slow but often clear intent of the Muslim world to exert its influence over all of us.<\/span><\/p>\n<\/section>\n<\/section>\n<section class=\"article-paragraph-wrap\">\n<section class=\"article-body-paragraph article-body-paragraph \"><span style=\"color: #000080;\">Let us hope it is the former and not the latter. Yet either way, Jewish New York died on November 4.<\/span><\/p>\n<hr \/>\n<\/section>\n<\/section>\n<section class=\"article-paragraph-wrap\">\n<section class=\"article-body-paragraph article-body-paragraph \">\n<p style=\"text-align: left;\"><span style=\"color: #808080;\"><em>The writer, a <strong>New York native<\/strong>, is an international business development consultant, founder and chairman of the American State Offices Association, a former national president of the Association of Americans and Canadians in Israel, and a past chairman of the board of the Pardes Institute of Jewish Studies.<\/em><\/span><\/p>\n<\/section>\n<\/section>\n<hr style=\"height: 15px; background: #d0e6fa; width: 100%;\" \/>\n<div id=\"content\" class=\"content-alignment\">\n<div id=\"watch-description\" class=\"yt-uix-button-panel\">\n<div id=\"watch-description-text\" style=\"text-align: center;\">\n<p><em>Zawarto\u015b\u0107 publikowanych artyku\u0142\u00f3w i materia\u0142\u00f3w nie reprezentuje pogl\u0105d\u00f3w ani opinii Reunion&#8217;68,<\/em><em><br \/>\nani te\u017c webmastera Blogu Reunion&#8217;68, chyba ze jest to wyra\u017anie zaznaczone.<br \/>\nTwoje uwagi, linki, w\u0142asne artyku\u0142y lub wiadomo\u015bci prze\u015blij na adres:<br \/>\n<\/em><span style=\"color: #000080;\"><strong><em><a style=\"color: #000080;\" href=\"mailto:webmaster@reunion68.com\"><span style=\"text-decoration: underline;\">webmaster@reunion68.com<\/span><\/a><\/em><\/strong><\/span><\/p>\n<\/div>\n<\/div>\n<\/div>\n<hr style=\"width: 100%;\" \/>\n<\/section>\n<\/section>\n<\/section>\n<\/section>\n","protected":false},"excerpt":{"rendered":"<p>Jewish New York died on November 4 &#8211; opinion SHERWIN POMERANTZ MAYOR-ELECT Zohran Mamdani holds a news conference in Queens on Wednesday. The flavor of New York as a Jewish city will be gone, the writer laments. \/ (photo credit: Kylie Cooper\/Reuters) The city that former\u00a0Carolina Israelite\u00a0editor Harry Golden described in his 1972 book\u00a0The Greatest [&hellip;]<\/p>\n","protected":false},"author":1,"featured_media":0,"comment_status":"closed","ping_status":"closed","sticky":false,"template":"","format":"standard","meta":[],"categories":[6],"tags":[33,24],"_links":{"self":[{"href":"https:\/\/www.reunion68.se\/index.php?rest_route=\/wp\/v2\/posts\/125735"}],"collection":[{"href":"https:\/\/www.reunion68.se\/index.php?rest_route=\/wp\/v2\/posts"}],"about":[{"href":"https:\/\/www.reunion68.se\/index.php?rest_route=\/wp\/v2\/types\/post"}],"author":[{"embeddable":true,"href":"https:\/\/www.reunion68.se\/index.php?rest_route=\/wp\/v2\/users\/1"}],"replies":[{"embeddable":true,"href":"https:\/\/www.reunion68.se\/index.php?rest_route=%2Fwp%2Fv2%2Fcomments&post=125735"}],"version-history":[{"count":9,"href":"https:\/\/www.reunion68.se\/index.php?rest_route=\/wp\/v2\/posts\/125735\/revisions"}],"predecessor-version":[{"id":125766,"href":"https:\/\/www.reunion68.se\/index.php?rest_route=\/wp\/v2\/posts\/125735\/revisions\/125766"}],"wp:attachment":[{"href":"https:\/\/www.reunion68.se\/index.php?rest_route=%2Fwp%2Fv2%2Fmedia&parent=125735"}],"wp:term":[{"taxonomy":"category","embeddable":true,"href":"https:\/\/www.reunion68.se\/index.php?rest_route=%2Fwp%2Fv2%2Fcategories&post=125735"},{"taxonomy":"post_tag","embeddable":true,"href":"https:\/\/www.reunion68.se\/index.php?rest_route=%2Fwp%2Fv2%2Ftags&post=125735"}],"curies":[{"name":"wp","href":"https:\/\/api.w.org\/{rel}","templated":true}]}}