{"id":125906,"date":"2025-11-19T17:09:00","date_gmt":"2025-11-19T15:09:00","guid":{"rendered":"https:\/\/www.reunion68.se\/?p=125906"},"modified":"2025-11-19T18:18:20","modified_gmt":"2025-11-19T16:18:20","slug":"17-05-117","status":"publish","type":"post","link":"https:\/\/www.reunion68.se\/?p=125906","title":{"rendered":"Co, moim zdaniem, trzeba zrobi\u0107.Teraz \u2013 ani chwili p\u00f3\u017aniej."},"content":{"rendered":"<hr>\n<h3 style=\"text-align: center;\"><a href=\"https:\/\/www.listyznaszegosadu.pl\/\" target=\"_blank\" rel=\"noopener noreferrer\"><img decoding=\"async\" class=\"center alignleft\" src=\"http:\/\/www.reunion68.com\/Biuletyn\/img\/z-naszego.jpg\" alt=\"\" width=\"50%\"><\/a><span style=\"text-decoration: underline; color: #000080;\"><span><strong><a style=\"color: #000080; text-decoration: underline;\" href=\"https:\/\/www.listyznaszegosadu.pl\/syjonizm\/co-moim-zdaniem-trzeba-zrobic-teraz-ani-chwili-palzniej\" target=\"_blank\" rel=\"noopener noreferrer\">Co, moim zdaniem, trzeba zrobi\u0107.Teraz \u2013 ani chwili p\u00f3\u017aniej.<\/a><\/strong><\/span><\/span><\/h3>\n<p style=\"text-align: center;\"><span style=\"color: #000000;\"><strong>Phyllis Chesler<\/strong><\/span><\/p>\n<hr style=\"height: 15px; background: #d0e6fa; width: 100%;\">\n<p style=\"text-align: center;\"><img decoding=\"async\" class=\"aligncenter\" src=\"https:\/\/static.independent.co.uk\/s3fs-public\/thumbnails\/image\/2016\/05\/17\/17\/9-11.jpg?quality=75&amp;width=1250&amp;crop=3%3A2%2Csmart&amp;auto=webp\" width=\"100%\"><span style=\"color: #808080;\"><em>Dym wydobywa si\u0119 z wie\u017c World Trade Center po tym, jak 11 wrze\u015bnia 2001 r. zosta\u0142y one trafione przez dwa porwane samoloty w ataku terrorystycznym (Getty)<\/em><\/span><\/p>\n<div class=\"templateArticleIngress\">\n<p><span style=\"color: #000080;\">Na pocz\u0105tku XXI wieku \u201ew po\u015br\u00f3d ciemnego znalaz\u0142am si\u0119 lasu, albowiem z prostej zb\u0142\u0105ka\u0142am si\u0119 \u015bcie\u017cki\u201d. Jednak w przeciwie\u0144stwie do Dantego, kt\u00f3ry przeszed\u0142 przez&nbsp;<em>Czy\u015bciec<\/em>&nbsp;i&nbsp;<em>Raj<\/em>, dla mnie to w\u0142a\u015bnie utrata prostego szlaku pozwoli\u0142a odnale\u017a\u0107 w\u0142a\u015bciw\u0105 drog\u0119. To, co si\u0119 dzia\u0142o, by\u0142o dla mnie zupe\u0142nie jasne.<\/span><\/p>\n<p><span style=\"color: #000080;\">I tak zacz\u0119\u0142am pisa\u0107 o nowej formie Holokaustu, kt\u00f3ra ju\u017c si\u0119 rozpocz\u0119\u0142a. Pisa\u0142am o roli, jak\u0105 Wielkie K\u0142amstwa odegra\u0142y zar\u00f3wno w chrze\u015bcija\u0144skich, jak i muzu\u0142ma\u0144skich pogromach anty\u017cydowskich, a potem w Shoah. Inne g\u0142osy r\u00f3wnie\u017c si\u0119 odzywa\u0142y. Na przyk\u0142ad: Bruce Bawer, Nonie Darwish, Steve Emerson, Oriana Fallaci, Richard Landes, Douglas Murray, Daniel Pipes, Robert Spencer, Ibn Warraq, Bat Ye\u2019or. Wszyscy ponie\u015bli\u015bmy za to cen\u0119 \u2013 ale to nie jest wa\u017cne.<\/span><\/p>\n<\/div>\n<div class=\"templateArticleBrodtext\">\n<p><span style=\"color: #000080;\">Wci\u0105\u017c powtarza\u0142am, \u017ce zn\u00f3w jest dos\u0142ownie kilka minut przed p\u00f3\u0142noc\u0105. A zachodni akademicy, inteligencja (to nie zawsze jest to samo), nasi \u201epost\u0119powcy\u201d, nasze feministki, celebryci, a tak\u017ce tak zwana spo\u0142eczno\u015b\u0107 mi\u0119dzynarodowa \u2013 wszyscy oni, niczym nazi\u015bci, przy\u0142\u0105czyli si\u0119 do permanentnej islamskiej wojny przeciwko \u017bydom \u2013 i przeciwko Zachodowi.<\/span><\/p>\n<p><span style=\"color: #000080;\">Jak kto\u015b mo\u017ce by\u0107 tak \u015blepy, by nie chcie\u0107 widzie\u0107?<\/span><\/p>\n<p><span style=\"color: #000080;\">By\u0142y przecie\u017c te wszystkie porwania samolot\u00f3w przez arabskich islamist\u00f3w i Palesty\u0144czyk\u00f3w, pocz\u0105wszy od 1969 roku. Pami\u0119tacie mocno gloryfikowan\u0105 Leil\u0119 Khaled z Ludowego Frontu Wyzwolenia Palestyny? Te nieustaj\u0105ce, ci\u0105g\u0142e ataki terrorystyczne Palesty\u0144czyk\u00f3w na \u017byd\u00f3w i na pa\u0144stwo \u017cydowskie? Nigdy, przenigdy nie zapomn\u0119 o porwaniu, torturowaniu i zamordowaniu izraelskich sportowc\u00f3w podczas Igrzysk Olimpijskich w Monachium w 1972 roku, ani o pora\u017cce niemieckich s\u0142u\u017cb w uratowaniu ofiar i zatrzymaniu terroryst\u00f3w. Pami\u0119tam te\u017c coraz liczniejsze rezolucje ONZ pot\u0119piaj\u0105ce Izrael, kt\u00f3re zacz\u0119\u0142y si\u0119 pi\u0119trzy\u0107 od lat 70.<\/span><\/p>\n<p><span style=\"color: #000080;\">Nigdy te\u017c nie zapomn\u0119 zamach\u00f3w bombowych na synagogi dokonanych przez arabskich terroryst\u00f3w w Europie \u2013 w latach 80. sta\u0142am w Pary\u017cu, Rzymie i Wiedniu, widz\u0105c ochron\u0119 policyjn\u0105, kt\u00f3rej te miejsca wymaga\u0142y. Kto dzi\u015b pami\u0119ta zamach bombowy na ameryka\u0144skie koszary marines w 1983 roku, przeprowadzony przez Hezbollah, ira\u0144skiego pe\u0142nomocnika w Libanie? Pami\u0119tacie \u017byda-Amerykanina, Leona Klinghoffera, kt\u00f3ry w 1985 roku zosta\u0142 zamordowany na pok\u0142adzie statku przez t\u0119 sam\u0105 grup\u0119 \u2013 FFLP?<\/span><\/p>\n<p><span style=\"color: #000080;\">W moim bardzo przejrzystym \u201eciemnym lesie\u201d nie mog\u0142am poj\u0105\u0107, dlaczego tak wielu ludzi, szczeg\u00f3lnie lewicowych &nbsp;\u017byd\u00f3w oraz nadmiernie wykszta\u0142conych mieszka\u0144c\u00f3w Zachodu, nie dostrzega\u0142o, \u017ce islami\u015bci wypowiedzieli wojn\u0119 wszystkim niewiernym \u2013 zw\u0142aszcza \u017bydom \u2013 a tak\u017ce sobie nawzajem? Toczenie wojen by\u0142o trwa\u0142ym sposobem \u017cycia dla najwi\u0119kszych imperialist\u00f3w w dziejach \u2013 fundamentalistycznych, fanatycznych muzu\u0142man\u00f3w.<\/span><\/p>\n<p><span style=\"color: #000080;\">Bli\u017cej domu: zamach na rabina Meira Kahane\u2019a, kt\u00f3ry mia\u0142 miejsce trzydzie\u015bci lat temu, w 1990 roku, dzi\u015b jest upami\u0119tniany na Brooklynie. Jego zab\u00f3jca, urodzony w Egipcie Sayid El-Nossair, ostatecznie przyzna\u0142 si\u0119 do winy, ale wtedy nie zosta\u0142 skazany za morderstwo. I co? Jeden z dw\u00f3ch jego wsp\u00f3lnik\u00f3w zosta\u0142 p\u00f3\u017aniej skazany za udzia\u0142 w pr\u00f3bie zamachu bombowego na World Trade Center w 1993 roku. A wiecie co jeszcze? Ten sam cz\u0142owiek \u2013 Omar Abdel-Rahman \u2013 planowa\u0142 uwolnienie El-Nossaira z wi\u0119zienia Attica za pomoc\u0105 ci\u0119\u017car\u00f3wki z \u0142adunkami wybuchowymi. Ta fala nie zatrzyma\u0142a si\u0119 ani na moment. Pami\u0119tacie islamskie morderstwo m\u0142odego, ameryka\u0144skiego ucznia jesziwy, Ariego Halberstama, na Mo\u015bcie Brookli\u0144skim w 1994 roku, kt\u00f3rego dokona\u0142 urodzony w Libanie Rashid Baz?<\/span><\/p>\n<p><span style=\"color: #000080;\">W XXI wieku wojna by\u0142a ju\u017c w pe\u0142ni realna. Pami\u0119tacie 11 wrze\u015bnia? Pami\u0119tacie al-Kaid\u0119? Pami\u0119tacie sfilmowan\u0105 dekapitacj\u0119 ameryka\u0144skiego, \u017cydowskiego dziennikarza Daniela Pearla w Karaczi w 2002 roku? Tych atak\u00f3w terrorystycznych ze strony Arab\u00f3w, muzu\u0142man\u00f3w i Palesty\u0144czyk\u00f3w jest zbyt wiele, by je wszystkie wymienia\u0107. Lista jest tak d\u0142uga, \u017ce mo\u017cna przy niej oszale\u0107.<\/span><\/p>\n<p><span style=\"color: #000080;\">Nie ufam Wikipedii, ale zamiast powtarza\u0107 ich list\u0119 islamskich atak\u00f3w terrorystycznych na \u015bwiecie i w USA, prosz\u0119 zajrzyjcie sami do&nbsp;<a style=\"color: #000080;\" href=\"https:\/\/en.wikipedia.org\/wiki\/List_of_Islamist_terrorist_attacks\" target=\"_new\" rel=\"noopener\">tego zestawienia w Wikipedii<\/a>.<\/span><\/p>\n<p><span style=\"color: #000080;\">Poniewa\u017c widzia\u0142am to wszystko wcze\u015bnie, po raz pierwszy mog\u0142am publikowa\u0107 swoje pogl\u0105dy wy\u0142\u0105cznie w mediach \u017cydowskich i konserwatywnych \u2013 nigdy wi\u0119cej w mediach lewicowo-liberalnych, gdzie kiedy\u015b by\u0142am bardzo modna. Zawsze b\u0119d\u0119 dumna z nowego domu, jaki moja tw\u00f3rczo\u015b\u0107 dla mnie znalaz\u0142a.<\/span><\/p>\n<p><span style=\"color: #000080;\">\u017bydzi maj\u0105 teraz nast\u0119puj\u0105ce opcje. Jak niedawno zasugerowa\u0142 Benjamin Kerstein, autor&nbsp;<em>Self Defense. A Jewish Manifesto<\/em>: mo\u017cemy udawa\u0107 \u2013 zn\u00f3w \u2013 \u017ce to wszystko si\u0119 nie dzieje, \u017ce mo\u017cemy to przeczeka\u0107, trzyma\u0107 si\u0119 na uboczu, uchodzi\u0107 za \u201eocala\u0142ych\u201d, m\u00f3wi\u0107 \u017ce s\u0105 wa\u017cniejsze sprawy ni\u017c Izrael i judaizm \u2013 i \u017ce Izrael jest daleki od idea\u0142u. (A Hamas?) Mo\u017cemy te\u017c uciec, na przyk\u0142ad wyjecha\u0107 z Nowego Jorku, gdy burmistrzem zostanie Zohran Mamdani. Albo mo\u017cemy stan\u0105\u0107 do walki.<\/span><\/p>\n<p><span style=\"color: #000080;\">Oto, co my\u015bl\u0119: \u017bydzi nie powinni ju\u017c wi\u0119cej przekazywa\u0107 ani centa wszystkim tym wielkim organizacjom \u017cydowskim, kt\u00f3re tak \u017ale nam s\u0142u\u017cy\u0142y, a kt\u00f3rych g\u0142\u00f3wnymi priorytetami s\u0105 ich w\u0142asne emerytury, wyg\u00f3rowane pensje i przywileje podr\u00f3\u017cnicze. Zauwa\u017ccie, jak wiele z nich nagle obiecuje \u201emonitorowa\u0107\u201d szalej\u0105cy antysemityzm, kt\u00f3ry ca\u0142kowicie ogarn\u0105\u0142 \u015bwiat. Zobaczcie, jak po raz pierwszy zaczynaj\u0105 zauwa\u017ca\u0107, \u017ce zar\u00f3wno lewica, jak i prawica, s\u0105 antysyjonistycznie antysemickie. Niekt\u00f3re z nich nie\u015bmia\u0142o zaczynaj\u0105 bra\u0107 pod uwag\u0119 rol\u0119, jak\u0105 odegra\u0142y pieni\u0105dze z Iranu, Kataru i od Sorosa w rozkwicie nienawi\u015bci do \u017byd\u00f3w. Zaczynaj\u0105 powoli dostrzega\u0107, \u017ce wojna arabsko-palesty\u0144ska nie dotyczy terytorium ani \u201eokupacji\u201d, lecz jest po prostu star\u0105, religijn\u0105 wojn\u0105. M\u00f3j przyjaciel i kolega, dr Mordechaj Kedar, wybitny izraelski arabista, wiedzia\u0142 to od dawna.<\/span><\/p>\n<p><span style=\"color: #000080;\">Wi\u0119c oto, co jeszcze my\u015bl\u0119:<\/span><\/p>\n<p><span style=\"color: #000080;\">Po raz pierwszy rozumiem jeszcze lepiej, dlaczego \u017bydzi nie opu\u015bcili Niemiec na pocz\u0105tku \u2013 przynajmniej gdy jeszcze mogli. Jak dziadkowie mog\u0105 zostawi\u0107 swoje dzieci i wnuki? Jak starsi ludzie mog\u0105 porzuci\u0107 swoich lekarzy? Jak mo\u017cna zostawi\u0107 swoje domy, firmy, spo\u0142eczno\u015bci, by ucieka\u0107 w nieznane? Jak pisarka mo\u017ce ca\u0142kowicie porzuci\u0107 sw\u00f3j j\u0119zyk i dawny \u015bwiat? Stefan Zweig nie potrafi\u0142 tego zrobi\u0107. Pope\u0142ni\u0142 samob\u00f3jstwo w Brazylii.<\/span><\/p>\n<p><span style=\"color: #000080;\">Wi\u0119c my\u015bl\u0119 te\u017c i o tym:<\/span><\/p>\n<p><span style=\"color: #000080;\">Rozwa\u017cam, by\u015bmy wszyscy, ka\u017cdy z nas, zacz\u0119li tworzy\u0107 grupy skupione na samoobronie, wzajemnym wsparciu i polityce edukacyjnej dla \u017cydowskich dzieci. By\u0142abym szcz\u0119\u015bliwa, gdyby te pomys\u0142y zosta\u0142y r\u00f3wnie\u017c przyj\u0119te i rozwijane przez naszych chrze\u015bcija\u0144skich, sikhijskich, hinduskich i ateistycznych sojusznik\u00f3w \u2013 tu i na ca\u0142ym \u015bwiecie. W przypadku \u017byd\u00f3w \u2013 mimo \u017ce jeste\u015bmy przera\u017caj\u0105co podzieleni w tylu sprawach \u2013 bardzo chcia\u0142abym, \u017ceby\u015bmy spr\u00f3bowali zjednoczy\u0107 si\u0119 przynajmniej w jednej kwestii: przetrwania. Tak, tutaj \u2013 w Nowym Jorku, w Stanach Zjednoczonych, w Europie i w Izraelu. To powinna by\u0107 ca\u0142kowicie dobrowolna organizacja, ale o zasi\u0119gu og\u00f3lnokrajowym.<\/span><\/p>\n<p><span style=\"color: #000080;\">Mam nadziej\u0119, \u017ce nie b\u0119dziemy musieli czeka\u0107 na \u017cadnego Mesjasza, by przyni\u00f3s\u0142 pok\u00f3j. Ona\/on\/oni nigdy nie przyjd\u0105, je\u015bli najpierw sami nie zrobimy chocia\u017c tyle.<\/span><\/p>\n<hr>\n<p><span style=\"color: #808080;\"><em>Link do orygina\u0142u: <span style=\"text-decoration: underline;\"><a style=\"color: #808080; text-decoration: underline;\" href=\"https:\/\/substack.com\/home\/post\/p-178447076\" target=\"_blank\" rel=\"noopener\">https:\/\/substack.com\/home\/post\/p-178447076<\/a><\/span><\/em><\/span><\/p>\n<p><span style=\"color: #808080;\"><em><strong>Phyllis Chesler &#8211; <\/strong>Emerytowana profesor psychologii, znana ameryka\u0144ska feministka, autorka wielu ksi\u0105\u017cek, w tym&nbsp;An American Bride in Kabul i A Politically Incorrect Feminist.&nbsp;&nbsp;&nbsp;<\/em><\/span><\/p>\n<\/div>\n<hr style=\"height: 15px; background: #d0e6fa; width: 100%;\">\n<div id=\"content\" class=\"content-alignment\">\n<div id=\"watch-description\" class=\"yt-uix-button-panel\">\n<div id=\"watch-description-text\" style=\"text-align: center;\">\n<p><em>Zawarto\u015b\u0107 publikowanych artyku\u0142\u00f3w i materia\u0142\u00f3w nie reprezentuje pogl\u0105d\u00f3w ani opinii Reunion&#8217;68,<\/em><em><br \/>\nani te\u017c webmastera Blogu Reunion&#8217;68, chyba ze jest to wyra\u017anie zaznaczone.<br \/>\nTwoje uwagi, linki, w\u0142asne artyku\u0142y lub wiadomo\u015bci prze\u015blij na adres:<br \/>\n<\/em><span style=\"color: #000080;\"><strong><em><a style=\"color: #000080;\" href=\"mailto:webmaster@reunion68.com\"><span style=\"text-decoration: underline;\">webmaster@reunion68.com<\/span><\/a><\/em><\/strong><\/span><\/p>\n<\/div>\n<\/div>\n<\/div>\n<hr style=\"width: 100%;\">\n","protected":false},"excerpt":{"rendered":"<p>Co, moim zdaniem, trzeba zrobi\u0107.Teraz \u2013 ani chwili p\u00f3\u017aniej. Phyllis Chesler Dym wydobywa si\u0119 z wie\u017c World Trade Center po tym, jak 11 wrze\u015bnia 2001 r. zosta\u0142y one trafione przez dwa porwane samoloty w ataku terrorystycznym (Getty) Na pocz\u0105tku XXI wieku \u201ew po\u015br\u00f3d ciemnego znalaz\u0142am si\u0119 lasu, albowiem z prostej zb\u0142\u0105ka\u0142am si\u0119 \u015bcie\u017cki\u201d. Jednak w [&hellip;]<\/p>\n","protected":false},"author":1,"featured_media":0,"comment_status":"closed","ping_status":"closed","sticky":false,"template":"","format":"standard","meta":[],"categories":[6],"tags":[33,24],"_links":{"self":[{"href":"https:\/\/www.reunion68.se\/index.php?rest_route=\/wp\/v2\/posts\/125906"}],"collection":[{"href":"https:\/\/www.reunion68.se\/index.php?rest_route=\/wp\/v2\/posts"}],"about":[{"href":"https:\/\/www.reunion68.se\/index.php?rest_route=\/wp\/v2\/types\/post"}],"author":[{"embeddable":true,"href":"https:\/\/www.reunion68.se\/index.php?rest_route=\/wp\/v2\/users\/1"}],"replies":[{"embeddable":true,"href":"https:\/\/www.reunion68.se\/index.php?rest_route=%2Fwp%2Fv2%2Fcomments&post=125906"}],"version-history":[{"count":5,"href":"https:\/\/www.reunion68.se\/index.php?rest_route=\/wp\/v2\/posts\/125906\/revisions"}],"predecessor-version":[{"id":125954,"href":"https:\/\/www.reunion68.se\/index.php?rest_route=\/wp\/v2\/posts\/125906\/revisions\/125954"}],"wp:attachment":[{"href":"https:\/\/www.reunion68.se\/index.php?rest_route=%2Fwp%2Fv2%2Fmedia&parent=125906"}],"wp:term":[{"taxonomy":"category","embeddable":true,"href":"https:\/\/www.reunion68.se\/index.php?rest_route=%2Fwp%2Fv2%2Fcategories&post=125906"},{"taxonomy":"post_tag","embeddable":true,"href":"https:\/\/www.reunion68.se\/index.php?rest_route=%2Fwp%2Fv2%2Ftags&post=125906"}],"curies":[{"name":"wp","href":"https:\/\/api.w.org\/{rel}","templated":true}]}}