{"id":125929,"date":"2025-11-18T17:09:00","date_gmt":"2025-11-18T15:09:00","guid":{"rendered":"https:\/\/www.reunion68.se\/?p=125929"},"modified":"2025-11-16T07:36:58","modified_gmt":"2025-11-16T05:36:58","slug":"18-09-103","status":"publish","type":"post","link":"https:\/\/www.reunion68.se\/?p=125929","title":{"rendered":"Od dziennikarki do aktywistki na rzecz Izraela: jak Dahlia Kurtz stawia czo\u0142a nienawi\u015bci wobec \u017byd\u00f3w"},"content":{"rendered":"<p><img decoding=\"async\" class=\"aligncenter\" src=\"https:\/\/www.listyznaszegosadu.pl\/upload\/article\/bild\/6106\/1086827\/Obraz1_s.png\" \/><\/p>\n<hr \/>\n<h3 style=\"text-align: center;\"><a href=\"https:\/\/www.listyznaszegosadu.pl\/\" target=\"_blank\" rel=\"noopener noreferrer\"><img decoding=\"async\" class=\"center alignleft\" src=\"http:\/\/www.reunion68.com\/Biuletyn\/img\/z-naszego.jpg\" alt=\"\" width=\"50%\" \/><\/a><span style=\"text-decoration: underline; color: #000080;\"><span><strong><a style=\"color: #000080; text-decoration: underline;\" href=\"https:\/\/www.listyznaszegosadu.pl\/syjonizm\/od-dziennikarki-do-aktywistki-na-rzecz-izraela-jak-dahlia-kurtz-stawia-czola-nienawisci-wobec-zydalw\" target=\"_blank\" rel=\"noopener noreferrer\">Od dziennikarki do aktywistki na rzecz Izraela: jak Dahlia Kurtz stawia czo\u0142a nienawi\u015bci wobec \u017byd\u00f3w<\/a><\/strong><\/span><\/span><\/h3>\n<p style=\"text-align: center;\"><span style=\"color: #000000;\"><strong>Paul Finlayson<\/strong><\/span><\/p>\n<hr style=\"height: 15px; background: #d0e6fa; width: 100%;\" \/>\n<div class=\"templateArticleIngress\">\n<p><span style=\"color: #000080;\">Pomimo licznych gr\u00f3\u017ab, Dahlia Kurtz nieustannie walczy o zachodnie warto\u015bci i o Izrael, stosuj\u0105c r\u00f3\u017cnorodne metody aktywizmu.<\/span><\/p>\n<p><span style=\"color: #000080;\">Kurtz to kanadyjska dziennikarka, by\u0142a gospodyni audycji radiowych i publicystka, kt\u00f3rej dzia\u0142alno\u015b\u0107 w ostatnich dw\u00f3ch latach charakteryzuje bezkompromisowe podej\u015bcie do zwalczania nienawi\u015bci wobec \u017byd\u00f3w i obrony zachodnich warto\u015bci.<\/span><\/p>\n<\/div>\n<div class=\"templateArticleBrodtext\">\n<p><span style=\"color: #000080;\">Jako wnuczka ocala\u0142ych z Holokaustu, swoje pisarstwo i aktywizm opiera na dziedzictwie odporno\u015bci oraz zobowi\u0105zaniu do rzucania \u015bwiat\u0142a tam, gdzie panuje mrok. Po d\u0142ugoletniej karierze w tradycyjnych mediach \u2013 w tym prowadzeniu program\u00f3w og\u00f3lnokrajowych w SiriusXM i Bell Media \u2013 zdecydowa\u0142a si\u0119 obra\u0107 niezale\u017cn\u0105 drog\u0119, by nag\u0142a\u015bnia\u0107 prawdy, kt\u00f3re jej zdaniem by\u0142y pomijane w g\u0142\u00f3wnym nurcie debaty publicznej.<\/span><\/p>\n<p><span style=\"color: #000080;\">Od 2023 roku Kurtz koncentruje si\u0119 na kampaniach o du\u017cym zasi\u0119gu, kt\u00f3rych celem jest mobilizacja Kanadyjczyk\u00f3w przeciwko nienawi\u015bci i ekstremizmowi.<\/span><\/p>\n<p><span style=\"color: #000080;\">Jej reporta\u017ce i komentarze cz\u0119sto dotycz\u0105 zagro\u017ce\u0144 dla bezpiecze\u0144stwa \u017byd\u00f3w i swob\u00f3d obywatelskich na Zachodzie, a sama sta\u0142a si\u0119 jedn\u0105 z kluczowych postaci w debacie dotycz\u0105cej reakcji Kanady na rosn\u0105c\u0105 nienawi\u015b\u0107 wobec \u017byd\u00f3w, szczeg\u00f3lnie po atakach z 7 pa\u017adziernika.<\/span><\/p>\n<div align=\"center\">\n<hr align=\"center\" size=\"2\" width=\"100%\" \/>\n<\/div>\n<p><strong>Co sk\u0142oni\u0142o Ci\u0119 do tak zdecydowanego zwrotu w stron\u0119 aktywizmu w mediach spo\u0142eczno\u015bciowych po wydarzeniach z 7 pa\u017adziernika 2023 roku?<\/strong><\/p>\n<p><span style=\"color: #000080;\">Mo\u017cesz to nazywa\u0107 \u201eaktywizmem w mediach spo\u0142eczno\u015bciowych\u201d, ale ja wi\u0119kszo\u015bci swojej pracy nawet nie publikuj\u0119. Prowadz\u0119 \u015bledztwa i ujawniam niebezpieczne osoby. Gdy policja nie podejmuje dzia\u0142a\u0144 \u2013 robi\u0119 to ja. Zidentyfikowa\u0142am i ujawni\u0142am przest\u0119pc\u00f3w. Niekt\u00f3rzy zostali aresztowani. Uda\u0142o mi si\u0119 zmusi\u0107 do odwo\u0142ania kilku \u00a0d\u017cihadystycznych koncert\u00f3w. Zatrzyma\u0142am osoby indoktrynuj\u0105ce m\u0142odzie\u017c przed wej\u015bciem do naszych szk\u00f3\u0142. Przeprowadza\u0142am dochodzenia i demaskowa\u0142am niegodziwo\u015bci w naszych szko\u0142ach, systemie politycznym i s\u0142u\u017cbie zdrowia. Robi\u0119 to skutecznie.<\/span><\/p>\n<p><span style=\"color: #000080;\">Jestem dziennikark\u0105 \u015bledcz\u0105, aktywistk\u0105 i autork\u0105, kt\u00f3ra dzia\u0142a r\u00f3wnie\u017c w mediach spo\u0142eczno\u015bciowych.<\/span><\/p>\n<p><strong><br \/>\nJak wykorzystujesz swoje platformy do walki z nienawi\u015bci\u0105 i dezinformacj\u0105 od 7 pa\u017adziernika? Jakie strategie okaza\u0142y si\u0119 najskuteczniejsze?<\/strong><\/p>\n<p><span style=\"color: #000080;\">\u0141\u0105cz\u0119 \u017byd\u00f3w i nie-\u017byd\u00f3w. Tworz\u0119 wsp\u00f3lnot\u0119. Publikuj\u0119 anga\u017cuj\u0105ce, emocjonalne tre\u015bci, kt\u00f3re pobudzaj\u0105 dyskusj\u0119 i wzmacniaj\u0105 poczucie jedno\u015bci. Moja autentyczno\u015b\u0107 i zaanga\u017cowanie trafiaj\u0105 do ludzi na poziomie osobistym. Moja strategia? Po prostu by\u0107 cz\u0142owiekiem. Wystarczaj\u0105co ju\u017c nas odcz\u0142owieczono.<\/span><\/p>\n<p><strong><br \/>\nCzy mo\u017cesz poda\u0107 osobisty przyk\u0142ad, w kt\u00f3rym Twoja dzia\u0142alno\u015b\u0107 w mediach spo\u0142eczno\u015bciowych przynios\u0142a komu\u015b nadziej\u0119 lub wsparcie wobec ekstremizmu czy izolacji?<\/strong><\/p>\n<p><span style=\"color: #000080;\">Takich przyk\u0142ad\u00f3w by\u0142o wiele. Ale jeden szczeg\u00f3lnie zapad\u0142 mi w pami\u0119ci.<\/span><\/p>\n<p><span style=\"color: #000080;\">Ponad rok temu \u017bydzi z rejonu Toronto zacz\u0119li mi m\u00f3wi\u0107, \u017ce usuwaj\u0105 mezuzy ze swoich drzwi. Wielu opowiada\u0142o, \u017ce \u201ekobiety w hid\u017cabach\u201d chodz\u0105 po ich dzielnicy, notuj\u0105 co\u015b na clipboardach i robi\u0105 zdj\u0119cia dom\u00f3w.<\/span><\/p>\n<p><span style=\"color: #000080;\">Kto\u015b przes\u0142a\u0142 mi zdj\u0119cie miejsca, w kt\u00f3rym wcze\u015bniej wisia\u0142a jego mezuza. Opublikowa\u0142am to zdj\u0119cie w mediach spo\u0142eczno\u015bciowych, wyja\u015bni\u0142am, co si\u0119 dzieje i zaapelowa\u0142am do nie-\u017byd\u00f3w, by w ge\u015bcie solidarno\u015bci powiesili w\u0142asn\u0105 mezuz\u0119, by wesprze\u0107 spo\u0142eczno\u015b\u0107 \u017cydowsk\u0105. Wkr\u00f3tce potem ludzie z ca\u0142ego \u015bwiata zacz\u0119li przesy\u0142a\u0107 zdj\u0119cia swoich mezuz zawieszonych w ge\u015bcie solidarno\u015bci. Ten bardzo popularny post da\u0142 wi\u0119cej ochrony ni\u017c policja.<\/span><\/p>\n<p><strong><br \/>\nZ jakimi wyzwaniami mierzysz si\u0119, m\u00f3wi\u0105c otwarcie o antysemityzmie w Internecie?<\/strong><\/p>\n<p><span style=\"color: #000080;\">Moje bezpiecze\u0144stwo osobiste i finansowe zosta\u0142o mocno zagro\u017cone.<\/span><\/p>\n<p><span style=\"color: #000080;\">Regularnie otrzymuj\u0119 gro\u017aby przemocy, gwa\u0142tu i \u015bmierci \u2013 zar\u00f3wno online, jak i osobi\u015bcie. Prowadzona jest przeciwko mnie globalnie skoordynowana kampania nienawi\u015bci. Moja rodzina r\u00f3wnie\u017c sta\u0142a si\u0119 celem, mimo \u017ce nigdy nie zabra\u0142a g\u0142osu. Moi rodzice nie mog\u0105 ju\u017c wychodzi\u0107 na wieczorne spacery. M\u00f3wi\u0105 mi: \u201eJeste\u015bmy starzy i jeste\u015bmy \u017bydami. Nie jest bezpiecznie.\u201d<\/span><\/p>\n<p><span style=\"color: #000080;\">Kiedy kto\u015b puka do moich drzwi, serce mi zamiera. Ale b\u0105d\u017amy szczerzy \u2013 czy kto\u015b puka do Twoich drzwi w \u015brodku nocy?<\/span><\/p>\n<p><span style=\"color: #000080;\">Widzia\u0142am post Laury Loomer (niesamowitej ameryka\u0144skiej aktywistki, b\u0119d\u0105cej pod ogromn\u0105 presj\u0105), kt\u00f3ra napisa\u0142a, \u017ce kiedy czuje md\u0142o\u015bci, zastanawia si\u0119, czy nie zosta\u0142a otruta. I pomy\u015bla\u0142am: \u201eWow. Rozumiem to.\u201d Co\u015b, co przed 7 pa\u017adziernika wydawa\u0142oby mi si\u0119 skrajne, dzi\u015b jest dla mnie ca\u0142kowicie zrozumia\u0142e.<\/span><\/p>\n<p><span style=\"color: #000080;\">Wszystko, co robi\u0119, robi\u0119 dla wsp\u00f3lnoty. Dla Kanadyjczyk\u00f3w, kt\u00f3rzy kochaj\u0105 demokracj\u0119. Nikt mi za to nie p\u0142aci. Od 7 pa\u017adziernika prawie nic nie zarobi\u0142am. Ale robi\u0119 to, bo wiem, jaka jest alternatywa. I wiem, \u017ce moi dziadkowie \u2013 ocaleni z Holokaustu \u2013 byliby dumni. Sta\u0142am si\u0119 osob\u0105, kt\u00f3r\u0105 zawsze wierzy\u0142am, \u017ce b\u0119d\u0119, gdyby co\u015b takiego si\u0119 wydarzy\u0142o.<\/span><\/p>\n<p><strong><br \/>\nStworzy\u0142a\u015b \u201eplan oparty na nauce\u201d mobilizacji sojusznik\u00f3w przeciwko nienawi\u015bci \u2013 na czym on polega?<\/strong><\/p>\n<p><span style=\"color: #000080;\">To 6-punktowy plan mobilizacji \u017byd\u00f3w i nie-\u017byd\u00f3w do walki z nienawi\u015bci\u0105 i ekstremizmem, oparty na naukowych podstawach.<\/span><\/p>\n<p><span style=\"color: #000080;\">Mo\u017cesz przyj\u015b\u0107 na jedno z moich wyst\u0105pie\u0144, by pozna\u0107 ca\u0142y plan. Ale teraz zdradz\u0119 jedn\u0105 z kluczowych idei:<\/span><\/p>\n<p><span style=\"color: #000080;\">MUSIMY MOBILIZOWA\u0106 J\u0118ZYK, BY PRZEJ\u0104\u0106 KONTROL\u0118 NAD NARRACJ\u0104.<\/span><\/p>\n<p><span style=\"color: #000080;\">Wystarczy\u0142 nieca\u0142y miesi\u0105c, by s\u0142owo\u00a0<em>syjonista<\/em>\u00a0zosta\u0142o zniekszta\u0142cone i przej\u0119te, staj\u0105c si\u0119 r\u00f3wnoznaczne z \u201enazist\u0105\u201d.<\/span><\/p>\n<p><span style=\"color: #000080;\">J\u0119zyk kontroluje narracj\u0119.<\/span><\/p>\n<p><span style=\"color: #000080;\">Sp\u00f3jrzmy, jak nadal nazywamy \u017byd\u00f3w w obozach koncentracyjnych \u201ewi\u0119\u017aniami\u201d. Naprawd\u0119 nimi byli? Po 7 pa\u017adziernika powinni\u015bmy ju\u017c wiedzie\u0107, \u017ce to byli zak\u0142adnicy. Nie wi\u0119\u017aniowie.<\/span><\/p>\n<p><span style=\"color: #000080;\">Widzieli\u015bmy, jak osoby krzycz\u0105ce \u201eHeil Hitler\u201d i \u201eWolna Palestyna\u201d s\u0105 opisywane przez media i policj\u0119 jako osoby demonstruj\u0105ce \u00a0\u201eanty-NATO-wsk\u0105 nienawi\u015b\u0107\u201d.<\/span><\/p>\n<p><span style=\"color: #000080;\">J\u0119zyk kontroluje narracj\u0119.<\/span><\/p>\n<p><span style=\"color: #000080;\">A teraz przygotuj si\u0119 \u2013 to mo\u017ce Ci\u0119 zaskoczy\u0107.<\/span><\/p>\n<p><span style=\"color: #000080;\">Czy zdziwi Ci\u0119, je\u015bli powiem, \u017ce \u201eantysemityzm\u201d nie oznacza nienawi\u015bci wobec \u017byd\u00f3w? Nigdy nie oznacza\u0142. I nigdy nie b\u0119dzie.<\/span><\/p>\n<p><span style=\"color: #000080;\">\u201eAntysemityzm\u201d to s\u0142owo stworzone przez jednego z ideologicznych przodk\u00f3w nazizmu. Chcia\u0142 \u201enaukowo brzmi\u0105cego\u201d zamiennika dla\u00a0<em>Judenhaas<\/em>\u00a0\u2013 nienawi\u015bci do \u017byd\u00f3w.\u00a0<em>Semityzm<\/em>\u00a0odnosi\u0142 si\u0119 kiedy\u015b do j\u0119zyk\u00f3w semickich, ale dzi\u015b to poj\u0119cie przestarza\u0142e. Wi\u0119c\u00a0<em>antysemityzm<\/em>\u00a0dos\u0142ownie nic nie znaczy. Niesamowite. Nawet nazi\u015bci wiedzieli, \u017ce nienawi\u015b\u0107 do \u017byd\u00f3w to po prostu&#8230; nienawi\u015b\u0107 do \u017byd\u00f3w. A my u\u017cywamy tego wybielonego terminu.<\/span><\/p>\n<p><span style=\"color: #000080;\">Wi\u0119c oto Twoje pierwsze zadanie w walce z nienawi\u015bci\u0105 wobec \u017byd\u00f3w: przesta\u0144 u\u017cywa\u0107 s\u0142owa \u201eantysemityzm\u201d. Zast\u0105p je \u201enienawi\u015bci\u0105 do \u017byd\u00f3w\u201d.<\/span><\/p>\n<p><strong><br \/>\nCzy do\u015bwiadczy\u0142a\u015b sprzeciwu lub cenzury ze strony firm technologicznych, medi\u00f3w lub lider\u00f3w spo\u0142ecznych, gdy wypowiadasz si\u0119 na temat Izraela i nienawi\u015bci wobec \u017byd\u00f3w?<\/strong><\/p>\n<p><span style=\"color: #000080;\">Przez wiele lat pracowa\u0142am dla medi\u00f3w finansowanych przez rz\u0105d. Cenzura by\u0142a tam na porz\u0105dku dziennym \u2013 ale to temat na osobn\u0105 rozmow\u0119&#8230; Poza tym m\u00f3wi\u0119 prawd\u0119. Wi\u0119c oczywi\u015bcie do\u015bwiadczam cenzury online.<\/span><\/p>\n<p><strong><br \/>\nOdwiedzi\u0142a\u015b Izrael po 7 pa\u017adziernika. Jakie by\u0142y Twoje najwa\u017cniejsze wnioski?<\/strong><\/p>\n<p><span style=\"color: #000080;\">Czu\u0142am si\u0119, jakbym odwiedza\u0142a kraj po Holokau\u015bcie. By da\u0107 \u015bwiadectwo. Mie\u0107 u st\u00f3p zabawki Kfira i Ariela Bibas\u00f3w. Sta\u0107 przed domem rodziny Bibas\u00f3w. M\u00f3c odwiedzi\u0107 ich dom. Przylecie\u0107 a\u017c z Kanady. Gdy te niewinne dzieci i ich mama, Shiri, nigdy ju\u017c tam nie wr\u00f3c\u0105 \u2013 jestem wdzi\u0119czna, \u017ce mog\u0142am do\u015bwiadczy\u0107 tego \u015bwi\u0119tego przywileju.<\/span><\/p>\n<p><span style=\"color: #000080;\">Mimo horroru, kt\u00f3ry widzia\u0142am, by\u0142o te\u017c \u015bwiat\u0142o.<\/span><\/p>\n<p><span style=\"color: #000080;\">Nigdy nie widzia\u0142am kraju o takiej r\u00f3\u017cnorodno\u015bci, kt\u00f3ry potrafi\u0142by si\u0119 tak zjednoczy\u0107 w obliczu zagro\u017cenia. Jeden moment szczeg\u00f3lnie zapad\u0142 mi w pami\u0119ci.<\/span><\/p>\n<p><span style=\"color: #000080;\">By\u0142am sama w Jaffie. Trafi\u0142am na restauracj\u0119 pod go\u0142ym niebem, schowan\u0105 w bocznej alejce.<\/span><\/p>\n<p><span style=\"color: #000080;\">Arab zaprosi\u0142 mnie do \u015brodka. To jego restauracja. Wida\u0107 by\u0142o izraelskie flagi rozwieszone wok\u00f3\u0142. Zapyta\u0142, czy chc\u0119 zje\u015b\u0107 z nim obiad.<\/span><\/p>\n<p><span style=\"color: #000080;\">Arab, w\u0142a\u015bciciel restauracji, siedz\u0105cy z \u017cydowsk\u0105 kobiet\u0105, jedz\u0105cy wsp\u00f3lnie posi\u0142ek, s\u0142uchaj\u0105cy modlitw z meczetu, podczas gdy izraelskie flagi \u0142opocz\u0105 na wietrze.<\/span><\/p>\n<p><span style=\"color: #000080;\">W czasie wojny. Pod gro\u017ab\u0105 ataku. U\u015bmiechni\u0119ci. Rozmawiaj\u0105cy. Razem.<\/span><\/p>\n<p><strong><br \/>\nJakie s\u0105 najwi\u0119ksze nieporozumienia dotycz\u0105ce tego konfliktu i jak pr\u00f3bujesz je wyja\u015bnia\u0107 poprzez swoje tre\u015bci?<\/strong><\/p>\n<p><span style=\"color: #000080;\">Ca\u0142a prawda \u2013 przesz\u0142o\u015b\u0107 i tera\u017aniejszo\u015b\u0107. Przedstawiam j\u0105 w przyst\u0119pny spos\u00f3b, kt\u00f3ry trafia do ludzi emocjonalnie \u2013 czy to za pomoc\u0105 humoru, czy wzruszaj\u0105cych historii.<\/span><\/p>\n<p><strong><br \/>\nO czym jest Twoja ksi\u0105\u017cka \u201eDrogi Syjonisto, nie jeste\u015b sam: 18 list\u00f3w nadziei i \u015bwiat\u0142a\u201d?<\/strong><\/p>\n<p><em><br \/>\n<span style=\"color: #000080;\">Drogi Syjonisto, nie jeste\u015b sam<\/span><\/em><span style=\"color: #000080;\">\u00a0to odpowied\u017a na niezliczone wiadomo\u015bci, jakie otrzyma\u0142am od \u017byd\u00f3w i nie\u017cydowskich sojusznik\u00f3w z ca\u0142ego \u015bwiata po 7 pa\u017adziernika.<\/span><\/p>\n<p><span style=\"color: #000080;\">Wielu przyjaci\u00f3\u0142 pomog\u0142o mi j\u0105 napisa\u0107 \u2013 cho\u0107 sami o tym nie wiedz\u0105. Niekt\u00f3rzy ju\u017c nie \u017cyj\u0105.<\/span><\/p>\n<p><span style=\"color: #000080;\">To co\u015b wi\u0119cej ni\u017c ksi\u0105\u017cka. To pot\u0119\u017cny przekaz nadziei i jedno\u015bci. Ma przynie\u015b\u0107 pocieszenie i inspiracj\u0119. Da Ci si\u0142\u0119 i \u015bwiat\u0142o, by\u015b m\u00f3g\u0142 odnale\u017a\u0107 w sobie odwag\u0119 i budowa\u0107 wsp\u00f3lnot\u0119.<\/span><\/p>\n<p><span style=\"color: #000080;\">Ta ksi\u0105\u017cka mog\u0142aby si\u0119 nazywa\u0107\u00a0<em>Drogi Cz\u0142owieku, nie jeste\u015b sam<\/em>\u00a0\u2013 i nadal przemawia\u0142aby do wszystkich tak samo.<\/span><\/p>\n<hr \/>\n<p><span style=\"color: #808080;\"><em>Obserwuj Dali\u0119 na Instagramie i w serwisie X.<\/em><\/span><br \/>\n<span style=\"color: #808080;\"><em>Link do orygina\u0142u:\u00a0<a style=\"color: #808080;\" href=\"https:\/\/www.freedomtoffend.com\/p\/from-broadcaster-to-israel-activist\" target=\"_blank\" rel=\"noopener\">https:\/\/www.freedomtoffend.com\/p\/from-broadcaster-to-israel-activist<\/a><\/em><\/span><\/p>\n<p><span style=\"color: #808080;\"><em><strong>Paul Finlayson<\/strong> \u2013 kanadyjski nauczyciel akademicki, wyk\u0142adowca marketingu na University of Guelph-Humber, od listopada 2023 roku zawieszony i w 2025 roku ostatecznie wyrzucony z pracy w zwi\u0105zku z zarzutem uporczywego dementowania k\u0142amstw o Izraelu.\u00a0Nie jest \u017bydem, gdyby kto\u015b pyta\u0142.<\/em><\/span><\/p>\n<\/div>\n<hr style=\"height: 15px; background: #d0e6fa; width: 100%;\" \/>\n<div id=\"content\" class=\"content-alignment\">\n<div id=\"watch-description\" class=\"yt-uix-button-panel\">\n<div id=\"watch-description-text\" style=\"text-align: center;\">\n<p><em>Zawarto\u015b\u0107 publikowanych artyku\u0142\u00f3w i materia\u0142\u00f3w nie reprezentuje pogl\u0105d\u00f3w ani opinii Reunion&#8217;68,<\/em><em><br \/>\nani te\u017c webmastera Blogu Reunion&#8217;68, chyba ze jest to wyra\u017anie zaznaczone.<br \/>\nTwoje uwagi, linki, w\u0142asne artyku\u0142y lub wiadomo\u015bci prze\u015blij na adres:<br \/>\n<\/em><span style=\"color: #000080;\"><strong><em><a style=\"color: #000080;\" href=\"mailto:webmaster@reunion68.com\"><span style=\"text-decoration: underline;\">webmaster@reunion68.com<\/span><\/a><\/em><\/strong><\/span><\/p>\n<\/div>\n<\/div>\n<\/div>\n<hr style=\"width: 100%;\" \/>\n","protected":false},"excerpt":{"rendered":"<p>Od dziennikarki do aktywistki na rzecz Izraela: jak Dahlia Kurtz stawia czo\u0142a nienawi\u015bci wobec \u017byd\u00f3w Paul Finlayson Pomimo licznych gr\u00f3\u017ab, Dahlia Kurtz nieustannie walczy o zachodnie warto\u015bci i o Izrael, stosuj\u0105c r\u00f3\u017cnorodne metody aktywizmu. Kurtz to kanadyjska dziennikarka, by\u0142a gospodyni audycji radiowych i publicystka, kt\u00f3rej dzia\u0142alno\u015b\u0107 w ostatnich dw\u00f3ch latach charakteryzuje bezkompromisowe podej\u015bcie do zwalczania [&hellip;]<\/p>\n","protected":false},"author":1,"featured_media":0,"comment_status":"closed","ping_status":"closed","sticky":false,"template":"","format":"standard","meta":[],"categories":[6],"tags":[33,24],"_links":{"self":[{"href":"https:\/\/www.reunion68.se\/index.php?rest_route=\/wp\/v2\/posts\/125929"}],"collection":[{"href":"https:\/\/www.reunion68.se\/index.php?rest_route=\/wp\/v2\/posts"}],"about":[{"href":"https:\/\/www.reunion68.se\/index.php?rest_route=\/wp\/v2\/types\/post"}],"author":[{"embeddable":true,"href":"https:\/\/www.reunion68.se\/index.php?rest_route=\/wp\/v2\/users\/1"}],"replies":[{"embeddable":true,"href":"https:\/\/www.reunion68.se\/index.php?rest_route=%2Fwp%2Fv2%2Fcomments&post=125929"}],"version-history":[{"count":5,"href":"https:\/\/www.reunion68.se\/index.php?rest_route=\/wp\/v2\/posts\/125929\/revisions"}],"predecessor-version":[{"id":125938,"href":"https:\/\/www.reunion68.se\/index.php?rest_route=\/wp\/v2\/posts\/125929\/revisions\/125938"}],"wp:attachment":[{"href":"https:\/\/www.reunion68.se\/index.php?rest_route=%2Fwp%2Fv2%2Fmedia&parent=125929"}],"wp:term":[{"taxonomy":"category","embeddable":true,"href":"https:\/\/www.reunion68.se\/index.php?rest_route=%2Fwp%2Fv2%2Fcategories&post=125929"},{"taxonomy":"post_tag","embeddable":true,"href":"https:\/\/www.reunion68.se\/index.php?rest_route=%2Fwp%2Fv2%2Ftags&post=125929"}],"curies":[{"name":"wp","href":"https:\/\/api.w.org\/{rel}","templated":true}]}}