{"id":125967,"date":"2025-11-20T17:09:00","date_gmt":"2025-11-20T15:09:00","guid":{"rendered":"https:\/\/www.reunion68.se\/?p=125967"},"modified":"2025-11-18T09:05:26","modified_gmt":"2025-11-18T07:05:26","slug":"20-09-104","status":"publish","type":"post","link":"https:\/\/www.reunion68.se\/?p=125967","title":{"rendered":"MKiDN ws. licytacji w Niemczech: wyst\u0105pimy o zwrot obiekt\u00f3w, kt\u00f3re powinny wr\u00f3ci\u0107 do Polski"},"content":{"rendered":"<p style=\"text-align: center;\"><img decoding=\"async\" class=\"aligncenter\" src=\"https:\/\/dzieje.pl\/sites\/default\/files\/styles\/open_article_750x0_\/public\/202511\/pap_20241021_0DY%20%285%29.jpg?itok=snBUgOA0\" width=\"100%\" \/><span style=\"color: #808080;\"><em>Fot. PAP\/Radek Pietruszka<\/em><\/span><\/p>\n<hr \/>\n<h3 style=\"text-align: center;\"><a href=\"https:\/\/dzieje.pl\/\" target=\"_blank\" rel=\"noopener noreferrer\"><img decoding=\"async\" class=\"center alignleft\" src=\"http:\/\/www.reunion68.com\/Biuletyn\/img\/dzieje_logo.png\" alt=\"\" width=\"35%\" \/><\/a><span style=\"text-decoration: underline; color: #000080;\"><span style=\"text-decoration: underline;\"><strong><a style=\"color: #000080; text-decoration: underline;\" href=\"https:\/\/dzieje.pl\/wiadomosci\/mkidn-ws-licytacji-w-niemczech-wystapimy-o-zwrot-obiektow-ktore-powinny-wrocic-do-polski\" target=\"_blank\" rel=\"noopener noreferrer\">MKiDN ws. licytacji w Niemczech: wyst\u0105pimy o zwrot obiekt\u00f3w, kt\u00f3re powinny wr\u00f3ci\u0107 do Polski<\/a><\/strong><\/span><\/span><\/h3>\n<p style=\"text-align: center;\"><em><span style=\"color: #808080;\">ksi\/ dki\/ mow\/ sza\/ zzp\/ amac\/<\/span><\/em><\/p>\n<hr style=\"height: 15px; background: #d0e6fa; width: 100%;\" \/>\n<h4><strong>MKiDN poinformowa\u0142o PAP, \u017ce wyst\u0105pi o zwrot wszystkich obiekt\u00f3w wystawionych na licytacj\u0119 w niemieckim domu aukcyjnym, a kt\u00f3re powinny wr\u00f3ci\u0107 do Polski. W\u0142asno\u015bci\u0105 Skarbu Pa\u0144stwa s\u0105 te, kt\u00f3re by\u0142y wyposa\u017ceniem lub cz\u0119\u015bci\u0105 dokumentacji obozu oraz te, kt\u00f3re zosta\u0142y z kraju wywiezione nielegalnie &#8211; wyja\u015bniono.<\/strong><\/h4>\n<div class=\"field field--name-body field--type-text-with-summary field--label-hidden field__item\">\n<p><span style=\"color: #000080;\">Niemiecki dom aukcyjny anulowa\u0142 licytacj\u0119 pami\u0105tek i dokument\u00f3w po wi\u0119\u017aniach niemieckich nazistowskich oboz\u00f3w koncentracyjnych w Auschwitz i Majdanku oraz ofiar zbrodni katy\u0144skiej dokonanej przez sowiet\u00f3w. Zareagowa\u0142y MSZ i MKiDN; dzia\u0142a\u0144 domaga\u0142 si\u0119 te\u017c Pa\u0142ac Prezydencki. Aukcja licz\u0105cej 623 artefakty prywatnej kolekcji \u201eSystem terroru cz\u0119\u015b\u0107 II 1933-1945\u201d mia\u0142a si\u0119 odby\u0107 w poniedzia\u0142ek w Domu Aukcyjnym Felzmann w Neuss. W wyniku reakcji polskich w\u0142adz licytacja zosta\u0142a anulowana.<\/span><\/p>\n<p><span style=\"color: #000080;\">\u201ePodj\u0119li\u015bmy b\u0142\u0119dn\u0105 decyzj\u0119, ubolewamy, je\u015bli zranili\u015bmy osoby dotkni\u0119te nazistowskim terrorem lub ich bliskich\u201d &#8211; przekaza\u0142 w poniedzia\u0142ek w komunikacie prasowym Dom Aukcyjny Felzmann.<\/span><\/p>\n<p><span style=\"color: #000080;\">Dom aukcyjny spod Duesseldorfu wyja\u015bni\u0142, \u017ce zdecydowa\u0142 si\u0119 na odwo\u0142anie aukcji po krytyce, jaka na niego spad\u0142a. \u201eJeste\u015bmy \u015bwiadomi, \u017ce przy ocenie zg\u0142oszenia przedmiot\u00f3w do licytacji podj\u0119li\u015bmy b\u0142\u0119dn\u0105 decyzj\u0119 i ubolewamy, je\u015bli tym samym zranili\u015bmy uczucia os\u00f3b dotkni\u0119tych nazistowskim terrorem lub ich bliskich\u201d \u2013 przekaza\u0142.<\/span><\/p>\n<p><span style=\"color: #000080;\">Wed\u0142ug o\u015bwiadczenia dokumenty i przedmioty zosta\u0142y przekazane na aukcj\u0119 cz\u0119\u015bciowo przez potomk\u00f3w ofiar. Cz\u0119\u015b\u0107 pochodzi\u0142a natomiast z prywatnej kolekcji. \u201eZgodnie z nasz\u0105 wiedz\u0105 wszystkie przedmioty z tej kolekcji zosta\u0142y nabyte na otwartym rynku w spos\u00f3b uczciwy\u201d \u2013 napisali przedstawiciele domu aukcyjnego.<\/span><\/p>\n<p><span style=\"color: #000080;\">Jak dodali, \u201edecyzja, by odda\u0107 te artyku\u0142y do sprzeda\u017cy, nie zosta\u0142a przez nas podj\u0119ta\u201d. \u201eUwa\u017camy jednak, r\u00f3wnie\u017c po prawnej analizie, \u017ce nie jest to nieuczciwe, je\u015bli ludzie decyduj\u0105 si\u0119 na sprzeda\u017c\u201d \u2013 zaznaczyli.<\/span><\/p>\n<p><span style=\"color: #000080;\">Poproszony przez PAP o odniesienie si\u0119 do sprawy odwo\u0142anej licytacji pami\u0105tek ofiar drugiej wojny \u015bwiatowej urz\u0105d prezydenta RFN Franka-Waltera Steinmeiera ograniczy\u0142 si\u0119 do stwierdzenia, \u017ce aukcja zosta\u0142a odwo\u0142ana. \u2013 Prezydent federalny nie wypowiada si\u0119 na ten temat \u2013 przekaza\u0142 PAP w poniedzia\u0142ek rzecznik prezydenta Alessandro Peduto.<\/span><\/p>\n<p><span style=\"color: #000080;\">MKiDN w przes\u0142anym PAP w poniedzia\u0142ek stanowisku podkre\u015bli\u0142o, \u017ce by\u0142o w sta\u0142ym kontakcie z Ministerstwem Spraw Zagranicznych. Jak napisano, \u201etak bulwersuj\u0105ca sprawa wymaga szybkich reakcji i skuteczno\u015bci, mo\u017cliwych jedynie w ramach mi\u0119dzyresortowej koordynacji dzia\u0142a\u0144\u201d.<\/span><\/p>\n<p><span style=\"color: #000080;\">\u201eResort kultury wystosowa\u0142 pismo do ambasadora Polski w Berlinie \u2013 pana Jana Tombi\u0144skiego \u2013 z pro\u015bb\u0105 o natychmiastowe podj\u0119cie wszelkich dzia\u0142a\u0144 zmierzaj\u0105cych do wstrzymania aukcji. W pi\u015bmie tym informowali\u015bmy ambasadora, \u017ce ministerstwo natychmiast podejmie dzia\u0142ania, kt\u00f3re pozwol\u0105 wyja\u015bni\u0107 proweniencj\u0119 tych obiekt\u00f3w, jednak najwa\u017cniejszym zadaniem w tej chwili jest niedopuszczenie do ich sprzeda\u017cy. Wsp\u00f3\u0142praca resortu kultury z MSZ oraz interwencja ambasadora w porozumieniu z w\u0142a\u015bciwymi instytucjami na miejscu doprowadzi\u0142y do anulowania aukcji\u201d &#8211; przypomniano.<\/span><\/p>\n<p><span style=\"color: #000080;\">Zaznaczono, \u017ce MKiDN pozostaje w sta\u0142ym kontakcie z ambasadorem, kt\u00f3ry pozyskuje od domu aukcyjnego szczeg\u00f3\u0142owe informacje o wystawionych obiektach.<\/span><\/p>\n<p><span style=\"color: #000080;\">\u201eNa podstawie tych informacji ministerstwo ustali ich pochodzenie i to\u017csamo\u015b\u0107. Wyst\u0105pimy o zwrot wszystkich obiekt\u00f3w, kt\u00f3re powinny wr\u00f3ci\u0107 do Polski. W\u0142asno\u015bci\u0105 Skarbu Pa\u0144stwa s\u0105 te obiekty, kt\u00f3re by\u0142y wyposa\u017ceniem lub cz\u0119\u015bci\u0105 dokumentacji obozu oraz te, kt\u00f3re zosta\u0142y z kraju wywiezione nielegalnie. Wszystkie \u015bwiadectwa i dokumenty wystawione przez Dom Aukcyjny Felzmann zostan\u0105 zbadane indywidualnie &#8211; zaznaczono.<\/span><\/p>\n<p><span style=\"color: #000080;\">Oceniono, \u017ce \u201ew tak oburzaj\u0105cych przypadkach bardzo wa\u017cna jest szybka reakcja instytucji, spo\u0142eczno\u015bci i w\u0142adz krajowych i mi\u0119dzynarodowych\u201d. \u201eWa\u017cne, \u017ceby t\u0119 sytuacj\u0119 wykorzysta\u0107 do dyskusji o szczeg\u00f3lnym charakterze \u015bwiadectw wojennych oraz moralnym wymiarze handlu tymi \u015bwiadectwami\u201d &#8211; dodano.<\/span><\/p>\n<p><span style=\"color: #000080;\">Do sprawy odni\u00f3s\u0142 si\u0119 ambasador Niemiec Miguel Berger, pisz\u0105c na X, \u017ce \u201ez zadowoleniem przyjmuje odwo\u0142anie tej aukcji\u201d. \u201eNigdy nie powinna by\u0142a si\u0119 ona odby\u0107. Nie wolno handlowa\u0107 dokumentami i przedmiotami osobistymi ofiar nazizmu\u201d &#8211; doda\u0142. Jednak w pierwszej wersji wpisu, Berger zamiast o \u201edokumentach i przedmiotach osobistych&#8221; napisa\u0142, \u017ce &#8220;nie nale\u017cy handlowa\u0107 pami\u0105tkami\u201d.<\/span><\/p>\n<p><span style=\"color: #000080;\">Mi\u0119dzy innymi do tych s\u0142\u00f3w odni\u00f3s\u0142 si\u0119 w poniedzia\u0142ek podczas konferencji prasowej b. wiceszef MSZ i pe\u0142nomocnik rz\u0105du PiS ds. odszkodowa\u0144 za straty wojenne, europose\u0142 Arkadiusz Mularczyk. &#8211; Polska musi aktywnie walczy\u0107 o prawd\u0119, musi aktywnie domaga\u0107 si\u0119 sprawiedliwo\u015bci w relacjach z Niemcami. W przeciwnym przypadku jeste\u015bmy \u015bwiadkami sytuacji, w kt\u00f3rej dzieci, wnukowie, niemieckich zbrodniarzy (&#8230;) sprzedaj\u0105 na aukcjach w internecie zrabowane rzeczy z naszego kraju &#8211; podkre\u015bli\u0142 Mularczyk.<\/span><\/p>\n<p><span style=\"color: #000080;\">&#8211; Albo ta kwestia b\u0119dzie uregulowana i rz\u0105d obecny podejmie dzia\u0142ania, albo b\u0119dziemy \u015bwiadkami rewizji historycznej przez Niemc\u00f3w. (&#8230;) Wzywamy (ambasadora Niemiec &#8211; PAP) do tego, \u017ceby sam poda\u0142 si\u0119 do dymisji lub \u017ceby minister spraw zagranicznych Rados\u0142aw Sikorski uzna\u0142, \u017ce jego dalsza misja w Polsce jest niecelowa &#8211; zaznaczy\u0142 europose\u0142.<\/span><\/p>\n<p><span style=\"color: #000080;\">Jak poinformowa\u0142a gazeta \u201eFrankfurter Allgemeine Zeitung\u201d, na li\u015bcie obiekt\u00f3w przeznaczonych do sprzeda\u017cy znajdowa\u0142 si\u0119 m.in.: list wi\u0119\u017ania z Auschwitz \u201eo bardzo niskim numerze\u201d do adresata w Krakowie. Cena wywo\u0142awcza \u2013 500 euro. Diagnoz\u0119 lekarsk\u0105 z obozu koncentracyjnego Dachau dotycz\u0105c\u0105 przymusowej sterylizacji wi\u0119\u017ania wyceniono na 400 euro. Karta z kartoteki Gestapo z informacj\u0105 o egzekucji \u017cydowskiego wi\u0119\u017ania w getcie Mackheim w lipcu 1942 r. ma cen\u0119 wywo\u0142awcz\u0105 350 euro. W katalogu znajduje si\u0119 te\u017c anty\u017cydowski plakat propagandowy oraz gwiazda Dawida z obozu Buchenwald, a tak\u017ce list z akwarel\u0105 namalowan\u0105 przez Bronis\u0142awa Czecha, polskiego narciarza i trzykrotnego olimpijczyka zamordowanego w Auschwitz.<\/span><\/p>\n<p><span style=\"color: #000080;\">Katalog zawiera\u0142 tak\u017ce ponad 20 materia\u0142\u00f3w dotycz\u0105cych wi\u0119\u017ani\u00f3w obozu koncentracyjnego na Majdanku &#8211; poinformowa\u0142a PAP rzeczniczka Pa\u0144stwowego Muzeum na Majdanku Agnieszka Kowalczyk-Nowak. Z kolei Urz\u0105d do Spraw Kombatant\u00f3w i Os\u00f3b Represjonowanych (UdSKiOR) przekaza\u0142, \u017ce Dom Aukcyjny Felzmann mia\u0142 wystawi\u0107 na sprzeda\u017c tak\u017ce pami\u0105tki zwi\u0105zane z ofiarami zbrodni katy\u0144skiej, a w\u015br\u00f3d nich znalaz\u0142y si\u0119 m.in. telegram je\u0144ca Umi\u0144skiego z obozu w Starobielsku oraz koperta listu je\u0144ca Jana Leszczy\u0144skiego z obozu w Ostaszkowie.<\/span><\/p>\n<p><span style=\"color: #000080;\">W odpowiedzi na pytanie \u201eFAZ\u201d, Dom Aukcyjny o\u015bwiadczy\u0142, \u017ce prywatni kolekcjonerzy prowadz\u0105 intensywne badania i przyczyniaj\u0105 si\u0119 do pog\u0142\u0119biania wiedzy historycznej. Ich dzia\u0142alno\u015b\u0107 s\u0142u\u017cy zachowaniu pami\u0119ci, a nie handlowaniu cierpieniem. Redakcja gazety przypomnia\u0142a, \u017ce pierwsza cz\u0119\u015b\u0107 prywatnej kolekcji zosta\u0142a sprzedana sze\u015b\u0107 lat temu. Kupcy dokument\u00f3w znajduj\u0105 si\u0119 mi\u0119dzy innymi w Ameryce. (PAP)<\/span><\/p>\n<\/div>\n<hr style=\"height: 15px; background: #d0e6fa; width: 100%;\" \/>\n<div id=\"content\" class=\"content-alignment\">\n<div id=\"watch-description\" class=\"yt-uix-button-panel\">\n<div id=\"watch-description-text\" style=\"text-align: center;\">\n<p><em>Zawarto\u015b\u0107 publikowanych artyku\u0142\u00f3w i materia\u0142\u00f3w nie reprezentuje pogl\u0105d\u00f3w ani opinii Reunion&#8217;68,<\/em><em><br \/>\nani te\u017c webmastera Blogu Reunion&#8217;68, chyba ze jest to wyra\u017anie zaznaczone.<br \/>\nTwoje uwagi, linki, w\u0142asne artyku\u0142y lub wiadomo\u015bci prze\u015blij na adres:<br \/>\n<\/em><span style=\"color: #000080;\"><strong><em><a style=\"color: #000080;\" href=\"mailto:webmaster@reunion68.com\"><span style=\"text-decoration: underline;\">webmaster@reunion68.com<\/span><\/a><\/em><\/strong><\/span><\/p>\n<\/div>\n<\/div>\n<\/div>\n<hr style=\"width: 100%;\" \/>\n","protected":false},"excerpt":{"rendered":"<p>Fot. PAP\/Radek Pietruszka MKiDN ws. licytacji w Niemczech: wyst\u0105pimy o zwrot obiekt\u00f3w, kt\u00f3re powinny wr\u00f3ci\u0107 do Polski ksi\/ dki\/ mow\/ sza\/ zzp\/ amac\/ MKiDN poinformowa\u0142o PAP, \u017ce wyst\u0105pi o zwrot wszystkich obiekt\u00f3w wystawionych na licytacj\u0119 w niemieckim domu aukcyjnym, a kt\u00f3re powinny wr\u00f3ci\u0107 do Polski. W\u0142asno\u015bci\u0105 Skarbu Pa\u0144stwa s\u0105 te, kt\u00f3re by\u0142y wyposa\u017ceniem lub cz\u0119\u015bci\u0105 [&hellip;]<\/p>\n","protected":false},"author":1,"featured_media":0,"comment_status":"closed","ping_status":"closed","sticky":false,"template":"","format":"standard","meta":[],"categories":[6],"tags":[33,24],"_links":{"self":[{"href":"https:\/\/www.reunion68.se\/index.php?rest_route=\/wp\/v2\/posts\/125967"}],"collection":[{"href":"https:\/\/www.reunion68.se\/index.php?rest_route=\/wp\/v2\/posts"}],"about":[{"href":"https:\/\/www.reunion68.se\/index.php?rest_route=\/wp\/v2\/types\/post"}],"author":[{"embeddable":true,"href":"https:\/\/www.reunion68.se\/index.php?rest_route=\/wp\/v2\/users\/1"}],"replies":[{"embeddable":true,"href":"https:\/\/www.reunion68.se\/index.php?rest_route=%2Fwp%2Fv2%2Fcomments&post=125967"}],"version-history":[{"count":4,"href":"https:\/\/www.reunion68.se\/index.php?rest_route=\/wp\/v2\/posts\/125967\/revisions"}],"predecessor-version":[{"id":125975,"href":"https:\/\/www.reunion68.se\/index.php?rest_route=\/wp\/v2\/posts\/125967\/revisions\/125975"}],"wp:attachment":[{"href":"https:\/\/www.reunion68.se\/index.php?rest_route=%2Fwp%2Fv2%2Fmedia&parent=125967"}],"wp:term":[{"taxonomy":"category","embeddable":true,"href":"https:\/\/www.reunion68.se\/index.php?rest_route=%2Fwp%2Fv2%2Fcategories&post=125967"},{"taxonomy":"post_tag","embeddable":true,"href":"https:\/\/www.reunion68.se\/index.php?rest_route=%2Fwp%2Fv2%2Ftags&post=125967"}],"curies":[{"name":"wp","href":"https:\/\/api.w.org\/{rel}","templated":true}]}}