{"id":126036,"date":"2025-11-23T17:09:00","date_gmt":"2025-11-23T15:09:00","guid":{"rendered":"https:\/\/www.reunion68.se\/?p=126036"},"modified":"2025-11-23T14:00:02","modified_gmt":"2025-11-23T12:00:02","slug":"23-09-112","status":"publish","type":"post","link":"https:\/\/www.reunion68.se\/?p=126036","title":{"rendered":"Mit osadniczo-kolonialny \u2013 obalony"},"content":{"rendered":"<p style=\"text-align: center;\"><span style=\"color: #808080;\"><em><img decoding=\"async\" class=\"aligncenter\" src=\"https:\/\/upload.wikimedia.org\/wikipedia\/commons\/thumb\/8\/80\/Grande_Synagogue_de_la_Hara_de_Tunis.jpg\/2560px-Grande_Synagogue_de_la_Hara_de_Tunis.jpg\" width=\"100%\"><\/em><em>Wielka Synagoga w Hara, Tunis, Tunezja, 1960. \u0179r\u00f3d\u0142o: domena publiczna, Wikimedia Commons.<\/em><\/span><\/p>\n<hr>\n<h3 style=\"text-align: center;\"><a href=\"https:\/\/www.listyznaszegosadu.pl\/\" target=\"_blank\" rel=\"noopener noreferrer\"><img decoding=\"async\" class=\"center alignleft\" src=\"http:\/\/www.reunion68.com\/Biuletyn\/img\/z-naszego.jpg\" alt=\"\" width=\"50%\"><\/a><span style=\"text-decoration: underline; color: #000080;\"><span style=\"text-decoration: underline;\"><strong><a style=\"color: #000080; text-decoration: underline;\" href=\"https:\/\/www.listyznaszegosadu.pl\/syjonizm\/mit-osadniczo-kolonialny-obalony\" target=\"_blank\" rel=\"noopener noreferrer\">Mit osadniczo-kolonialny \u2013 obalony<\/a><\/strong><\/span><\/span><\/h3>\n<p style=\"text-align: center;\"><span style=\"color: #000000;\"><strong><br \/>\nLyn Julius<\/strong><\/span><\/p>\n<hr style=\"height: 15px; background: #d0e6fa; width: 100%;\">\n<div class=\"templateArticleIngress\">\n<p style=\"text-align: left;\"><span style=\"color: #000080;\">Tym razem \u2013 przez Arab\u00f3w. Dlaczego takich g\u0142os\u00f3w jest tak ma\u0142o, podczas gdy zachodnia skrajna lewica, w sojuszu z islamistami, niemal jednog\u0142o\u015bnie szerzy k\u0142amstwa o Izraelu i \u017bydach?<\/span><\/p>\n<p style=\"text-align: left;\">\n<span style=\"color: #000080;\">Poni\u017csze s\u0142owa nie pochodz\u0105 od \u017byda, lecz od Ahmeda al-Khalidiego, okre\u015blaj\u0105cego si\u0119 jako \u201epragmatyczny Palesty\u0144czyk\u201d. Opublikowa\u0142 je w po\u0142owie pa\u017adziernika na platformie X, gdzie uzyska\u0142y 692 500 wy\u015bwietle\u0144.<\/span><\/p>\n<\/div>\n<div class=\"templateArticleBrodtext\">\n<blockquote><p><strong>\u201eJako Palesty\u0144czyk, kt\u00f3ry odmawia powielania k\u0142amstw naszego przyw\u00f3dztwa, musz\u0119 powiedzie\u0107 to wprost: m\u00f3wienie \u017bydom Mizrahi \u2013 \u017bydom z Iraku, Jemenu, Egiptu, Maroka, Syrii i reszty \u015bwiata arabskiego \u2013 \u017ce dokonuj\u0105 na nas &#8216;czystek etnicznych&#8217;, to najwi\u0119ksze odwracanie kota ogonem w historii.\u201d<\/strong><\/p><\/blockquote>\n<p><span style=\"color: #000080;\">Khalidi m\u00f3wi wprost to, co tak wielu \u201epo\u017cytecznych idiot\u00f3w\u201d na Zachodzie ignoruje: nie wszyscy \u017bydzi pochodz\u0105 z Europy. W swoim wpisie przypomina, \u017ce spo\u0142eczno\u015bci \u017cydowskie w Babilonie, Damaszku i Sanie istnia\u0142y przez 2500 lat lub d\u0142u\u017cej.<\/span><\/p>\n<p><span style=\"color: #000080;\">W rzeczywisto\u015bci \u017bydzi \u017cyli na Bliskim Wschodzie na d\u0142ugo przed podbojem arabskim i przed islamem. M\u00f3wili j\u0119zykiem bliskowschodnim i modlili si\u0119 w kierunku Jerozolimy. Judaizm od tysi\u0105cleci by\u0142 zakorzeniony w lokalnej kulturze, daj\u0105c pocz\u0105tek religiom c\u00f3rkom: chrze\u015bcija\u0144stwu i islamowi.<\/span><\/p>\n<p><span style=\"color: #000080;\">Arabsko-izraelski influencer Nuseir Yassin (znany jako Nas Daily na Instagramie) powiedzia\u0142 swoim 5 milionom obserwuj\u0105cych, \u017ce wi\u0119kszo\u015b\u0107 ludzi nigdy nie s\u0142ysza\u0142a o tym, \u017ce blisko milion \u017byd\u00f3w zosta\u0142o wyp\u0119dzonych z kraj\u00f3w arabskich. (Jego przekaz jest nieco os\u0142abiony przez to, \u017ce przez du\u017c\u0105 cz\u0119\u015b\u0107 filmu nazywa\u0142 ich Arabami). Stworzony przez niego materia\u0142 wideo przy pomocy AI zyska\u0142 ponad 80 000 polubie\u0144. Jak skomentowa\u0142 jeden z widz\u00f3w: \u201eWreszcie kto\u015b m\u00f3wi g\u0142o\u015bno o temacie tabu w krajach arabskich.\u201d<\/span><\/p>\n<p><span style=\"color: #000080;\">Nas podkre\u015bla, \u017ce \u201edwie prawdy mog\u0105 istnie\u0107 jednocze\u015bnie\u201d. Palesty\u0144czycy zostali wygnani ze swoich dom\u00f3w po powstaniu wsp\u00f3\u0142czesnego pa\u0144stwa Izrael w 1948 roku, ale tak samo \u017bydzi m\u00f3wi\u0105cy po arabsku zostali zmuszeni do opuszczenia swoich spo\u0142eczno\u015bci w kolejnych latach.<\/span><\/p>\n<p><span style=\"color: #000080;\">Jak napisa\u0142 Khalidi na X: \u201eTe same rodziny, kt\u00f3re zosta\u0142y wygnane z Bagdadu, Aleppo i Trypolisu, kt\u00f3re odbudowa\u0142y \u017cycie w obozach dla uchod\u017ac\u00f3w w Izraelu, s\u0105 dzi\u015b oskar\u017cane o pope\u0142nienie dok\u0142adnie tego samego, co je spotka\u0142o.\u201d<\/span><\/p>\n<p><span style=\"color: #000080;\">\u017bydzi nie s\u0105 europejskimi kolonizatorami. A jednak elity liberalne, studenci uniwersytet\u00f3w i media \u2013 za\u015blepione spraw\u0105 palesty\u0144sk\u0105 \u2013 s\u0105 przekonane, \u017ce tak w\u0142a\u015bnie jest. Dziesi\u0119ciolecia indoktrynacji, przy niemal ca\u0142kowitym braku reakcji ze strony Izraela, utrwali\u0142y te fa\u0142sze.<\/span><\/p>\n<p><span style=\"color: #000080;\">\u017bydzi nale\u017c\u0105 do rdzennej ludno\u015bci Bliskiego Wschodu i Afryki P\u00f3\u0142nocnej \u2013 obok Kurd\u00f3w, Berber\u00f3w, Jezyd\u00f3w, Mandejczyk\u00f3w, Asyryjczyk\u00f3w i Kopt\u00f3w \u2013 wszystkich skolonizowanych przez Arab\u00f3w. W VII wieku Arabowie podbili imperia bizantyjskie i perskie, rozszerzaj\u0105c swoje panowanie przez Afryk\u0119 P\u00f3\u0142nocn\u0105 a\u017c do Hiszpanii i po\u0142udniowej Francji.<\/span><\/p>\n<p><span style=\"color: #000080;\">Persowie, Berberowie, Koptowie, Aramejczycy, \u017bydzi, Grecy i inni znale\u017ali si\u0119 pod panowaniem arabskim; ich j\u0119zyki i religie zosta\u0142y zepchni\u0119te na margines, a j\u0119zyk arabski i islam sta\u0142y si\u0119 dominuj\u0105ce.<\/span><\/p>\n<p><span style=\"color: #000080;\">W istocie Izrael jest jedynym projektem dekolonizacyjnym na Bliskim Wschodzie \u2013 rdzenny nar\u00f3d, kt\u00f3ry zdo\u0142a\u0142 zrzuci\u0107 jarzmo arabskiego i osma\u0144skiego panowania. A jednak wielu ludzi zak\u0142ada, \u017ce prawa polityczne przys\u0142uguj\u0105 wy\u0142\u0105cznie arabskim muzu\u0142manom.<\/span><\/p>\n<p><span style=\"color: #000080;\">Po I wojnie \u015bwiatowej, gdy rozpad\u0142o si\u0119 Imperium Osma\u0144skie, istnia\u0142y wielkie nadzieje, \u017ce rdzennym mniejszo\u015bciom chrze\u015bcija\u0144skim i innym zapewnione zostan\u0105 enklawy z gwarancjami szczeg\u00f3lnej ochrony. Asyryjczycy i Kurdowie liczyli na autonomi\u0119, je\u015bli nie na w\u0142asne pa\u0144stwo. Jednak tylko Deklaracja Balfoura z 1917 roku, zawieraj\u0105ca zobowi\u0105zanie do stworzenia domu dla \u017byd\u00f3w, zosta\u0142a zatwierdzona podczas konferencji w San Remo w 1920 roku i wpisana do Traktatu Loza\u0144skiego z 1923 roku.<\/span><\/p>\n<p><span style=\"color: #000080;\">Dla Khalidiego mit osadniczo-kolonialny to \u201enie tylko hipokryzja \u2013 to historyczna amnezja. Je\u015bli naprawd\u0119 zale\u017cy nam na sprawiedliwo\u015bci, musimy przesta\u0107 og\u0142upia\u0107 naszych s\u0105siad\u00f3w i zacz\u0105\u0107 uznawa\u0107, \u017ce ich historia r\u00f3wnie\u017c jest bliskowschodnia. Nasze wyzwolenie nie przyjdzie poprzez negowanie ich wyzwolenia.\u201d<\/span><\/p>\n<p><span style=\"color: #000080;\">Dlaczego tak niewiele jest umiarkowanych g\u0142os\u00f3w arabskich, podczas gdy zachodnia skrajna lewica \u2013 w sojuszu z islamistami \u2013 niemal jednog\u0142o\u015bnie powiela ekstremistyczne narracje lub szerzy k\u0142amstwa o Izraelu i \u017bydach?<\/span><\/p>\n<p><span style=\"color: #000080;\">Pom\u00f3wienie, \u017ce Izrael to bia\u0142y kolonialno-osadniczy tw\u00f3r, opiera si\u0119 na dw\u00f3ch fa\u0142szywych za\u0142o\u017ceniach: odcina \u017byd\u00f3w od ich bliskowschodnich korzeni etniczno-religijnych oraz neguje, \u017ce s\u0105 oni narodem odr\u0119bnym od diaspory, w kt\u00f3rej przebywali przez 2000 lat. Cierpi\u0105cy na izraelofobi\u0119 przedstawiaj\u0105 judaizm jako religi\u0119, tak\u0105 jak chrze\u015bcija\u0144stwo czy islam. Odmawiaj\u0105 uznania, \u017ce \u017bydzi s\u0105 odr\u0119bni genetycznie, kulturowo, j\u0119zykowo i historycznie od lud\u00f3w, w\u015br\u00f3d kt\u00f3rych \u017cyli.<\/span><\/p>\n<p><span style=\"color: #000080;\">By przedstawi\u0107 syjonizm jako europejski tw\u00f3r narzucony z zewn\u0105trz, antysyjoni\u015bci datuj\u0105 jego powstanie na 1882 rok i przyjazd rosyjskich \u017byd\u00f3w w ramach pierwszej aliji. Tymczasem prawda jest taka, \u017ce \u017bydzi nigdy ca\u0142kowicie nie opu\u015bcili Erec Israel. Przez stulecia powracali, cho\u0107 w niewielkich liczbach.<\/span><\/p>\n<p><span style=\"color: #000080;\">Aby pami\u0119\u0107 o 850 000 \u017byd\u00f3w zmuszonych do opuszczenia kraj\u00f3w arabskich i Iranu w XX wieku nie zanik\u0142a, organizacje takie jak JIMENA (\u017bydzi Rdzenni dla Bliskiego Wschodu i Afryki P\u00f3\u0142nocnej) i HARIF (Stowarzyszenie \u017byd\u00f3w z MENA), a tak\u017ce synagogi i wsp\u00f3lnoty na ca\u0142ym \u015bwiecie, obchodz\u0105 w listopadzie \u201eMiesi\u0105c Dziedzictwa Mizrachi\u201d.<\/span><\/p>\n<p><span style=\"color: #000080;\">Izraelski Kneset ustanowi\u0142 oficjalny \u201eDzie\u0144 Dziedzictwa Mizrachi\u201d w kalendarzu na 30 listopada \u2013 dzie\u0144 po uchwaleniu przez ONZ Planu Podzia\u0142u Palestyny w 1947 roku, kt\u00f3ry wywo\u0142a\u0142 zamieszki w krajach arabskich.<\/span><\/p>\n<p><span style=\"color: #000080;\">Historia ma znaczenie. Nie mo\u017cemy pozwoli\u0107, by prawda zosta\u0142a zag\u0142uszona przez prymitywne i nieuczciwe slogany. Musimy nieustannie powtarza\u0107 fakty. Ka\u017cde wsparcie ze strony arabskich cz\u0142onk\u00f3w spo\u0142ecze\u0144stwa jest mile widziane.<\/span><\/p>\n<hr>\n<p><span style=\"color: #808080;\"><em>Link do orygina\u0142u: <a style=\"color: #808080;\" href=\"https:\/\/www.jns.org\/the-settler-colonial-lie-debunked\/\" target=\"_blank\" rel=\"noopener\">https:\/\/www.jns.org\/the-settler-colonial-lie-debunked\/<\/a><\/em><\/span><\/p>\n<p><span style=\"color: #808080;\"><em>JNS, 14 listopada 2025 <\/em><\/span><br \/>\n<span style=\"color: #808080;\"><em><strong>Lyn Julius<\/strong>&nbsp;jest brytyjsk\u0105 dziennikark\u0105, jej rodzice przyjechali z Iraku, jest autork\u0105 ksi\u0105\u017cki&nbsp;\u201eUprooted: How 3,000 Years of Jewish Civilization in the Arab World Vanished Overnight\u201d (Vallentine Mitchell, 2018).<\/em><\/span><\/p>\n<\/div>\n<hr style=\"height: 15px; background: #d0e6fa; width: 100%;\">\n<div id=\"content\" class=\"content-alignment\">\n<div id=\"watch-description\" class=\"yt-uix-button-panel\">\n<div id=\"watch-description-text\" style=\"text-align: center;\">\n<p><em>Zawarto\u015b\u0107 publikowanych artyku\u0142\u00f3w i materia\u0142\u00f3w nie reprezentuje pogl\u0105d\u00f3w ani opinii Reunion&#8217;68,<\/em><em><br \/>\nani te\u017c webmastera Blogu Reunion&#8217;68, chyba ze jest to wyra\u017anie zaznaczone.<br \/>\nTwoje uwagi, linki, w\u0142asne artyku\u0142y lub wiadomo\u015bci prze\u015blij na adres:<br \/>\n<\/em><span style=\"color: #000080;\"><strong><em><a style=\"color: #000080;\" href=\"mailto:webmaster@reunion68.com\"><span style=\"text-decoration: underline;\">webmaster@reunion68.com<\/span><\/a><\/em><\/strong><\/span><\/p>\n<\/div>\n<\/div>\n<\/div>\n<hr style=\"width: 100%;\">\n","protected":false},"excerpt":{"rendered":"<p>Wielka Synagoga w Hara, Tunis, Tunezja, 1960. \u0179r\u00f3d\u0142o: domena publiczna, Wikimedia Commons. Mit osadniczo-kolonialny \u2013 obalony Lyn Julius Tym razem \u2013 przez Arab\u00f3w. Dlaczego takich g\u0142os\u00f3w jest tak ma\u0142o, podczas gdy zachodnia skrajna lewica, w sojuszu z islamistami, niemal jednog\u0142o\u015bnie szerzy k\u0142amstwa o Izraelu i \u017bydach? Poni\u017csze s\u0142owa nie pochodz\u0105 od \u017byda, lecz od Ahmeda [&hellip;]<\/p>\n","protected":false},"author":1,"featured_media":0,"comment_status":"closed","ping_status":"closed","sticky":false,"template":"","format":"standard","meta":[],"categories":[6],"tags":[33,24],"_links":{"self":[{"href":"https:\/\/www.reunion68.se\/index.php?rest_route=\/wp\/v2\/posts\/126036"}],"collection":[{"href":"https:\/\/www.reunion68.se\/index.php?rest_route=\/wp\/v2\/posts"}],"about":[{"href":"https:\/\/www.reunion68.se\/index.php?rest_route=\/wp\/v2\/types\/post"}],"author":[{"embeddable":true,"href":"https:\/\/www.reunion68.se\/index.php?rest_route=\/wp\/v2\/users\/1"}],"replies":[{"embeddable":true,"href":"https:\/\/www.reunion68.se\/index.php?rest_route=%2Fwp%2Fv2%2Fcomments&post=126036"}],"version-history":[{"count":4,"href":"https:\/\/www.reunion68.se\/index.php?rest_route=\/wp\/v2\/posts\/126036\/revisions"}],"predecessor-version":[{"id":126107,"href":"https:\/\/www.reunion68.se\/index.php?rest_route=\/wp\/v2\/posts\/126036\/revisions\/126107"}],"wp:attachment":[{"href":"https:\/\/www.reunion68.se\/index.php?rest_route=%2Fwp%2Fv2%2Fmedia&parent=126036"}],"wp:term":[{"taxonomy":"category","embeddable":true,"href":"https:\/\/www.reunion68.se\/index.php?rest_route=%2Fwp%2Fv2%2Fcategories&post=126036"},{"taxonomy":"post_tag","embeddable":true,"href":"https:\/\/www.reunion68.se\/index.php?rest_route=%2Fwp%2Fv2%2Ftags&post=126036"}],"curies":[{"name":"wp","href":"https:\/\/api.w.org\/{rel}","templated":true}]}}