{"id":126198,"date":"2025-11-30T17:09:00","date_gmt":"2025-11-30T15:09:00","guid":{"rendered":"https:\/\/www.reunion68.se\/?p=126198"},"modified":"2025-11-28T09:00:41","modified_gmt":"2025-11-28T07:00:41","slug":"30-09-98","status":"publish","type":"post","link":"https:\/\/www.reunion68.se\/?p=126198","title":{"rendered":"Ankieta, kt\u00f3rej boi si\u0119 francuska inteligencja"},"content":{"rendered":"<p style=\"text-align: center;\"><img decoding=\"async\" class=\"aligncenter\" src=\"https:\/\/platform.vox.com\/wp-content\/uploads\/sites\/2\/chorus\/uploads\/chorus_asset\/file\/25065403\/GettyImages_1718291197.jpg?quality=90&amp;strip=all&amp;crop=0.0043936731107195%2C0%2C99.991212653779%2C100&amp;w=750\"><span style=\"color: #808080;\"><em>A French police officer stands guard in front of a synagogue in Sarcelles, a suburb of Paris, on October 11, 2023. Geoffroy Van Der Hasselt\/AFP via Getty Images<\/em><\/span><\/p>\n<hr>\n<h3 style=\"text-align: center;\"><a href=\"https:\/\/www.listyznaszegosadu.pl\/\" target=\"_blank\" rel=\"noopener noreferrer\"><img decoding=\"async\" class=\"center alignleft\" src=\"http:\/\/www.reunion68.com\/Biuletyn\/img\/z-naszego.jpg\" alt=\"\" width=\"50%\"><\/a><span style=\"text-decoration: underline; color: #000080;\"><span><strong><a style=\"color: #000080; text-decoration: underline;\" href=\"https:\/\/www.listyznaszegosadu.pl\/brunatna-fala\/ankieta-ktalrej-boi-sie-francuska-inteligencja\" target=\"_blank\" rel=\"noopener noreferrer\">Ankieta, kt\u00f3rej boi si\u0119 francuska inteligencja<\/a><\/strong><\/span><\/span><\/h3>\n<p style=\"text-align: center;\"><span style=\"color: #000000;\"><strong><br \/>\nAnna Grabowska<\/strong><\/span><\/p>\n<hr style=\"height: 15px; background: #d0e6fa; width: 100%;\">\n<p><span style=\"color: #000080;\">We Francji wszystko zaczyna si\u0119 od sceny, b\u0105d\u017a obrazu, kt\u00f3re powinny wywo\u0142ywa\u0107 moralne oburzenie, a tymczasem sta\u0142y si\u0119 szar\u0105 codzienno\u015bci\u0105. Przed szko\u0142\u0105 \u017cydowsk\u0105 stoi radiow\u00f3z. Obok &#8211; barierki, czasem \u017co\u0142nierz lub policjant z broni\u0105. W \u015brodku dzieci maj\u0105 lekcje matematyki, historii, literatury. Na zewn\u0105trz pa\u0144stwo pr\u00f3buje zablokowa\u0107 to, czego spo\u0142ecze\u0144stwo nie potrafi ju\u017c kontrolowa\u0107 &#8211; nienawi\u015b\u0107, kt\u00f3ra wymkn\u0119\u0142a si\u0119 spod fasady republika\u0144skich i wyperfumowanych slogan\u00f3w. Widok ten nie jest ani \u015brodkiem ostro\u017cno\u015bci, ani \u015bwi\u0119tem czujno\u015bci pa\u0144stwa. To dow\u00f3d pora\u017cki. Bo je\u015bli szko\u0142a musi wygl\u0105da\u0107 jak plac\u00f3wka dyplomatyczna w Kabulu, to nie jest zwyk\u0142a ostro\u017cno\u015b\u0107, to kapitulacja przed rzeczywisto\u015bci\u0105, kt\u00f3r\u0105 Francja woli przemilcze\u0107. To wszystko odbywa si\u0119 w kraju, kt\u00f3ry lubi o sobie m\u00f3wi\u0107, \u017ce jest latarni\u0105 praw cz\u0142owieka. Tymczasem ta latarnia \u015bwieci wybi\u00f3rczo, o\u015bwietla deklaracje polityk\u00f3w, a pogr\u0105\u017ca w cieniu fakty stoj\u0105ce tu\u017c pod ich drzwiami. Jednym z tych fakt\u00f3w jest policja, kt\u00f3ra musi zabezpiecza\u0107 szko\u0142y \u017cydowskie, bo inaczej mog\u0142oby doj\u015b\u0107 do tragedii. Wszyscy wiedz\u0105, \u017ce to konieczno\u015b\u0107. Nikt nie udaje, \u017ce to normalne.<\/span><\/p>\n<p><span style=\"color: #000080;\">W\u0142a\u015bnie w tym momencie Ministerstwo Szkolnictwa Wy\u017cszego postanawia zrobi\u0107 co\u015b, co w normalnym kraju by\u0142oby oczywisto\u015bci\u0105 &#8211; zapyta\u0107 uniwersytety o poziom antysemityzmu. IFOP przygotowuje kwestionariusz, czterdzie\u015bci cztery pytania, kt\u00f3re mia\u0142y ujawni\u0107 skal\u0119 uprzedze\u0144, l\u0119k\u00f3w, nadu\u017cy\u0107, mowy nienawi\u015bci. Mia\u0142o by\u0107 prosto, zobaczy\u0107 i zmierzy\u0107 rzeczywisto\u015b\u0107, na kt\u00f3r\u0105 brakuje odwagi by dostrzec j\u0105 go\u0142ym okiem. I wtedy wybuch\u0142a panika. Nie u skrajnych aktywist\u00f3w, nie na marginesie. Wybuch\u0142a na uniwersytetach &#8211; tych samych, kt\u00f3re od lat deklaruj\u0105, \u017ce ich etosem jest &#8220;odwaga intelektualna&#8221; i &#8220;szczero\u015b\u0107 debaty&#8221;. \u015arodowisko, kt\u00f3re powinno by\u0107 pierwsze na barykadach w obronie prawdy, dosta\u0142o ataku moralnej histerii na widok ankiety. Nagle wszyscy m\u00f3wi\u0105 jednym ch\u00f3rem: to &#8220;inwigilacja i zamach na wolno\u015b\u0107 akademick\u0105&#8221;, to &#8220;sonda\u017c polityczny&#8221;. France Universit\u00e9s odm\u00f3wi\u0142o jej przekazania. Zwi\u0105zki zawodowe wzywaj\u0105 do bojkotu. Pojawiaj\u0105 si\u0119 dramatyczne apele o &#8220;naruszenie neutralno\u015bci&#8221;. A przecie\u017c najbardziej krzycz\u0105 ci, kt\u00f3rzy od miesi\u0119cy powtarzaj\u0105, \u017ce antysemityzm nie jest problemem.<\/span><\/p>\n<p><span style=\"color: #000080;\">Dlaczego si\u0119 a\u017c tak boj\u0105? Bo boj\u0105 si\u0119 prawdy. Bo wiedz\u0105, \u017ce test, kt\u00f3ry mia\u0142 ods\u0142oni\u0107 rzeczywisto\u015b\u0107, sta\u0142 si\u0119 zagro\u017ceniem nie dla wolno\u015bci, lecz dla pozor\u00f3w.<\/span><\/p>\n<p><span style=\"color: #000080;\">Uniwersytety nie boj\u0105 si\u0119 metodologii. One boj\u0105 si\u0119 wyniku. Bo wynik by\u0142by katastrofalny. SPCJ i CRIF alarmuj\u0105 od miesi\u0119cy: od 7 pa\u017adziernika liczba akt\u00f3w antysemityzmu we Francji wystrzeli\u0142a \u2013 o ponad 1 600 incydent\u00f3w w ci\u0105gu roku. Najwi\u0119cej od dekad. W szko\u0142ach laickich prawie po\u0142owa incydent\u00f3w dotyczy \u017byd\u00f3w, cho\u0107 stanowi\u0105 mniej ni\u017c jeden procent populacji. W przestrzeni publicznej dochodzi do pobi\u0107, obelg, zastrasze\u0144, gr\u00f3\u017ab, a w jednym z najci\u0119\u017cszych przypadk\u00f3w &#8211; do gwa\u0142tu motywowanego nienawi\u015bci\u0105. A w tym samym czasie uniwersytety, te same, kt\u00f3re pouczaj\u0105 \u015bwiat o &#8220;prawach mniejszo\u015bci&#8221;, broni\u0105 si\u0119 przed samym pomys\u0142em, \u017ce kto\u015b m\u00f3g\u0142by zmierzy\u0107 ich w\u0142asny wk\u0142ad w t\u0119 nienawi\u015b\u0107. To nie jest przypadek. To jest europejska tradycja. Kontynuacja wielowiekowej elegancji, z jak\u0105 kontynent racjonalizowa\u0142 nienawi\u015b\u0107 do \u017byd\u00f3w. Europa od wiek\u00f3w wypracowa\u0142a subteln\u0105 sztuk\u0119 nazywania antysemityzmu &#8220;kultur\u0105&#8221;, &#8220;religi\u0105&#8221;, &#8220;dyskursem&#8221;. Voltaire pisa\u0142 o \u017bydach jako &#8220;najpodlejszym i najbardziej chciwym narodzie&#8221;. Proudhon chcia\u0142 ich &#8220;deportowa\u0107 albo zg\u0142adzi\u0107&#8221;. Maurras marzy\u0142 o Europie &#8220;bez ani jednego \u017byda&#8221;. Heidegger oskar\u017ca\u0142 ich o &#8220;rachunkow\u0105 machinacj\u0119 nowoczesno\u015bci&#8221;. Picasso, tak, nawet on, w okupowanym Pary\u017cu rzuca\u0142: &#8220;\u017bydzi s\u0105 jak trawa &#8211; mno\u017c\u0105 si\u0119 wsz\u0119dzie&#8221;. To nie s\u0105 marginalni g\u0142upcy. To s\u0105 \u015bwi\u0119to\u015bci europejskiej kultury. Nikt im nie zarzuca\u0142 &#8220;braku neutralno\u015bci&#8221;. Ich nienawi\u015b\u0107 by\u0142a elegancko opakowana, traktowana jak ozdobny motyw, cz\u0119\u015b\u0107 kulturowego pejza\u017cu.<\/span><\/p>\n<p><span style=\"color: #000080;\">A gdy Bernanos pisa\u0142, \u017ce &#8220;Hitler zha\u0144bi\u0142 antysemityzm&#8221;, brzmia\u0142o to tak, jakby m\u00f3wi\u0142 o pi\u0119knej, starej tradycji, kt\u00f3r\u0105 dopiero nazizm zepsu\u0142. Europejska mentalno\u015b\u0107 w pigu\u0142ce: nienawi\u015b\u0107 by\u0142a &#8220;dopuszczalna&#8221;, dop\u00f3ki pozostawa\u0142a salonowa. Dop\u00f3ki nie zamieni\u0142a si\u0119 w ob\u00f3z \u015bmierci. Dop\u00f3ki mo\u017cna by\u0142o ni\u0105 b\u0142yszcze\u0107 w literackich frazach.<\/span><\/p>\n<p><span style=\"color: #000080;\">Dzisiaj widz\u0119 dok\u0142adnie ten sam mechanizm, tylko w nowej dekoracji. Nikt oficjalnie nie powie: &#8220;\u017bydzi s\u0105 podli&#8221;. Zamiast tego m\u00f3wi si\u0119: &#8220;Izrael jest kolonizatorem&#8221;. Nikt nie powie: &#8220;nienawidz\u0119 \u017byd\u00f3w&#8221;. Zamiast tego m\u00f3wi si\u0119: &#8220;walcz\u0119 z syjonizmem&#8221;. To jest ta sama nienawi\u015b\u0107, tylko przefiltrowana przez akademick\u0105 poprawno\u015b\u0107. Ta sama przemoc, opakowana w s\u0142owo &#8220;solidarno\u015b\u0107&#8221;. Dok\u0142adnie ta sama tradycja, ubrana w nowe has\u0142a.<\/span><\/p>\n<p><span style=\"color: #000080;\">W tym czasie dzieci wracaj\u0105 z zaj\u0119\u0107 sportowych, z kina, z transportu publicznego i s\u0142ysz\u0105, \u017ce s\u0105 &#8220;brudnymi \u017bydami&#8221;. Dwunastoletni\u0105 dziewczynk\u0119 w Courbevoie gwa\u0142c\u0105 nieletni, policja potwierdza motyw antysemicki. W Lyonie pobity zostaje czternastolatek, bo &#8220;wygl\u0105da \u017cydowsko&#8221;. Rodziny zdejmuj\u0105 z framug mezuzy, bo boj\u0105 si\u0119, \u017ce ich drzwi stan\u0105 si\u0119 obiektem ataku. W Val-de-Marne zerwano mezuzy z kilku mieszka\u0144 i zdewastowano ca\u0142e pi\u0119tro. Patrick Zachmann fotografuje puste framugi po mezuzach &#8211; rany na \u015bcianach, \u015blady strachu. To jest prawdziwa twarz problemu. Nie abstrakcyjne definicje, nie akademickie analizy, nie wielkie s\u0142owa z debat telewizyjnych. Prawda stoi na chodniku: framuga bez mezuzy, radiow\u00f3z przed szko\u0142\u0105, pobite dziecko. To jest rzeczywisto\u015b\u0107, kt\u00f3r\u0105 uniwersytety pr\u00f3buj\u0105 zas\u0142oni\u0107 w\u0142asnym l\u0119kiem. Laicko\u015b\u0107 nie chroni przed nienawi\u015bci\u0105. Reguluje symbole. Nienawi\u015bci symbole nie s\u0105 potrzebne. Wystarczy twarz, nazwisko, akcent, podejrzenie. We wsp\u00f3\u0142czesnej Francji nie trzeba nosi\u0107 gwiazdy Dawida, by sta\u0107 si\u0119 celem. Wystarczy, \u017ce kto\u015b pomy\u015bli: &#8220;on wygl\u0105da jak \u017byd&#8221;.<\/span><\/p>\n<p><span style=\"color: #000080;\">I tu ko\u0142o si\u0119 domyka: uniwersytety nie chc\u0105 ankiety, poniewa\u017c wiedz\u0105, \u017ce nie s\u0105 niewinne. Wiedz\u0105, \u017ce ich w\u0142asne \u015brodowisko sta\u0142o si\u0119 przestrzeni\u0105, w kt\u00f3rej antysemityzm uchodzi za &#8220;polityczn\u0105 postaw\u0119&#8221;. Wiedz\u0105, \u017ce prawda poci\u0105gn\u0119\u0142aby ich do odpowiedzialno\u015bci. I wreszcie &#8211; wiedz\u0105, \u017ce musieliby przesta\u0107 udawa\u0107.<\/span><\/p>\n<p><span style=\"color: #000080;\">Dlatego zamiast stan\u0105\u0107 po stronie ofiar, staj\u0105 po stronie w\u0142asnego komfortu. Dlatego wol\u0105 krzycze\u0107 o &#8220;zagro\u017ceniu dla wolno\u015bci&#8221;, ni\u017c przyzna\u0107, \u017ce ich milczenie ma swoj\u0105 cen\u0119. To w\u0142a\u015bnie jest sedno: nie metodologiczne spory, nie neutralno\u015b\u0107. I \u017cadna troska o prywatno\u015b\u0107. Tylko strach przed lustrem. Europa od wiek\u00f3w ma z nim problem. Zawsze \u0142atwiej by\u0142o jej wskaza\u0107 \u017byda jako winnego, ni\u017c spojrze\u0107 na siebie. I dzi\u015b jest dok\u0142adnie tak samo.<\/span><\/p>\n<p><span style=\"color: #000080;\">Bo je\u015bli pa\u0144stwo musi chroni\u0107 \u017cydowskie dzieci karabinami, a uniwersytety musz\u0105 chroni\u0107 siebie przed prawd\u0105, to tylko jedna strona obna\u017ca rzeczywisto\u015b\u0107. I nie s\u0105 to uniwersytety.<\/span><\/p>\n<hr>\n<p><span style=\"color: #808080;\"><em><strong>\u0179r\u00f3d\u0142a:<\/strong><\/em><\/span><\/p>\n<p><span style=\"color: #808080;\"><em><strong><a style=\"color: #808080;\" href=\"https:\/\/www.crif.org\/...\/crif-rapport-annuel-du-spcj-les\" target=\"_blank\" rel=\"noopener\">https:\/\/www.crif.org\/&#8230;\/crif-rapport-annuel-du-spcj-les<\/a>&#8230;<\/strong><\/em><\/span><\/p>\n<p><span style=\"color: #808080;\"><em><strong><a style=\"color: #808080;\" href=\"https:\/\/www.spcj.org\/...\/chiffres-de-l-antis%C3%A9mitisme\" target=\"_blank\" rel=\"noopener\">https:\/\/www.spcj.org\/&#8230;\/chiffres-de-l-antis%C3%A9mitisme<\/a>&#8230;<\/strong><\/em><\/span><\/p>\n<p><span style=\"color: #808080;\"><em><strong><a style=\"color: #808080;\" href=\"https:\/\/www.senat.fr\/questions\/base\/2025\/qSEQ250203097.html\" target=\"_blank\" rel=\"noopener\">https:\/\/www.senat.fr\/questions\/base\/2025\/qSEQ250203097.html<\/a><\/strong><\/em><\/span><\/p>\n<p><span style=\"color: #808080;\"><em><strong><a style=\"color: #808080;\" href=\"https:\/\/www.ifop.com\/...\/analyse-radiographie\" target=\"_blank\" rel=\"noopener\">https:\/\/www.ifop.com\/&#8230;\/analyse-radiographie<\/a>&#8230;<\/strong><\/em><\/span><\/p>\n<p><span style=\"color: #808080;\"><em><strong><a style=\"color: #808080;\" href=\"https:\/\/www.lepoint.fr\/...\/l-antisemitisme-en-france-une\" target=\"_blank\" rel=\"noopener\">https:\/\/www.lepoint.fr\/&#8230;\/l-antisemitisme-en-france-une<\/a>&#8230;<\/strong><\/em><\/span><\/p>\n<p><span style=\"color: #808080;\"><em><strong><a style=\"color: #808080;\" href=\"https:\/\/www.lemonde.fr\/...\/inside-france-s-jewish\" target=\"_blank\" rel=\"noopener\">https:\/\/www.lemonde.fr\/&#8230;\/inside-france-s-jewish<\/a>&#8230;<\/strong><\/em><\/span><\/p>\n<p><span style=\"color: #808080;\"><em><strong><a style=\"color: #808080;\" href=\"https:\/\/www.rfi.fr\/...\/20240415-france-ups-security-at\" target=\"_blank\" rel=\"noopener\">https:\/\/www.rfi.fr\/&#8230;\/20240415-france-ups-security-at<\/a>&#8230;<\/strong><\/em><\/span><\/p>\n<p><span style=\"color: #808080;\"><em><strong><a style=\"color: #808080;\" href=\"https:\/\/www.lemonde.fr\/...\/antisemitisme-des-actes\" target=\"_blank\" rel=\"noopener\">https:\/\/www.lemonde.fr\/&#8230;\/antisemitisme-des-actes<\/a>&#8230;<\/strong><\/em><\/span><\/p>\n<p><span style=\"color: #808080;\"><em><strong><a style=\"color: #808080;\" href=\"https:\/\/www.middleeasteye.net\/live-blog\/live-blog-update\/french-university-union-calls-withdrawal-biased-antisemitism-survey?fid=550417&amp;\" target=\"_blank\" rel=\"noopener\">https:\/\/www.middleeasteye.net\/live-blog\/live-blog-update\/french-university-union-calls-withdrawal-biased-antisemitism-survey?fid=550417&amp;<\/a>;nid=430463&amp;topic=Israel%27s%20genocide%20in%20Gaza<\/strong><\/em><\/span><\/p>\n<p><span style=\"color: #808080;\"><em><strong><a style=\"color: #808080;\" href=\"https:\/\/jewishjournal.com\/...\/neighbor-of-paris-synagogue\" target=\"_blank\" rel=\"noopener\">https:\/\/jewishjournal.com\/&#8230;\/neighbor-of-paris-synagogue<\/a>&#8230;<\/strong><\/em><\/span><\/p>\n<p><span style=\"color: #808080;\"><em><strong><a style=\"color: #808080;\" href=\"https:\/\/revues.droz.org\/...\/download\/RHP_2.4_505-522\/pdf\" target=\"_blank\" rel=\"noopener\">https:\/\/revues.droz.org\/&#8230;\/download\/RHP_2.4_505-522\/pdf<\/a><\/strong><\/em><\/span><\/p>\n<p><span style=\"color: #808080;\"><em><strong><br \/>\nAnna Grabowska&nbsp;<\/strong>\u2013&nbsp;urodzona i mieszkaj\u0105ca we Francji wspania\u0142a syjonistka z solidnymi polskimi i \u017cydowskimi korzeniami. Autorka udzieli\u0142a pozwolenia na publikacj\u0119 niekt\u00f3rych wpis\u00f3w z jej Facebooka w \u201eListach z naszego sadu\u201d.<\/em><\/span><\/p>\n<hr style=\"height: 15px; background: #d0e6fa; width: 100%;\">\n<div id=\"content\" class=\"content-alignment\">\n<div id=\"watch-description\" class=\"yt-uix-button-panel\">\n<div id=\"watch-description-text\" style=\"text-align: center;\">\n<p><em>Zawarto\u015b\u0107 publikowanych artyku\u0142\u00f3w i materia\u0142\u00f3w nie reprezentuje pogl\u0105d\u00f3w ani opinii Reunion&#8217;68,<\/em><em><br \/>\nani te\u017c webmastera Blogu Reunion&#8217;68, chyba ze jest to wyra\u017anie zaznaczone.<br \/>\nTwoje uwagi, linki, w\u0142asne artyku\u0142y lub wiadomo\u015bci prze\u015blij na adres:<br \/>\n<\/em><span style=\"color: #000080;\"><strong><em><a style=\"color: #000080;\" href=\"mailto:webmaster@reunion68.com\"><span style=\"text-decoration: underline;\">webmaster@reunion68.com<\/span><\/a><\/em><\/strong><\/span><\/p>\n<\/div>\n<\/div>\n<\/div>\n<hr style=\"width: 100%;\">\n","protected":false},"excerpt":{"rendered":"<p>A French police officer stands guard in front of a synagogue in Sarcelles, a suburb of Paris, on October 11, 2023. Geoffroy Van Der Hasselt\/AFP via Getty Images Ankieta, kt\u00f3rej boi si\u0119 francuska inteligencja Anna Grabowska We Francji wszystko zaczyna si\u0119 od sceny, b\u0105d\u017a obrazu, kt\u00f3re powinny wywo\u0142ywa\u0107 moralne oburzenie, a tymczasem sta\u0142y si\u0119 szar\u0105 [&hellip;]<\/p>\n","protected":false},"author":1,"featured_media":0,"comment_status":"closed","ping_status":"closed","sticky":false,"template":"","format":"standard","meta":[],"categories":[6],"tags":[33,24],"_links":{"self":[{"href":"https:\/\/www.reunion68.se\/index.php?rest_route=\/wp\/v2\/posts\/126198"}],"collection":[{"href":"https:\/\/www.reunion68.se\/index.php?rest_route=\/wp\/v2\/posts"}],"about":[{"href":"https:\/\/www.reunion68.se\/index.php?rest_route=\/wp\/v2\/types\/post"}],"author":[{"embeddable":true,"href":"https:\/\/www.reunion68.se\/index.php?rest_route=\/wp\/v2\/users\/1"}],"replies":[{"embeddable":true,"href":"https:\/\/www.reunion68.se\/index.php?rest_route=%2Fwp%2Fv2%2Fcomments&post=126198"}],"version-history":[{"count":7,"href":"https:\/\/www.reunion68.se\/index.php?rest_route=\/wp\/v2\/posts\/126198\/revisions"}],"predecessor-version":[{"id":126212,"href":"https:\/\/www.reunion68.se\/index.php?rest_route=\/wp\/v2\/posts\/126198\/revisions\/126212"}],"wp:attachment":[{"href":"https:\/\/www.reunion68.se\/index.php?rest_route=%2Fwp%2Fv2%2Fmedia&parent=126198"}],"wp:term":[{"taxonomy":"category","embeddable":true,"href":"https:\/\/www.reunion68.se\/index.php?rest_route=%2Fwp%2Fv2%2Fcategories&post=126198"},{"taxonomy":"post_tag","embeddable":true,"href":"https:\/\/www.reunion68.se\/index.php?rest_route=%2Fwp%2Fv2%2Ftags&post=126198"}],"curies":[{"name":"wp","href":"https:\/\/api.w.org\/{rel}","templated":true}]}}