{"id":126327,"date":"2025-12-03T17:05:00","date_gmt":"2025-12-03T15:05:00","guid":{"rendered":"https:\/\/www.reunion68.se\/?p=126327"},"modified":"2025-12-03T07:14:19","modified_gmt":"2025-12-03T05:14:19","slug":"05-05-119","status":"publish","type":"post","link":"https:\/\/www.reunion68.se\/?p=126327","title":{"rendered":"Why is US envoy to Poland echoing far-Right Holocaust revisionism?"},"content":{"rendered":"<hr \/>\n<h3 style=\"text-align: center;\"><a href=\"https:\/\/www.israelhayom.com\/\" target=\"_blank\" rel=\"noopener noreferrer\"><img decoding=\"async\" class=\"center alignleft\" src=\"https:\/\/www.israelhayom.com\/wp-content\/uploads\/2024\/08\/%D7%9C%D7%95%D7%92%D7%95-%D7%99%D7%A9%D7%A8%D7%90%D7%9C-%D7%94%D7%99%D7%95%D7%9D-%D7%91%D7%90%D7%A0%D7%92%D7%9C%D7%99%D7%AA-%D7%A2%D7%9D-%D7%A1%D7%A8%D7%98-%D7%97%D7%93%D7%A9.svg\" alt=\"\" width=\"35%\" \/><\/a><span style=\"text-decoration: underline; color: #000080;\"><span><strong><a style=\"color: #000080; text-decoration: underline;\" href=\"https:\/\/www.israelhayom.com\/2025\/11\/28\/why-is-us-envoy-to-poland-echoing-far-right-holocaust-revisionism\/\" target=\"_blank\" rel=\"noopener noreferrer\">Why is US envoy to Poland echoing far-Right Holocaust revisionism?<\/a><\/strong><\/span><\/span><\/h3>\n<p style=\"text-align: center;\"><span style=\"color: #000000;\"><strong> Daniel Schatz 11-28-2025 09:00<\/strong><\/span><\/p>\n<hr style=\"height: 15px; background: #d0e6fa; width: 100%;\" \/>\n<div>\n<h4 style=\"text-align: center;\"><strong>Echoing the rhetoric of Poland&#8217;s far-right nationalist camp, Rose declared that suggesting Poles had any role in the Shoah was &#8220;a grotesque falsehood and the equivalent of a blood libel against the Polish people and Polish nation.&#8221;<\/strong><\/h4>\n<\/div>\n<p style=\"text-align: center;\"><img decoding=\"async\" class=\"aligncenter\" src=\"https:\/\/www.israelhayom.com\/wp-content\/uploads\/2025\/11\/1954748985-750x375.jpg\" width=\"100%\" \/><span style=\"color: #808080;\"><em>A view of the entrance gate at the former Nazi death camp Auschwitz Birkenau on January 23, 2024 in Oswiecim, Poland | Photo: Omar Marques\/Getty Images<\/em><\/span><\/p>\n<p>The new US ambassador to\u00a0<a href=\"https:\/\/www.israelhayom.com\/2025\/09\/10\/poland-intercepts-russian-drones-in-unprecedented-nato-test\/\">Poland<\/a>, Thomas Rose, recently delivered a speech in Warsaw in which he categorically absolved Poland\u00a0\u2013\u00a0and by extension the Polish people\u00a0\u2013\u00a0of any responsibility whatsoever for the Holocaust. It is difficult to overstate how astonishing such a claim is coming from a senior American diplomat, let alone a Jewish one. Echoing the rhetoric of Poland&#8217;s far-right nationalist camp, Rose declared that suggesting Poles had any role in the Shoah was &#8220;a grotesque falsehood and the equivalent of a blood libel against the Polish people and Polish nation.&#8221;<\/p>\n<p style=\"text-align: center;\">This astonishing distortion of history coincided with a parallel diplomatic storm. Last week, Yad Vashem published a brief historical note on social media: &#8220;Poland was the first country where Jews were forced to wear a distinctive badge in order to isolate them from the surrounding population.&#8221; These are uncontested historical facts. Yet the Polish government responded with fury. The Auschwitz-Birkenau State Museum\u00a0\u2013\u00a0funded and overseen by the Polish state\u00a0\u2013\u00a0accused Yad Vashem of misleading the public by failing to spell out that Nazi Germany, not Polish authorities, issued and enforced the badge decree.<br \/>\n.<br \/>\n<img decoding=\"async\" class=\"aligncenter\" src=\"https:\/\/www.israelhayom.com\/wp-content\/uploads\/2025\/11\/2195707220.jpg\" width=\"100%\" \/><span style=\"color: #808080;\"><em>Survivors light candles as they pay tribute to the Holocaust victims during the ceremony for the 80th anniversary of the liberation of the Auschwitz camp on January 27, 2025 in Oswiecim, Poland (Photo: Sean Gallup\/Getty Images)<\/em><\/span><\/p>\n<p><span style=\"color: #000080;\">The reaction spiraled instantly. Foreign Minister Rados\u0142aw Sikorski, Prime Minister Donald Tusk, the government&#8217;s IPN institute, and the Auschwitz Museum all condemned the post. Warsaw summoned Israel&#8217;s ambassador. Officials demanded that Yad Vashem explicitly clarify in the original post itself that Poland was under German occupation, insisting that failure to insert the adjective &#8220;occupied&#8221; amounted to an attack on the Polish nation. Yad Vashem noted that the linked article clearly explained this context\u00a0\u2013\u00a0yet Polish leaders declared the explanation insufficient.<\/span><\/p>\n<p><span style=\"color: #000080;\">What we are witnessing is not a misunderstanding. It is a symptom of a deeper and more dangerous trend: the systematic re-engineering of Holocaust memory in Eastern Europe, and in Poland most of all.<\/span><\/p>\n<h4><strong>A fragile national identity and a rigid historical orthodoxy<\/strong><\/h4>\n<p><span style=\"color: #000080;\">No serious historian disputes that Nazi Germany planned, implemented, and carried out the genocide of Europe&#8217;s Jews. Nor does anyone deny that Poland suffered enormously under occupation. But history is more complicated than national mythmaking allows. As scholars such as Jan Gross, Jan Grabowski, and Barbara Engelking have demonstrated, roughly two-thirds of the Jews in hiding in Poland were betrayed or killed with the direct involvement of Polish citizens. Both realities\u00a0\u2013\u00a0German responsibility and local complicity\u00a0\u2013\u00a0are true simultaneously.<\/span><\/p>\n<p><span style=\"color: #000080;\">Yet in contemporary Poland, even acknowledging these parallel truths is treated as heresy. The fury over the Yad Vashem post rests on a brittle premise: that any wartime reference to &#8220;Poland&#8221; without the word &#8220;occupied&#8221; is a slander against the nation. In Belgium, France, or the Netherlands, historians are not required to pepper every sentence with &#8220;occupied.&#8221; Everyone understands the context. But in Poland, this insistence has become almost theological\u00a0\u2013\u00a0because it guards a deeper anxiety: that Poles were not only victims, but in some cases victimizers.<\/span><\/p>\n<h4><strong>Jedwabne and the return of the buried past<\/strong><\/h4>\n<p><span style=\"color: #000080;\">Nowhere is this clearer than in the enduring trauma of Jedwabne. On July 10, 1941, hundreds of Jews were murdered in that village by their Polish neighbors\u00a0\u2013\u00a0burned alive in a barn while the crowd jeered. For decades, the memorial plaque falsely attributed the massacre to the German occupiers. Villagers knew this was a lie. Only with Jan Gross&#8217;s &#8220;Neighbors&#8221; did the truth become impossible to ignore: the perpetrators were locals, not Nazis. Similar pogroms occurred in nearby towns such as Radzi\u0142\u00f3w, Szczuczyn, and W\u0105sosz.<\/span><\/p>\n<p><span style=\"color: #000080;\">The political backlash was swift. By 2018, the Polish parliament passed Article 55A, criminalizing public statements that assert Polish participation in Nazi crimes. Government-aligned groups sued historians Grabowski and Engelking for documenting how Jews in hiding were betrayed by their Polish neighbors. Although higher courts eventually acquitted them, the message was unmistakable: writing honestly about Polish complicity is a dangerous act.<\/span><\/p>\n<p><span style=\"color: #000080;\">This pattern is not unique to Poland. Hungary&#8217;s House of Terror Museum presents the Hungarian nation almost exclusively as a victim, erasing the Hungarian state&#8217;s central role in deporting 430,000 Jews to Auschwitz. Across Eastern Europe, governments cloak historical revisionism in the language of patriotism, using museums, curricula, and official rhetoric to transform complex histories into comforting myths.<\/span><\/p>\n<h4><strong>Rose&#8217;s distortion\u00a0\u2013\u00a0and Poland&#8217;s fury<\/strong><\/h4>\n<p><span style=\"color: #000080;\">Distorting Holocaust history corrodes public understanding of the genocide, dishonors its victims, and weakens the moral foundations of the postwar international order. If nations can rewrite their own past\u00a0\u2013\u00a0sanitizing collaboration, erasing local antisemitism, and recasting their populations solely as heroic resisters\u00a0\u2013\u00a0then the Holocaust becomes not a universal warning, but a political tool.<\/span><\/p>\n<p><span style=\"color: #000080;\">This is the broader context in which Ambassador Rose&#8217;s remarks and the Polish government&#8217;s outrage must be understood. Rose adopted a narrative increasingly promoted by Poland&#8217;s nationalist right: that any suggestion of Polish involvement in the persecution of Jews is &#8220;a grotesque falsehood&#8221; and &#8220;a blood libel.&#8221; Meanwhile, Polish officials erupted over a factual Yad Vashem post\u00a0\u2013\u00a0summoning diplomats, demanding edits, and condemning historians\u00a0\u2013\u00a0not because the facts were wrong, but because the facts were uncomfortable.<\/span><\/p>\n<p><span style=\"color: #000080;\">The truth is neither simple nor convenient: Germany committed the genocide, and some Poles helped hunt down their Jewish neighbors. To deny either reality is to deny history itself.<\/span><\/p>\n<hr \/>\n<p style=\"text-align: left;\"><span style=\"color: #808080;\"><em><strong>Daniel Schatz<\/strong> holds a doctorate in Political Science, is an author and columnist. He has been a Visiting Scholar at Harvard, Stanford, Georgetown, Columbia University, and the Hebrew University of Jerusalem.<\/em><\/span><\/p>\n<hr style=\"height: 15px; background: #d0e6fa; width: 100%;\" \/>\n<div id=\"content\" class=\"content-alignment\">\n<div id=\"watch-description\" class=\"yt-uix-button-panel\">\n<div id=\"watch-description-text\" style=\"text-align: center;\">\n<p><em>Zawarto\u015b\u0107 publikowanych artyku\u0142\u00f3w i materia\u0142\u00f3w nie reprezentuje pogl\u0105d\u00f3w ani opinii Reunion&#8217;68,<\/em><em><br \/>\nani te\u017c webmastera Blogu Reunion&#8217;68, chyba ze jest to wyra\u017anie zaznaczone.<br \/>\nTwoje uwagi, linki, w\u0142asne artyku\u0142y lub wiadomo\u015bci prze\u015blij na adres:<br \/>\n<\/em><span style=\"color: #000080;\"><strong><em><a style=\"color: #000080;\" href=\"mailto:webmaster@reunion68.com\"><span style=\"text-decoration: underline;\">webmaster@reunion68.com<\/span><\/a><\/em><\/strong><\/span><\/p>\n<\/div>\n<\/div>\n<\/div>\n<hr style=\"width: 100%;\" \/>\n","protected":false},"excerpt":{"rendered":"<p>Why is US envoy to Poland echoing far-Right Holocaust revisionism? Daniel Schatz 11-28-2025 09:00 Echoing the rhetoric of Poland&#8217;s far-right nationalist camp, Rose declared that suggesting Poles had any role in the Shoah was &#8220;a grotesque falsehood and the equivalent of a blood libel against the Polish people and Polish nation.&#8221; A view of the [&hellip;]<\/p>\n","protected":false},"author":1,"featured_media":0,"comment_status":"closed","ping_status":"closed","sticky":false,"template":"","format":"standard","meta":[],"categories":[6],"tags":[33,24],"_links":{"self":[{"href":"https:\/\/www.reunion68.se\/index.php?rest_route=\/wp\/v2\/posts\/126327"}],"collection":[{"href":"https:\/\/www.reunion68.se\/index.php?rest_route=\/wp\/v2\/posts"}],"about":[{"href":"https:\/\/www.reunion68.se\/index.php?rest_route=\/wp\/v2\/types\/post"}],"author":[{"embeddable":true,"href":"https:\/\/www.reunion68.se\/index.php?rest_route=\/wp\/v2\/users\/1"}],"replies":[{"embeddable":true,"href":"https:\/\/www.reunion68.se\/index.php?rest_route=%2Fwp%2Fv2%2Fcomments&post=126327"}],"version-history":[{"count":7,"href":"https:\/\/www.reunion68.se\/index.php?rest_route=\/wp\/v2\/posts\/126327\/revisions"}],"predecessor-version":[{"id":126336,"href":"https:\/\/www.reunion68.se\/index.php?rest_route=\/wp\/v2\/posts\/126327\/revisions\/126336"}],"wp:attachment":[{"href":"https:\/\/www.reunion68.se\/index.php?rest_route=%2Fwp%2Fv2%2Fmedia&parent=126327"}],"wp:term":[{"taxonomy":"category","embeddable":true,"href":"https:\/\/www.reunion68.se\/index.php?rest_route=%2Fwp%2Fv2%2Fcategories&post=126327"},{"taxonomy":"post_tag","embeddable":true,"href":"https:\/\/www.reunion68.se\/index.php?rest_route=%2Fwp%2Fv2%2Ftags&post=126327"}],"curies":[{"name":"wp","href":"https:\/\/api.w.org\/{rel}","templated":true}]}}