{"id":12640,"date":"2015-01-15T19:05:42","date_gmt":"2015-01-15T17:05:42","guid":{"rendered":"http:\/\/www.reunion68.se\/?p=12640"},"modified":"2015-01-15T11:36:54","modified_gmt":"2015-01-15T09:36:54","slug":"12","status":"publish","type":"post","link":"https:\/\/www.reunion68.se\/?p=12640","title":{"rendered":"Wywiad z Helena Datner o MH\u017bP [komentarze]"},"content":{"rendered":"<h5 style=\"text-align: center;\"><span style=\"text-decoration: underline; color: #000080;\"><span style=\"text-decoration: underline;\"><strong><a style=\"color: #000080; text-decoration: underline;\" href=\"http:\/\/www.reunion68.se\/?p=11878\" target=\"_blank\">Helena Datner o MH\u017bP<\/a><\/strong><\/span><\/span><\/h5>\n<p style=\"text-align: center;\"><span style=\"color: #333333;\"><strong>Z Helena Datner mowi Poldek Sobel<br \/>\n<\/strong><\/span><\/p>\n<hr style=\"height: 2px; background: #d0e6fa; width: 710px;\" \/>\n<h5 style=\"text-align: center;\"><span style=\"text-decoration: underline; color: #000080;\"><strong><a style=\"color: #000080; text-decoration: underline;\" href=\"http:\/\/www.reunion68.se\/?p=12624\" target=\"_blank\">Plotkies nr 56 z czerwca 2013 r. &#8211; Wywiad, z Jerzym Halbersztadt, kt\u00f3ry wskazywa\u0142 na \u017ar\u00f3d\u0142a obecnej sytuacji?<\/a><\/strong><\/span><\/h5>\n<hr style=\"height: 15px; background: #d0e6fa; width: 710px;\" \/>\n<div style=\"width: 210px\" class=\"wp-caption alignright\"><img decoding=\"async\" class=\"center\" src=\"http:\/\/www.reunion68.com\/Biuletyn\/img\/r-krol.jpg\" alt=\"\" width=\"200\" \/><p class=\"wp-caption-text\"><span style=\"color: #000080;\">R\u00f3\u017ca Kr\u00f3l<\/span><\/p><\/div>\n<p style=\"text-align: left;\"><strong>Komentarz R\u00f3\u017cy Kr\u00f3l do wywiadu z Helena Datner zamieszczony pod wywiadem w Plotkies. (przedruk za zgoda\u00a0<em>R\u00f3\u017cy Kr\u00f3l &#8211; przewodniczaca TSK\u017b w Szczecinie)<\/em><\/strong><\/p>\n<p><span style=\"color: #333333;\"><strong>Potwierdzenie<\/strong><\/span><br \/>\n<span style=\"color: #000080;\"> Z R\u00f3\u017ca Kr\u00f3l 2015-01-10 22:14<\/span><\/p>\n<p style=\"text-align: left;\"><span style=\"color: #000080;\">By\u0142am na otwarciu Muzeum i wywiad Heleny potwierdzi\u0142 moje pierwsze wra\u017cenie niedosytu. Zdziwi\u0142o mnie marginalne w jakim\u015b zak\u0105tku pokazanie pogromu kieleckiego, kt\u00f3rego efektem by\u0142a masowa ucieczka \u017byd\u00f3w z powojennej Polski. Przypomnia\u0142a mi si\u0119 wypowied\u017a prof. Bardiniego jak opowiada\u0142, \u017ce z niemowlakiem ucieka\u0142 przez zielon\u0105 granic\u0119.\u00a0<\/span><span style=\"color: #000080;\">Zdziwi\u0142o mnie r\u00f3wnie\u017c, \u017ce nie ma prawie nic o ostatnich 40-latach TSK\u017b. Zgadzam si\u0119 te\u017c z Helen\u0105, \u017ce pomini\u0119to tam w wi\u0119kszo\u015bci \u017cydowski punkt widzenia.\u00a0<\/span><span style=\"color: #000080;\">Budynek jest pi\u0119kny a Muzeum przyjazne, ale nie do ko\u0144ca historia tam jest prawdziwa.<\/span><\/p>\n<hr style=\"height: 15px; background: #d0e6fa; width: 710px;\" \/>\n<p><strong>Komentarz Jerzego Halbersztadt do wywiadu z Helena Datner zamieszczony na Facebook&#8217;u. (przedruk za zgoda\u00a0<em>Jerzego Halbersztadt)<\/em><\/strong><\/p>\n<p style=\"text-align: center;\"><img decoding=\"async\" class=\"center alignleft\" src=\"http:\/\/www.reunion68.com\/Biuletyn\/img\/JH.jpg\" alt=\"\" \/><\/p>\n<p style=\"text-align: center;\"><span style=\"color: #808080;\"><em>[ Jerzy Halbersztadt pelnil funkcje dyrektora Muzeum Historii \u017byd\u00f3w Polskich do 2011 roku. ]<\/em><\/span><\/p>\n<p style=\"text-align: left;\"><span style=\"color: #000080;\">Pierwsza insajderska relacja na temat prawdziwych okoliczno\u015bci ostatniej fazy tworzenia wystawy Muzeum Historii \u017byd\u00f3w Polskich. Prawdziwych, to nie znaczy w pe\u0142ni przedstawionych, ale mog\u0119 potwierdzi\u0107 wiele opisanych przez Helen\u0119 Datner proces\u00f3w, kt\u00f3re zacz\u0119\u0142y si\u0119 na dobre ju\u017c w 2009 roku. Dwa uzupe\u0142nienia wydaj\u0105 mi si\u0119 jednak konieczne. Nie zosta\u0142a zrealizowana nie tylko ostatnia cz\u0119\u015b\u0107 wystawy historycznej, po 1989 roku, o czym Helena m\u00f3wi, bo si\u0119 tym zajmowa\u0142a. Zosta\u0142o to zaklajstrowane paroma wypowiedziami do\u015b\u0107 dowolnie dobranych os\u00f3b, co jest jakim\u015b dziwnym, doklejonym na chybcika substytutem. Najgorsze, \u017ce najwa\u017cniejsza dla wsp\u00f3\u0142czesno\u015bci galeria \u201eDziedzictwo\u201d nie zosta\u0142a w og\u00f3le przez 3 lata zaprojektowana ani zrealizowana. Mia\u0142a ona przede wszystkim pokazywa\u0107 dzisiejsz\u0105 spu\u015bcizn\u0119 \u017byd\u00f3w polskich w \u015bwiecie, zw\u0142aszcza w USA i w Izraelu, a tak\u017ce \u017cydowsk\u0105 obecno\u015b\u0107 w dzisiejszej Polsce, co oznacza co\u015b wi\u0119cej ni\u017c tylko spo\u0142eczno\u015b\u0107 \u017byd\u00f3w tutaj mieszkaj\u0105cych. W 2011 roku, po ustaleniu kszta\u0142tu galerii historycznych, wykonanie projektu tej galerii by\u0142o najwa\u017cniejszym priorytetem muzeum, niestety do dzisiaj niezrealizowanym i skrz\u0119tnie przemilczanym. Zosta\u0142 w ten spos\u00f3b skasowany najwa\u017cniejszy \u0142\u0105cznik tego muzeum ze wsp\u00f3\u0142czesnymi \u017bydami. Druga kwestia, to jak to si\u0119 mog\u0142o sta\u0107? Ot\u00f3\u017c mog\u0142o to nast\u0105pi\u0107 tylko przy kapitulanckiej postawie przedstawicieli spo\u0142eczno\u015bci \u017cydowskiej. Helena wspomina o zagranicznych donorach, kt\u00f3rzy odegrali w tym zadziwiaj\u0105c\u0105 rol\u0119. Ale w Radzie Muzeum, zar\u00f3wno przed 2013 roku, jak i w obecnej kadencji, silnie reprezentowane by\u0142o tak\u017ce Stowarzyszenie \u017bIH i inne organizacje. I ci przedstawiciele te wszystkie ingerencje akceptowali, razem z pos\u0142uszn\u0105<\/span> <span style=\"color: #000080;\">dyrekcj\u0105 muzeum.<\/span><\/p>\n","protected":false},"excerpt":{"rendered":"<p>Helena Datner o MH\u017bP Z Helena Datner mowi Poldek Sobel Plotkies nr 56 z czerwca 2013 r. &#8211; Wywiad, z Jerzym Halbersztadt, kt\u00f3ry wskazywa\u0142 na \u017ar\u00f3d\u0142a obecnej sytuacji? Komentarz R\u00f3\u017cy Kr\u00f3l do wywiadu z Helena Datner zamieszczony pod wywiadem w Plotkies. (przedruk za zgoda\u00a0R\u00f3\u017cy Kr\u00f3l &#8211; przewodniczaca TSK\u017b w Szczecinie) Potwierdzenie Z R\u00f3\u017ca Kr\u00f3l 2015-01-10 [&hellip;]<\/p>\n","protected":false},"author":1,"featured_media":0,"comment_status":"closed","ping_status":"closed","sticky":false,"template":"","format":"standard","meta":[],"categories":[4],"tags":[24],"_links":{"self":[{"href":"https:\/\/www.reunion68.se\/index.php?rest_route=\/wp\/v2\/posts\/12640"}],"collection":[{"href":"https:\/\/www.reunion68.se\/index.php?rest_route=\/wp\/v2\/posts"}],"about":[{"href":"https:\/\/www.reunion68.se\/index.php?rest_route=\/wp\/v2\/types\/post"}],"author":[{"embeddable":true,"href":"https:\/\/www.reunion68.se\/index.php?rest_route=\/wp\/v2\/users\/1"}],"replies":[{"embeddable":true,"href":"https:\/\/www.reunion68.se\/index.php?rest_route=%2Fwp%2Fv2%2Fcomments&post=12640"}],"version-history":[{"count":10,"href":"https:\/\/www.reunion68.se\/index.php?rest_route=\/wp\/v2\/posts\/12640\/revisions"}],"predecessor-version":[{"id":12649,"href":"https:\/\/www.reunion68.se\/index.php?rest_route=\/wp\/v2\/posts\/12640\/revisions\/12649"}],"wp:attachment":[{"href":"https:\/\/www.reunion68.se\/index.php?rest_route=%2Fwp%2Fv2%2Fmedia&parent=12640"}],"wp:term":[{"taxonomy":"category","embeddable":true,"href":"https:\/\/www.reunion68.se\/index.php?rest_route=%2Fwp%2Fv2%2Fcategories&post=12640"},{"taxonomy":"post_tag","embeddable":true,"href":"https:\/\/www.reunion68.se\/index.php?rest_route=%2Fwp%2Fv2%2Ftags&post=12640"}],"curies":[{"name":"wp","href":"https:\/\/api.w.org\/{rel}","templated":true}]}}