{"id":12695,"date":"2015-01-16T19:03:41","date_gmt":"2015-01-16T17:03:41","guid":{"rendered":"http:\/\/www.reunion68.se\/?p=12695"},"modified":"2015-01-15T14:39:32","modified_gmt":"2015-01-15T12:39:32","slug":"12695","status":"publish","type":"post","link":"https:\/\/www.reunion68.se\/?p=12695","title":{"rendered":"Mi\u0119dzynarodowa Konferencja &#8220;W Kr\u0119gu Pereca&#8221;"},"content":{"rendered":"<h5 style=\"text-align: center;\"><a href=\"https:\/\/wkregupereca.wordpress.com\/\" target=\"_blank\"><img decoding=\"async\" class=\"center alignleft\" src=\"http:\/\/www.reunion68.com\/Biuletyn\/img\/MHZP.jpg\" alt=\"\" \/><\/a><span style=\"text-decoration: underline; color: #000080;\"><span style=\"text-decoration: underline;\"><strong><a style=\"color: #000080; text-decoration: underline;\" href=\"https:\/\/wkregupereca.wordpress.com\/\" target=\"_blank\">Mi\u0119dzynarodowa Konferencja &#8220;W Kr\u0119gu Pereca&#8221;<\/a><\/strong><\/span><\/span><\/h5>\n<hr style=\"height: 15px; background: #d0e6fa; width: 710px;\" \/>\n<p style=\"text-align: center;\"><strong><span style=\"color: #333333;\">Warszawa-Zamo\u015b\u0107, 7\u201310 wrze\u015bnia 2015<\/span><\/strong><\/p>\n<p style=\"text-align: left;\"><span style=\"color: #000080;\">Muzeum Historii \u017byd\u00f3w Polskich POLIN, Polskie Towarzystwo Studi\u00f3w Jidyszystycznych, Fundacja Ochrony Dziedzictwa \u017bydowskiego i Mi\u0119dzynarodowy O\u015brodek Bada\u0144 nad Histori\u0105 i Dziedzictwem Kulturowym \u017byd\u00f3w Europy \u015arodkowej i Wschodniej Katolickiego Uniwersytetu Lubelskiego Jana Paw\u0142a II zapraszaj\u0105 do udzia\u0142u w konferencji \u201eW kr\u0119gu Pereca\u201d. Konferencja b\u0119dzie po\u015bwi\u0119cona \u017cyciu, tw\u00f3rczo\u015bci i \u015brodowisku pioniera \u017cydowskiego modernizmu, pisarza nazywanego ojcem nowoczesnej literatury jidysz, jak r\u00f3wnie\u017c kr\u0119gowi kulturowemu, dla kt\u00f3rego dorobek Pereca sta\u0142 si\u0119 zaczynem do dalszej dzia\u0142alno\u015bci.<\/span><\/p>\n<p style=\"text-align: left;\"><span style=\"color: #000080;\">Icchok Lejbusz Perec \u2013 pisarz, publicysta, dzia\u0142acz spo\u0142eczny \u2013 uchodzi dzi\u015b za posta\u0107 pomnikow\u0105. Pomniki maj\u0105 jednak to do siebie, \u017ce staj\u0105 si\u0119 w oczach nast\u0119pnych pokole\u0144 zimnymi i jednowymiarowymi symbolami przesz\u0142o\u015bci. W stulecie \u015bmierci Pereca pragniemy na nowo oszacowa\u0107 bogaty dorobek tego pisarza, nieco przes\u0142oni\u0119ty przez dostojny obraz \u201eojca literatury jidysz\u201d. G\u0142\u00f3wne pytania stawiane w trakcie konferencji b\u0119d\u0105 dotyczy\u0107: \u017cycia i biografii Pereca, w tym jego zwi\u0105zk\u00f3w z Zamojszczyzn\u0105 i Warszaw\u0105; nowych sposob\u00f3w odczytywania i interpretacji tw\u00f3rczo\u015bci i dokona\u0144 pisarza; \u015brodowiska, kt\u00f3re kszta\u0142towa\u0142o si\u0119 wok\u00f3\u0142 niego w Warszawie, oraz szeroko rozumianego wp\u0142ywu, jaki wywar\u0142 na rozw\u00f3j nowoczesnej kultury \u017cydowskiej.<\/span><\/p>\n<p style=\"text-align: left;\"><span style=\"color: #000080;\">Konferencja obejmie zatem zagadnienia dotycz\u0105ce szerszego kr\u0119gu kulturowego, dynamicznie rozwijaj\u0105cego si\u0119 w Europie Wschodniej od ko\u0144ca XIX do po\u0142owy XX wieku By\u0142 on zwi\u0105zany z j\u0119zykiem jidysz i silnie osadzony w tradycji aszkenazyjskiej (r\u00f3wnie\u017c w aspekcie wieloj\u0119zyczno\u015bci), jednocze\u015bnie jednak tw\u00f3rczo \u0142\u0105czy\u0142 si\u0119 z osi\u0105gni\u0119ciami europejskiej literatury, sztuki, teatru i nauki. Nale\u017celi do niego tacy tw\u00f3rcy, jak Szymon An-ski, Szolem Asz, Hersz Dowid Nomberg, czy instytucje, m.in. \u017bydowski Instytut Naukowy JIWO. Tym samym obrady stan\u0105 si\u0119 okazj\u0105 do namys\u0142u nad przemianami nowoczesnej kultury \u017cydowskiej.<\/span><\/p>\n<p style=\"text-align: left;\"><span style=\"color: #000080;\">Czekamy na referaty prezentuj\u0105ce pog\u0142\u0119bione analizy \u017ar\u00f3de\u0142 i problem\u00f3w epoki, jak r\u00f3wnie\u017c odwa\u017cne i nieszablonowe podej\u015bcie do dziedzictwa Pereca i jego \u015brodowiska. Interesuj\u0105 nas nowe odczytania, nowe interpretacje, nieznane dot\u0105d konteksty ich dzia\u0142alno\u015bci. Chcieliby\u015bmy te\u017c pozna\u0107 zdanie badaczy na temat tego, jak kszta\u0142tuje si\u0119 obraz Pereca, jego szerokiej spu\u015bcizny i \u015brodowiska, w \u015bwietle wsp\u00f3\u0142czesnych dyskurs\u00f3w literaturoznawczych, kulturoznawczych i socjologicznych.<\/span><\/p>\n<p style=\"text-align: left;\"><span style=\"color: #000080;\">Warszawska cz\u0119\u015b\u0107 konferencji odb\u0119dzie si\u0119 w nowo otwartym Muzeum Historii \u017byd\u00f3w Polskich POLIN, natomiast cz\u0119\u015b\u0107 zamojska w Centrum \u201eSynagoga\u201d Fundacji Ochrony Dziedzictwa \u017bydowskiego.<\/span><\/p>\n<p style=\"text-align: right;\"><span style=\"color: #000080;\">Czytaj wiecej tu: <span style=\"text-decoration: underline;\"><strong><a style=\"color: #000080; text-decoration: underline;\" href=\"https:\/\/wkregupereca.wordpress.com\/\" target=\"_blank\">Mi\u0119dzynarodowa Konferencja&#8230;<\/a><\/strong><\/span><\/span><\/p>\n<hr style=\"height: 15px; background: #d0e6fa; width: 710px;\" \/>\n<div id=\"content\" class=\"  content-alignment&lt;br \/&gt;&lt;br \/&gt; \">\n<div id=\"watch-description\" class=\"yt-uix-button-panel\">\n<div id=\"watch-description-text\">\n<p style=\"text-align: center;\"><span style=\"color: #808080;\"> twoje uwagi, linki, wlasne artykuly, lub wiadomosci przeslij do: <strong><span style=\"text-decoration: underline;\"><span style=\"color: #808080; text-decoration: underline;\"><a href=\"mailto:webmaster@reunion68.com\">webmaster@reunion68.com<\/a><\/span><\/span><\/strong><\/span><\/p>\n<\/div>\n<\/div>\n<\/div>\n<p>&nbsp;<\/p>\n<hr style=\"width: 710px;\" \/>\n","protected":false},"excerpt":{"rendered":"<p>Mi\u0119dzynarodowa Konferencja &#8220;W Kr\u0119gu Pereca&#8221; Warszawa-Zamo\u015b\u0107, 7\u201310 wrze\u015bnia 2015 Muzeum Historii \u017byd\u00f3w Polskich POLIN, Polskie Towarzystwo Studi\u00f3w Jidyszystycznych, Fundacja Ochrony Dziedzictwa \u017bydowskiego i Mi\u0119dzynarodowy O\u015brodek Bada\u0144 nad Histori\u0105 i Dziedzictwem Kulturowym \u017byd\u00f3w Europy \u015arodkowej i Wschodniej Katolickiego Uniwersytetu Lubelskiego Jana Paw\u0142a II zapraszaj\u0105 do udzia\u0142u w konferencji \u201eW kr\u0119gu Pereca\u201d. Konferencja b\u0119dzie po\u015bwi\u0119cona \u017cyciu, tw\u00f3rczo\u015bci [&hellip;]<\/p>\n","protected":false},"author":1,"featured_media":0,"comment_status":"closed","ping_status":"closed","sticky":false,"template":"","format":"standard","meta":[],"categories":[4],"tags":[24],"_links":{"self":[{"href":"https:\/\/www.reunion68.se\/index.php?rest_route=\/wp\/v2\/posts\/12695"}],"collection":[{"href":"https:\/\/www.reunion68.se\/index.php?rest_route=\/wp\/v2\/posts"}],"about":[{"href":"https:\/\/www.reunion68.se\/index.php?rest_route=\/wp\/v2\/types\/post"}],"author":[{"embeddable":true,"href":"https:\/\/www.reunion68.se\/index.php?rest_route=\/wp\/v2\/users\/1"}],"replies":[{"embeddable":true,"href":"https:\/\/www.reunion68.se\/index.php?rest_route=%2Fwp%2Fv2%2Fcomments&post=12695"}],"version-history":[{"count":11,"href":"https:\/\/www.reunion68.se\/index.php?rest_route=\/wp\/v2\/posts\/12695\/revisions"}],"predecessor-version":[{"id":12701,"href":"https:\/\/www.reunion68.se\/index.php?rest_route=\/wp\/v2\/posts\/12695\/revisions\/12701"}],"wp:attachment":[{"href":"https:\/\/www.reunion68.se\/index.php?rest_route=%2Fwp%2Fv2%2Fmedia&parent=12695"}],"wp:term":[{"taxonomy":"category","embeddable":true,"href":"https:\/\/www.reunion68.se\/index.php?rest_route=%2Fwp%2Fv2%2Fcategories&post=12695"},{"taxonomy":"post_tag","embeddable":true,"href":"https:\/\/www.reunion68.se\/index.php?rest_route=%2Fwp%2Fv2%2Ftags&post=12695"}],"curies":[{"name":"wp","href":"https:\/\/api.w.org\/{rel}","templated":true}]}}