{"id":127049,"date":"2026-01-06T17:09:00","date_gmt":"2026-01-06T15:09:00","guid":{"rendered":"https:\/\/www.reunion68.se\/?p=127049"},"modified":"2026-01-02T08:14:54","modified_gmt":"2026-01-02T06:14:54","slug":"06-09-103","status":"publish","type":"post","link":"https:\/\/www.reunion68.se\/?p=127049","title":{"rendered":"Amnesty w ko\u0144cu uzna\u0142a ofiary izraelskie, a media odwr\u00f3ci\u0142y wzrok"},"content":{"rendered":"<p><img decoding=\"async\" class=\"aligncenter\" src=\"https:\/\/www.listyznaszegosadu.pl\/upload\/article\/bild\/9690\/1087707\/amnesty_s.png\" \/><\/p>\n<hr \/>\n<h3 style=\"text-align: center;\"><a href=\"\/\/andrzejkoraszewski.substack.com\/\" target=\"_blank\" rel=\"noopener noreferrer\"><img decoding=\"async\" class=\"center alignleft\" src=\"http:\/\/www.reunion68.com\/Biuletyn\/img\/z-naszego.jpg\" alt=\"\" width=\"50%\" \/><\/a><span style=\"text-decoration: underline; color: #000080;\"><span><strong><a style=\"color: #000080; text-decoration: underline;\" href=\"https:\/\/andrzejkoraszewski.substack.com\/p\/amnesty-w-koncu-uznaa-ofiary-izraelskie\" target=\"_blank\" rel=\"noopener noreferrer\">Amnesty w ko\u0144cu uzna\u0142a ofiary izraelskie, a media odwr\u00f3ci\u0142y wzrok<\/a><\/strong><\/span><\/span><\/h3>\n<p style=\"text-align: center;\"><span style=\"color: #000000;\"><strong>Sharon Lev<\/strong><\/span><\/p>\n<hr style=\"height: 15px; background: #d0e6fa; width: 100%;\" \/>\n<ul>\n<li><strong>Ponad dwa lata po masakrze z 7 pa\u017adziernika i po bezpodstawnym oskar\u017ceniu Izraela o ludob\u00f3jstwo, Amnesty International opublikowa\u0142a raport na temat zbrodni Hamasu: morderstw, brania zak\u0142adnik\u00f3w i przemocy seksualnej, do kt\u00f3rych dosz\u0142o tamtego dnia.<\/strong><\/li>\n<li><strong>Amnesty celowo op\u00f3\u017ani\u0142a publikacj\u0119 raportu, obawiaj\u0105c si\u0119, \u017ce uznanie zbrodni pope\u0142nionych na Izraelczykach mog\u0142oby wp\u0142yn\u0105\u0107 na mi\u0119dzynarodow\u0105 opini\u0119 o Izraelu.<\/strong><\/li>\n<li><strong>G\u0142\u00f3wne media, kt\u00f3re wcze\u015bniej szeroko nag\u0142a\u015bnia\u0142y oskar\u017cenie o ludob\u00f3jstwo, niemal ca\u0142kowicie zignorowa\u0142y sp\u00f3\u017aniony raport o izraelskich ofiarach, ods\u0142aniaj\u0105c tym samym schemat wybi\u00f3rczego informowania, kt\u00f3ry zniekszta\u0142ca obraz wojny.<\/strong><\/li>\n<\/ul>\n<p><span style=\"color: #000080;\">Dwa lata. Tyle czasu potrzebowa\u0142a Amnesty International \u2014 jedna z rzekomo czo\u0142owych organizacji praw cz\u0142owieka na \u015bwiecie \u2014 by formalnie uzna\u0107 w raporcie, \u017ce 7 pa\u017adziernika 2023 roku Hamas pope\u0142ni\u0142 potworne zbrodnie przeciwko narodowi \u017cydowskiemu i pa\u0144stwu Izrael.<\/span><\/p>\n<p><span style=\"color: #000080;\">To s\u0105 fakty, kt\u00f3rych \u017bydzi nie potrzebowali, by zosta\u0142y odkryte przez Amnesty. Masowe morderstwa, przemoc seksualna, branie zak\u0142adnik\u00f3w i brutalno\u015b\u0107 by\u0142y dokumentowane na bie\u017c\u0105co. Dowody istnia\u0142y. Istnia\u0142y \u015bwiadectwa. Zbrodnie by\u0142y niepodwa\u017calne i powinny zosta\u0107 natychmiast nag\u0142o\u015bnione przez ka\u017cd\u0105 organizacj\u0119, kt\u00f3ra twierdzi, \u017ce broni praw cz\u0142owieka.<\/span><\/p>\n<p><span style=\"color: #000080;\">Zamiast tego Amnesty obra\u0142a inn\u0105 drog\u0119. Od samego pocz\u0105tku przedstawia\u0142a Izrael jako g\u0142\u00f3wnego agresora, jednocze\u015bnie marginalizuj\u0105c, umniejszaj\u0105c lub odwlekaj\u0105c uznanie zbrodni pope\u0142nionych na Izraelczykach.<\/span><\/p>\n<p><span style=\"color: #000080;\">Co gorsza, zaledwie rok po masakrze Amnesty opublikowa\u0142a raport, w kt\u00f3rym oskar\u017cy\u0142a Izrael o ludob\u00f3jstwo. Aby doj\u015b\u0107 do takiego wniosku, organizacja naci\u0105gn\u0119\u0142a i wypaczy\u0142a definicj\u0119 ludob\u00f3jstwa, jednocze\u015bnie ostentacyjnie unikaj\u0105c powa\u017cnego rozliczenia si\u0119 z tym, ilu terroryst\u00f3w Hamasu zgin\u0119\u0142o w trakcie walk. Efektem nie by\u0142 rzetelny raport o prawach cz\u0142owieka, lecz dokument skrojony pod z g\u00f3ry za\u0142o\u017con\u0105 narracj\u0119.<\/span><\/p>\n<p><span style=\"color: #000080;\">Dla Amnesty International dowody mia\u0142y mniejsze znaczenie ni\u017c utrzymanie fa\u0142szywej narracji o ludob\u00f3jstwie. Gdy pojawi\u0142y si\u0119 niepodwa\u017calne dowody na zbrodnie przeciwko ludzko\u015bci pope\u0142nione 7 pa\u017adziernika, organizacja wybra\u0142a milczenie. Pow\u00f3d by\u0142 oczywisty: uznanie tych zbrodni naruszy\u0142oby starannie skonstruowan\u0105 narracj\u0119 maj\u0105c\u0105 na celu odebranie Izraelowi wsp\u00f3\u0142czucia ze strony spo\u0142eczno\u015bci mi\u0119dzynarodowej.<\/span><\/p>\n<p><span style=\"color: #000080;\">Raport opisuj\u0105cy zbrodnie Hamasu mia\u0142 pierwotnie zosta\u0107 opublikowany we wrze\u015bniu 2025 roku. Jego publikacj\u0119 op\u00f3\u017aniono z powodu sprzeciwu wewn\u0105trz samej Amnesty, gdzie \u2013 wed\u0142ug doniesie\u0144 \u2013 krytycy argumentowali, \u017ce nawet sp\u00f3\u017anione uznanie zbrodni Hamasu mog\u0142oby przynie\u015b\u0107 Izraelowi korzy\u015b\u0107 w opinii publicznej, zw\u0142aszcza w kontek\u015bcie trwaj\u0105cych negocjacji dotycz\u0105cych zawieszenia broni.<\/span><\/p>\n<p><span style=\"color: #000080;\">Amnesty International przedstawia si\u0119 jako bezstronna organizacja humanitarna, kt\u00f3rej misj\u0105 jest obrona wszystkich ofiar narusze\u0144 praw cz\u0142owieka. Tymczasem ten przypadek ujawnia, \u017ce wewn\u0119trzne gry polityczne przewa\u017cy\u0142y nad t\u0105 misj\u0105. Ofiary izraelskie zosta\u0142y uznane dopiero wtedy, gdy mo\u017cna to by\u0142o odpowiednio zaplanowa\u0107 i skontrolowa\u0107, by nie zak\u0142\u00f3ci\u0107 preferowanej narracji. Taka wybi\u00f3rcza kalkulacja moralna jeszcze bardziej podwa\u017ca ju\u017c i tak w\u0105tpliw\u0105 wiarygodno\u015b\u0107 i deklarowan\u0105 bezstronno\u015b\u0107 organizacji.<\/span><\/p>\n<p><span style=\"color: #000080;\">Nawet mimo op\u00f3\u017anienia, sam fakt, \u017ce znacz\u0105ca organizacja praw cz\u0142owieka w ko\u0144cu udokumentowa\u0142a zbrodnie pope\u0142nione na Izraelczykach, powinien by\u0142 sam w sobie sta\u0107 si\u0119 wa\u017cn\u0105 wiadomo\u015bci\u0105.<\/span><\/p>\n<p><span style=\"color: #000080;\">Tymczasem wiele z tych samych medi\u00f3w, kt\u00f3re z zapa\u0142em nag\u0142a\u015bnia\u0142y g\u0142\u0119boko wadliwy raport Amnesty o ludob\u00f3jstwie rzekomo pope\u0142nionym przez Izrael, pozosta\u0142o w zdumiewaj\u0105cym milczeniu wobec raportu dokumentuj\u0105cego zbrodnie przeciwko ludzko\u015bci pope\u0142nione na Izraelczykach 7 pa\u017adziernika. Ten kontrast jest trudny do zignorowania \u2013 i m\u00f3wi wiele o tym, kt\u00f3re ofiary s\u0105 uznawane za godne uwagi, a kt\u00f3re nie.<\/span><\/p>\n<p><span style=\"color: #000080;\">G\u0142\u00f3wne redakcje, w tym CNN, BBC,\u00a0<em>The Washington Post<\/em>\u00a0i\u00a0<em>Associated Press<\/em>, nie odnotowa\u0142y nowego raportu Amnesty International, mimo \u017ce rok wcze\u015bniej natychmiastowo nag\u0142o\u015bni\u0142y jej oskar\u017cenie Izraela o ludob\u00f3jstwo. Ta dysproporcja ujawnia, jak wybi\u00f3rczo te media korzystaj\u0105 z materia\u0142\u00f3w tej samej organizacji \u2013 promuj\u0105c te tre\u015bci, kt\u00f3re wpisuj\u0105 si\u0119 w preferowan\u0105 narracj\u0119 i ignoruj\u0105c te, kt\u00f3re j\u0105 komplikuj\u0105.<\/span><\/p>\n<p><span style=\"color: #000080;\">Gdyby media, kt\u00f3re tak ch\u0119tnie promowa\u0142y wadliwy raport o ludob\u00f3jstwie, trzyma\u0142y si\u0119 podstawowych standard\u00f3w dziennikarstwa, podda\u0142yby go rygorystycznej analizie i wytkn\u0119\u0142yby nadu\u017cycia definicji ludob\u00f3jstwa. W minimalnym zakresie powinny r\u00f3wnie\u017c poinformowa\u0107 o dokumentacji dotycz\u0105cej izraelskich ofiar. Ich odmowa zrobienia tego opowiada niepokoj\u0105c\u0105 histori\u0119 \u2013 tak\u0105, w kt\u00f3rej decyzje redakcyjne decyduj\u0105 nie tylko o tym, jakie historie s\u0105 opowiadane, ale tak\u017ce o tym, kt\u00f3re ofiary w og\u00f3le mog\u0105 istnie\u0107.<\/span><\/p>\n<p><span style=\"color: #000080;\">Gdy organizacje praw cz\u0142owieka i redakcje zaczynaj\u0105 decydowa\u0107, czyje cierpienie zas\u0142uguje na uznanie \u2013 i kiedy to uznanie jest udzielane tylko wtedy, gdy jest politycznie wygodne \u2013 s\u0105 nieuczciwe nie tylko w kwestii jednego raportu. Niszcz\u0105 zaufanie publiczne, wyja\u0142awiaj\u0105 zasady, kt\u00f3rych rzekomo broni\u0105, i zamieniaj\u0105 j\u0119zyk praw cz\u0142owieka w narz\u0119dzie wybi\u00f3rczego wymazywania.<\/span><\/p>\n<hr \/>\n<p>Link do orygina\u0142u:\u00a0<a href=\"https:\/\/honestreporting.com\/amnesty-finally-acknowledged-israeli-victims-and-the-media-looked-away\/?utm_source=substack&amp;\" rel=\"\">https:\/\/honestreporting.com\/amnesty-finally-acknowledged-israeli-victims-and-the-media-looked-away\/?utm_source=substack&amp;<\/a>;utm_medium=email<\/p>\n<p>Honest Reporting, 16 grudnia 2025<\/p>\n<hr style=\"height: 15px; background: #d0e6fa; width: 100%;\" \/>\n<div id=\"content\" class=\"content-alignment\">\n<div id=\"watch-description\" class=\"yt-uix-button-panel\">\n<div id=\"watch-description-text\" style=\"text-align: center;\">\n<p><em>Zawarto\u015b\u0107 publikowanych artyku\u0142\u00f3w i materia\u0142\u00f3w nie reprezentuje pogl\u0105d\u00f3w ani opinii Reunion&#8217;68,<\/em><em><br \/>\nani te\u017c webmastera Blogu Reunion&#8217;68, chyba ze jest to wyra\u017anie zaznaczone.<br \/>\nTwoje uwagi, linki, w\u0142asne artyku\u0142y lub wiadomo\u015bci prze\u015blij na adres:<br \/>\n<\/em><span style=\"color: #000080;\"><strong><em><a style=\"color: #000080;\" href=\"mailto:webmaster@reunion68.com\"><span style=\"text-decoration: underline;\">webmaster@reunion68.com<\/span><\/a><\/em><\/strong><\/span><\/p>\n<\/div>\n<\/div>\n<\/div>\n<hr style=\"width: 100%;\" \/>\n","protected":false},"excerpt":{"rendered":"<p>Amnesty w ko\u0144cu uzna\u0142a ofiary izraelskie, a media odwr\u00f3ci\u0142y wzrok Sharon Lev Ponad dwa lata po masakrze z 7 pa\u017adziernika i po bezpodstawnym oskar\u017ceniu Izraela o ludob\u00f3jstwo, Amnesty International opublikowa\u0142a raport na temat zbrodni Hamasu: morderstw, brania zak\u0142adnik\u00f3w i przemocy seksualnej, do kt\u00f3rych dosz\u0142o tamtego dnia. Amnesty celowo op\u00f3\u017ani\u0142a publikacj\u0119 raportu, obawiaj\u0105c si\u0119, \u017ce uznanie [&hellip;]<\/p>\n","protected":false},"author":1,"featured_media":0,"comment_status":"closed","ping_status":"closed","sticky":false,"template":"","format":"standard","meta":[],"categories":[6],"tags":[33,24],"_links":{"self":[{"href":"https:\/\/www.reunion68.se\/index.php?rest_route=\/wp\/v2\/posts\/127049"}],"collection":[{"href":"https:\/\/www.reunion68.se\/index.php?rest_route=\/wp\/v2\/posts"}],"about":[{"href":"https:\/\/www.reunion68.se\/index.php?rest_route=\/wp\/v2\/types\/post"}],"author":[{"embeddable":true,"href":"https:\/\/www.reunion68.se\/index.php?rest_route=\/wp\/v2\/users\/1"}],"replies":[{"embeddable":true,"href":"https:\/\/www.reunion68.se\/index.php?rest_route=%2Fwp%2Fv2%2Fcomments&post=127049"}],"version-history":[{"count":7,"href":"https:\/\/www.reunion68.se\/index.php?rest_route=\/wp\/v2\/posts\/127049\/revisions"}],"predecessor-version":[{"id":127060,"href":"https:\/\/www.reunion68.se\/index.php?rest_route=\/wp\/v2\/posts\/127049\/revisions\/127060"}],"wp:attachment":[{"href":"https:\/\/www.reunion68.se\/index.php?rest_route=%2Fwp%2Fv2%2Fmedia&parent=127049"}],"wp:term":[{"taxonomy":"category","embeddable":true,"href":"https:\/\/www.reunion68.se\/index.php?rest_route=%2Fwp%2Fv2%2Fcategories&post=127049"},{"taxonomy":"post_tag","embeddable":true,"href":"https:\/\/www.reunion68.se\/index.php?rest_route=%2Fwp%2Fv2%2Ftags&post=127049"}],"curies":[{"name":"wp","href":"https:\/\/api.w.org\/{rel}","templated":true}]}}