{"id":12707,"date":"2015-01-16T19:10:40","date_gmt":"2015-01-16T17:10:40","guid":{"rendered":"http:\/\/www.reunion68.se\/?p=12707"},"modified":"2015-01-16T09:14:31","modified_gmt":"2015-01-16T07:14:31","slug":"12707","status":"publish","type":"post","link":"https:\/\/www.reunion68.se\/?p=12707","title":{"rendered":"Izrael Dreyfusem narod\u00f3w"},"content":{"rendered":"<h5 style=\"text-align: center;\"><a href=\"http:\/\/www.listyznaszegosadu.pl\/\" target=\"_blank\"><img decoding=\"async\" class=\"center alignleft\" src=\"http:\/\/www.reunion68.com\/Biuletyn\/img\/z-naszego.jpg\" alt=\"\" width=\"350\" \/><\/a><span style=\"text-decoration: underline; color: #000080;\"><span style=\"text-decoration: underline;\"><strong><a style=\"color: #000080; text-decoration: underline;\" href=\"http:\/\/www.listyznaszegosadu.pl\/brunatna-fala\/izrael-dreyfusem-narodow\" target=\"_blank\">Izrael Dreyfusem narod\u00f3w<\/a><\/strong><\/span><\/span><\/h5>\n<p style=\"text-align: center;\"><span style=\"color: #333333;\"><strong>Andrzej Koraszewski<\/strong><\/span><\/p>\n<hr style=\"height: 15px; background: #d0e6fa; width: 710px;\" \/>\n<p style=\"text-align: left;\"><img decoding=\"async\" class=\" alignright\" src=\"http:\/\/www.listyznaszegosadu.pl\/upload\/article\/bild\/2492\/610330\/Quenelle-Auschwitz_s.jpeg\" alt=\"\" width=\"350\" border=\"0\" \/><span style=\"color: #333333;\"><strong>Czy Francja jest dzi\u015b najbardziej antysemickim krajem w Europie? Do takiego wniosku prowadz\u0105 informacje o powtarzaj\u0105cych si\u0119 atakach na \u017byd\u00f3w we Francji. Ci Francuzi, kt\u00f3rzy przyznaj\u0105 si\u0119 do swojego \u017cydowskiego pochodzenia i s\u0105 cz\u0142onkami czy to religijnych, czy \u015bwieckich organizacji \u017cydowskich, to p\u00f3\u0142milionowa spo\u0142eczno\u015b\u0107; trzecie, najwi\u0119ksze po Izraelu i Stanach Zjednoczonych skupisko \u017byd\u00f3w na \u015bwiecie. Ci, kt\u00f3rzy dot\u0105d po prostu czuli si\u0119 Francuzami i nie przywi\u0105zywali \u017cadnej wagi do swoich \u017cydowskich rodzinnych powi\u0105za\u0144, coraz cz\u0119\u015bciej dowiaduj\u0105 si\u0119, \u017ce inni lubi\u0105 o tych powi\u0105zaniach pami\u0119ta\u0107.<\/strong><\/span><\/p>\n<p style=\"text-align: left;\"><span style=\"color: #000080;\">Fizyczne ataki na \u017byd\u00f3w, na cmentarze i synagogi, na organizacje i prowadzone przez \u017byd\u00f3w przedsi\u0119biorstwa nasila\u0142y si\u0119 we Francji w ostatnich latach lawinowo. W dzie\u0144 po zamachu na redakcj\u0119 \u201eCharlie Hebdo\u201d widzieli\u015bmy zamach na sklep z koszern\u0105 \u017cywno\u015bci\u0105, w kt\u00f3rym zgin\u0119\u0142y cztery osoby, nie za jakiekolwiek czyny, a za to, za co mordowa\u0142 \u017byd\u00f3w nazizm. Ofiar by\u0142oby znacznie wi\u0119cej gdyby nie bohaterstwo muzu\u0142ma\u0144skiego pracownika tego sklepu, imigranta z Mali, Lassana Bathily.<\/span><\/p>\n<p style=\"text-align: left;\"><span style=\"color: #000080;\">Na stronie CNN, w artykule pod tytu\u0142em Je Suis Juif: Do Jews and France have a future together, Jessica Ravitz informuje, \u017ce tylko w okresie mi\u0119dzy pocz\u0105tkiem stycznia a ko\u0144cem lipca 2014 zanotowano we Francji 620 antysemickich incydent\u00f3w, prawie o 100 procent wi\u0119cej ni\u017c w analogicznym okresie rok wcze\u015bniej. Najbardziej zagro\u017ceni s\u0105 m\u0142odzi \u017bydzi pojawiaj\u0105cy si\u0119 na ulicy w jarmu\u0142kach, nara\u017ceni s\u0105 na pobicie, ataki gazem pieprzowym, wyzwiska. Dzieci w szko\u0142ach s\u0105 cz\u0119sto prze\u015bladowane, sklepy i restauracje s\u0105 obiektem atak\u00f3w bombowych i podpale\u0144.<\/span><\/p>\n<p style=\"text-align: left;\"><span style=\"color: #000080;\">W marcu 2012 roku w Tuluzie nauczyciel i tr\u00f3jka dzieci zgin\u0119\u0142y w zamachu. Zamachowiec zabi\u0142 z zimn\u0105 krwi\u0105 o\u015bmioletni\u0105 dziewczynk\u0119. (Patrz: Jewish school in Toulouse.) Niekt\u00f3re firmy ubezpieczeniowe \u017c\u0105daj\u0105 wy\u017cszych op\u0142at od os\u00f3b, kt\u00f3re ubezpieczaj\u0105 mieszkania maj\u0105ce jakiekolwiek oznaki, \u017ce mieszkaj\u0105 w nich \u017bydzi, poniewa\u017c takie domy i mieszkania s\u0105 cz\u0119\u015bciej nara\u017cone na wandalizm.<\/span><\/p>\n<p><a href=\"http:\/\/www.listyznaszegosadu.pl\/upload\/article\/bild\/1253\/610332\/Pro-Palestinian_rally_in_NYC_s.png\"><img decoding=\"async\" class=\" alignleft\" src=\"http:\/\/www.listyznaszegosadu.pl\/upload\/article\/bild\/1253\/610332\/Pro-Palestinian_rally_in_NYC_s.png\" alt=\"\" width=\"350\" border=\"0\" \/><\/a><\/p>\n<p style=\"text-align: left;\"><span style=\"color: #000080;\">W tej sytuacji francuscy \u017bydzi zacz\u0119li masowo emigrowa\u0107 do innych kraj\u00f3w, g\u0142\u00f3wnie do Izraela. Tylko w 2014 roku siedem tysi\u0119cy francuskich \u017byd\u00f3w przyjecha\u0142o do Izraela z Francji, a jak informuje przewodnicz\u0105cy Agencji \u017bydowskiej, Natan Szaranski, Agencja otrzyma\u0142a z Francji ponad 50 tysi\u0119cy zapyta\u0144 o tryb za\u0142atwiania formalno\u015bci imigracyjnych.<\/span><\/p>\n<p style=\"text-align: left;\"><span style=\"color: #000080;\">Mamy tu kilka pyta\u0144, na kt\u00f3re warto odpowiedzie\u0107. Czy mo\u017cemy ju\u017c m\u00f3wi\u0107 o prze\u015bladowaniach, czy tylko o uzasadnionym l\u0119ku, czy jak chc\u0105 niekt\u00f3rzy, o nap\u0119dzaniu strachu i histerii? Czy w\u0142adze francuskie ponosz\u0105 odpowiedzialno\u015b\u0107 za zaistnia\u0142\u0105 sytuacj\u0119? Czy mamy do czynienia z tak\u0105 lub inn\u0105 form\u0105 przyzwolenia na antysemityzm wyra\u017cany werbalnie i z przymykaniem oczu w\u0142adz na akty czynnego antysemityzmu?<\/span><\/p>\n<p style=\"text-align: left;\"><span style=\"color: #000080;\">Podobnie jak w przesz\u0142o\u015bci s\u0142owo Judenhass zosta\u0142o zast\u0105pione w ko\u0144cu XIX stulecia przez w\u00f3wczas akceptowane w dobrym towarzystwie s\u0142owo \u201eantysemityzm\u201d, tak dopiero po Holocau\u015bcie s\u0142owo \u201eantysemityzm\u201d zacz\u0119\u0142o by\u0107 kompromituj\u0105ce i zosta\u0142o kilka dziesi\u0105tk\u00f3w lat temu zast\u0105pione akceptowalnym na salonach antysyjonizmem. Aczkolwiek nadal cz\u0119sto s\u0142yszymy zapewnienia, \u201enie jestem antysemit\u0105\u201d, coraz cz\u0119\u015bciej jednak wida\u0107, \u017ce nawet te pozory przestaj\u0105 by\u0107 potrzebne i wyrazy nienawi\u015bci do \u017byd\u00f3w s\u0142yszymy z ust polityk\u00f3w nie tylko takich kraj\u00f3w jak Iran czy Turcja, ale i na Zachodzie jawnie antysemickie wyst\u0105pienia coraz rzadziej postrzegane s\u0105 jako zagro\u017cenie dobrej reputacji polityka.<\/span><\/p>\n<p style=\"text-align: left;\"><span style=\"color: #000080;\">Antysemickie wyst\u0119py powr\u00f3ci\u0142y w kabaretach i programach telewizyjnych, jad antysemityzmu jest wszechobecny na forach spo\u0142eczno\u015bciowych, antysemityzm\/antysyjonizm zdoby\u0142 sobie prawo obecno\u015bci na wiecach politycznych i w parlamentach. We Francji najcz\u0119\u015bciej s\u0142yszymy o wyst\u0105pieniach francuskiego komika Dieudonn\u00e9 M&#8217;bala M&#8217;bala, ale on jest ju\u017c efektem powszechnego przyzwolenia, ponownej akceptacji antysemityzmu.<\/span><\/p>\n<p style=\"text-align: left;\"><span style=\"color: #000080;\">Badania opinii publicznej raz za razem pokazuj\u0105, \u017ce spo\u0142ecze\u0144stwo francuskie jest w coraz wi\u0119kszym stopniu ska\u017cone antysemickimi postawami akceptowanymi przez jego elity.<\/span><\/p>\n<p style=\"text-align: left;\"><span style=\"color: #000080;\">Wed\u0142ug bada\u0144 przeprowadzonych w listopadzie ubieg\u0142ego roku trzy grupy s\u0105 g\u0142\u00f3wnymi nosicielami antysemityzmu \u2013 skrajna prawica, skrajna lewica i ludzie wychowani w rodzinach muzu\u0142ma\u0144skich.<\/span><\/p>\n<p style=\"text-align: right;\"><span style=\"color: #000080;\">Czytaj dalej tu: <span style=\"text-decoration: underline;\"><strong><a style=\"color: #000080; text-decoration: underline;\" href=\"http:\/\/www.listyznaszegosadu.pl\/brunatna-fala\/izrael-dreyfusem-narodow\" target=\"_blank\">Izrael Dreyfusem narod\u00f3w<\/a><\/strong><\/span><\/span><\/p>\n<hr style=\"height: 15px; background: #d0e6fa; width: 710px;\" \/>\n<div id=\"content\" class=\"  content-alignment&lt;br \/&gt;&lt;br \/&gt; \">\n<div id=\"watch-description\" class=\"yt-uix-button-panel\">\n<div id=\"watch-description-text\">\n<p style=\"text-align: center;\"><span style=\"color: #808080;\"> twoje uwagi, linki, wlasne artykuly, lub wiadomosci przeslij do: <strong><span style=\"text-decoration: underline;\"><span style=\"color: #808080; text-decoration: underline;\"><a href=\"mailto:webmaster@reunion68.com\">webmaster@reunion68.com<\/a><\/span><\/span><\/strong><\/span><\/p>\n<\/div>\n<\/div>\n<\/div>\n<p>&nbsp;<\/p>\n<hr style=\"width: 710px;\" \/>\n","protected":false},"excerpt":{"rendered":"<p>Izrael Dreyfusem narod\u00f3w Andrzej Koraszewski Czy Francja jest dzi\u015b najbardziej antysemickim krajem w Europie? Do takiego wniosku prowadz\u0105 informacje o powtarzaj\u0105cych si\u0119 atakach na \u017byd\u00f3w we Francji. Ci Francuzi, kt\u00f3rzy przyznaj\u0105 si\u0119 do swojego \u017cydowskiego pochodzenia i s\u0105 cz\u0142onkami czy to religijnych, czy \u015bwieckich organizacji \u017cydowskich, to p\u00f3\u0142milionowa spo\u0142eczno\u015b\u0107; trzecie, najwi\u0119ksze po Izraelu i Stanach [&hellip;]<\/p>\n","protected":false},"author":1,"featured_media":0,"comment_status":"closed","ping_status":"closed","sticky":false,"template":"","format":"standard","meta":[],"categories":[6],"tags":[24],"_links":{"self":[{"href":"https:\/\/www.reunion68.se\/index.php?rest_route=\/wp\/v2\/posts\/12707"}],"collection":[{"href":"https:\/\/www.reunion68.se\/index.php?rest_route=\/wp\/v2\/posts"}],"about":[{"href":"https:\/\/www.reunion68.se\/index.php?rest_route=\/wp\/v2\/types\/post"}],"author":[{"embeddable":true,"href":"https:\/\/www.reunion68.se\/index.php?rest_route=\/wp\/v2\/users\/1"}],"replies":[{"embeddable":true,"href":"https:\/\/www.reunion68.se\/index.php?rest_route=%2Fwp%2Fv2%2Fcomments&post=12707"}],"version-history":[{"count":23,"href":"https:\/\/www.reunion68.se\/index.php?rest_route=\/wp\/v2\/posts\/12707\/revisions"}],"predecessor-version":[{"id":12720,"href":"https:\/\/www.reunion68.se\/index.php?rest_route=\/wp\/v2\/posts\/12707\/revisions\/12720"}],"wp:attachment":[{"href":"https:\/\/www.reunion68.se\/index.php?rest_route=%2Fwp%2Fv2%2Fmedia&parent=12707"}],"wp:term":[{"taxonomy":"category","embeddable":true,"href":"https:\/\/www.reunion68.se\/index.php?rest_route=%2Fwp%2Fv2%2Fcategories&post=12707"},{"taxonomy":"post_tag","embeddable":true,"href":"https:\/\/www.reunion68.se\/index.php?rest_route=%2Fwp%2Fv2%2Ftags&post=12707"}],"curies":[{"name":"wp","href":"https:\/\/api.w.org\/{rel}","templated":true}]}}