{"id":127313,"date":"2026-02-02T17:09:00","date_gmt":"2026-02-02T15:09:00","guid":{"rendered":"https:\/\/www.reunion68.se\/?p=127313"},"modified":"2026-01-29T09:34:18","modified_gmt":"2026-01-29T07:34:18","slug":"17-09-102","status":"publish","type":"post","link":"https:\/\/www.reunion68.se\/?p=127313","title":{"rendered":"\u017bydowski biblista Isaac Kalimi o\u00a0antysemityzmie Marcina Lutra"},"content":{"rendered":"<p><img decoding=\"async\" class=\"aligncenter\" src=\"https:\/\/studioopinii.pl\/wp-content\/uploads\/2026\/01\/okladka.jpeg\"><\/p>\n<hr>\n<h3 style=\"text-align: center;\"><a href=\"https:\/\/studioopinii.pl\/\" target=\"_blank\" rel=\"noopener noreferrer\"><img decoding=\"async\" class=\"center alignleft\" src=\"http:\/\/www.reunion68.com\/Biuletyn\/img\/studio.png\" alt=\"\" width=\"35%\"><\/a><span style=\"text-decoration: underline; color: #000080;\"><span><strong><a style=\"color: #000080; text-decoration: underline;\" href=\"https:\/\/studioopinii.pl\/archiwa\/248592\" target=\"_blank\" rel=\"noopener noreferrer\">\u017bydowski biblista Isaac Kalimi o antysemityzmie Marcina Lutra<\/a><\/strong><\/span><\/span><\/h3>\n<p style=\"text-align: center;\"><span style=\"color: #000000;\"><strong>Stanis\u0142aw Obirek<\/strong><\/span><\/p>\n<hr style=\"height: 15px; background: #d0e6fa; width: 100%;\">\n<p><span style=\"color: #000080;\">T\u0119&nbsp;ma\u0142a ksi\u0105\u017ceczk\u0119 przeczyta\u0142em jednym tchem. O&nbsp;chrze\u015bcija\u0144skim antysemityzmie wiem sporo, a&nbsp;przygotowuj\u0105c si\u0119 do&nbsp;naszych rozm\u00f3w z&nbsp;Arturem Nowakiem dowiedzia\u0142em si\u0119 jeszcze wi\u0119cej. Nie&nbsp;mia\u0142em jednak \u015bwiadomo\u015bci jak wa\u017cnym ogniwem w&nbsp;rozwoju i&nbsp;utwierdzeniu chrze\u015bcija\u0144skiej nienawi\u015bci do&nbsp;\u017byd\u00f3w i&nbsp;judaizmu odegra\u0142 jeden z&nbsp;g\u0142\u00f3wnych reformator\u00f3w zachodniego chrze\u015bcija\u0144stwa. Owszem na&nbsp;temat Lutra i&nbsp;luteranizmu istnieje obszerna biblioteka ksi\u0105\u017cek, wiele z&nbsp;nich jest te\u017c dost\u0119pnych w&nbsp;polskim t\u0142umaczeniu. Rocznica 500-lecia wyst\u0105pienia Lutra w&nbsp;2017 roku przynios\u0142a now\u0105 fal\u0105 tych publikacji, jednak dominowa\u0142 w&nbsp;nich, uzasadniony zreszt\u0105, podziw dla jego odwagi i&nbsp;bezkompromisowo\u015bci w&nbsp;walce ze&nbsp;skompromitowanym papiestwem. Pokaza\u0142y si\u0119 te\u017c publikacje (g\u0142\u00f3wnie polskich autor\u00f3w) odgrzewaj\u0105ce stare antylutera\u0144skie uprzedzenia i&nbsp;ostrzegaj\u0105ce przed&nbsp;protestantyzacj\u0105 katolicyzmu. To&nbsp;jednak egzotyka na&nbsp;kt\u00f3r\u0105 nie&nbsp;warto zwraca\u0107 w&nbsp;og\u00f3le uwagi, bo&nbsp;wi\u0119cej m\u00f3wi o&nbsp;ignorancji i&nbsp;zacietrzewieniu autor\u00f3w tych publikacji ni\u017c o&nbsp;historii czy&nbsp;samym Lutrze.<\/span><\/p>\n<p><span style=\"color: #000080;\">Jednak antysemityzm Lutra zosta\u0142 taktownie przemilczany zar\u00f3wno przez&nbsp;jego apologet\u00f3w jak i&nbsp;przeciwnik\u00f3w (kt\u00f3rzy&nbsp;akurat w&nbsp;tym aspekcie byliby zmuszeni go&nbsp;pochwali\u0107, bo&nbsp;nierzadko sami s\u0105&nbsp;antysemitami). I&nbsp;to&nbsp;w&nbsp;kontek\u015bcie apologetycznej recepcji niemieckiego reformatora (do&nbsp;kt\u00f3rej&nbsp;w\u0142\u0105czyli si\u0119 r\u00f3wnie\u017c papie\u017ce, najpierw w&nbsp;1983 Jan Pawe\u0142 II, a&nbsp;w&nbsp;2017 Franciszek) nale\u017cy odczyta\u0107 skromn\u0105 rozmiarami, ale&nbsp;donios\u0142\u0105 w&nbsp;tre\u015bci ksi\u0105\u017ck\u0119 Isaaca Kalimi\u2019ego opublikowan\u0105 przez&nbsp;presti\u017cowe wydawnictwo Routledge w&nbsp;2025 roku. Jej tytu\u0142 \u201eMartin Luther, Jews, and Judaism.&nbsp;A&nbsp;Re-Examination\u201d (Marcin Luter, \u017bydzi i&nbsp;judaizm. Ponowna analiza) doskonale oddaje jej tre\u015b\u0107. Nim jednak o&nbsp;ksi\u0105\u017cce pozwol\u0119 sobie kilka s\u0142\u00f3w powiedzie\u0107 o&nbsp;jej autorze.<\/span><\/p>\n<p><span style=\"color: #000080;\">Ot\u00f3\u017c Isaac Kalimi urodzi\u0142 si\u0119 w&nbsp;1952 roku w&nbsp;Iranie, ale&nbsp;wi\u0119kszo\u015b\u0107 swojego \u017cycia zawodowego sp\u0119dzi\u0142 w&nbsp;Izraelu, USA i&nbsp;Europie Zachodniej, g\u0142\u00f3wnie w&nbsp;Niemczech. Zdoby\u0142 stopie\u0144 doktora na&nbsp;Uniwersytecie Hebrajskim w&nbsp;Jerozolimie, gdzie p\u00f3\u017aniej tak\u017ce wyk\u0142ada\u0142. Isaac Kalimi jest obecnie profesorem na&nbsp;Uniwersytecie Johannesa Gutenberga w&nbsp;Moguncji, jest tak\u017ce starszym pracownikiem badawczym na&nbsp;Uniwersytecie Chicagowskim (USA). Jego prace naukowe koncentruj\u0105 si\u0119 na&nbsp;literaturze biblijnej, historiografii staro\u017cytnego Bliskiego Wschodu, historii Izraela i&nbsp;\u017byd\u00f3w oraz&nbsp;metodologii studi\u00f3w biblijnych i&nbsp;judaistycznych. Jest autorem ponad 30 ksi\u0105\u017cek, a&nbsp;ca\u0142y jego dorobek naukowy i&nbsp;dydaktyczny znacz\u0105co wp\u0142yn\u0105\u0142 na&nbsp;rozw\u00f3j bada\u0144 biblijnych, czyni\u0105c go&nbsp;jednym z&nbsp;najbardziej cenionych ekspert\u00f3w w&nbsp;swojej dziedzinie. W&nbsp;polskim przek\u0142adzie s\u0105&nbsp;dost\u0119pne dwie jego ksi\u0105\u017cki, \u201e<em>Sp\u00f3r o&nbsp;Bibli\u0119. \u017bydowskie tradycje, heterodoksje i&nbsp;polemiki. Od&nbsp;\u015awi\u0105tyni przez&nbsp;Talmud do&nbsp;wsp\u00f3\u0142czesno\u015bci<\/em>\u201d oraz&nbsp;\u201e<em>Staro\u017cytny Historyk Izraelski<\/em>.<strong><em>&nbsp;<\/em><\/strong><em>Studium o&nbsp;Kronikarzu, jego epoce, miejscu dzia\u0142alno\u015bci i&nbsp;dziele<\/em>\u201e. W&nbsp;pierwszej z&nbsp;nich Kalimi przedstawia r\u00f3\u017cnorodne interpretacje i&nbsp;kontrowersje zwi\u0105zane z&nbsp;Bibli\u0105, g\u0142\u00f3wnie w&nbsp;tradycji \u017cydowskiej. Analizuj\u0105c \u017cydowskie \u017ar\u00f3d\u0142a od&nbsp;okresu Drugiej \u015awi\u0105tyni po&nbsp;p\u00f3\u017ane \u015bredniowiecze i&nbsp;pocz\u0105tek nowo\u017cytno\u015bci, ukazuje, jak badania nad&nbsp;Bibli\u0105 wype\u0142nia\u0142y pustk\u0119 po&nbsp;zniszczeniu Drugiej \u015awi\u0105tyni i&nbsp;wp\u0142ywa\u0142y na&nbsp;histori\u0119 \u017cydowskiego \u017cycia.&nbsp;Sp\u00f3r o&nbsp;Bibli\u0119&nbsp;to w&nbsp;istocie fascynuj\u0105ca narracja o&nbsp;relacjach mi\u0119dzy trzema religiami Abrahamowymi \u2013 judaizmem, chrze\u015bcija\u0144stwem i&nbsp;islamem. Jednak najcenniejszym wk\u0142adem autora jest ukazanie jak dalece chrze\u015bcija\u0144ska interpretacja Biblii Hebrajskiej by\u0142a pr\u00f3b\u0105 jej zaw\u0142aszczenia do&nbsp;w\u0142asnych apologetycznych cel\u00f3w. Rozpocz\u0119\u0142o si\u0119 to&nbsp;ju\u017c w&nbsp;pierwszych wiekach pod&nbsp;pi\u00f3rem Ojc\u00f3w Ko\u015bcio\u0142a, jednak punktem kulminacyjnym tego zaw\u0142aszczania by\u0142a dzia\u0142alno\u015b\u0107 translatorska, kaznodziejska i&nbsp;teologiczna Marcina Lutra (1483-1546).<\/span><\/p>\n<p><span style=\"color: #000080;\">I&nbsp;to&nbsp;w\u0142a\u015bnie Lutrowi po\u015bwi\u0119ci\u0142 swoje najnowsze dzie\u0142o Isaac Kalimi. Ksi\u0105\u017cka \u201eMartin Luther, Jews, and Judaism.&nbsp;A&nbsp;Re-Examination\u201d analizuje stosunek Marcina Lutra do&nbsp;\u017byd\u00f3w i&nbsp;judaizmu, uwzgl\u0119dniaj\u0105c jego podej\u015bcie w&nbsp;kontek\u015bcie historycznym, religijnym, teologicznym i&nbsp;kulturowym p\u00f3\u017anego \u015bredniowiecza w&nbsp;Europie. W&nbsp;trakcie swojej kariery, zw\u0142aszcza w&nbsp;p\u00f3\u017aniejszym okresie, Luter wielokrotnie wypowiada\u0142 si\u0119 w&nbsp;spos\u00f3b zjadliwy i&nbsp;pisa\u0142 agresywne antysemickie traktaty. Analizuj\u0105c te&nbsp;wypowiedzi i&nbsp;pisma, autor ksi\u0105\u017cki twierdzi, \u017ce&nbsp;postawy Lutra nie&nbsp;mo\u017cna usprawiedliwi\u0107 jako reakcji na&nbsp;problemy rodzinne, zdrowotne lub zwi\u0105zane z&nbsp;wiekiem, ani jako integralnej cz\u0119\u015bci \u00f3wczesnych norm spo\u0142ecznych. Autor argumentuje, \u017ce&nbsp;judeofobia Lutra mia\u0142a swoje \u017ar\u00f3d\u0142o w&nbsp;lekturze Starego i&nbsp;Nowego Testamentu oraz&nbsp;w&nbsp;chrze\u015bcija\u0144skiej tradycji anty\u017cydowskiej, edukacji i&nbsp;fundamentalnym teologicznym \u015bwiatopogl\u0105dzie na&nbsp;temat \u017byd\u00f3w i&nbsp;judaizmu, kt\u00f3ry&nbsp;postanowi\u0142 wzmocni\u0107. Inne omawiane czynniki to&nbsp;obawy Lutra przed&nbsp;trwaj\u0105cym wp\u0142ywem intelektualnym \u017byd\u00f3w i&nbsp;\u201e\u017cydowsk\u0105 moc\u0105 magiczn\u0105\u201d, a&nbsp;tak\u017ce jego g\u0142\u0119bokie rozczarowanie odrzuceniem przez&nbsp;\u017byd\u00f3w jego nowo zreformowanego Ko\u015bcio\u0142a. Ksi\u0105\u017cka, przedstawiaj\u0105ca nieocenion\u0105 perspektyw\u0119 na&nbsp;stanowisko Marcina Lutra, powinna trafi\u0107 do&nbsp;badaczy religii, teologii, historii, antysemityzmu i&nbsp;stosunk\u00f3w \u017cydowsko-chrze\u015bcija\u0144skich.<\/span><\/p>\n<p><span style=\"color: #000080;\">Ksi\u0105\u017cka sk\u0142ada si\u0119 z&nbsp;wprowadzenia, sze\u015bciu rozdzia\u0142\u00f3w i&nbsp;wniosk\u00f3w ko\u0144cowych. Najpierw mowa jest o&nbsp;postrzeganie \u017byd\u00f3w i&nbsp;judaizmu przez&nbsp;Lutra oraz&nbsp;jego \u201ejudeofilia\u201d. Jego domniemana \u017cyczliwo\u015b\u0107 do&nbsp;\u017byd\u00f3w s\u0142usznie zosta\u0142a wzi\u0119ta w&nbsp;cudzys\u0142\u00f3w, gdy\u017c&nbsp;wczesny okres dzia\u0142alno\u015bci reformatora \u0142\u0105czy\u0142 si\u0119 z&nbsp;nadziej\u0105 ich nawr\u00f3cenia na&nbsp;jego wersj\u0119 zreformowanego chrze\u015bcija\u0144stwa. Gdy&nbsp;jego nadzieje okaza\u0142y si\u0119 p\u0142onne, ta&nbsp;pozorna \u017cyczliwo\u015b\u0107 przerodzi\u0142a si\u0119 w&nbsp;\u017cywio\u0142ow\u0105 niech\u0119\u0107 przechodz\u0105c\u0105 stopniowo w&nbsp;pogard\u0119 i&nbsp;nienawi\u015b\u0107. St\u0105d w&nbsp;kolejnych rozdzia\u0142ach mowa jest przede wszystkim o&nbsp;judeofobii Lutra, jej przyczynach i&nbsp;wskazanie na&nbsp;kluczowe has\u0142o \u201eKrzy\u017c, albo&nbsp;wygnanie i&nbsp;\u015bmier\u0107\u201d pozwalaj\u0105ce rozumie\u0107 judeofobi\u0119 Lutra. W&nbsp;ostatnich trzech rozdzia\u0142ach Kalimi omawia dodatkowe czynniki judeofobii Lutra i&nbsp;jej podstawy. Ostatni rozdzia\u0142 omawia wp\u0142yw judeofobii Lutra na&nbsp;p\u00f3\u017aniejsze pokolenia, zw\u0142aszcza w&nbsp;Niemczech. Kulminacj\u0105 tej&nbsp;swoistej Wirkungsgeschichte (historii oddzia\u0142ywania) jest oczywi\u015bcie wielki renesans antysemickich idei Lutra w&nbsp;okresie nazizmu, a&nbsp;w\u0142a\u015bciwie ju\u017c od&nbsp;ko\u0144ca wieku XIX gdy&nbsp;narodzi\u0142 si\u0119 antysemityzm i&nbsp;wyrazistych cechach rasistowskich.<\/span><\/p>\n<p><span style=\"color: #000080;\">Na&nbsp;koniec powiedzmy to&nbsp;jasno. Martin Luter zajmowa\u0142 si\u0119 tematem \u201e\u017bydzi i&nbsp;judaizm\u201d przez&nbsp;ca\u0142e swoje \u017cycie, od&nbsp;najwcze\u015bniejszych dzie\u0142 a\u017c&nbsp;po&nbsp;ostatnie. G\u0142\u00f3wnym kontekstem jego zainteresowania tym tematem by\u0142a interpretacja Pisma \u015awi\u0119tego, szczeg\u00f3lnie w&nbsp;licznych i&nbsp;obszernych wyk\u0142adach na&nbsp;temat ksi\u0105g Starego Testamentu, pocz\u0105wszy od&nbsp;\u201eDictata supra Psalterium\u201d, jego pierwszego wyk\u0142adu na&nbsp;temat Psalm\u00f3w (1513\u20121515), a\u017c&nbsp;po&nbsp;\u201eWyk\u0142ad na&nbsp;temat Ksi\u0119gi Rodzaju\u201d (1535\u20121545). Ponadto napisa\u0142 kilka traktat\u00f3w na&nbsp;temat tego, jak spo\u0142ecze\u0144stwo chrze\u015bcija\u0144skie powinno odnosi\u0107 si\u0119 do&nbsp;\u017byd\u00f3w \u017cyj\u0105cych po\u015br\u00f3d chrze\u015bcijan. Najwa\u017cniejsze to&nbsp;\u201eJezus Chrystus urodzi\u0142 si\u0119 \u017bydem\u201d (1523) przez&nbsp;wielu uznawane za&nbsp;wyraz jego judeofilii, i&nbsp;\u201eO \u017bydach i&nbsp;ich k\u0142amstwach\u201d (1543) najbardziej zjadliwy antysemicki paszkwil. Pisma te&nbsp;by\u0142y jednak w&nbsp;du\u017cej mierze r\u00f3wnie\u017c dzie\u0142ami egzegetycznymi. Og\u00f3lnie rzecz bior\u0105c, stosunek Lutra do&nbsp;\u017byd\u00f3w i&nbsp;judaizmu charakteryzuje si\u0119 jednocze\u015bnie ci\u0105g\u0142o\u015bci\u0105 i&nbsp;radykaln\u0105 zmian\u0105. Ci\u0105g\u0142o\u015b\u0107 jest oczywista w&nbsp;jego teologicznych wypowiedziach na&nbsp;temat judaizmu, kt\u00f3re opiera\u0142y si\u0119 na&nbsp;pewnej hermeneutyce Starego Testamentu skoncentrowanej na&nbsp;mesja\u0144skim charakterze misji Jezusa Chrystusa. Zmiana dotyczy\u0142a jego wymaga\u0144 dotycz\u0105cych traktowania wsp\u00f3\u0142czesnych \u017byd\u00f3w, kt\u00f3re we&nbsp;wcze\u015bniejszych latach by\u0142y zgodne z&nbsp;jego koncepcj\u0105 dw\u00f3ch kr\u00f3lestw, podczas gdy&nbsp;w&nbsp;p\u00f3\u017aniejszych czasach powr\u00f3ci\u0142 do&nbsp;tradycyjnego idea\u0142u corpus Christianum. Zmiana ta&nbsp;doprowadzi\u0142a do&nbsp;sprzecznych interpretacji jego wypowiedzi na&nbsp;ten temat w&nbsp;ci\u0105gu historii. Ksi\u0105\u017cka Isaaca Kalimi\u2019ego usuwa wszelkie dwuznaczno\u015bci i&nbsp;niedopowiedzenia. Marcin Luter od&nbsp;pocz\u0105tku by\u0142 antysemit\u0105, a&nbsp;jego nienawi\u015b\u0107 do&nbsp;\u017byd\u00f3w z&nbsp;up\u0142ywem lat jedynie si\u0119 wzmacnia\u0142a.<\/span><\/p>\n<hr>\n<div class=\"wp-block-coblocks-author has-luminous-vivid-amber-background-color has-background\">\n<figure class=\"wp-block-coblocks-author__avatar\"><img decoding=\"async\" class=\"wp-block-coblocks-author__avatar-img alignleft\" title=\"\" src=\"https:\/\/studioopinii.pl\/wp-content\/uploads\/2015\/07\/obirek.jpg\" width=\"20%\"><\/figure>\n<div class=\"wp-block-coblocks-author__content\"><span style=\"color: #808080;\"><em><span class=\"wp-block-coblocks-author__name\"><strong>Stanis\u0142aw Obirek &#8211; <\/strong><\/span>(ur. 21 sierpnia 1956 w Tomaszowie Lubelskim) \u2013 teolog,<\/em><\/span><span style=\"color: #808080;\"><em>historyk, antropolog kultury, profesor nauk humanistycznych, profesor zwyczajny Uniwersytetu Warszawskiego, by\u0142y jezuita.<\/em><\/span><\/p>\n<\/div>\n<\/div>\n<hr style=\"height: 15px; background: #d0e6fa; width: 100%;\">\n<div id=\"content\" class=\"content-alignment\">\n<div id=\"watch-description\" class=\"yt-uix-button-panel\">\n<div id=\"watch-description-text\" style=\"text-align: center;\">\n<p><em>Zawarto\u015b\u0107 publikowanych artyku\u0142\u00f3w i materia\u0142\u00f3w nie reprezentuje pogl\u0105d\u00f3w ani opinii Reunion&#8217;68,<\/em><em><br \/>\nani te\u017c webmastera Blogu Reunion&#8217;68, chyba ze jest to wyra\u017anie zaznaczone.<br \/>\nTwoje uwagi, linki, w\u0142asne artyku\u0142y lub wiadomo\u015bci prze\u015blij na adres:<br \/>\n<\/em><span style=\"color: #000080;\"><strong><em><a style=\"color: #000080;\" href=\"mailto:webmaster@reunion68.com\"><span style=\"text-decoration: underline;\">webmaster@reunion68.com<\/span><\/a><\/em><\/strong><\/span><\/p>\n<\/div>\n<\/div>\n<\/div>\n<hr style=\"width: 100%;\">\n","protected":false},"excerpt":{"rendered":"<p>\u017bydowski biblista Isaac Kalimi o antysemityzmie Marcina Lutra Stanis\u0142aw Obirek T\u0119&nbsp;ma\u0142a ksi\u0105\u017ceczk\u0119 przeczyta\u0142em jednym tchem. O&nbsp;chrze\u015bcija\u0144skim antysemityzmie wiem sporo, a&nbsp;przygotowuj\u0105c si\u0119 do&nbsp;naszych rozm\u00f3w z&nbsp;Arturem Nowakiem dowiedzia\u0142em si\u0119 jeszcze wi\u0119cej. Nie&nbsp;mia\u0142em jednak \u015bwiadomo\u015bci jak wa\u017cnym ogniwem w&nbsp;rozwoju i&nbsp;utwierdzeniu chrze\u015bcija\u0144skiej nienawi\u015bci do&nbsp;\u017byd\u00f3w i&nbsp;judaizmu odegra\u0142 jeden z&nbsp;g\u0142\u00f3wnych reformator\u00f3w zachodniego chrze\u015bcija\u0144stwa. Owszem na&nbsp;temat Lutra i&nbsp;luteranizmu istnieje obszerna biblioteka ksi\u0105\u017cek, [&hellip;]<\/p>\n","protected":false},"author":1,"featured_media":0,"comment_status":"closed","ping_status":"closed","sticky":false,"template":"","format":"standard","meta":[],"categories":[6],"tags":[33,24],"_links":{"self":[{"href":"https:\/\/www.reunion68.se\/index.php?rest_route=\/wp\/v2\/posts\/127313"}],"collection":[{"href":"https:\/\/www.reunion68.se\/index.php?rest_route=\/wp\/v2\/posts"}],"about":[{"href":"https:\/\/www.reunion68.se\/index.php?rest_route=\/wp\/v2\/types\/post"}],"author":[{"embeddable":true,"href":"https:\/\/www.reunion68.se\/index.php?rest_route=\/wp\/v2\/users\/1"}],"replies":[{"embeddable":true,"href":"https:\/\/www.reunion68.se\/index.php?rest_route=%2Fwp%2Fv2%2Fcomments&post=127313"}],"version-history":[{"count":11,"href":"https:\/\/www.reunion68.se\/index.php?rest_route=\/wp\/v2\/posts\/127313\/revisions"}],"predecessor-version":[{"id":127458,"href":"https:\/\/www.reunion68.se\/index.php?rest_route=\/wp\/v2\/posts\/127313\/revisions\/127458"}],"wp:attachment":[{"href":"https:\/\/www.reunion68.se\/index.php?rest_route=%2Fwp%2Fv2%2Fmedia&parent=127313"}],"wp:term":[{"taxonomy":"category","embeddable":true,"href":"https:\/\/www.reunion68.se\/index.php?rest_route=%2Fwp%2Fv2%2Fcategories&post=127313"},{"taxonomy":"post_tag","embeddable":true,"href":"https:\/\/www.reunion68.se\/index.php?rest_route=%2Fwp%2Fv2%2Ftags&post=127313"}],"curies":[{"name":"wp","href":"https:\/\/api.w.org\/{rel}","templated":true}]}}