{"id":127355,"date":"2026-01-15T17:09:00","date_gmt":"2026-01-15T15:09:00","guid":{"rendered":"https:\/\/www.reunion68.se\/?p=127355"},"modified":"2026-01-15T08:09:26","modified_gmt":"2026-01-15T06:09:26","slug":"19-09-116","status":"publish","type":"post","link":"https:\/\/www.reunion68.se\/?p=127355","title":{"rendered":"P\u0119kni\u0119cia"},"content":{"rendered":"<p><img decoding=\"async\" class=\"aligncenter\" src=\"https:\/\/substackcdn.com\/image\/fetch\/$s_!7poC!,w_1456,c_limit,f_webp,q_auto:good,fl_progressive:steep\/https%3A%2F%2Fsubstack-post-media.s3.amazonaws.com%2Fpublic%2Fimages%2F22f6c226-6741-4672-aa80-a92effb0ba79_526x813.jpeg\"><\/p>\n<hr>\n<h3 style=\"text-align: center;\"><a href=\"https:\/\/andrzejkoraszewski.substack.com\/\" target=\"_blank\" rel=\"noopener noreferrer\"><img decoding=\"async\" class=\"center alignleft\" src=\"http:\/\/www.reunion68.com\/Biuletyn\/img\/z-naszego.jpg\" alt=\"\" width=\"35%\"><\/a><span style=\"text-decoration: underline; color: #000080;\"><span><strong><a style=\"color: #000080; text-decoration: underline;\" href=\"https:\/\/andrzejkoraszewski.substack.com\/p\/pekniecia\" target=\"_blank\" rel=\"noopener noreferrer\">P\u0119kni\u0119cia<\/a><\/strong><\/span><\/span><\/h3>\n<p style=\"text-align: center;\"><span style=\"color: #000000;\"><strong>Anna Grabowska <\/strong><em><span style=\"color: #808080;\">(Anne Goldschmid)<\/span><\/em><\/span><\/p>\n<hr style=\"height: 15px; background: #d0e6fa; width: 100%;\">\n<h4><strong>P\u0119kni\u0119cia<\/strong><\/h4>\n<p><span style=\"color: #000080;\">Wida\u0107 to nie tyle po tym, co m\u00f3wi, ile po tym, jak d\u0142ugo milczy, a kiedy ju\u017c przestaje milcze\u0107, robi to okr\u0119\u017cnie, ostro\u017cnie, jakby ka\u017cde zdanie nale\u017ca\u0142o wcze\u015bniej obejrze\u0107 z trzech stron i sprawdzi\u0107, czy nie p\u0119knie pod ci\u0119\u017carem w\u0142asnych implikacji. To nie jest jej naturalny temat. Nie pasuje do gotowych matryc, do wygodnego podzia\u0142u \u015bwiata na sprawc\u00f3w i ofiary wed\u0142ug klucza, kt\u00f3ry przez lata dobrze si\u0119 sprzedawa\u0142 w debacie publicznej. Iran ten klucz \u0142amie. Brutalnie. Bez ostrze\u017cenia.<\/span><\/p>\n<p><span style=\"color: #000080;\">Oficjalne reakcje, tam gdzie w og\u00f3le si\u0119 pojawiaj\u0105, brzmi\u0105 znajomo. A\u017c do b\u00f3lu. \u201cZaniepokojenie\u201d, \u201capel o pow\u015bci\u0105gliwo\u015b\u0107\u201d, \u201cwezwanie do dialogu\u201d. J\u0119zyk wyg\u0142adzony do granic bezsensu, jakby problemem by\u0142 nadmiar emocji, a nie systemowa przemoc, jakby istnia\u0142a symetria mi\u0119dzy pa\u0144stwem strzelaj\u0105cym do ludzi na ulicach a lud\u017ami wychodz\u0105cymi z dom\u00f3w bez hase\u0142, bez ochrony, cz\u0119sto bez planu powrotu. Ten j\u0119zyk nie opisuje rzeczywisto\u015bci. On j\u0105 rozmywa, rozpuszcza, zostawia po sobie mg\u0142\u0119, w kt\u00f3rej wszystko da si\u0119 powiedzie\u0107 i niczego nie trzeba nazwa\u0107.<\/span><\/p>\n<p><span style=\"color: #000080;\">W Polsce nie ma nawet tego. Lewica Polska nie wyda\u0142a \u017cadnego oficjalnego, wyra\u017anego stanowiska wobec obecnej fali protest\u00f3w w Iranie. \u017badnej zbiorowej deklaracji. \u017badnego gestu solidarno\u015bci, kt\u00f3ry mia\u0142by polityczny ci\u0119\u017car. Cisza. Pojedyncze g\u0142osy w mediach spo\u0142eczno\u015bciowych, rozproszone, nieskoordynowane, bez prze\u0142o\u017cenia na realn\u0105 narracj\u0119 partyjn\u0105. Partia, kt\u00f3ra tak ch\u0119tnie operuje j\u0119zykiem praw cz\u0142owieka, w tym przypadku nie m\u00f3wi nic. I to milczenie samo w sobie staje si\u0119 komunikatem. We Francji cisza jest bardziej elegancka, lepiej opakowana. Lewica instytucjonalna, socjali\u015bci, radykalna lewica, skrzyd\u0142a ekologiczne, nie uczyni\u0142a z protest\u00f3w w Iranie tematu politycznego. S\u0105 og\u00f3lniki o prawach cz\u0142owieka, s\u0105 obawy przed \u201ceskalacj\u0105\u201d, s\u0105 sformu\u0142owania, kt\u00f3re brzmi\u0105 \u201codpowiedzialnie\u201d, bo niczego nie ryzykuj\u0105. Brakuje jednego, jasnego opowiedzenia si\u0119 po stronie ludzi, kt\u00f3rzy wychodz\u0105 na ulice, wiedz\u0105c, \u017ce mog\u0105 nie wr\u00f3ci\u0107 do domu. W Niemczech padaj\u0105 poprawne zdania o nadmiernym u\u017cyciu si\u0142y i prawie do pokojowego protestu, administracyjna moralno\u015b\u0107, instytucjonalne pot\u0119pienie, ale nie ma z tego wsp\u00f3lnego frontu, nie ma solidarno\u015bci rozumianej jako identyfikacja z buntem, a nie przypis w raporcie. W krajach anglosaskich lewica skupia si\u0119 na czym\u015b innym, \u017ceby nie by\u0142o interwencji, \u017ceby nie by\u0142o eskalacji, \u017ceby Zach\u00f3d \u201cnie wykorzysta\u0142 sytuacji\u201d. To s\u0105 wa\u017cne pytania, ale w tej narracji protestuj\u0105cy Ira\u0144czycy zwyczajnie znikaj\u0105. Staj\u0105 si\u0119 t\u0142em dla debaty o polityce Zachodu wobec Bliskiego Wschodu, a ich gniew, ich strach, ich cia\u0142a nie s\u0105 w centrum. W centrum jest l\u0119k, \u017ceby nie znale\u017a\u0107 si\u0119 po niew\u0142a\u015bciwej stronie ideologicznego lustra.<\/span><\/p>\n<p><span style=\"color: #000080;\">I jeszcze paradoks, kt\u00f3rego zachodnia lewica nie znosi najbardziej. Najg\u0142o\u015bniejszy, najbardziej jednoznaczny g\u0142os poparcia dla manifestuj\u0105cych Ira\u0144czyk\u00f3w pada spoza jej \u015bwiata. Donald Trump m\u00f3wi wprost o poparciu dla protestuj\u0105cych, o odwadze ludzi wychodz\u0105cych na ulice, o odpowiedzialno\u015bci re\u017cimu za przemoc i ofiary. Bez eufemizm\u00f3w, bez \u201ckontekstu kulturowego\u201d, bez symetrii. Grozi konsekwencjami, je\u015bli represje b\u0119d\u0105 eskalowa\u0107. J\u0119zyk brutalnie prosty i w\u0142a\u015bnie dlatego dla lewicy nie do przyj\u0119cia. Nie trzeba Trumpa lubi\u0107, \u017ceby to zauwa\u017cy\u0107, ale wielu woli tego nie s\u0142ysze\u0107, bo je\u015bli to on nazywa przemoc przemoc\u0105, a bunt buntem, ca\u0142a misterna konstrukcja moralnej wy\u017cszo\u015bci zaczyna si\u0119 powa\u017cnie chybota\u0107. Lepiej zdyskredytowa\u0107 \u017ar\u00f3d\u0142o ni\u017c przyzna\u0107 racj\u0119 ofiarom, je\u015bli te ofiary nie pasuj\u0105 do w\u0142a\u015bciwej narracji. Trump nie jest tu wyj\u0105tkiem, tylko najbardziej dra\u017cni\u0105cym przyk\u0142adem. Obok niego pojawiaj\u0105 si\u0119 inni politycy, kt\u00f3rzy, ka\u017cdy z w\u0142asnych powod\u00f3w, m\u00f3wi\u0105 dzi\u015b o Iranie wyra\u017aniej ni\u017c zachodnioeuropejska lewica. Benjamin Netanyahu od lat publicznie wspiera Ira\u0144czyk\u00f3w protestuj\u0105cych przeciwko teokratycznemu re\u017cimowi, nazywaj\u0105c ich walk\u0119 walk\u0105 o wolno\u015b\u0107, a w\u0142adz\u0119 w Teheranie w\u0142adz\u0105, kt\u00f3ra boi si\u0119 w\u0142asnego spo\u0142ecze\u0144stwa, r\u00f3wnie\u017c bez symetrii, bez udawania, \u017ce to tylko kolejna wewn\u0119trzna sprawa pa\u0144stwa. Jest te\u017c Reza Pahlavi, posta\u0107 dla lewicy szczeg\u00f3lnie niewygodna i wcale nie dlatego, \u017ce nie ma znaczenia, ale w\u0142a\u015bnie dlatego, \u017ce ma. M\u00f3wi wprost do Ira\u0144czyk\u00f3w, wzywa do wytrwa\u0142o\u015bci, apeluje do \u015bwiata o jasne stanowisko, jest s\u0142uchany w diasporze i, co wa\u017cniejsze, w samym Iranie. Nie pasuje do \u017cadnej z ulubionych narracji, wi\u0119c naj\u0142atwiej go zignorowa\u0107 albo sprowadzi\u0107 do przypisu. S\u0105 wreszcie politycy z Europy \u015arodkowej i Wschodniej, Czesi, Ba\u0142towie, kt\u00f3rzy potrafi\u0105 m\u00f3wi\u0107 o represjach w Iranie bez asekuracji, bez retorycznej napompowanej waty, bez chowania si\u0119 za instytucjonalnym j\u0119zykiem. Ich g\u0142os nie dominuje \u015bwiatowej debaty, ale istnieje i pokazuje co\u015b, co dla zachodniej lewicy jest szczeg\u00f3lnie nie do przyj\u0119cia; to, \u017ce jednoznaczno\u015b\u0107 jest mo\u017cliwa.<\/span><\/p>\n<p><span style=\"color: #000080;\">Ten kontrast boli bardzo bolesny, bo kiedy jasne s\u0142owa solidarno\u015bci z Ira\u0144czykami padaj\u0105 z ust polityk\u00f3w, kt\u00f3rych lewica i tak uzna\u0142a za \u201cmoralnie sko\u0144czonych\u201d, ca\u0142a reszta woli milcze\u0107. Lepiej nie powiedzie\u0107 nic, ni\u017c powiedzie\u0107 co\u015b, co zabrzmi podobnie, nawet je\u015bli stawk\u0105 s\u0105 ludzie, kt\u00f3rzy wychodz\u0105 na ulice Teheranu, Isfahanu, Meszhedu, wiedz\u0105c, \u017ce mog\u0105 nie wr\u00f3ci\u0107. Po stronie lewicy radykalnej obraz jest jeszcze bardziej bezlitosny, relatywizacja, sankcje, po\u017cal si\u0119 Bo\u017ce \u2013 \u201ckontekst kulturowy\u201di ryzyko \u201cinstrumentalizacji. Je\u015bli protest nie niesie w\u0142a\u015bciwego znaku ideologicznego, traci prawo do empatii. A Ira\u0144czycy protestuj\u0105 \u017ale, nie w tym j\u0119zyku, nie przeciw temu, przeciw czemu wypada. S\u0105 antyteokratyczni, cz\u0119sto \u015bwieccy, czasem otwarcie wrodzy wobec politycznego islamu. To poznawczy koszmar dla \u015brodowisk, kt\u00f3re zbyt d\u0142ugo myli\u0142y antyimperializm z automatycznym rozgrzeszaniem ka\u017cdej w\u0142adzy nienawidz\u0105cej Zachodu.<\/span><\/p>\n<p><span style=\"color: #000080;\">Tymczasem to nie dzieje si\u0119 w pr\u00f3\u017cni ani w nag\u0142\u00f3wkach, nie w analizach ani w studiach telewizyjnych. To dzieje si\u0119 na ulicach, w Teheranie, w Isfahanie, w Meszhedzie, tak\u017ce w miastach, kt\u00f3rych nazw \u015bwiat zwykle nie zapami\u0119tuje, dop\u00f3ki nagle nie \u201czanika \u0142\u0105czno\u015b\u0107\u201d. Po zmroku, bo wtedy jest najniebezpieczniej i wtedy naj\u0142atwiej znikn\u0105\u0107. Ludzie wychodz\u0105 w ma\u0142ych grupach, rozproszeni, bez transparent\u00f3w, cz\u0119sto bez skandowanych hase\u0142. Wiedz\u0105, \u017ce ka\u017cde s\u0142owo mo\u017ce zosta\u0107 nagrane, ka\u017cde nagranie u\u017cyte jako dow\u00f3d. Wiedz\u0105 te\u017c, \u017ce kamera w telefonie nie jest ju\u017c tarcz\u0105, jest ryzykiem. S\u0142ycha\u0107 krzyki z klatek schodowych, uderzenia w metalowe rolety zamykanych bazar\u00f3w, szybkie kroki, po\u015bcigi. S\u0105 nagrania, kr\u00f3tkie, trz\u0119s\u0105ce si\u0119, nagle urwane. Nie, nie dlatego, \u017ce kto\u015b \u017ale trzyma\u0142 telefon, dlatego, \u017ce \u0142\u0105czno\u015b\u0107 znika. Internet w ca\u0142ym kraju zostaje gwa\u0142townie ograniczony, miejscami niemal ca\u0142kowicie odci\u0119ty. To nie jest awaria, to jest decyzja.<\/span><\/p>\n<p><span style=\"color: #000080;\">Kobiety id\u0105 bez chust, bez gestu, bez deklaracji. Normalnie, jakby w\u0142a\u015bnie ta normalno\u015b\u0107 by\u0142a dzi\u015b aktem sprzeciwu. M\u0119\u017cczy\u017ani stoj\u0105 obok, niekt\u00f3rzy krzycz\u0105, inni milcz\u0105. Czasem kto\u015b upada, czasem kto\u015b ju\u017c nie wstaje. S\u0105 ranni i s\u0105 zabici. Liczby nie uk\u0142adaj\u0105 si\u0119 w jedn\u0105 statystyk\u0119, bo przy odci\u0119tej komunikacji nic nie jest oficjalne, ale jedno jest potwierdzone, ofiar \u015bmiertelnych s\u0105 dziesi\u0105tki, zatrzymanych tysi\u0105ce. W\u015br\u00f3d zabitych s\u0105 bardzo m\u0142odzi. S\u0105 postrzeleni podczas demonstracji. S\u0105 ranni, kt\u00f3rzy boj\u0105 si\u0119 i\u015b\u0107 do szpitala, bo szpital bywa dzi\u015b przed\u0142u\u017ceniem aparatu bezpiecze\u0144stwa.<\/span><\/p>\n<p><span style=\"color: #000080;\">Pogrzeby zamieniaj\u0105 si\u0119 w zgromadzenia. \u017ba\u0142oba zn\u00f3w staje si\u0119 form\u0105 protestu. Rodziny szukaj\u0105 zaginionych, kr\u0105\u017c\u0105 mi\u0119dzy szpitalami, komisariatami, improwizowanymi listami. Cz\u0119sto s\u0142ysz\u0105, \u017ce \u201cnie ma informacji\u201d, albo \u017ce \u201cprosz\u0119 przyj\u015b\u0107 jutro\u201d, albo nie s\u0142ysz\u0105 nic. To nie jest \u201cfala protest\u00f3w\u201d. To nie s\u0105 \u201cniepokoje spo\u0142eczne\u201d. To jest \u017cycie przeniesione na ulic\u0119, bo dom przesta\u0142 by\u0107 bezpieczny, a milczenie przesta\u0142o chroni\u0107.<\/span><\/p>\n<p><span style=\"color: #000080;\">Re\u017cim reaguje rutyn\u0105, blokady sieci, ograniczenia telefonii, nocne aresztowania, posterunki na skrzy\u017cowaniach, gaz, pa\u0142ki, w cz\u0119\u015bci miejsc tak\u017ce bro\u0144 palna. S\u0105 potwierdzone strza\u0142y w kierunku demonstrant\u00f3w. S\u0105 ranni od ostrej amunicji. S\u0105 cia\u0142a. I jest jeszcze co\u015b, co odr\u00f3\u017cnia t\u0119 fal\u0119 od poprzednich, panika w\u0142adzy, widoczna, udokumentowana. Odcinanie internetu nie jest reakcj\u0105 na chaos, lecz pr\u00f3b\u0105 jego ukrycia. Bez obrazu \u0142atwiej zaprzecza\u0107, ale te\u017c \u0142atwiej k\u0142ama\u0107.<\/span><\/p>\n<p><span style=\"color: #000080;\">R\u00f3wnolegle protest przestaje by\u0107 wy\u0142\u0105cznie uliczny. W niekt\u00f3rych miastach zamykaj\u0105 si\u0119 bazary, miejsca, kt\u00f3re w Iranie od dekad s\u0105 barometrem spo\u0142ecznego nastroju. S\u0105 strajki i przerwy w pracy, tak\u017ce w cz\u0119\u015bciach przemys\u0142u naftowego. Nie wsz\u0119dzie i nie naraz. Ale wystarczaj\u0105co cz\u0119sto, \u017ceby w\u0142adza zacz\u0119\u0142a reagowa\u0107 nerwowo. Gospodarka, ju\u017c os\u0142abiona inflacj\u0105 i spadkiem waluty, dostaje kolejny cios. To nie jest jeszcze strajk generalny. Ale to sygna\u0142, a w Iranie takie sygna\u0142y s\u0105 czytelne. T\u0142o jest proste i brutalne, dro\u017cyzna, spadek warto\u015bci pieni\u0105dza, zmiany w dotacjach \u2013 uderzaj\u0105ce w codzienno\u015b\u0107. To nie s\u0105 wska\u017aniki, to jest tamtejsze \u017cycie. A wtedy, kiedy p\u0119ka codzienno\u015b\u0107, p\u0119ka te\u017c strach. Ka\u017cda dyktatura wierzy, \u017ce strach jest zasobem odnawialnym. Nie jest. W pewnym momencie zostaje nazwany po imieniu i przestaje dzia\u0142a\u0107. I w\u0142a\u015bnie wtedy najbardziej wida\u0107, kto naprawd\u0119 wierzy w prawa cz\u0142owieka, a kto tylko u\u017cywa ich jako wygodnego j\u0119zyka. Solidarno\u015b\u0107, kt\u00f3ra ko\u0144czy si\u0119 tam, gdzie zaczyna si\u0119 dyskomfort ideologiczny, nie jest \u017cadn\u0105 solidarno\u015bci\u0105. Jest milczeniem w \u0142adnym lecz tanim opakowaniu.<\/span><\/p>\n<p><span style=\"color: #000080;\">Iran jest dzi\u015b pe\u0142en takich p\u0119kni\u0119\u0107. Gasi \u015bwiat\u0142o, bo boi si\u0119 tego, co wida\u0107, gdy ludzie przestaj\u0105 si\u0119 ba\u0107.<\/span><\/p>\n<hr>\n<p><span style=\"color: #808080;\"><em>\u0179r\u00f3d\u0142a:<\/em><\/span><\/p>\n<p><span style=\"color: #808080;\"><em><strong><a style=\"color: #808080;\" href=\"https:\/\/apnews.com\/article\/54e4024a0b9e6a9f3ab49153c8e28f05?fbclid=IwZXh0bgNhZW0CMTAAYnJpZBExeDdST0dWU2hpUEhJTjAzV3NydGMGYXBwX2lkEDIyMjAzOTE3ODgyMDA4OTIAAR5inVkr2Kg3_xcFxKZjeR_BBh0i6yJwGBoTCl38vQfYLPrKeaYDUuQgITDIfA_aem_f1AsPycS7QHIg_SV7jXbDw\" rel=\"\">https:\/\/apnews.com\/article\/54e4024a0b9e6a9f3ab49153c8e28f05<\/a><\/strong><\/em><\/span><\/p>\n<p><span style=\"color: #808080;\"><em><strong><a style=\"color: #808080;\" href=\"https:\/\/www.reuters.com\/world\/middle-east\/iran-must-show-restraint-against-protesters-french-diplomatic-source-says-2026-01-09\/?fbclid=IwZXh0bgNhZW0CMTAAYnJpZBExeDdST0dWU2hpUEhJTjAzV3NydGMGYXBwX2lkEDIyMjAzOTE3ODgyMDA4OTIAAR6BdqY5G6M-QRhg3bmojjtWEhbBPk3srgzpAK9O1YmAVjWYB774n7gOH6kv5w_aem_Wqt_F4SoW4qh8QELfr-sAA\" rel=\"\">https:\/\/www.reuters.com\/&#8230;\/iran-must-show-restraint&#8230;\/<\/a><\/strong><\/em><\/span><\/p>\n<p><span style=\"color: #808080;\"><em><strong><a style=\"color: #808080;\" href=\"https:\/\/www.wsj.com\/world\/middle-east\/internet-blackout-hits-iran-as-former-shahs-son-calls-for-protests-0449c3bb?fbclid=IwZXh0bgNhZW0CMTAAYnJpZBExeDdST0dWU2hpUEhJTjAzV3NydGMGYXBwX2lkEDIyMjAzOTE3ODgyMDA4OTIAAR7jc-3SlmmHkR0QwPHEN1Vy0VDOngXmRnJHklJy3-L7QvgmEqzeSNBFkso9Kg_aem_cdJAbNWGibfQ_50m-AK-Uw\" rel=\"\">https:\/\/www.wsj.com\/&#8230;\/internet-blackout-hits-iran-as&#8230;<\/a><\/strong><\/em><\/span><\/p>\n<p><span style=\"color: #808080;\"><em><strong><a style=\"color: #808080;\" href=\"https:\/\/www.theguardian.com\/global-development\/2026\/jan\/05\/children-killed-iran-protests-security-forces-accused-of-indiscriminate-targeting?fbclid=IwZXh0bgNhZW0CMTAAYnJpZBExeDdST0dWU2hpUEhJTjAzV3NydGMGYXBwX2lkEDIyMjAzOTE3ODgyMDA4OTIAAR7FOQzBqRtkoD1FOMYIpHksuCPQybd4g0bYVISQbxVOa1l8giqdyeR8fiUlAA_aem_XoGdSk9smm2UzqSU26Wavw\" rel=\"\">https:\/\/www.theguardian.com\/&#8230;\/children-killed-iran&#8230;<\/a><\/strong><\/em><\/span><\/p>\n<p><span style=\"color: #808080;\"><em><strong><a style=\"color: #808080;\" href=\"https:\/\/l.facebook.com\/l.php?u=https%3A%2F%2Fwww.reuters.com%2Fworld%2Fmiddle-east%2Frights-groups-say-least-25-dead-iran-protests-2026-01-06%2F%3Ffbclid%3DIwZXh0bgNhZW0CMTAAYnJpZBExeDdST0dWU2hpUEhJTjAzV3NydGMGYXBwX2lkEDIyMjAzOTE3ODgyMDA4OTIAAR4Jix2meGlxjFT3LNnns473YRyAtJUWISAqUpFQxBuSnNdSwmDLkC6zAyMMkA_aem_evaTwzKdVnXpx_o2Q7rxkg&amp;h=AT1W9ryxEKR60fvH6eIjLjnAzsrxpLFaXCGKpayneTUDBnrnja39sLeoG2BpG_a_uoPCvHpeKMUk4djOy4OAGndvyUzXXRG4-GWX1LmkjntlnC1dNkIg6NnQ4tvXuwfYIX4uZdUEW9G8kUtGGNT3x4XqVQcgNg&amp;__tn__=R*F&amp;c%5b0%5d=AT3Q4KRroeaZxwLApIkIdqpYRniYSpAEhtKdry-vfTwnifnpPnCwN_K9-hcw2jznDKu_sWo_RXgXgHoYTZlIcSYbBcrTIjn1Y93VhdJZP3FYSVEFVeC_qryUWy8PXq_oBpFC6HObG9CMmWVikTWMdYsfkQ4wP-zGwusWVAH68bgnaqDyUWxI4D6jltNTtjbh_QSY8Dn738ti7X89P94Mn771d7w\" rel=\"\">https:\/\/www.reuters.com\/&#8230;\/rights-groups-say-least-25&#8230;\/<\/a><\/strong><\/em><\/span><\/p>\n<p><span style=\"color: #808080;\"><em><strong><a style=\"color: #808080;\" href=\"https:\/\/l.facebook.com\/l.php?u=https%3A%2F%2Fwww.lemonde.fr%2Fen%2Finternational%2Farticle%2F2026%2F01%2F03%2Firan-crackdown-intensifies-as-trump-threatens-to-intervene_6749036_4.html%3Ffbclid%3DIwZXh0bgNhZW0CMTAAYnJpZBExeDdST0dWU2hpUEhJTjAzV3NydGMGYXBwX2lkEDIyMjAzOTE3ODgyMDA4OTIAAR4UUFzo5r56Gyp5d8jl4GdfERAYCW1cIh7Fw3CB87DGgNR73Ob5x6b8Fy92qA_aem_Z9OWpxLhqttXFkEW3fapHg&amp;h=AT2vMhEakxTCYj_p8Q1ydJ0HcGUwEvB1HUkU6I-TPeM_4VqkSroSnTCxccqfPoZSc3cuux_tinwja82zU2xHi4fSlbfGu99N6eR0cPwxk8RAKEaSPO8Ld-isM2WM5ChkzblcBEnp2r1l5N6hHntNktl_RbINVQ&amp;__tn__=R*F&amp;c%5b0%5d=AT3Q4KRroeaZxwLApIkIdqpYRniYSpAEhtKdry-vfTwnifnpPnCwN_K9-hcw2jznDKu_sWo_RXgXgHoYTZlIcSYbBcrTIjn1Y93VhdJZP3FYSVEFVeC_qryUWy8PXq_oBpFC6HObG9CMmWVikTWMdYsfkQ4wP-zGwusWVAH68bgnaqDyUWxI4D6jltNTtjbh_QSY8Dn738ti7X89P94Mn771d7w\" rel=\"\">https:\/\/www.lemonde.fr\/&#8230;\/iran-crackdown-intensifies-as&#8230;<\/a><\/strong><\/em><\/span><\/p>\n<p><span style=\"color: #808080;\"><em><strong><a style=\"color: #808080;\" href=\"https:\/\/l.facebook.com\/l.php?u=https%3A%2F%2Fwww.rp.pl%2Fkonflikty-zbrojne%2Fart43611371-w-iranie-wrze-nie-dziala-internet-i-telefony-amerykanie-przerzucaja-sily-do-zatoki-perskiej%3Ffbclid%3DIwZXh0bgNhZW0CMTAAYnJpZBExeDdST0dWU2hpUEhJTjAzV3NydGMGYXBwX2lkEDIyMjAzOTE3ODgyMDA4OTIAAR7jc-3SlmmHkR0QwPHEN1Vy0VDOngXmRnJHklJy3-L7QvgmEqzeSNBFkso9Kg_aem_cdJAbNWGibfQ_50m-AK-Uw&amp;h=AT0aUkELUmqzVXm_nGfOLcBjgxvVa8VvCbKNrja9VNeoa2Ud6L6XK3l_U0mScoWEqu0stGu9Q4JJmJGH6XXR7kdriKvYNIRDOGHxbBQ4aFEMj1__1P5jdbz5U3JKJKHEEw77pnyzJW5d52u_WsZmIZv33tPTag&amp;__tn__=R*F&amp;c%5b0%5d=AT3Q4KRroeaZxwLApIkIdqpYRniYSpAEhtKdry-vfTwnifnpPnCwN_K9-hcw2jznDKu_sWo_RXgXgHoYTZlIcSYbBcrTIjn1Y93VhdJZP3FYSVEFVeC_qryUWy8PXq_oBpFC6HObG9CMmWVikTWMdYsfkQ4wP-zGwusWVAH68bgnaqDyUWxI4D6jltNTtjbh_QSY8Dn738ti7X89P94Mn771d7w\" rel=\"\">https:\/\/www.rp.pl\/&#8230;\/art43611371-w-iranie-wrze-nie&#8230;<\/a><\/strong><\/em><\/span><\/p>\n<p><span style=\"color: #808080;\"><em><strong><a style=\"color: #808080;\" href=\"https:\/\/l.facebook.com\/l.php?u=https%3A%2F%2Fwww.thenationalnews.com%2Fnews%2Fmena%2F2026%2F01%2F08%2Firan-internet-blocked-ipv6%2F%3Ffbclid%3DIwZXh0bgNhZW0CMTAAYnJpZBExeDdST0dWU2hpUEhJTjAzV3NydGMGYXBwX2lkEDIyMjAzOTE3ODgyMDA4OTIAAR6BdqY5G6M-QRhg3bmojjtWEhbBPk3srgzpAK9O1YmAVjWYB774n7gOH6kv5w_aem_Wqt_F4SoW4qh8QELfr-sAA&amp;h=AT3FeKaXTAcbhfNf6ujsRwPubcVpCFJzRplmR35mCDhjrvlXQOBoydeA8WPlw5NDgrQrtTjgRU-Cd5lx7U63BW4SW2kFiuYVIVRAtL2N3Ax--kZoaMQIYdvdkC9_5M3q7YYhYPFiuGPi-DlPBXmIEo9V8ESFvA&amp;__tn__=R*F&amp;c%5b0%5d=AT3Q4KRroeaZxwLApIkIdqpYRniYSpAEhtKdry-vfTwnifnpPnCwN_K9-hcw2jznDKu_sWo_RXgXgHoYTZlIcSYbBcrTIjn1Y93VhdJZP3FYSVEFVeC_qryUWy8PXq_oBpFC6HObG9CMmWVikTWMdYsfkQ4wP-zGwusWVAH68bgnaqDyUWxI4D6jltNTtjbh_QSY8Dn738ti7X89P94Mn771d7w\" rel=\"\">https:\/\/www.thenationalnews.com\/&#8230;\/iran-internet&#8230;\/<\/a><\/strong><\/em><\/span><\/p>\n<p><span style=\"color: #808080;\"><em><strong><a style=\"color: #808080;\" href=\"https:\/\/www.scmp.com\/news\/world\/middle-east\/article\/3339318\/protests-sweep-iran-amid-internet-blackout-state-tv-warns-casualties?fbclid=IwZXh0bgNhZW0CMTAAYnJpZBExeDdST0dWU2hpUEhJTjAzV3NydGMGYXBwX2lkEDIyMjAzOTE3ODgyMDA4OTIAAR7cBzeYXOHi9OzKK-KbU19jhw2tmMX0YA4ED-QKD1nGwNIrWtHNHlRLp7YYtA_aem_Ktzal6SAsh1ONjI98yUHOA\" rel=\"\">https:\/\/www.scmp.com\/&#8230;\/protests-sweep-iran-amid&#8230;<\/a><\/strong><\/em><\/span><\/p>\n<p><span style=\"color: #808080;\"><em><strong><a style=\"color: #808080;\" href=\"https:\/\/www.ncr-iran.org\/en\/ncri-statements\/statement-iran-protest\/iran-nationwide-internet-shutdown-ordered-by-khamenei-as-uprising-expands\/?fbclid=IwZXh0bgNhZW0CMTAAYnJpZBExeDdST0dWU2hpUEhJTjAzV3NydGMGYXBwX2lkEDIyMjAzOTE3ODgyMDA4OTIAAR4Jix2meGlxjFT3LNnns473YRyAtJUWISAqUpFQxBuSnNdSwmDLkC6zAyMMkA_aem_evaTwzKdVnXpx_o2Q7rxkg\" rel=\"\">https:\/\/www.ncr-iran.org\/&#8230;\/iran-nationwide-internet&#8230;\/<\/a><\/strong><\/em><\/span><\/p>\n<hr style=\"height: 15px; background: #d0e6fa; width: 100%;\">\n<div id=\"content\" class=\"content-alignment\">\n<div id=\"watch-description\" class=\"yt-uix-button-panel\">\n<div id=\"watch-description-text\" style=\"text-align: center;\">\n<p><em>Zawarto\u015b\u0107 publikowanych artyku\u0142\u00f3w i materia\u0142\u00f3w nie reprezentuje pogl\u0105d\u00f3w ani opinii Reunion&#8217;68,<\/em><em><br \/>\nani te\u017c webmastera Blogu Reunion&#8217;68, chyba ze jest to wyra\u017anie zaznaczone.<br \/>\nTwoje uwagi, linki, w\u0142asne artyku\u0142y lub wiadomo\u015bci prze\u015blij na adres:<br \/>\n<\/em><span style=\"color: #000080;\"><strong><em><a style=\"color: #000080;\" href=\"mailto:webmaster@reunion68.com\"><span style=\"text-decoration: underline;\">webmaster@reunion68.com<\/span><\/a><\/em><\/strong><\/span><\/p>\n<\/div>\n<\/div>\n<\/div>\n<hr style=\"width: 100%;\">\n","protected":false},"excerpt":{"rendered":"<p>P\u0119kni\u0119cia Anna Grabowska (Anne Goldschmid) P\u0119kni\u0119cia Wida\u0107 to nie tyle po tym, co m\u00f3wi, ile po tym, jak d\u0142ugo milczy, a kiedy ju\u017c przestaje milcze\u0107, robi to okr\u0119\u017cnie, ostro\u017cnie, jakby ka\u017cde zdanie nale\u017ca\u0142o wcze\u015bniej obejrze\u0107 z trzech stron i sprawdzi\u0107, czy nie p\u0119knie pod ci\u0119\u017carem w\u0142asnych implikacji. To nie jest jej naturalny temat. Nie pasuje [&hellip;]<\/p>\n","protected":false},"author":1,"featured_media":0,"comment_status":"closed","ping_status":"closed","sticky":false,"template":"","format":"standard","meta":[],"categories":[6],"tags":[33,24],"_links":{"self":[{"href":"https:\/\/www.reunion68.se\/index.php?rest_route=\/wp\/v2\/posts\/127355"}],"collection":[{"href":"https:\/\/www.reunion68.se\/index.php?rest_route=\/wp\/v2\/posts"}],"about":[{"href":"https:\/\/www.reunion68.se\/index.php?rest_route=\/wp\/v2\/types\/post"}],"author":[{"embeddable":true,"href":"https:\/\/www.reunion68.se\/index.php?rest_route=\/wp\/v2\/users\/1"}],"replies":[{"embeddable":true,"href":"https:\/\/www.reunion68.se\/index.php?rest_route=%2Fwp%2Fv2%2Fcomments&post=127355"}],"version-history":[{"count":8,"href":"https:\/\/www.reunion68.se\/index.php?rest_route=\/wp\/v2\/posts\/127355\/revisions"}],"predecessor-version":[{"id":127369,"href":"https:\/\/www.reunion68.se\/index.php?rest_route=\/wp\/v2\/posts\/127355\/revisions\/127369"}],"wp:attachment":[{"href":"https:\/\/www.reunion68.se\/index.php?rest_route=%2Fwp%2Fv2%2Fmedia&parent=127355"}],"wp:term":[{"taxonomy":"category","embeddable":true,"href":"https:\/\/www.reunion68.se\/index.php?rest_route=%2Fwp%2Fv2%2Fcategories&post=127355"},{"taxonomy":"post_tag","embeddable":true,"href":"https:\/\/www.reunion68.se\/index.php?rest_route=%2Fwp%2Fv2%2Ftags&post=127355"}],"curies":[{"name":"wp","href":"https:\/\/api.w.org\/{rel}","templated":true}]}}