{"id":127388,"date":"2026-01-16T17:00:00","date_gmt":"2026-01-16T15:00:00","guid":{"rendered":"https:\/\/www.reunion68.se\/?p=127388"},"modified":"2026-01-16T09:39:46","modified_gmt":"2026-01-16T07:39:46","slug":"20-00-117","status":"publish","type":"post","link":"https:\/\/www.reunion68.se\/?p=127388","title":{"rendered":"Argentine Doctor Suspended After Threatening to Cut Jewish Throats"},"content":{"rendered":"<hr>\n<h3 style=\"text-align: center;\"><a href=\"https:\/\/www.algemeiner.com\/\" target=\"_blank\" rel=\"noopener noreferrer\"><img decoding=\"async\" class=\"center alignleft\" src=\"http:\/\/www.reunion68.com\/Biuletyn\/img\/algem.png\" alt=\"\" width=\"35%\"><\/a><span style=\"text-decoration: underline; color: #000080;\"><span><strong><a style=\"color: #000080; text-decoration: underline;\" href=\"https:\/\/www.algemeiner.com\/2026\/01\/15\/argentine-doctor-suspended-threatening-cut-jewish-throats\/\" target=\"_blank\" rel=\"noopener noreferrer\">Argentine Doctor Suspended After Threatening to Cut Jewish Throats<\/a><\/strong><\/span><\/span><\/h3>\n<p style=\"text-align: center;\"><span style=\"color: #000000;\"><strong>David Swindle<\/strong><\/span><\/p>\n<hr style=\"height: 15px; background: #d0e6fa; width: 100%;\">\n<p style=\"text-align: center;\"><span style=\"color: #808080;\"><em><img decoding=\"async\" class=\"aligncenter\" src=\"https:\/\/www.algemeiner.com\/wp-content\/uploads\/2026\/01\/Screenshot-2026-01-15-172622.jpg\" width=\"100%\"><\/em><em>Dr. Miqueas Martinez Secchi. Photo: Screenshot<\/em><\/span><\/p>\n<p><span style=\"color: #000080;\">A doctor in Argentina has been suspended from his job at a hospital in Buenos Aires after posting antisemitic messages on social media that included explicit calls for violence against Jews.<\/span><\/p>\n<p><span style=\"color: #000080;\">The suspension of Miqueas Martinez Secchi, a resident physician specializing in intensive care at Jos\u00e9 de San Mart\u00edn Hospital in La Plata, marks yet another example of&nbsp;<a style=\"color: #000080;\" href=\"https:\/\/www.algemeiner.com\/2025\/09\/03\/belgian-doctor-suspended-antisemitic-social-media-posts-rising-antisemitism-western-health-care\/\" target=\"_blank\" rel=\"noopener\">rising antisemitism in health-care settings<\/a>&nbsp;across the West.<\/span><\/p>\n<p><span style=\"color: #000080;\">\u201cInstead of performing circumcision, their carotid artery and main artery should be cut from side to side,\u201d Secchi wrote in one post.<\/span><\/p>\n<p><span style=\"color: #000080;\">The medical professional\u2019s antisemitic online activity was exposed by journalist and commentator Dani Lerer, who posted the graphic messages on the social media platform X.<\/span><\/p>\n<p><iframe loading=\"lazy\" id=\"twitter-widget-2\" class=\"\" title=\"X Post\" src=\"https:\/\/platform.twitter.com\/embed\/Tweet.html?dnt=false&amp;embedId=twitter-widget-2&amp;features=eyJ0ZndfdGltZWxpbmVfbGlzdCI6eyJidWNrZXQiOltdLCJ2ZXJzaW9uIjpudWxsfSwidGZ3X2ZvbGxvd2VyX2NvdW50X3N1bnNldCI6eyJidWNrZXQiOnRydWUsInZlcnNpb24iOm51bGx9LCJ0ZndfdHdlZXRfZWRpdF9iYWNrZW5kIjp7ImJ1Y2tldCI6Im9uIiwidmVyc2lvbiI6bnVsbH0sInRmd19yZWZzcmNfc2Vzc2lvbiI6eyJidWNrZXQiOiJvbiIsInZlcnNpb24iOm51bGx9LCJ0ZndfZm9zbnJfc29mdF9pbnRlcnZlbnRpb25zX2VuYWJsZWQiOnsiYnVja2V0Ijoib24iLCJ2ZXJzaW9uIjpudWxsfSwidGZ3X21peGVkX21lZGlhXzE1ODk3Ijp7ImJ1Y2tldCI6InRyZWF0bWVudCIsInZlcnNpb24iOm51bGx9LCJ0ZndfZXhwZXJpbWVudHNfY29va2llX2V4cGlyYXRpb24iOnsiYnVja2V0IjoxMjA5NjAwLCJ2ZXJzaW9uIjpudWxsfSwidGZ3X3Nob3dfYmlyZHdhdGNoX3Bpdm90c19lbmFibGVkIjp7ImJ1Y2tldCI6Im9uIiwidmVyc2lvbiI6bnVsbH0sInRmd19kdXBsaWNhdGVfc2NyaWJlc190b19zZXR0aW5ncyI6eyJidWNrZXQiOiJvbiIsInZlcnNpb24iOm51bGx9LCJ0ZndfdXNlX3Byb2ZpbGVfaW1hZ2Vfc2hhcGVfZW5hYmxlZCI6eyJidWNrZXQiOiJvbiIsInZlcnNpb24iOm51bGx9LCJ0ZndfdmlkZW9faGxzX2R5bmFtaWNfbWFuaWZlc3RzXzE1MDgyIjp7ImJ1Y2tldCI6InRydWVfYml0cmF0ZSIsInZlcnNpb24iOm51bGx9LCJ0ZndfbGVnYWN5X3RpbWVsaW5lX3N1bnNldCI6eyJidWNrZXQiOnRydWUsInZlcnNpb24iOm51bGx9LCJ0ZndfdHdlZXRfZWRpdF9mcm9udGVuZCI6eyJidWNrZXQiOiJvbiIsInZlcnNpb24iOm51bGx9fQ%3D%3D&amp;frame=false&amp;hideCard=false&amp;hideThread=false&amp;id=2010522080413094150&amp;lang=en&amp;origin=https%3A%2F%2Fwww.algemeiner.com%2F2026%2F01%2F15%2Fargentine-doctor-suspended-threatening-cut-jewish-throats%2F&amp;sessionId=46e0ef7ba69e344e849050ad86a903284a09a252&amp;siteScreenName=Algemeiner&amp;theme=light&amp;widgetsVersion=2615f7e52b7e0%3A1702314776716&amp;width=550px\" width=\"650\" height=\"550\" frameborder=\"0\" scrolling=\"yes\" allowfullscreen=\"allowfullscreen\" data-tweet-id=\"2010522080413094150\" data-mce-fragment=\"1\"><\/iframe><\/p>\n<p><span style=\"color: #000080;\">The posts prompted widespread outrage, leading Secchi to delete his social media account \u2014 but not before other users were able to save screenshots.<\/span><\/p>\n<p><span style=\"color: #000080;\">Buenos Aires Province Health Minister Nicol\u00e1s Kreplak released a statement responding to the incident.<\/span><\/p>\n<p><span style=\"color: #000080;\">\u201cAny aggressive message or one showing a lack of respect for human life is incompatible with health care practice and particularly with medicine. They are fundamental values of training as a health professional,\u201d he posted on X. \u201cHealth is one of the essential assets of society, and it is indispensable to be firm against any act of discrimination and racism. As is public knowledge.\u201d<\/span><\/p>\n<p><span style=\"color: #000080;\">Kreplak then referenced Secchi and noted he is under investigation.<\/span><\/p>\n<p><span class=\"css-1jxf684 r-bcqeeo r-1ttztb7 r-qvutc0 r-poiln3\" style=\"color: #000080;\">\u201cDue to this message, consistent with other previous behaviors that now acquire relevance, the resident doctor at Hospital San Mart\u00edn de La Plata who made those public statements is suspended and in an administrative and judicial investigation process, in order to conduct an evaluation under an ethical, technical, and professional committee that will determine whether it is appropriate or not for them to resume their training process,\u201d the minister said.<\/span><\/p>\n<p><span style=\"color: #000080;\">The incident in Argentina continues an alarming pattern of rampant antisemitism in health care across the Western world which has left Jewish communities feeling unsafe and marginalized.<\/span><\/p>\n<p><span style=\"color: #000080;\">In November, for example, a Jewish columnist from Amsterdam said she was denied medical care by a nurse who refused to remove a pro-Palestinian pin shaped like a fist.<\/span><\/p>\n<p><span style=\"color: #000080;\">Elsewhere in the Netherlands, local police opened an investigation into Batisma Chayat Sa\u2019id, a nurse who allegedly stated she would&nbsp;<a style=\"color: #000080;\" href=\"https:\/\/www.algemeiner.com\/2025\/08\/01\/dutch-nurse-police-investigation-alleged-threats-against-israeli-patients\/\" target=\"_blank\" rel=\"noopener\">administer lethal injections to Israeli patients<\/a>.<\/span><\/p>\n<p><span style=\"color: #000080;\">In Italy, two medical workers filmed themselves at their workplace&nbsp;<a style=\"color: #000080;\" href=\"https:\/\/www.algemeiner.com\/2025\/08\/22\/italian-hospital-staff-discard-israeli-made-medicine-concerns-mount-globally-antisemitism-health-care\/\" target=\"_blank\" rel=\"noopener\">discarding medicine produced by the Israeli company<\/a>&nbsp;Teva Pharmaceuticals in protest of the Jewish state and the war in Gaza.<\/span><\/p>\n<p><span style=\"color: #000080;\">In Belgium, a local hospital suspended a physician after discovering antisemitic content on his social media, including a cartoon showing babies being decapitated by the tip of a Star of David and an AI-generated image depicting Hasidic Jews as vampires poised to devour a sleeping baby.<\/span><\/p>\n<p><span style=\"color: #000080;\">The same doctor came under fire after he recently diagnosed a nine-year-old patient by listing \u201cJewish (Israeli)\u201d as one of her medical problems on his report.<\/span><\/p>\n<p><span style=\"color: #000080;\">Several such incidents have occurred in the United Kingdom, where&nbsp;<a style=\"color: #000080;\" href=\"https:\/\/www.algemeiner.com\/2025\/10\/16\/too-many-examples-starmer-announces-antisemitism-review-uks-national-health-service\/\" target=\"_blank\" rel=\"noopener\">British Prime Minister Keir Starmer unveiled<\/a>&nbsp;a new plan in October to address what he described as \u201cjust too many examples, clear examples, of antisemitism that have not been dealt with adequately or effectively\u201d in the country\u2019s National Health Service (NHS).<\/span><\/p>\n<p><span style=\"color: #000080;\">One notable case drawing attention involved&nbsp;<a style=\"color: #000080;\" href=\"https:\/\/www.algemeiner.com\/2025\/11\/28\/uk-doctor-blames-jewish-lobby-suspended-medical-regulators-pro-hamas-antisemitic-posts\/\" target=\"_blank\" rel=\"noopener\">Dr. Rahmeh Aladwan<\/a>, a trainee trauma and orthopedic surgeon, who police arrested on Oct. 21, charging her with four offenses related to malicious communications and inciting racial hatred. In November, she was suspended from practicing medicine in the UK over social media posts denigrating Jews and celebrating Hamas\u2019s terrorism.<\/span><\/p>\n<p><span style=\"color: #000080;\">That same month, UK Health Secretary Wes Streeting&nbsp;<a style=\"color: #000080;\" href=\"https:\/\/www.algemeiner.com\/2025\/11\/14\/uk-health-secretary-warns-chilling-antisemitism-nhs-jewish-patients-report-fear-discrimination\/\" target=\"_blank\" rel=\"noopener\">called it \u201cchilling\u201d<\/a>&nbsp;that some members of the Jewish community fear discrimination within the NHS, amid reports of widespread antisemitism in Britain\u2019s health-care system.<\/span><\/p>\n<p><span style=\"color: #000080;\">Incidents in the UK included a Jewish family fearing their London doctor\u2019s antisemitism influenced their disabled son\u2019s treatment. The North London hospital suspended the physician who was&nbsp;<a style=\"color: #000080;\" href=\"https:\/\/www.algemeiner.com\/2025\/09\/15\/jewish-family-fears-london-doctors-antisemitism-influenced-their-disabled-sons-treatment\/\" target=\"_blank\" rel=\"noopener\">under investigation for publicly claiming<\/a>&nbsp;that all Jews have \u201cfeelings of supremacy\u201d and downplaying antisemitism.<\/span><\/p>\n<p><span style=\"color: #000080;\">In Australia,&nbsp;<a style=\"color: #000080;\" href=\"https:\/\/www.algemeiner.com\/2025\/03\/05\/second-australian-nurse-charged-viral-video-threatening-kill-israeli-patients\/\" target=\"_blank\" rel=\"noopener\">two nurses filmed themselves bragging online<\/a>&nbsp;about refusing to treat Israelis, making throat-slitting gestures, and boasting of killing Jews. Both lost their licenses and now face criminal charges.<\/span><\/p>\n<p><span style=\"color: #000080;\">A US-born Jewish woman who moved from Israel to Australia six years ago told&nbsp;<em>The Algemeiner<\/em>&nbsp;last year that she&nbsp;<a style=\"color: #000080;\" href=\"https:\/\/www.algemeiner.com\/2025\/02\/12\/australian-nurses-threaten-kill-israeli-patients-leading-jews-question-safety-countrys-hospitals\/\" target=\"_blank\" rel=\"noopener\">no longer feels safe in hospitals<\/a>&nbsp;given the atmosphere of heightened antisemitism.<\/span><\/p>\n<p><span style=\"color: #000080;\">\u201cIn the past year alone, my little boy has witnessed many hostile protests where \u2018anti-Zionists\u2019 have actually come into the Jewish community without permits to intimidate us. Time and time again, instead of [authorities] dispersing and arresting anyone in the crowd for screaming racial slurs and threats, Jews are asked to evacuate and told if they don\u2019t run away, they are inciting violence,\u201d the woman said.<\/span><\/p>\n<p><span style=\"color: #000080;\">\u201cNow they actually brag online about killing Israeli patients,\u201d she continued, referring to the case in Australia. \u201cI don\u2019t know how safe I would feel giving birth at that hospital.\u201d<\/span><\/p>\n<hr style=\"height: 15px; background: #d0e6fa; width: 100%;\">\n<div id=\"content\" class=\"content-alignment\">\n<div id=\"watch-description\" class=\"yt-uix-button-panel\">\n<div id=\"watch-description-text\" style=\"text-align: center;\">\n<p><em>Zawarto\u015b\u0107 publikowanych artyku\u0142\u00f3w i materia\u0142\u00f3w nie reprezentuje pogl\u0105d\u00f3w ani opinii Reunion&#8217;68,<\/em><em><br \/>\nani te\u017c webmastera Blogu Reunion&#8217;68, chyba ze jest to wyra\u017anie zaznaczone.<br \/>\nTwoje uwagi, linki, w\u0142asne artyku\u0142y lub wiadomo\u015bci prze\u015blij na adres:<br \/>\n<\/em><span style=\"color: #000080;\"><strong><em><a style=\"color: #000080;\" href=\"mailto:webmaster@reunion68.com\"><span style=\"text-decoration: underline;\">webmaster@reunion68.com<\/span><\/a><\/em><\/strong><\/span><\/p>\n<\/div>\n<\/div>\n<\/div>\n<hr style=\"width: 100%;\">\n","protected":false},"excerpt":{"rendered":"<p>Argentine Doctor Suspended After Threatening to Cut Jewish Throats David Swindle Dr. Miqueas Martinez Secchi. Photo: Screenshot A doctor in Argentina has been suspended from his job at a hospital in Buenos Aires after posting antisemitic messages on social media that included explicit calls for violence against Jews. The suspension of Miqueas Martinez Secchi, a [&hellip;]<\/p>\n","protected":false},"author":1,"featured_media":0,"comment_status":"closed","ping_status":"closed","sticky":false,"template":"","format":"standard","meta":[],"categories":[6],"tags":[33,24],"_links":{"self":[{"href":"https:\/\/www.reunion68.se\/index.php?rest_route=\/wp\/v2\/posts\/127388"}],"collection":[{"href":"https:\/\/www.reunion68.se\/index.php?rest_route=\/wp\/v2\/posts"}],"about":[{"href":"https:\/\/www.reunion68.se\/index.php?rest_route=\/wp\/v2\/types\/post"}],"author":[{"embeddable":true,"href":"https:\/\/www.reunion68.se\/index.php?rest_route=\/wp\/v2\/users\/1"}],"replies":[{"embeddable":true,"href":"https:\/\/www.reunion68.se\/index.php?rest_route=%2Fwp%2Fv2%2Fcomments&post=127388"}],"version-history":[{"count":9,"href":"https:\/\/www.reunion68.se\/index.php?rest_route=\/wp\/v2\/posts\/127388\/revisions"}],"predecessor-version":[{"id":127428,"href":"https:\/\/www.reunion68.se\/index.php?rest_route=\/wp\/v2\/posts\/127388\/revisions\/127428"}],"wp:attachment":[{"href":"https:\/\/www.reunion68.se\/index.php?rest_route=%2Fwp%2Fv2%2Fmedia&parent=127388"}],"wp:term":[{"taxonomy":"category","embeddable":true,"href":"https:\/\/www.reunion68.se\/index.php?rest_route=%2Fwp%2Fv2%2Fcategories&post=127388"},{"taxonomy":"post_tag","embeddable":true,"href":"https:\/\/www.reunion68.se\/index.php?rest_route=%2Fwp%2Fv2%2Ftags&post=127388"}],"curies":[{"name":"wp","href":"https:\/\/api.w.org\/{rel}","templated":true}]}}