{"id":127491,"date":"2026-01-20T17:09:00","date_gmt":"2026-01-20T15:09:00","guid":{"rendered":"https:\/\/www.reunion68.se\/?p=127491"},"modified":"2026-01-20T10:35:20","modified_gmt":"2026-01-20T08:35:20","slug":"24-09-114","status":"publish","type":"post","link":"https:\/\/www.reunion68.se\/?p=127491","title":{"rendered":"Druga fala iluzji, czyli Zach\u00f3d i jego plan dla Gazy"},"content":{"rendered":"<p><img decoding=\"async\" class=\"aligncenter\" src=\"https:\/\/substackcdn.com\/image\/fetch\/$s_!Vlsh!,w_1456,c_limit,f_webp,q_auto:good,fl_progressive:steep\/https%3A%2F%2Fsubstack-post-media.s3.amazonaws.com%2Fpublic%2Fimages%2F3f3400de-7cf1-4f00-afac-fae54d9bc937_907x510.jpeg\" width=\"100%\"><\/p>\n<hr>\n<h3 style=\"text-align: center;\"><a href=\"https:\/\/andrzejkoraszewski.substack.com\/\" target=\"_blank\" rel=\"noopener noreferrer\"><img decoding=\"async\" class=\"center alignleft\" src=\"http:\/\/www.reunion68.com\/Biuletyn\/img\/z-naszego.jpg\" alt=\"\" width=\"50%\"><\/a><span style=\"text-decoration: underline; color: #000080;\"><span><strong><a style=\"color: #000080; text-decoration: underline;\" href=\"https:\/\/andrzejkoraszewski.substack.com\/p\/druga-fala-iluzji-czyli-zachod-i\" target=\"_blank\" rel=\"noopener noreferrer\">Druga fala iluzji, czyli Zach\u00f3d i jego plan dla Gazy<\/a><\/strong><\/span><\/span><\/h3>\n<p style=\"text-align: center;\"><span style=\"color: #000000;\"><strong>Anna Grabowska <\/strong><span style=\"color: #808080;\"><em>(Anne Goldschmid)<\/em><\/span><\/span><\/p>\n<hr style=\"height: 15px; background: #d0e6fa; width: 100%;\">\n<p><span style=\"color: #000080;\">Podczas gdy w Iranie trwa brutalna pacyfikacja spo\u0142ecze\u0144stwa, a pa\u0144stwo morduje w\u0142asnych obywateli, na drugim planie wydarzy\u0142o si\u0119 co\u015b, co w innych okoliczno\u015bciach by\u0142oby politycznym newsem pierwszej wagi. Przyznaj\u0119 uczciwie, to, co dzia\u0142o si\u0119 i dzieje w Iranie &#8211; egzekucje, strzelanie do protestuj\u0105cych, bezkarno\u015b\u0107 aparatu represji podporz\u0105dkowanego Korpusowi Stra\u017cnik\u00f3w Rewolucji Islamskiej i Najwy\u017cszemu Przyw\u00f3dcy, ca\u0142kowicie poch\u0142on\u0119\u0142o moj\u0105 uwag\u0119. Nie, Gaza nie przesta\u0142a by\u0107 wa\u017cna, lecz dlatego, \u017ce s\u0105 momenty, w kt\u00f3rych skala przemocy odbiera mi czasem oddech. Jestem jednak przekonana, \u017ce ci, kt\u00f3rzy naprawd\u0119 interesuj\u0105 si\u0119 Bliskim Wschodem, wiedz\u0105 to doskonale, formalnie weszli\u015bmy w tzw. drug\u0105 faz\u0119 planu dla Gazy. Zach\u00f3d, i mam tu na my\u015bli nie tylko Europ\u0119, lecz ca\u0142y liberalno-demokratyczny \u015bwiat od Stan\u00f3w Zjednoczonych, przez Uni\u0119 Europejsk\u0105 i Wielk\u0105 Brytani\u0119, po Kanad\u0119 i Australi\u0119, og\u0142osi\u0142 kolejny etap swojej strategii \u201czarz\u0105dzania konfliktem\u201d. 14 stycznia 2026 roku ameryka\u0144ski wys\u0142annik Steve Witkoff zapowiedzia\u0142 przej\u015bcie od etapu rozejmu do fazy, kt\u00f3ra ma obejmowa\u0107 demilitaryzacj\u0119 Strefy Gazy, ustanowienie technokratycznej administracji cywilnej i rozpocz\u0119cie odbudowy. Pojawi\u0142y si\u0119 zn\u00f3w s\u0142owa, tak mi\u0142e dla zachodniego ucha: faza, harmonogram, komitet, nadz\u00f3r mi\u0119dzynarodowy, rada i cudowna \u201ckoordynacyja\u201d.<\/span><\/p>\n<p><span style=\"color: #000080;\">I kiedy to czytam, to my\u015bl\u0119 tylko o jednym: Zach\u00f3d zn\u00f3w pr\u00f3buje zamieni\u0107 konflikt egzystencjalny w problem administracyjny. Sednem drugiej fazy ma by\u0107 demilitaryzacja Hamasu i przekazanie zarz\u0105dzania Gaz\u0105 cywilnym strukturom, formalnie niezale\u017cnym od tej organizacji. I w\u0142a\u015bnie tutaj m\u00f3j sceptycyzm staje si\u0119 nie tyle opini\u0105, co wnioskiem. Hamas nie jest aktorem politycznym zdolnym do ewolucji pod wp\u0142ywem dobrej woli czy presji dyplomatycznej. To organizacja ideologiczna, wpisana na listy terrorystyczne Stan\u00f3w Zjednoczonych, Unii Europejskiej, Kanady i Australii, dla kt\u00f3rej przemoc nie jest narz\u0119dziem, lecz fundamentem istnienia. By\u0142y koordynator ONZ ds. procesu pokojowego na Bliskim Wschodzie, Nickolay Mladenov, m\u00f3wi\u0142 o tym wprost: \u201cHamas nie dzia\u0142a w logice kompromisu, lecz eliminacji\u201d. I ja uwa\u017cam, \u017ce to zdanie wci\u0105\u017c nie zosta\u0142o na Zachodzie naprawd\u0119 zrozumiane. Eksperci od konflikt\u00f3w asymetrycznych od lat powtarzaj\u0105, \u017ce organizacje d\u017cihadystyczne nie demilitaryzuj\u0105 si\u0119 dlatego, \u017ce kto\u015b zaprojektowa\u0142 im now\u0105 struktur\u0119 cywiln\u0105. One albo przegrywaj\u0105, albo czekaj\u0105. A Zach\u00f3d, i to m\u00f3wi\u0119 z pe\u0142n\u0105 odpowiedzialno\u015bci\u0105, nauczy\u0142 Hamas, \u017ce czekanie si\u0119 op\u0142aca. A ju\u017c najbardziej iluzorycznym elementem tej drugiej fazy jest wiara w technokratyczn\u0105 w\u0142adz\u0119 bez monopolu na przemoc! Administracja, kt\u00f3ra nie kontroluje broni, granic i aparatu bezpiecze\u0144stwa, nie jest w\u0142adz\u0105, lecz jej atrap\u0105. Gaza ju\u017c to przerabia\u0142a. Ju\u017c by\u0142a rz\u0105dzona przez struktury \u201ccywilne\u201d, kt\u00f3re w praktyce funkcjonowa\u0142y pod dyktando Hamasu. Kiedy wi\u0119c s\u0142ysz\u0119 o nowych komitetach i radach, nie widz\u0119 prze\u0142omu, tylko powt\u00f3rk\u0119 starego b\u0142\u0119du.<\/span><\/p>\n<p><span style=\"color: #000080;\">Jest wreszcie kwestia, o kt\u00f3rej nie potrafi\u0119 pisa\u0107 bez osobistego tonu, bo dotyka samego rdzenia tej wojny: zak\u0142adnicy porwani 7 pa\u017adziernika 2023 roku. W zapowiedziach drugiej fazy pojawia si\u0119 warunek zwrotu cia\u0142a ostatniego izraelskiego zak\u0142adnika, sier\u017canta Rana Gviliego, jako elementu dalszego post\u0119pu, ale bez jasnych mechanizm\u00f3w egzekucji. I tu m\u00f3j sceptycyzm staje si\u0119 ca\u0142kowicie bezkompromisowy. Izraelscy analitycy bezpiecze\u0144stwa m\u00f3wi\u0105 jasno: m\u00f3wienie o \u201cnowym etapie\u201d bez rozwi\u0105zania tej sprawy jest intelektualn\u0105 nieuczciwo\u015bci\u0105. I ja my\u015bl\u0119 dok\u0142adnie to samo. Otwarcie Rafah, z\u0142agodzenie presji czy przej\u015bcie do etapu \u201cnormalizacji\u201d bez rozliczenia tej kwestii by\u0142oby nie gestem humanitarnym, lecz strategicznym b\u0142\u0119dem. Dlatego m\u00f3j sceptycyzm nie wynika z pesymizmu ani z emocjonalnej reakcji. Wynika z realizmu i zrozumienia mechaniki tego konfliktu. Ten plan mo\u017ce kupi\u0107 Zachodowi czas, uspokoi\u0107 sumienia lub pozwoli\u0107 politykom og\u0142osi\u0107 post\u0119p. Ale nie rozwi\u0105zuje problemu.<\/span><\/p>\n<p><span style=\"color: #000080;\">Zach\u00f3d b\u0119dzie zadowolony z w\u0142asnej ba\u015bni, ale gdy ta fikcja si\u0119 rozsypie, konsekwencje ponios\u0105 nie autorzy plan\u00f3w, lecz \u017bydzi gin\u0105cy w kolejnych zamachach.<\/span><\/p>\n<hr>\n<p><span style=\"color: #808080;\"><em>\u0179r\u00f3d\u0142a:<\/em><\/span><\/p>\n<p><span style=\"color: #808080;\"><em><strong><a style=\"color: #808080;\" href=\"https:\/\/www.reuters.com\/world\/middle-east\/us-announces-launch-phase-two-gaza-plan-says-witkoff-2026-01-14\/?fbclid=IwZXh0bgNhZW0CMTAAYnJpZBExQVdBdzh5VUtKbm1KMXg0NHNydGMGYXBwX2lkEDIyMjAzOTE3ODgyMDA4OTIAAR6Vw1I5ps6MB_oI4kmGUcnJNNJZlxRWYp4Wngajvwft1lNNGqMFR5UAijoJkw_aem_OwjxBA0j3E0CVhjVvTOzZw\" rel=\"\">https:\/\/www.reuters.com\/&#8230;\/us-announces-launch-phase&#8230;\/<\/a><\/strong><\/em><\/span><\/p>\n<p><span style=\"color: #808080;\"><em><strong><a style=\"color: #808080;\" href=\"https:\/\/www.jpost.com\/middle-east\/article-883391\/?fbclid=IwZXh0bgNhZW0CMTAAYnJpZBExQVdBdzh5VUtKbm1KMXg0NHNydGMGYXBwX2lkEDIyMjAzOTE3ODgyMDA4OTIAAR5b4x-UKEU7L4-h7OmqYHtoS0Vug1qjS-cjdMkvRI9OPSDQ3Ve5W7qdk-Zh3w_aem_ZqAXM-x5CY9zfZMU0bQOoQ\" rel=\"\">https:\/\/www.jpost.com\/middle-east\/article-883391\/<\/a><\/strong><\/em><\/span><\/p>\n<p><span style=\"color: #808080;\"><em><strong><a style=\"color: #808080;\" href=\"https:\/\/pl.euronews.com\/2026\/01\/15\/gaza-wchodzi-w-druga-faze-20-punktowego-planu-zawieszenia-broni-trumpa-mowi-witkoff?fbclid=IwZXh0bgNhZW0CMTAAYnJpZBExQVdBdzh5VUtKbm1KMXg0NHNydGMGYXBwX2lkEDIyMjAzOTE3ODgyMDA4OTIAAR6yZoc4-abKgh3Q5CpTzfRL01THqtPu-bTp8Z5Mtq9Z8oE70jeI09Svcq9ytQ_aem_m920h0HQuc1XVqAiYmDBIw\" rel=\"\">https:\/\/pl.euronews.com\/&#8230;\/gaza-wchodzi-w-druga-faze-20&#8230;<\/a><\/strong><\/em><\/span><\/p>\n<p><span style=\"color: #808080;\"><em><strong><a style=\"color: #808080;\" href=\"https:\/\/www.axios.com\/2026\/01\/15\/hamas-demilitarize-gaza-deal-phase-two?fbclid=IwZXh0bgNhZW0CMTAAYnJpZBExQVdBdzh5VUtKbm1KMXg0NHNydGMGYXBwX2lkEDIyMjAzOTE3ODgyMDA4OTIAAR5b4x-UKEU7L4-h7OmqYHtoS0Vug1qjS-cjdMkvRI9OPSDQ3Ve5W7qdk-Zh3w_aem_ZqAXM-x5CY9zfZMU0bQOoQ\" rel=\"\">https:\/\/www.axios.com\/&#8230;\/hamas-demilitarize-gaza-deal&#8230;<\/a><\/strong>&nbsp;<strong><a style=\"color: #808080;\" href=\"https:\/\/www.lemonde.fr\/en\/international\/article\/2026\/01\/15\/gaza-racked-by-uncertainty-about-second-phase-of-trump-s-ceasefire-plan_6749465_4.html?fbclid=IwZXh0bgNhZW0CMTAAYnJpZBExQVdBdzh5VUtKbm1KMXg0NHNydGMGYXBwX2lkEDIyMjAzOTE3ODgyMDA4OTIAAR4N19NgH50OG-NNcbyJOmV86bCbL5qGqNYx16xQ81xUjSuSMqTKdRI8kpeIgg_aem_1nwGGCdeQZvc7IFg5Jtp3Q\" rel=\"\">https:\/\/www.lemonde.fr\/&#8230;\/gaza-racked-by-uncertainty&#8230;<\/a><\/strong><\/em><\/span><\/p>\n<p><span style=\"color: #808080;\"><em><strong><a style=\"color: #808080;\" href=\"https:\/\/www.aa.com.tr\/fr\/monde\/cessez-le-feu-%C3%A0-gaza-deuxi%C3%A8me-phase-ax%C3%A9e-sur-la-d%C3%A9militarisation-et-la-reconstruction-selon-l-envoy%C3%A9-de-trump\/3799493?fbclid=IwZXh0bgNhZW0CMTAAYnJpZBExQVdBdzh5VUtKbm1KMXg0NHNydGMGYXBwX2lkEDIyMjAzOTE3ODgyMDA4OTIAAR5HR2tOnG0wQRituJyhWaCJXUaHz6-Fx8LGY2kX4s6rh1KF9GscVqdmjPDlUw_aem_HSA50warxttuLkLjba_feQ\" rel=\"\">https:\/\/www.aa.com.tr\/&#8230;\/cessez-le-feu-%C3%A0&#8230;\/3799493<\/a><\/strong><\/em><\/span><\/p>\n<p><span style=\"color: #808080;\"><em><strong><a style=\"color: #808080;\" href=\"https:\/\/www.aa.com.tr\/fr\/monde\/gaza-la-france-entend-participer-pleinement-%C3%A0-la-mise-en-%C5%93uvre-de-la-deuxi%C3%A8me-phase-du-plan-de-paix\/3800104?fbclid=IwZXh0bgNhZW0CMTAAYnJpZBExQVdBdzh5VUtKbm1KMXg0NHNydGMGYXBwX2lkEDIyMjAzOTE3ODgyMDA4OTIAAR7kPqcl1vG_hTD3F9f0K7e71YuHBhbzlV4T9aUbJ-_I58pD3Rzsui9bMt1T9Q_aem_vf1HBpcUH1e97wge7oYrCg\" rel=\"\">https:\/\/www.aa.com.tr\/&#8230;\/gaza-la-france-entend&#8230;\/3800104<\/a><\/strong><\/em><\/span><\/p>\n<p><span style=\"color: #808080;\"><em>Photo: Hamza ZH Qraiqea\/Anadolu<\/em><\/span><\/p>\n<hr style=\"height: 15px; background: #d0e6fa; width: 100%;\">\n<div id=\"content\" class=\"content-alignment\">\n<div id=\"watch-description\" class=\"yt-uix-button-panel\">\n<div id=\"watch-description-text\" style=\"text-align: center;\">\n<p><em>Zawarto\u015b\u0107 publikowanych artyku\u0142\u00f3w i materia\u0142\u00f3w nie reprezentuje pogl\u0105d\u00f3w ani opinii Reunion&#8217;68,<\/em><em><br \/>\nani te\u017c webmastera Blogu Reunion&#8217;68, chyba ze jest to wyra\u017anie zaznaczone.<br \/>\nTwoje uwagi, linki, w\u0142asne artyku\u0142y lub wiadomo\u015bci prze\u015blij na adres:<br \/>\n<\/em><span style=\"color: #000080;\"><strong><em><a style=\"color: #000080;\" href=\"mailto:webmaster@reunion68.com\"><span style=\"text-decoration: underline;\">webmaster@reunion68.com<\/span><\/a><\/em><\/strong><\/span><\/p>\n<\/div>\n<\/div>\n<\/div>\n<hr style=\"width: 100%;\">\n","protected":false},"excerpt":{"rendered":"<p>Druga fala iluzji, czyli Zach\u00f3d i jego plan dla Gazy Anna Grabowska (Anne Goldschmid) Podczas gdy w Iranie trwa brutalna pacyfikacja spo\u0142ecze\u0144stwa, a pa\u0144stwo morduje w\u0142asnych obywateli, na drugim planie wydarzy\u0142o si\u0119 co\u015b, co w innych okoliczno\u015bciach by\u0142oby politycznym newsem pierwszej wagi. Przyznaj\u0119 uczciwie, to, co dzia\u0142o si\u0119 i dzieje w Iranie &#8211; egzekucje, strzelanie [&hellip;]<\/p>\n","protected":false},"author":1,"featured_media":0,"comment_status":"closed","ping_status":"closed","sticky":false,"template":"","format":"standard","meta":[],"categories":[6],"tags":[33,24],"_links":{"self":[{"href":"https:\/\/www.reunion68.se\/index.php?rest_route=\/wp\/v2\/posts\/127491"}],"collection":[{"href":"https:\/\/www.reunion68.se\/index.php?rest_route=\/wp\/v2\/posts"}],"about":[{"href":"https:\/\/www.reunion68.se\/index.php?rest_route=\/wp\/v2\/types\/post"}],"author":[{"embeddable":true,"href":"https:\/\/www.reunion68.se\/index.php?rest_route=\/wp\/v2\/users\/1"}],"replies":[{"embeddable":true,"href":"https:\/\/www.reunion68.se\/index.php?rest_route=%2Fwp%2Fv2%2Fcomments&post=127491"}],"version-history":[{"count":7,"href":"https:\/\/www.reunion68.se\/index.php?rest_route=\/wp\/v2\/posts\/127491\/revisions"}],"predecessor-version":[{"id":127515,"href":"https:\/\/www.reunion68.se\/index.php?rest_route=\/wp\/v2\/posts\/127491\/revisions\/127515"}],"wp:attachment":[{"href":"https:\/\/www.reunion68.se\/index.php?rest_route=%2Fwp%2Fv2%2Fmedia&parent=127491"}],"wp:term":[{"taxonomy":"category","embeddable":true,"href":"https:\/\/www.reunion68.se\/index.php?rest_route=%2Fwp%2Fv2%2Fcategories&post=127491"},{"taxonomy":"post_tag","embeddable":true,"href":"https:\/\/www.reunion68.se\/index.php?rest_route=%2Fwp%2Fv2%2Ftags&post=127491"}],"curies":[{"name":"wp","href":"https:\/\/api.w.org\/{rel}","templated":true}]}}