{"id":127495,"date":"2026-01-20T17:00:00","date_gmt":"2026-01-20T15:00:00","guid":{"rendered":"https:\/\/www.reunion68.se\/?p=127495"},"modified":"2026-01-20T10:33:39","modified_gmt":"2026-01-20T08:33:39","slug":"24-00-113","status":"publish","type":"post","link":"https:\/\/www.reunion68.se\/?p=127495","title":{"rendered":"Iranian Lawmakers Compare Trump to \u2018Pharoah,\u2019 Judiciary Chief Vows to \u2018Punish\u2019 US President"},"content":{"rendered":"<hr>\n<h3 style=\"text-align: center;\"><a href=\"https:\/\/www.algemeiner.com\/\" target=\"_blank\" rel=\"noopener noreferrer\"><img decoding=\"async\" class=\"center alignleft\" src=\"http:\/\/www.reunion68.com\/Biuletyn\/img\/algem.png\" alt=\"\" width=\"35%\"><\/a><span style=\"text-decoration: underline; color: #000080;\"><span><strong><a style=\"color: #000080; text-decoration: underline;\" href=\"https:\/\/www.algemeiner.com\/2026\/01\/19\/iranian-lawmakers-compare-trump-pharoah-judiciary-chief-vows-punish-us-president\/\" target=\"_blank\" rel=\"noopener noreferrer\">Iranian Lawmakers Compare Trump to \u2018Pharoah,\u2019 Judiciary Chief Vows to \u2018Punish\u2019 US President<\/a><\/strong><\/span><\/span><\/h3>\n<p style=\"text-align: center;\"><span style=\"color: #000000;\"><strong>Ailin Vilches Arguello<\/strong><\/span><\/p>\n<hr style=\"height: 15px; background: #d0e6fa; width: 100%;\">\n<p style=\"text-align: center;\"><img decoding=\"async\" class=\"aligncenter\" src=\"https:\/\/www.algemeiner.com\/wp-content\/uploads\/2026\/01\/s2026-01-18T092711Z_1_LYNXMPEM0H03Z_RTROPTP_4_IRAN-ECONOMY-PROTESTS.jpeg\" width=\"100%\"><span style=\"color: #808080;\"><em>Cars burn in a street during an anti-regime protest in Tehran, Iran, Jan. 8, 2026. Photo: Stringer\/WANA (West Asia News Agency) via REUTERS<\/em><\/span><\/p>\n<div id=\"post_content\">\n<p><span style=\"color: #000080;\">Amid soaring tensions with the United States, Iranian lawmakers on Monday cast President Donald Trump as a modern-day Pharaoh and hailed Supreme Leader Ayatollah Ali Khamenei as Moses, framing the nation\u2019s worst domestic crisis in years as a battle of biblical proportions.<\/span><\/p>\n<p><span style=\"color: #000080;\">During a parliamentary session, Iranian lawmakers vowed that Khamenei would \u201cmake Trump and his allies taste humiliation.\u201d<\/span><\/p>\n<p><span style=\"color: #000080;\">\u201cOur leader would drown you in the sea of the anger of believers and the oppressed of the world, to serve as a lesson for the arrogant world,\u201d Parliament Speaker Mohammad Bagher Ghalibaf was quoted as saying by local media.&nbsp;<\/span><\/p>\n<p><span style=\"color: #000080;\">Ghalibaf also described the widespread anti\u2011government protests that have swept the country for weeks as an American\u2011Israeli plot and a \u201cterrorist war,\u201d claiming the unrest was being orchestrated to destabilize the state.<\/span><\/p>\n<p><span style=\"color: #000080;\">Tensions between Tehran and Washington&nbsp;<a style=\"color: #000080;\" href=\"https:\/\/www.algemeiner.com\/2026\/01\/17\/irans-leader-khamenei-accuses-trump-of-inciting-deadly-protests\/\" target=\"_blank\" rel=\"noopener\">have surged sharply in recent weeks<\/a>,&nbsp;as Iranian security forces struggle to quell anti-regime protests and officials face mounting international pressure over the government\u2019s brutal crackdown.<\/span><\/p>\n<p><span style=\"color: #000080;\">The nationwide protests, which began with a shopkeepers\u2019 strike in Tehran on Dec. 28, initially reflected public anger over the soaring cost of living, a&nbsp;<a style=\"color: #000080;\" href=\"https:\/\/www.algemeiner.com\/2025\/11\/20\/iran-no-choice-but-move-capital-water-crisis-deepens-says-president\/\" target=\"_blank\" rel=\"noopener\">deepening economic crisis<\/a>, and the rial \u2014 Iran\u2019s currency \u2014 plummeting to record lows amid renewed economic sanctions, with annual inflation near 40 percent.<\/span><\/p>\n<p><span style=\"color: #000080;\">With demonstrations now stretching over three weeks, the protests have grown into a broader anti-government movement calling for the fall of Khamenei and Iranian President Masoud Pezeshkian and even a broader collapse of the country\u2019s Islamist, authoritarian system.<\/span><\/p>\n<p><span style=\"color: #000080;\">On Sunday, Pezeshkian warned that any attempt to target the country\u2019s supreme leader would amount to a declaration of war, accusing the United States of stoking mass protests that have thrown the nation into turmoil amid reports that&nbsp;Washington is&nbsp;<a style=\"color: #000080;\" href=\"https:\/\/www.algemeiner.com\/2026\/01\/09\/irans-leadership-draws-up-contingency-escape-plans-widespread-anti-government-protests-reports\/\" target=\"_blank\" rel=\"noopener\">weighing moves against the regime\u2019s leadership<\/a>.<\/span><\/p>\n<p><span style=\"color: #000080;\">\u201cIf there are hardship and constraints in the lives of the dear people of Iran, one of the main causes is the longstanding hostility and inhumane sanctions imposed by the US government and its allies,\u201d the Iranian leader said in a statement.<\/span><\/p>\n<p><span style=\"color: #000080;\">The regime&nbsp;<a style=\"color: #000080;\" href=\"https:\/\/www.algemeiner.com\/2026\/01\/18\/iran-warns-against-any-us-strike-as-judiciary-hints-at-unrest-linked-executions\/\" target=\"_blank\" rel=\"noopener\">has escalated its threats<\/a>&nbsp;following repeated statements by Trump, who has called for an end to Khamenei\u2019s nearly four decades in power, labeled him \u201ca sick man who should run his country properly and stop killing people,\u201d and warned of possible strikes if the government\u2019s brutal crackdown continues.<\/span><\/p>\n<p><span style=\"color: #000080;\">In response to Trump\u2019s threats and mounting pressure, Iran\u2019s judiciary chief, Gholamhossein Mohseni Ejei, has declared that authorities will seek to prosecute not only&nbsp;<a style=\"color: #000080;\" href=\"https:\/\/www.algemeiner.com\/2026\/01\/07\/iran-judiciary-chief-warns-no-leniency-protesters-helping-enemy\/\" target=\"_blank\" rel=\"noopener\">individuals accused of fueling the recent unrest<\/a>&nbsp;but also foreign governments he blames for backing the protests.<\/span><\/p>\n<p><span style=\"color: #000080;\">\u201cThose who called for it, those who provided financial support, propaganda or weapons \u2014 whether the United States, the Zionist regime or their agents \u2014 are all criminals and each of them must be held accountable,\u201d Ejei told local media.<\/span><\/p>\n<p><span style=\"color: #000080;\">He even threatened to target Trump specifically.<\/span><\/p>\n<p><span style=\"color: #000080;\">\u201cWe will not abandon the pursuit and prosecution of the perpetrators of the recent crimes in domestic courts and through international channels,\u201d the judiciary chief posted on the social media platform X. \u201cThe president of the United States, the ringleaders of the accursed Zionist regime, and other backers and supporters \u2014 both in terms of armaments and propaganda \u2014 of the criminals and terrorists behind the recent events are among the perpetrators who, in proportion to the extent and scale of their crimes, will be pursued, tried, and punished.\u201d<\/span><\/p>\n<p><span style=\"color: #000080;\">Iranian officials have also dismissed Trump\u2019s claims about halting execution sentences for protesters as \u201cuseless and baseless nonsense,\u201d warning that the government\u2019s response to the unrest will be \u201cdecisive, deterrent, and swift.\u201d<\/span><\/p>\n<p><span style=\"color: #000080;\">Meanwhile, government officials have hailed victory over what they called one of \u201cthe most complex conspiracies ever launched by the enemies of\u201d the country, while expressing deep gratitude to the \u201csmart, noble, and perceptive\u201d Iranian people.<\/span><\/p>\n<p><span style=\"color: #000080;\">However, the protests have not ceased,&nbsp;<a style=\"color: #000080;\" href=\"https:\/\/www.algemeiner.com\/2026\/01\/01\/several-reported-killed-iran-protests-sparked-economic-hardships\/\" target=\"_blank\" rel=\"noopener\">with violence continuing and tensions escalating<\/a>.<\/span><\/p>\n<p><span style=\"color: #000080;\">The US-based group Human Rights Activists in Iran has confirmed 4,029 deaths during the protests, while the number of fatalities under review stands at 9,049. Additionally, at least 5,811 people have been injured the protests, and the total number of arrests stands at 26,015.<\/span><\/p>\n<p><span style=\"color: #000080;\">Iranian officials have put the death toll at 5,000 while some reports indicate the figure could be much higher.&nbsp;<em>The Sunday Times<\/em>, for example, obtained a new report from doctors on the ground, which states that at least 16,500 protesters have died and 330,000 have been injured.<\/span><\/p>\n<p><span style=\"color: #000080;\">The exact numbers are difficult to verify, as the regime has imposed an internet blackout across the country while imposing its crackdown.<\/span><\/p>\n<p><span style=\"color: #000080;\">On Monday, National Police Chief Ahmad-Reza Radan issued an ultimatum to protesters involved in what authorities called \u201criots,\u201d warning they must surrender within three days or face the full force of the law, while urging young people \u201cdeceived\u201d into the unrest to turn themselves in for lighter punishment.<\/span><\/p>\n<p><span style=\"color: #000080;\">Those \u201cwho became unwittingly involved in the riots are considered to be deceived individuals, not enemy soldiers, and will be treated with leniency,\u201d Radan was quoted as saying by Iranian media.<\/span><\/p>\n<\/div>\n<hr style=\"height: 15px; background: #d0e6fa; width: 100%;\">\n<div id=\"content\" class=\"content-alignment\">\n<div id=\"watch-description\" class=\"yt-uix-button-panel\">\n<div id=\"watch-description-text\" style=\"text-align: center;\">\n<p><em>Zawarto\u015b\u0107 publikowanych artyku\u0142\u00f3w i materia\u0142\u00f3w nie reprezentuje pogl\u0105d\u00f3w ani opinii Reunion&#8217;68,<\/em><em><br \/>\nani te\u017c webmastera Blogu Reunion&#8217;68, chyba ze jest to wyra\u017anie zaznaczone.<br \/>\nTwoje uwagi, linki, w\u0142asne artyku\u0142y lub wiadomo\u015bci prze\u015blij na adres:<br \/>\n<\/em><span style=\"color: #000080;\"><strong><em><a style=\"color: #000080;\" href=\"mailto:webmaster@reunion68.com\"><span style=\"text-decoration: underline;\">webmaster@reunion68.com<\/span><\/a><\/em><\/strong><\/span><\/p>\n<\/div>\n<\/div>\n<\/div>\n<hr style=\"width: 100%;\">\n","protected":false},"excerpt":{"rendered":"<p>Iranian Lawmakers Compare Trump to \u2018Pharoah,\u2019 Judiciary Chief Vows to \u2018Punish\u2019 US President Ailin Vilches Arguello Cars burn in a street during an anti-regime protest in Tehran, Iran, Jan. 8, 2026. Photo: Stringer\/WANA (West Asia News Agency) via REUTERS Amid soaring tensions with the United States, Iranian lawmakers on Monday cast President Donald Trump as [&hellip;]<\/p>\n","protected":false},"author":1,"featured_media":0,"comment_status":"closed","ping_status":"closed","sticky":false,"template":"","format":"standard","meta":[],"categories":[6],"tags":[33,24],"_links":{"self":[{"href":"https:\/\/www.reunion68.se\/index.php?rest_route=\/wp\/v2\/posts\/127495"}],"collection":[{"href":"https:\/\/www.reunion68.se\/index.php?rest_route=\/wp\/v2\/posts"}],"about":[{"href":"https:\/\/www.reunion68.se\/index.php?rest_route=\/wp\/v2\/types\/post"}],"author":[{"embeddable":true,"href":"https:\/\/www.reunion68.se\/index.php?rest_route=\/wp\/v2\/users\/1"}],"replies":[{"embeddable":true,"href":"https:\/\/www.reunion68.se\/index.php?rest_route=%2Fwp%2Fv2%2Fcomments&post=127495"}],"version-history":[{"count":6,"href":"https:\/\/www.reunion68.se\/index.php?rest_route=\/wp\/v2\/posts\/127495\/revisions"}],"predecessor-version":[{"id":127514,"href":"https:\/\/www.reunion68.se\/index.php?rest_route=\/wp\/v2\/posts\/127495\/revisions\/127514"}],"wp:attachment":[{"href":"https:\/\/www.reunion68.se\/index.php?rest_route=%2Fwp%2Fv2%2Fmedia&parent=127495"}],"wp:term":[{"taxonomy":"category","embeddable":true,"href":"https:\/\/www.reunion68.se\/index.php?rest_route=%2Fwp%2Fv2%2Fcategories&post=127495"},{"taxonomy":"post_tag","embeddable":true,"href":"https:\/\/www.reunion68.se\/index.php?rest_route=%2Fwp%2Fv2%2Ftags&post=127495"}],"curies":[{"name":"wp","href":"https:\/\/api.w.org\/{rel}","templated":true}]}}