{"id":127573,"date":"2026-01-23T17:09:00","date_gmt":"2026-01-23T15:09:00","guid":{"rendered":"https:\/\/www.reunion68.se\/?p=127573"},"modified":"2026-01-23T09:02:57","modified_gmt":"2026-01-23T07:02:57","slug":"27-09-111","status":"publish","type":"post","link":"https:\/\/www.reunion68.se\/?p=127573","title":{"rendered":"Prezydent Izraela w Davos: Pok\u00f3j mi\u0119dzy Izraelczykami i Palesty\u0144czykami jest konieczny"},"content":{"rendered":"<p style=\"text-align: center;\"><img decoding=\"async\" class=\"aligncenter\" src=\"https:\/\/bi.im-g.pl\/im\/de\/0a\/1f\/z32547294AMP,Prezydent-Izraela-Icchak-Herzog-.jpg\" width=\"100%\"><span style=\"color: #808080;\"><em>Prezydent Izraela Icchak Herzog. (Fot. REUTERS\/Romina Amato)<\/em><\/span><\/p>\n<hr>\n<h3 style=\"text-align: center;\"><a href=\"https:\/\/wyborcza.pl\/\" target=\"_blank\" rel=\"noopener noreferrer\"><img decoding=\"async\" class=\"center alignleft\" src=\"http:\/\/www.reunion68.com\/Biuletyn\/img\/wyborcza.png\" alt=\"\" width=\"35%\"><\/a><span style=\"text-decoration: underline; color: #000080;\"><span><strong><a style=\"color: #000080; text-decoration: underline;\" href=\"https:\/\/wyborcza.pl\/7,75399,32546832,prezydent-izraela-w-davos-pokoj-miedzy-izraelczykami-i-palestynczykami.html#s=S.index-K.C-B.1-L.1.duzy\" target=\"_blank\" rel=\"noopener noreferrer\">Prezydent Izraela w Davos: Pok\u00f3j mi\u0119dzy Izraelczykami i Palesty\u0144czykami jest konieczny<\/a><\/strong><\/span><\/span><\/h3>\n<p style=\"text-align: center;\"><span style=\"color: #000000;\"><strong>Anna Wyrwik<\/strong><\/span><\/p>\n<hr style=\"height: 15px; background: #d0e6fa; width: 100%;\">\n<p class=\"text--lead \" data-progress-bar-content=\"\"><span style=\"color: #000080;\">Prezydent Izraela Icchak Herzog skomentowa\u0142 te\u017c apel Donalda Trumpa o prewencyjne u\u0142askawienie premiera Benjamina Netanjahu.<\/span><\/p>\n<div class=\"article--content article--content-free  \">\n<p class=\"text--paragraph\"><span style=\"color: #000080;\">W czwartek podczas porannej sesji na \u015awiatowym Forum Ekonomicznym w Davos odby\u0142a si\u0119 rozmowa z prezydentem Izraela Icchakiem Herzogiem.&nbsp;Spotkanie prowadzi\u0142 Fareed Zakaria, politolog, wsp\u00f3\u0142pracuj\u0105cy m.in. z \u201eNewsweekiem&#8221;, \u201eWashington Post&#8221; i telewizj\u0105 CNN. Tematem by\u0142y ostatnie wydarzenia na Bliskim Wschodzie \u2013 bombardowania Iranu przez USA i Izraela, ira\u0144skie protesty czy sytuacja w Strefie Gazy.<\/span><\/p>\n<p class=\"text--paragraph\"><span style=\"color: #000080;\">&#8211; Czy uwa\u017ca pan, \u017ce Izrael jest w bezpieczniejszej i lepszej sytuacji ni\u017c w ci\u0105gu ostatnich dekad? \u2013 zapyta\u0142 Zakaria.&nbsp;<\/span><\/p>\n<div class=\"grid--c-6\">\n<div class=\"article--content article--content-paid \" data-progress-bar-content=\"\">\n<div class=\"paywall\">\n<p class=\"text--paragraph\"><span style=\"color: #000080;\">Herzog odpar\u0142, \u017ce owszem, ale, jak doda\u0142, &#8220;wci\u0105\u017c wisz\u0105 nad nami ciemne chmury&#8221;. Odni\u00f3s\u0142 si\u0119 w ten spos\u00f3b do wci\u0105\u017c istniej\u0105cego zagro\u017cenia ze strony Iranu i Hezbollahu. Skomentowa\u0142 te\u017c protesty Ira\u0144czyk\u00f3w.<\/span><\/p>\n<p class=\"text--paragraph\"><span style=\"color: #000080;\">&#8211; Nar\u00f3d ira\u0144ski pragnie zmian. Nar\u00f3d ira\u0144ski zas\u0142uguje na zmiany. Zas\u0142uguje na godne \u017cycie \u2013 powiedzia\u0142. Doda\u0142, \u017ce ira\u0144ski re\u017cim \u201ezniszczy\u0142 \u017cycie tysi\u0105com rodzin&#8221;.<\/span><\/p>\n<p class=\"text--paragraph\"><span style=\"color: #000080;\">\u2013 I wiesz, co mnie zadziwia? Gdzie s\u0105 wszyscy ci, kt\u00f3rzy atakowali nas za to, \u017ce si\u0119 bronimy? (&#8230;) Gdzie s\u0105 ci wszyscy ludzie? Dlaczego nie widzimy ich demonstruj\u0105cych przed ira\u0144skimi ambasadami lub na ulicach miast na ca\u0142ym \u015bwiecie? (\u2026) To pokazuje wielk\u0105 hipokryzj\u0119, kt\u00f3ra nas otacza \u2013 powiedzia\u0142.&nbsp;<\/span><\/p>\n<p class=\"text--paragraph\"><span style=\"color: #000080;\">W rzeczywisto\u015bci takie protesty si\u0119 odby\u0142y \u2013 m.in. w&nbsp;<a style=\"color: #000080;\" href=\"https:\/\/wyborcza.pl\/0,128956.html?tag=wielka+Brytania#anchorLink\">Wielkiej Brytanii<\/a>, Szwajcarii czy we&nbsp;<a style=\"color: #000080;\" href=\"https:\/\/wyborcza.pl\/0,128956.html?tag=francja#anchorLink\">Francji<\/a>.<\/span><\/p>\n<h4 class=\"text--title font-head-700\"><span style=\"color: #000000;\"><strong>Herzog o Strefie Gazy: Mieszka\u0144cy Gazy zas\u0142uguj\u0105 na dobre \u017cycie<\/strong><\/span><\/h4>\n<p class=\"text--paragraph\"><span style=\"color: #000080;\">Herzog podkre\u015bli\u0142 te\u017c \u201eniesamowity wysi\u0142ek dyplomatyczny prezydenta Trumpa&#8221; w\u0142o\u017cony w to, by osi\u0105gn\u0105\u0107 pok\u00f3j w Strefie Gazy. Doceni\u0142 20-punktowy plan Trumpa.<\/span><\/p>\n<p class=\"text--paragraph\"><span style=\"color: #000080;\">&#8211; Realnym testem [Rady Pokoju Trumpa] b\u0119dzie opuszczenie Gazy przez Hamas \u2013 powiedzia\u0142 Herzog. \u2013 A tak\u017ce oczywi\u015bcie jak najszybszy powr\u00f3t naszego zak\u0142adnika Rana Gviliego.<\/span><\/p>\n<p class=\"text--paragraph\"><span style=\"color: #000080;\">Chodzi o cia\u0142o sier\u017canta policji izraelskiej, ostatniego zak\u0142adnika przetrzymywanego w Strefie Gazy.&nbsp;<\/span><\/p>\n<p class=\"text--paragraph\"><span style=\"color: #000080;\">Prezydent Izraela m\u00f3wi\u0142 te\u017c o Palesty\u0144czykach w Strefie Gazy.<\/span><\/p>\n<p class=\"text--paragraph\"><span style=\"color: #000080;\">&#8211; Mieszka\u0144cy Gazy, dzieci Gazy zas\u0142uguj\u0105 na dobre \u017cycie&nbsp;\u2013 powiedzia\u0142. &#8211; Powinni mie\u0107 dobre \u017cycie, tak jak my wszyscy. Zas\u0142uguj\u0105 na dobre \u017cycie w regionie, ale nie pod karabinami terroryst\u00f3w \u2013 doda\u0142.<\/span><\/p>\n<p class=\"text--paragraph\"><span style=\"color: #000080;\">wojennych za\u017c\u0105daj\u0105 wi\u0119kszych praw i w\u0142asnej pa\u0144stwowo\u015bci.<\/span><\/p>\n<p class=\"text--paragraph\"><span style=\"color: #000080;\">&#8211; Rezolucja Rady Bezpiecze\u0144stwa [ONZ] i 20-punktowy plan stworzy\u0142y horyzont do osi\u0105gni\u0119cia tego celu \u2013 powiedzia\u0142 Herzog. \u2013 My\u015bl\u0119, \u017ce to bardzo wa\u017cne, ale kwesti\u0105 jest, czy po stronie palesty\u0144skiej b\u0119d\u0105 reformy oraz jak zapewni\u0107 pok\u00f3j i bezpiecze\u0144stwo Izraelczykom.<\/span><\/p>\n<p><span style=\"color: #000080;\">Herzog wspomnia\u0142, \u017ce Izrael wszed\u0142 w rok wyborczy (<a style=\"color: #000080;\" href=\"https:\/\/wyborcza.pl\/0,128956.html?tag=wybory+prezydenckie+2025#anchorLink\">wybory<\/a>&nbsp;parlamentarne s\u0105 zaplanowane na pa\u017adziernik), co sprawia, \u017ce w kraju na pewno b\u0119dzie burzliwa debata. Podkre\u015bli\u0142, \u017ce jako prezydent nie anga\u017cuje si\u0119 w t\u0119 walk\u0119 i pozostaje ostro\u017cny w komentowaniu, ale zaznaczy\u0142, \u017ce po 7 pa\u017adziernika 2023 roku \u201ew\u015br\u00f3d Izraelczyk\u00f3w nast\u0105pi\u0142o wiele przemy\u015ble\u0144 i analiz na temat najlepszego sposobu wsp\u00f3\u0142\u017cycia z naszymi s\u0105siadami&#8221;.<\/span><\/p>\n<p class=\"text--paragraph\"><span style=\"color: #000080;\">&#8211; Uwa\u017cam, \u017ce konieczne jest zbudowanie przysz\u0142o\u015bci opartej na koegzystencji i pokoju mi\u0119dzy Izraelczykami a Palesty\u0144czykami \u2013 doda\u0142.<\/span><\/p>\n<h4 class=\"text--title font-head-700\"><strong>Proces Netanjahu. Herzog zapytany o u\u0142askawienie<\/strong><\/h4>\n<p class=\"text--paragraph\"><span style=\"color: #000080;\">Herzoga zapytano te\u017c o tocz\u0105ce si\u0119 od 2020 roku przeciwko premierowi Izraela post\u0119powania. Netanjahu zarzuca si\u0119 \u0142ap\u00f3wkarstwo, oszustwo i nadu\u017cycie zaufania w trzech oddzielnych sprawach karnych.&nbsp;<\/span><\/p>\n<p class=\"text--paragraph\"><span style=\"color: #000080;\">&#8211; Prezydent Trump zwr\u00f3ci\u0142 si\u0119 do pana z bezpo\u015bredni\u0105 pro\u015bb\u0105 o u\u0142askawienie premiera Netanjahu z g\u00f3ry za wszelkie pope\u0142nione przez niego przest\u0119pstwa. Czy u\u0142askawi Pan premiera Netanjahu? \u2013 spyta\u0142 Zakaria na koniec rozmowy.<\/span><\/p>\n<p class=\"text--paragraph\"><span style=\"color: #000080;\">&#8211; Zgodnie z naszym prawem i wytycznymi ka\u017cdy taki wniosek musi przej\u015b\u0107 przez okre\u015blon\u0105 procedur\u0119 \u2013 odpowiedzia\u0142 Herzog. I doda\u0142: \u2013 Musz\u0119 dzia\u0142a\u0107 zgodnie z przepisami. Wielokrotnie powtarza\u0142em, \u017ce ogromnie szanuj\u0119 prezydenta Trumpa, ale mamy oczywi\u015bcie w\u0142asny system prawny, a ja b\u0119d\u0119 dzia\u0142a\u0142 w jego ramach.<\/span><\/p>\n<p class=\"text--paragraph\"><span style=\"color: #000080;\">Prezydent doda\u0142, \u017ce wielokrotnie podkre\u015bla\u0142, i\u017c sprawa s\u0105dowa, w kt\u00f3rej centrum znajduje si\u0119 Netanjahu, powinna zosta\u0107 rozstrzygni\u0119ta polubownie.<\/span><\/p>\n<\/div>\n<\/div>\n<\/div>\n<\/div>\n<hr style=\"height: 15px; background: #d0e6fa; width: 100%;\">\n<div id=\"content\" class=\"content-alignment\">\n<div id=\"watch-description\" class=\"yt-uix-button-panel\">\n<div id=\"watch-description-text\" style=\"text-align: center;\">\n<p><em>Zawarto\u015b\u0107 publikowanych artyku\u0142\u00f3w i materia\u0142\u00f3w nie reprezentuje pogl\u0105d\u00f3w ani opinii Reunion&#8217;68,<\/em><em><br \/>\nani te\u017c webmastera Blogu Reunion&#8217;68, chyba ze jest to wyra\u017anie zaznaczone.<br \/>\nTwoje uwagi, linki, w\u0142asne artyku\u0142y lub wiadomo\u015bci prze\u015blij na adres:<br \/>\n<\/em><span style=\"color: #000080;\"><strong><em><a style=\"color: #000080;\" href=\"mailto:webmaster@reunion68.com\"><span style=\"text-decoration: underline;\">webmaster@reunion68.com<\/span><\/a><\/em><\/strong><\/span><\/p>\n<\/div>\n<\/div>\n<\/div>\n<hr style=\"width: 100%;\">\n","protected":false},"excerpt":{"rendered":"<p>Prezydent Izraela Icchak Herzog. (Fot. REUTERS\/Romina Amato) Prezydent Izraela w Davos: Pok\u00f3j mi\u0119dzy Izraelczykami i Palesty\u0144czykami jest konieczny Anna Wyrwik Prezydent Izraela Icchak Herzog skomentowa\u0142 te\u017c apel Donalda Trumpa o prewencyjne u\u0142askawienie premiera Benjamina Netanjahu. W czwartek podczas porannej sesji na \u015awiatowym Forum Ekonomicznym w Davos odby\u0142a si\u0119 rozmowa z prezydentem Izraela Icchakiem Herzogiem.&nbsp;Spotkanie prowadzi\u0142 [&hellip;]<\/p>\n","protected":false},"author":1,"featured_media":0,"comment_status":"closed","ping_status":"closed","sticky":false,"template":"","format":"standard","meta":[],"categories":[6],"tags":[33,24],"_links":{"self":[{"href":"https:\/\/www.reunion68.se\/index.php?rest_route=\/wp\/v2\/posts\/127573"}],"collection":[{"href":"https:\/\/www.reunion68.se\/index.php?rest_route=\/wp\/v2\/posts"}],"about":[{"href":"https:\/\/www.reunion68.se\/index.php?rest_route=\/wp\/v2\/types\/post"}],"author":[{"embeddable":true,"href":"https:\/\/www.reunion68.se\/index.php?rest_route=\/wp\/v2\/users\/1"}],"replies":[{"embeddable":true,"href":"https:\/\/www.reunion68.se\/index.php?rest_route=%2Fwp%2Fv2%2Fcomments&post=127573"}],"version-history":[{"count":6,"href":"https:\/\/www.reunion68.se\/index.php?rest_route=\/wp\/v2\/posts\/127573\/revisions"}],"predecessor-version":[{"id":127585,"href":"https:\/\/www.reunion68.se\/index.php?rest_route=\/wp\/v2\/posts\/127573\/revisions\/127585"}],"wp:attachment":[{"href":"https:\/\/www.reunion68.se\/index.php?rest_route=%2Fwp%2Fv2%2Fmedia&parent=127573"}],"wp:term":[{"taxonomy":"category","embeddable":true,"href":"https:\/\/www.reunion68.se\/index.php?rest_route=%2Fwp%2Fv2%2Fcategories&post=127573"},{"taxonomy":"post_tag","embeddable":true,"href":"https:\/\/www.reunion68.se\/index.php?rest_route=%2Fwp%2Fv2%2Ftags&post=127573"}],"curies":[{"name":"wp","href":"https:\/\/api.w.org\/{rel}","templated":true}]}}