{"id":127577,"date":"2026-01-23T17:00:00","date_gmt":"2026-01-23T15:00:00","guid":{"rendered":"https:\/\/www.reunion68.se\/?p=127577"},"modified":"2026-01-23T09:15:52","modified_gmt":"2026-01-23T07:15:52","slug":"27-00-119","status":"publish","type":"post","link":"https:\/\/www.reunion68.se\/?p=127577","title":{"rendered":"Anti-Israel Michigan Senate Candidate Promoted Group Behind Holocaust Memorial Protests"},"content":{"rendered":"<hr \/>\n<h3 style=\"text-align: center;\"><a href=\"https:\/\/www.algemeiner.com\/\" target=\"_blank\" rel=\"noopener noreferrer\"><img decoding=\"async\" class=\"center alignleft\" src=\"http:\/\/www.reunion68.com\/Biuletyn\/img\/algem.png\" alt=\"\" width=\"35%\" \/><\/a><span style=\"text-decoration: underline; color: #000080;\"><span><strong><a style=\"color: #000080; text-decoration: underline;\" href=\"https:\/\/www.algemeiner.com\/2026\/01\/22\/anti-israel-michigan-senate-candidate-promoted-group-behind-holocaust-memorial-protests\/\" target=\"_blank\" rel=\"noopener noreferrer\">Anti-Israel Michigan Senate Candidate Promoted Group Behind Holocaust Memorial Protests<\/a><\/strong><\/span><\/span><\/h3>\n<p style=\"text-align: center;\"><span style=\"color: #000000;\"><strong>Corey Walker<\/strong><\/span><\/p>\n<hr style=\"height: 15px; background: #d0e6fa; width: 100%;\" \/>\n<p style=\"text-align: center;\"><img decoding=\"async\" class=\"aligncenter\" src=\"https:\/\/www.algemeiner.com\/wp-content\/uploads\/2026\/01\/2025-04-05T122123Z_1782125204_MT1SIPA0005L7SL1_RTRMADP_3_SIPA-USA-1.jpg\" width=\"100%\" \/><span style=\"color: #808080;\"><em>Former Wayne County Health Director Abdul El-Sayed, a Democrat now running for US Senate in Michigan, speaks at a \u201cHands Off\u201d protest at the state Capitol in Lansing, Michigan, on April 5, 2025. Photo: Andrew Roth\/Sipa USA via Reuters Connect<\/em><\/span><\/p>\n<p><span style=\"color: #000080;\">Abdul El-Sayed, a\u00a0<a style=\"color: #000080;\" href=\"https:\/\/www.algemeiner.com\/2025\/04\/18\/anti-israel-politician-launches-bid-for-michigan-senate-seat\/\" target=\"_blank\" rel=\"noopener\">Democratic candidate for US Senate in Michigan<\/a>, is facing scrutiny over his past fundraising and public support for a political advocacy group whose affiliates organized anti-Israel protests at Holocaust memorial sites in Washington, DC, and the Detroit metro area.<\/span><\/p>\n<p><span style=\"color: #000080;\">El-Sayed previously recorded a fundraising video and appeared at multiple events in support of Justice, Education, Technology PAC (JET-PAC), an organization focused on expanding the political influence of Muslim Americans in US politics. In the video, posted online in 2018, El-Sayed urged viewers to donate to the group, praising its efforts to train Muslim Americans in civic engagement and advocacy.<\/span><\/p>\n<p><span style=\"color: #000080;\">JET-PAC later drew widespread condemnation after its medical advocacy arm, Doctors Against Genocide, helped organize protests outside the US Holocaust Memorial Museum in Washington and the Zekelman Holocaust Center in Farmington Hills, Michigan. The demonstrations condemned Israel\u2019s military campaign against the Palestinian terrorist group Hamas in Gaza and described the war as a \u201cgenocide,\u201d language that Jewish leaders and Holocaust educators denounced as false, antisemitic, and deeply offensive.<\/span><\/p>\n<p><span style=\"color: #000080;\">Doctors Against Genocide (DAG) called on activists to obtain free tickets to the Holocaust Museum in Washington with the intention of protesting inside the facility before moving the demonstration to the White House. The planned protest sparked backlash from Jewish organizations and community leaders, who argued that targeting Holocaust memorial sites crossed a moral line.<\/span><\/p>\n<p><span style=\"color: #000080;\">The group\u00a0<a style=\"color: #000080;\" href=\"https:\/\/www.algemeiner.com\/2023\/12\/26\/anti-zionist-doctors-cancel-invasion-protest-us-holocaust-museum\/\" target=\"_blank\" rel=\"noopener\">ultimately canceled the demonstration<\/a>.<\/span><\/p>\n<p><span style=\"color: #000080;\">\u201cThe goal of our event was to visit the Holocaust Museum to express our empathy for the horrors of that genocide. Additionally, we wanted to bring awareness to the ongoing genocide in Gaza,\u201d the group said in a statement.<\/span><\/p>\n<p><span style=\"color: #000080;\">\u201cOur initial communication did not sufficiently convey this, leading to misinterpretations and unfounded accusations,\u201d it continued. \u201cAs DAG we stand against all hate of vulnerable people, whether that hate comes in the form of antisemitism, anti-Palestinianism, anti-Black hate, anti-White hate, or any other prejudice. Never again for all.\u201d<\/span><\/p>\n<p><span style=\"color: #000080;\">In a later statement, the group\u00a0apologized for a \u201clack of clarity\u201d but continued to imply that the Holocaust is comparable to Israel\u2019s military operations against Hamas, the Palestinian terrorist group that launched the war with its Oct. 7, 2023, invasion of and massacre across southern Israel.<\/span><\/p>\n<p><span style=\"color: #000080;\">Comparing Israel to Nazi Germany is antisemitic, according to the\u00a0<a style=\"color: #000080;\" href=\"https:\/\/www.algemeiner.com\/2025\/09\/18\/us-lawmakers-slam-zohran-mamdani-pledge-scrap-ihra-definition-antisemitism\/\" target=\"_blank\" rel=\"noopener\">International Holocaust Remembrance Alliance (IHRA) definition of antisemitism<\/a>, which has been adopted by dozens of governments and hundreds of civic institutions around the world.<\/span><\/p>\n<p><span style=\"color: #000080;\">Despite the backlash, DAG, which is a program of JET-PAC, later orchestrated a protest outside the\u00a0Zekelman Holocaust Center in July 2024, once again sparking outrage from local Jewish community leaders.\u00a0<\/span><\/p>\n<p><span style=\"color: #000080;\">Organizers of the protest explained that they targeted the museum over its purported positive portrayal of Israel and alleged unwillingness to elevate the historical displacement of Palestinian Arabs.<\/span><\/p>\n<p><span style=\"color: #000080;\">\u201cThe museum is not objective. They present the history that the right-wing will allow them to put on. The question we have for them is: How are you now going to portray the Nakba,\u201d said Rene Lichtman, a Holocaust survivor and organizer of the demonstration.<\/span><\/p>\n<p><span style=\"color: #000080;\">\u201cNakba,\u201d the Arabic term for \u201ccatastrophe,\u201d is\u00a0<a style=\"color: #000080;\" href=\"https:\/\/www.algemeiner.com\/2025\/05\/16\/police-officers-injured-violent-clashes-erupt-anti-israel-nakba-day-rally-berlin\/\" target=\"_blank\" rel=\"noopener\">used by Palestinians and anti-Israel activists<\/a>\u00a0to refer to the establishment of the modern state of Israel in 1948.<\/span><\/p>\n<p><span style=\"color: #000080;\">\u201cYou end the story, and I know because I\u2019ve been speaking here forever, with the happy ending of the Jews, the [Nazi concentration] camp survivors coming to Israel,\u201d Lichtman continued. \u201cBut that is no longer the ending. We know that from the last eight months. What about the Palestinian people?\u201d<\/span><\/p>\n<p><span style=\"color: #000080;\">Mark Jacobs, a lawyer, community activist, and co-director of the Coalition for Black and Jewish Unity, said protests at Holocaust centers amount to an attack on Jewish historical memory.<\/span><\/p>\n<p><span style=\"color: #000080;\">\u201cI find it pretty grotesque that the protesters would select the Holocaust Center, a solemn and sacred place, to essentially call for the eradication of Israel, which was created as a safe harbor for the Jewish people after the world\u2019s worst genocide,\u201d Jacobs told Deadline Detroit in July, referring to the Zekelman protest. \u201cBut of course we have seen a steady stream of antisemitic protests, vandalism, and violence at various Jewish sites throughout the US and the world since the barbarism of Oct. 7.\u201d<\/span><\/p>\n<p><span style=\"color: #000080;\">At the\u00a0<a style=\"color: #000080;\" href=\"https:\/\/www.algemeiner.com\/2024\/07\/08\/anti-israel-group-planning-protest-front-michigan-holocaust-museum\/?fbclid=IwZXh0bgNhZW0CMTAAAR2LJyAS5TKvbRgqmCzJzZpF5cXOHzQ9t5LRLNj9BfXWbHeuPeDyXc7PMH4_aem_hFgM5bdNl6etWqQTjvo8IQ\" target=\"_blank\" rel=\"noopener\">protest outside the Zekelman Holocaust Center<\/a>, speakers accused Israel of war crimes and criticized what they described as the influence of \u201cIsrael\u2019s lobbyists.\u201d\u00a0Dr. Nadal Jboor, a featured speaker and member of Doctors Against Genocide, said Israel\u2019s military actions should be stopped through international pressure, calling a ceasefire a \u201cmedical intervention.\u201d<\/span><\/p>\n<p><span style=\"color: #000080;\">JET-PAC, founded by former Cambridge, Massachusetts city councilor Nadeem Mazen, has described its mission as empowering Muslim Americans politically. El-Sayed appeared at JET-PAC galas and panels alongside the group\u2019s leadership and promoted the organization on social media over multiple years, calling it \u201camazing.\u201d<\/span><\/p>\n<p><span style=\"color: #000080;\">In the 2018 fundraising video, El-Sayed said JET-PAC was \u201cincredibly important for engagement, political engagement for the Muslim community,\u201d adding that the group helped people \u201cfight for and advocate for a more just, more equitable, more sustainable society.\u201d<\/span><\/p>\n<p><span style=\"color: #000080;\">El-Sayed\u2019s support for the organization raises questions about his policies toward the Jewish community and combating extremism in the wake of the Holocaust memorial protests, which occurred amid a\u00a0<a style=\"color: #000080;\" href=\"https:\/\/www.algemeiner.com\/2025\/08\/05\/anti-jewish-hate-crimes-hit-record-high-2024-fbi-data-shows\/\" target=\"_blank\" rel=\"noopener\">historic rise in antisemitic hate crimes across the US<\/a>\u00a0following Hamas\u2019s Oct. 7, 2023, massacre across southern Israel.<\/span><\/p>\n<p><span style=\"color: #000080;\">El-Sayed\u2019s campaign did not respond to a request for comment for this story.<\/span><\/p>\n<p><span style=\"color: #000080;\">The controversy has unfolded as El-Sayed and another Michigan Senate candidate, state Sen. Mallory McMorrow, have both publicly accused Israel of committing genocide, positions that have alienated some Jewish voters in the battleground state.\u00a0<\/span><\/p>\n<p><span style=\"color: #000080;\">Just days before the anniversary of the Oct. 7 atrocities, McMorrow called Israel\u2019s response in Gaza a \u201cmoral abomination,\u201d saying it was \u201cjust as horrendous\u201d as the attack carried out by Hamas-led Palestinian terrorists, who perpetrated the deadliest massacre of Jews since the Holocaust.<\/span><\/p>\n<p><span style=\"color: #000080;\">However, McMorrow has since softened her stance on the Israel-Hamas war, recently lamenting in an interview that the term \u201cgenocide\u201d has\u00a0<a style=\"color: #000080;\" href=\"https:\/\/www.algemeiner.com\/2026\/01\/12\/california-democrat-scott-wiener-accuses-israel-genocide-sharp-reversal-following-debate-backlash\/\" target=\"_blank\" rel=\"noopener\">become a \u201cpurity test\u201d for<\/a>\u00a0many progressive Democrats.\u00a0<\/span><\/p>\n<p><span style=\"color: #000080;\">Detroit-based community activist and philanthropist Lisa Mark Lis said McMorrow\u2019s comments echoed antisemitic tropes and amounted to political pandering.<\/span><\/p>\n<p><span style=\"color: #000080;\">Lis wrote in a Facebook post that McMorrow\u2019s comment \u201cfeeds into the Jew-hatred tropes and is a lie.\u201d<\/span><\/p>\n<p><span style=\"color: #000080;\">El-Sayed has not publicly addressed the Holocaust museum protests directly, but his past fundraising and advocacy for JET-PAC have drawn new attention as Jewish leaders warn that invoking genocide rhetoric at Holocaust memorials represents a dangerous normalization of antisemitism.<\/span><\/p>\n<p><span style=\"color: #000080;\">Jewish organizations have repeatedly stressed that criticism of Israeli policy does not justify protests at institutions dedicated to memorializing the murder of six million Jews, arguing that such actions exploit Holocaust memory and inflame anti-Jewish hostility.<\/span><\/p>\n<p><span style=\"color: #000080;\">The progressive champion was a\u00a0<a style=\"color: #000080;\" href=\"https:\/\/www.algemeiner.com\/2024\/09\/19\/uncommitted-group-wont-endorse-kamala-harris-muslim-voters-look-elsewhere-gaza-despite-overtures\/\" target=\"_blank\" rel=\"noopener\">prominent supporter<\/a>\u00a0of the \u201cUncommitted movement,\u201d a coalition of Democratic officials which refused to support the 2024 Kamala Harris presidential campaign over what they characterized as her support for Israel. However, El-Sayed later clarified that he would support Harris over Donald Trump in the general election.\u00a0\u00a0<\/span><\/p>\n<p><span style=\"color: #000080;\">El-Sayed has been especially critical of Israel\u2019s war in Gaza. On Oct. 21, 2023, two weeks after the Hamas-led slaughter of 1,200 people and kidnapping of 251 hostages in southern Israel, the progressive politician\u00a0<a style=\"color: #000080;\" href=\"https:\/\/x.com\/TrackAIPAC\/status\/1912957630299209789\" target=\"_blank\" rel=\"noopener\">accused<\/a>\u00a0Israel of \u201cgenocide.\u201d The comment came before the Israeli military launched its ground campaign in Gaza.<\/span><\/p>\n<p><span style=\"color: #000080;\">He also compared Israel\u2019s defensive military operations to the Hamas terrorist group\u2019s conduct on Oct. 7, writing, \u201cYou can both condemn Hamas terrorism AND Israel\u2019s murder since.\u201d<\/span><\/p>\n<p><span style=\"color: #000080;\">In comments to\u00a0<i>Politico,\u00a0<\/i>El-Sayed criticized Democrats\u2019 handling of the Israeli-Palestinian conflict, arguing that they should become the \u201cparty of peace and justice\u201d and said that they \u201cought not to be the party sending bombs and money to foreign militaries to drop bombs on other people\u2019s kids in their schools and their hospitals.\u201d He called on Democrats to stop supporting military aid for Israel, saying, \u201cWe should be spending that money here at home.\u201d<\/span><\/p>\n<p><span style=\"color: #000080;\">Recent polling has shown El-Sayed trailing both McMorrow and Democratic primary frontrunner US Rep. Haley Stevens among voters.<\/span><\/p>\n<hr style=\"height: 15px; background: #d0e6fa; width: 100%;\" \/>\n<div id=\"content\" class=\"content-alignment\">\n<div id=\"watch-description\" class=\"yt-uix-button-panel\">\n<div id=\"watch-description-text\" style=\"text-align: center;\">\n<p><em>Zawarto\u015b\u0107 publikowanych artyku\u0142\u00f3w i materia\u0142\u00f3w nie reprezentuje pogl\u0105d\u00f3w ani opinii Reunion&#8217;68,<\/em><em><br \/>\nani te\u017c webmastera Blogu Reunion&#8217;68, chyba ze jest to wyra\u017anie zaznaczone.<br \/>\nTwoje uwagi, linki, w\u0142asne artyku\u0142y lub wiadomo\u015bci prze\u015blij na adres:<br \/>\n<\/em><span style=\"color: #000080;\"><strong><em><a style=\"color: #000080;\" href=\"mailto:webmaster@reunion68.com\"><span style=\"text-decoration: underline;\">webmaster@reunion68.com<\/span><\/a><\/em><\/strong><\/span><\/p>\n<\/div>\n<\/div>\n<\/div>\n<hr style=\"width: 100%;\" \/>\n","protected":false},"excerpt":{"rendered":"<p>Anti-Israel Michigan Senate Candidate Promoted Group Behind Holocaust Memorial Protests Corey Walker Former Wayne County Health Director Abdul El-Sayed, a Democrat now running for US Senate in Michigan, speaks at a \u201cHands Off\u201d protest at the state Capitol in Lansing, Michigan, on April 5, 2025. Photo: Andrew Roth\/Sipa USA via Reuters Connect Abdul El-Sayed, a\u00a0Democratic [&hellip;]<\/p>\n","protected":false},"author":1,"featured_media":0,"comment_status":"closed","ping_status":"closed","sticky":false,"template":"","format":"standard","meta":[],"categories":[6],"tags":[33,24],"_links":{"self":[{"href":"https:\/\/www.reunion68.se\/index.php?rest_route=\/wp\/v2\/posts\/127577"}],"collection":[{"href":"https:\/\/www.reunion68.se\/index.php?rest_route=\/wp\/v2\/posts"}],"about":[{"href":"https:\/\/www.reunion68.se\/index.php?rest_route=\/wp\/v2\/types\/post"}],"author":[{"embeddable":true,"href":"https:\/\/www.reunion68.se\/index.php?rest_route=\/wp\/v2\/users\/1"}],"replies":[{"embeddable":true,"href":"https:\/\/www.reunion68.se\/index.php?rest_route=%2Fwp%2Fv2%2Fcomments&post=127577"}],"version-history":[{"count":5,"href":"https:\/\/www.reunion68.se\/index.php?rest_route=\/wp\/v2\/posts\/127577\/revisions"}],"predecessor-version":[{"id":127596,"href":"https:\/\/www.reunion68.se\/index.php?rest_route=\/wp\/v2\/posts\/127577\/revisions\/127596"}],"wp:attachment":[{"href":"https:\/\/www.reunion68.se\/index.php?rest_route=%2Fwp%2Fv2%2Fmedia&parent=127577"}],"wp:term":[{"taxonomy":"category","embeddable":true,"href":"https:\/\/www.reunion68.se\/index.php?rest_route=%2Fwp%2Fv2%2Fcategories&post=127577"},{"taxonomy":"post_tag","embeddable":true,"href":"https:\/\/www.reunion68.se\/index.php?rest_route=%2Fwp%2Fv2%2Ftags&post=127577"}],"curies":[{"name":"wp","href":"https:\/\/api.w.org\/{rel}","templated":true}]}}