{"id":12798,"date":"2015-01-18T19:00:32","date_gmt":"2015-01-18T17:00:32","guid":{"rendered":"http:\/\/www.reunion68.se\/?p=12798"},"modified":"2015-01-17T08:39:38","modified_gmt":"2015-01-17T06:39:38","slug":"12798","status":"publish","type":"post","link":"https:\/\/www.reunion68.se\/?p=12798","title":{"rendered":"Tureckie reakcje na terrorystyczny zamach na \u201cCharlie Hebdo\u201d"},"content":{"rendered":"<h5 style=\"text-align: center;\"><a href=\"******* \" target=\"_blank\"><img decoding=\"async\" class=\"center alignleft\" src=\"http:\/\/www.reunion68.com\/Biuletyn\/img\/memri1.png \" alt=\"\" \/><\/a><span style=\"text-decoration: underline; color: #000080;\"><span style=\"text-decoration: underline;\"><strong><a style=\"color: #000080; text-decoration: underline;\" href=\"**************** \" target=\"_blank\">Reakcje tureckie na zamach terrorystyczny na \u201cCharlie Hebdo\u201d: Erdogan oskar\u017ca zachodni\u0105 hipokryzj\u0119, rasizm, mow\u0119 nienawi\u015bci, islamofobi\u0119; media islamistyczne\/pro-AKP usprawiedliwiaj\u0105 to; media \u015bwieckie p\u0142acz\u0105 <\/a><\/strong><\/span><\/span><\/h5>\n<hr style=\"height: 15px; background: #d0e6fa; width: 710px;\" \/>\n<div style=\"width: 360px\" class=\"wp-caption alignright\"><img decoding=\"async\" src=\"http:\/\/www.memri.org\/image\/21711.jpg\" alt=\"\" width=\"350\" border=\"0\" \/><p class=\"wp-caption-text\"><span style=\"color: #000080;\">OdaTV.com, 10 stycznia 2015.<\/span><\/p><\/div>\n<p><span style=\"color: #333333;\"><em>W Turcji islamistyczne media popieraj\u0105ce AKP usprawiedliwiaj\u0105 zamach terrorystyczny na redakcj\u0119 francuskiego tygodnika satyrycznego \u201dCharlie Hebdo\u201d w Pary\u017cu. Tytu\u0142y i artyku\u0142y g\u0142osz\u0105 twierdzenia, \u017ce Francja zbiera to, co zasia\u0142a i \u017ce \u201cCharlie Hebdo\u201d obrazi\u0142 Proroka Mahometa i sprowokowa\u0142 muzu\u0142man\u00f3w.<\/em><\/span><\/p>\n<p><span style=\"color: #333333;\"><em>Podczas gdy kierownictwo AKP pot\u0119pi\u0142o zamach, obwinia\u0142o tak\u017ce za niego Zach\u00f3d; ponadto, jego g\u0142\u00f3wn\u0105 trosk\u0105 by\u0142o to, \u017ce pog\u0142\u0119bi anty-muzu\u0142ma\u0144skie nastroje [1]. Prezydent turecki Recep Tayyip Erdogan obwinia\u0142 Zach\u00f3d o hipokryzj\u0119, rasizm, mow\u0119 nienawi\u015bci i islamofobi\u0119: \u201eMusimy by\u0107 \u015bwiadomi spisk\u00f3w [Zachodu] przeciwko \u015bwiatu muzu\u0142ma\u0144skiemu\u201d. Ponadto parlamentarzysta AKP, Ali Sahin, twierdzi\u0142 w serii tweet\u00f3w, \u017ce zamach zosta\u0142 zainscenizowany, \u201ejak plan filmowy\u201d.<\/em><\/span><\/p>\n<p><span style=\"color: #333333;\"><em>Billboard postawiony w mie\u015bcie Tatyan, rz\u0105dzonym przez AKP: \u201cChwa\u0142a braciom Kouachi, kt\u00f3rzy pom\u015bcili Pos\u0142a\u0144ca Allaha\/Niechaj Allah przyjmie ich m\u0119cze\u0144stwo\/Kiedy wy [tj. Zach\u00f3d] uderzacie, to jest to demokracja &#8211; kiedy my m\u015bcimy si\u0119, to jest to terroryzm&#8221; [2].<\/em><\/span><\/p>\n<p><span style=\"color: #333333;\"><em>Nie-islamistyczne media tureckie, szczeg\u00f3lnie karykaturzy\u015bci, zareagowali emocjonalnie na zamach. Dziennikarze i karykaturzy\u015bci wiecowali w Stambule z plakatami &#8220;Je Suis Charlie.&#8221; Tureckie anty-islamistyczne periodyki satyryczne \u201eLeman\u201d i \u201ePenguen\u201d upami\u0119tni\u0142y wydarzenie: \u201eLeman\u201d zaczerni\u0142 swoje zdj\u0119cia profilowe na Facebooku i Twitterze, a znak firmowy magazynu \u201ePenguen\u201d, pingwin, p\u0142aka\u0142 na rysunku.<\/em><\/span><\/p>\n<p><span style=\"color: #333333;\"><em>Media islamistyczne w Turcji zamie\u015bci\u0142y gro\u017aby na portalach spo\u0142eczno\u015bciowych wobec \u201cLeman\u201d i \u201cPenguen\u201d [3] i ostro krytykowa\u0142y postaci z medi\u00f3w \u015bwieckich [4].<\/em><\/span><\/p>\n<p style=\"text-align: right;\"><span style=\"color: #000080;\">Czytaj dalej tu:<span style=\"text-decoration: underline;\"><strong><a style=\"color: #000080; text-decoration: underline;\" href=\"**************** \" target=\"_blank\">Reakcje tureckie<\/a>&#8230;<\/strong><\/span><\/span><\/p>\n<hr style=\"height: 15px; background: #d0e6fa; width: 710px;\" \/>\n<div id=\"content\" class=\"  content-alignment&lt;br \/&gt;&lt;br \/&gt; \">\n<div id=\"watch-description\" class=\"yt-uix-button-panel\">\n<div id=\"watch-description-text\">\n<p style=\"text-align: center;\"><span style=\"color: #808080;\"> twoje uwagi, linki, wlasne artykuly, lub wiadomosci przeslij do: <strong><span style=\"text-decoration: underline;\"><span style=\"color: #808080; text-decoration: underline;\"><a href=\"mailto:webmaster@reunion68.com\">webmaster@reunion68.com<\/a><\/span><\/span><\/strong><\/span><\/p>\n<\/div>\n<\/div>\n<\/div>\n<p>&nbsp;<\/p>\n<hr style=\"width: 710px;\" \/>\n","protected":false},"excerpt":{"rendered":"<p>Reakcje tureckie na zamach terrorystyczny na \u201cCharlie Hebdo\u201d: Erdogan oskar\u017ca zachodni\u0105 hipokryzj\u0119, rasizm, mow\u0119 nienawi\u015bci, islamofobi\u0119; media islamistyczne\/pro-AKP usprawiedliwiaj\u0105 to; media \u015bwieckie p\u0142acz\u0105 W Turcji islamistyczne media popieraj\u0105ce AKP usprawiedliwiaj\u0105 zamach terrorystyczny na redakcj\u0119 francuskiego tygodnika satyrycznego \u201dCharlie Hebdo\u201d w Pary\u017cu. Tytu\u0142y i artyku\u0142y g\u0142osz\u0105 twierdzenia, \u017ce Francja zbiera to, co zasia\u0142a i \u017ce \u201cCharlie [&hellip;]<\/p>\n","protected":false},"author":1,"featured_media":0,"comment_status":"closed","ping_status":"closed","sticky":false,"template":"","format":"standard","meta":[],"categories":[6],"tags":[24],"_links":{"self":[{"href":"https:\/\/www.reunion68.se\/index.php?rest_route=\/wp\/v2\/posts\/12798"}],"collection":[{"href":"https:\/\/www.reunion68.se\/index.php?rest_route=\/wp\/v2\/posts"}],"about":[{"href":"https:\/\/www.reunion68.se\/index.php?rest_route=\/wp\/v2\/types\/post"}],"author":[{"embeddable":true,"href":"https:\/\/www.reunion68.se\/index.php?rest_route=\/wp\/v2\/users\/1"}],"replies":[{"embeddable":true,"href":"https:\/\/www.reunion68.se\/index.php?rest_route=%2Fwp%2Fv2%2Fcomments&post=12798"}],"version-history":[{"count":14,"href":"https:\/\/www.reunion68.se\/index.php?rest_route=\/wp\/v2\/posts\/12798\/revisions"}],"predecessor-version":[{"id":12800,"href":"https:\/\/www.reunion68.se\/index.php?rest_route=\/wp\/v2\/posts\/12798\/revisions\/12800"}],"wp:attachment":[{"href":"https:\/\/www.reunion68.se\/index.php?rest_route=%2Fwp%2Fv2%2Fmedia&parent=12798"}],"wp:term":[{"taxonomy":"category","embeddable":true,"href":"https:\/\/www.reunion68.se\/index.php?rest_route=%2Fwp%2Fv2%2Fcategories&post=12798"},{"taxonomy":"post_tag","embeddable":true,"href":"https:\/\/www.reunion68.se\/index.php?rest_route=%2Fwp%2Fv2%2Ftags&post=12798"}],"curies":[{"name":"wp","href":"https:\/\/api.w.org\/{rel}","templated":true}]}}