{"id":128473,"date":"2026-03-11T17:05:00","date_gmt":"2026-03-11T15:05:00","guid":{"rendered":"https:\/\/www.reunion68.se\/?p=128473"},"modified":"2026-03-08T09:08:14","modified_gmt":"2026-03-08T07:08:14","slug":"02-05-123","status":"publish","type":"post","link":"https:\/\/www.reunion68.se\/?p=128473","title":{"rendered":"Od 6 marca obchody Roku Andrzeja Wajdy &#8211; przegl\u0105dy film\u00f3w, wystawy, warsztaty"},"content":{"rendered":"<hr>\n<h3 style=\"text-align: center;\"><a href=\"https:\/\/dzieje.pl\/\" target=\"_blank\" rel=\"noopener noreferrer\"><img decoding=\"async\" class=\"center alignleft\" src=\"http:\/\/www.reunion68.com\/Biuletyn\/img\/dzieje_logo.png\" alt=\"\" width=\"35%\"><\/a><span style=\"text-decoration: underline; color: #000080;\"><span style=\"text-decoration: underline;\"><strong><a style=\"color: #000080; text-decoration: underline;\" href=\"https:\/\/dzieje.pl\/wiadomosci\/obchody-roku-andrzeja-wajdy-przeglady-filmow-wystawy-warsztaty\" target=\"_blank\" rel=\"noopener noreferrer\">Od 6 marca obchody Roku Andrzeja Wajdy &#8211; przegl\u0105dy film\u00f3w, wystawy, warsztaty<\/a><\/strong><\/span><\/span><\/h3>\n<p style=\"text-align: center;\"><span style=\"color: #000000;\"><strong>ksi\/ dki\/<\/strong><\/span><\/p>\n<hr style=\"height: 15px; background: #d0e6fa; width: 100%;\">\n<p style=\"text-align: center;\"><img decoding=\"async\" class=\"aligncenter\" src=\"https:\/\/dzieje.pl\/sites\/default\/files\/styles\/open_article_750x0_\/public\/202602\/pap_20260226_0FK.jpg?itok=Zjq4RThe\" width=\"100%\"><span style=\"color: #808080;\"><em>Materia\u0142y zwi\u0105zane z Andrzejem Wajd\u0105 prezentowane podczas spotkania dotycz\u0105cego obchod\u00f3w Roku Wajdy. Fot. PAP\/Tomasz Gzell<\/em><\/span><\/p>\n<h4><strong>Przegl\u0105dy film\u00f3w, festiwale, wystawy, spektakle, projekty edukacyjne, konferencje, warsztaty \u2013 to tylko niekt\u00f3re z wydarze\u0144, kt\u00f3re obejmuje og\u00f3lnopolski i mi\u0119dzynarodowy program obchod\u00f3w Roku Andrzeja Wajdy. Inauguracja odb\u0119dzie si\u0119 6 marca, w setn\u0105 rocznic\u0119 urodzin re\u017cysera.<\/strong><\/h4>\n<div class=\"field field--name-body field--type-text-with-summary field--label-hidden field__item\">\n<p class=\"ng-binding\"><span style=\"color: #000080;\">Program, przygotowany przez instytucje kultury w ca\u0142ym kraju, b\u0119dzie realizowany przy wsparciu Ministerstwa Kultury i Dziedzictwa Narodowego.<\/span><\/p>\n<p><span style=\"color: #000080;\">Decyzj\u0105 Senatu 2026 r. zosta\u0142 ustanowiony&nbsp;<span class=\"highlighted\">Rok<\/span>iem Andrzeja&nbsp;<span class=\"highlighted\">Wajdy<\/span>&nbsp;w setn\u0105 rocznic\u0119 urodzin re\u017cysera (6 marca 1926 r.) i dziesi\u0105t\u0105 rocznic\u0119 jego \u015bmierci (9 pa\u017adziernika 2016 r.).<\/span><\/p>\n<p><span style=\"color: #000080;\">Minister kultury Marta Cienkowska podczas spotkania zapowiadaj\u0105cego obchody oceni\u0142a, \u017ce Wajda \u201enie tylko inspirowa\u0142, je\u015bli chodzi o kwestie kulturowe, ale r\u00f3wnie\u017c, je\u015bli chodzi o \u015bwiatopogl\u0105d, o to, jak kultura powinna m\u00f3wi\u0107, \u017ce artysta nie mo\u017ce by\u0107 oboj\u0119tny wobec rzeczywisto\u015bci, w kt\u00f3rej \u017cyje\u201d.<\/span><\/p>\n<p><span style=\"color: #000080;\">Poinformowa\u0142a, \u017ce&nbsp;<span class=\"highlighted\">rok<\/span>&nbsp;<span class=\"highlighted\">Wajdy<\/span>&nbsp;b\u0119dzie czasem przypominania s\u0142\u00f3w wielkiego mistrza, jego \u017cycia oraz tego, co zrobi\u0142 dla Polski, a tak\u017ce m\u00f3wienia o tym, jak wielkim by\u0142 patriot\u0105, jak uczy\u0142 nas patriotyzm, jak pokazywa\u0142, \u017ce patriotyzm mo\u017ce by\u0107 niekoniecznie narodowo\u015bciowy i martyrologiczny.<\/span><\/p>\n<p><span style=\"color: #000080;\">&#8211; Ten&nbsp;<span class=\"highlighted\">rok<\/span>&nbsp;b\u0119dzie o tym, \u017ce kultura jest przestrzeni\u0105 realnej rozmowy. To b\u0119dzie&nbsp;<span class=\"highlighted\">rok<\/span>&nbsp;niesamowitych wydarze\u0144, fantastycznych rozm\u00f3w, cudownych instalacji artystycznych, wielkich spotka\u0144, ale przede wszystkim niesamowitej wsp\u00f3\u0142pracy wielu os\u00f3b artystycznych i instytucji &#8211; podkre\u015bli\u0142a Cienkowska.<\/span><\/p>\n<p><span style=\"color: #000080;\">Oficjalne obchody rozpoczn\u0105 si\u0119 6 marca. Tego dnia zaplanowano wernisa\u017c wystawy \u201eAndrzej Wajda w obiektywie Renaty Pajchel\u201d w galerii \u201eOkno na Kultur\u0119\u201d, przygotowanej przez Filmotek\u0119 Narodow\u0105 \u2013 Instytut Audiowizualny.<\/span><\/p>\n<p><span style=\"color: #000080;\">To opowie\u015b\u0107 o niemal trzech dekadach tw\u00f3rczej wsp\u00f3\u0142pracy mi\u0119dzy re\u017cyserem a jego \u201eetatow\u0105 fotosistk\u0105\u201d. Fotosy Pajchel wsp\u00f3\u0142tworzy\u0142y wizualn\u0105 pami\u0119\u0107 takich film\u00f3w jak \u201eCz\u0142owiek z marmuru\u201d, \u201eBez znieczulenia\u201d oraz \u201eWszystko na sprzeda\u017c\u201d, staj\u0105c si\u0119 elementem historii polskiego kina i dziedzictwa filmowego. Szczeg\u00f3lne miejsce na wystawie zajmuj\u0105 powi\u0119kszone, nigdy dot\u0105d nieprezentowane werki \u2013 fotografie zza kulis dokumentuj\u0105ce \u017cycie planu filmowego, a przede wszystkim Andrzeja Wajd\u0119 przy pracy. Wystaw\u0119 b\u0119dzie mo\u017cna ogl\u0105da\u0107 do 3 kwietnia.<\/span><\/p>\n<p><span style=\"color: #000080;\">Wystaw\u0105, kt\u00f3ra r\u00f3wnie\u017c inauguruje obchody, jest ekspozycja w Muzeum Sztuki i Techniki Japo\u0144skiej Manggha w Krakowie \u201eWajda. W stulecie urodzin\u201d (07.03.2026 &#8211; 28.06.2026).<\/span><\/p>\n<p><span style=\"color: #000080;\">O Wajdzie przygotowano wiele wystaw. On sam cz\u0119sto wybiera\u0142 t\u0119 form\u0119 wypowiedzi, obok ksi\u0105\u017cek i film\u00f3w dokumentalnych, by w nieco szerszej perspektywie ukaza\u0107 swoj\u0105 tw\u00f3rczo\u015b\u0107. Jednak po raz pierwszy w ten spos\u00f3b wypowie si\u0119 o nim jego \u017cona Krystyna Zachwatowicz-Wajda, kt\u00f3ra poprzez wybrane przez siebie fotografie, cytaty, notatki i szkice robocze przedstawi sylwetk\u0119 re\u017cysera.<\/span><\/p>\n<p><span style=\"color: #000080;\">W ramach kolejnej ods\u0142ony Akademii Polskiego Filmu \u201eMalarstwo w filmach Andrzeja&nbsp;<span class=\"highlighted\">Wajdy<\/span>\u201d Filmoteka Narodowa &#8211; Instytut Audiowizualny zaprasza do Kina Iluzjon, a tak\u017ce \u0141odzi i Gda\u0144ska na cykl, w kt\u00f3rym odkryte zostanie malarskie DNA tw\u00f3rczo\u015bci&nbsp;<span class=\"highlighted\">Wajdy<\/span>.<\/span><\/p>\n<p><span style=\"color: #000080;\">Re\u017cyser porzuci\u0142 Akademi\u0119 Sztuk Pi\u0119knych na rzecz \u0142\u00f3dzkiej Szko\u0142y Filmowej &#8211; mimo to, malarstwo nigdy nie opu\u015bci\u0142o jego tw\u00f3rczo\u015bci. Kadry jego film\u00f3w o\u017cywaj\u0105 obrazami Matejki, Malczewskiego, Wr\u00f3blewskiego \u2013 mistrz kina przemienia p\u0142\u00f3tna wielkich artyst\u00f3w w ruchome, pulsuj\u0105ce \u017cyciem sceny.<\/span><\/p>\n<p><span style=\"color: #000080;\">Od lutego do czerwca m.in. w kinie Iluzjon zaprezentowanych zostanie 13 dzie\u0142&nbsp;<span class=\"highlighted\">Wajdy<\/span>. Podczas ka\u017cdego ze spotka\u0144 filmoznawcy poprowadz\u0105 widz\u00f3w przez filmowe cytaty, zestawiaj\u0105c kadry z oryginalnymi obrazami: Wyspia\u0144skiego, Grottgera, Gierymskiego, Hoppera, Goi. Dzi\u0119ki akademickim wyk\u0142adom uczestnicy kursu b\u0119d\u0105 mieli okazj\u0119 przekona\u0107 si\u0119 jak Wajda budowa\u0142 nastr\u00f3j, symbolik\u0119 i emocje poprzez dialog z malarstwem.<\/span><\/p>\n<p><span style=\"color: #000080;\">Od marca do grudnia w dziewi\u0119\u0107dziesi\u0119ciu kinach studyjnych w ca\u0142ej Polsce odb\u0119dzie si\u0119 przegl\u0105d \u201eWajda: re-wizje\u201d, organizowany przez Stowarzyszenie Kin Studyjnych.<\/span><\/p>\n<p><span style=\"color: #000080;\">Przegl\u0105d ma na celu przybli\u017cenie&nbsp;<span class=\"highlighted\">Wajdy<\/span>&nbsp;wsp\u00f3\u0142czesnemu odbiorcy jako tw\u00f3rcy aktualnego \u2013 nowoczesnego, m\u0142odzie\u0144czego w ekspresji i niezwykle dynamicznego, re\u017cysera, kt\u00f3ry zawsze trzyma\u0142 r\u0119k\u0119 na pulsie wsp\u00f3\u0142czesnej kultury i z niezwyk\u0142\u0105 przenikliwo\u015bci\u0105 opowiada\u0142 o m\u0142odych ludziach uwik\u0142anych w histori\u0119, polityk\u0119 i narodowe mity. Program przegl\u0105du zosta\u0142 u\u0142o\u017cony w rytmie kalendarza \u2013 ka\u017cdy miesi\u0105c przynosi inny tytu\u0142, koresponduj\u0105cy z por\u0105&nbsp;<span class=\"highlighted\">rok<\/span>u, nastrojem i tematyk\u0105 filmu. Cykl otwiera \u201ePopi\u00f3\u0142 i diament\u201d (1958). W repertuarze znajd\u0105 si\u0119 tak\u017ce \u201eNiewinni czarodzieje\u201d (1960), \u201eWesele\u201d (1972), \u201eWszystko na sprzeda\u017c\u201d (1968), \u201eCz\u0142owiek z marmuru\u201d (1977), \u201eBrzezina\u201d (1970), \u201eBez znieczulenia\u201d (1978) i \u201eKronika wypadk\u00f3w mi\u0142osnych\u201d (1985).<\/span><\/p>\n<p><span style=\"color: #000080;\">Centrum Kultury Filmowej im. Andrzeja&nbsp;<span class=\"highlighted\">Wajdy<\/span>&nbsp;przygotowa\u0142o now\u0105 edycj\u0119 \u201eNiezb\u0119dnika filmowego\u201d \u2013 kompleksowego materia\u0142u dydaktycznego dla nauczycieli szk\u00f3\u0142 ponadpodstawowych, po\u015bwi\u0119conego tw\u00f3rczo\u015bci&nbsp;<span class=\"highlighted\">Wajdy<\/span>. Publikacja powsta\u0142a z my\u015bl\u0105 o pedagogach j\u0119zyka polskiego, historii, wiedzy o spo\u0142ecze\u0144stwie, etyki oraz wychowawcach, kt\u00f3rzy poszukuj\u0105 atrakcyjnych i merytorycznych narz\u0119dzi do pracy z m\u0142odzie\u017c\u0105. Materia\u0142 obejmuje szczeg\u00f3\u0142owe om\u00f3wienia 12 film\u00f3w&nbsp;<span class=\"highlighted\">Wajdy<\/span>&nbsp;\u2013 od klasycznych dzie\u0142 historycznych po kino moralnego niepokoju \u2013 zestawione z propozycjami lekcji, kontekstami interpretacyjnymi oraz gotowymi scenariuszami zaj\u0119\u0107. Wszystkie tre\u015bci zosta\u0142y powi\u0105zane z aktualn\u0105 podstaw\u0105 programow\u0105 i wzbogacone komentarzami filmoznawczymi.<\/span><\/p>\n<p><span style=\"color: #000080;\">Centrum Kultury Filmowej wraz z Muzeum Historii Polski zaprasza tak\u017ce nauczycielki i nauczycieli, edukator\u00f3w, filmoznawc\u00f3w oraz osoby pracuj\u0105ce w kulturze i edukacji na og\u00f3lnopolsk\u0105 konferencj\u0119 \u201eAndrzej Wajda: ucze\u0144, nauczyciel, tw\u00f3rca. Inspiracje edukacyjne\u201d po\u015bwi\u0119con\u0105 tw\u00f3rczo\u015bci re\u017cysera oraz jej potencja\u0142owi w pracy dydaktycznej. Konferencja odb\u0119dzie si\u0119 w dniach 9\u201310 marca w Muzeum Historii Polski w Warszawie. W programie zaplanowano wyk\u0142ady i panele z udzia\u0142em wybitnych badaczy kina i kultury.<\/span><\/p>\n<p><span style=\"color: #000080;\">Wytw\u00f3rnia Film\u00f3w Dokumentalnych i Fabularnych organizuje od marca do grudnia m.in. warsztaty filmowe dla dzieci i m\u0142odzie\u017cy nt. film\u00f3w&nbsp;<span class=\"highlighted\">Wajdy<\/span>.<\/span><\/p>\n<p><span style=\"color: #000080;\">Zesp\u00f3\u0142 Pie\u015bni i Ta\u0144ca \u201e\u015al\u0105sk\u201d im. Stanis\u0142awa Hadyny na obchody&nbsp;<span class=\"highlighted\">Rok<\/span>u Andrzeja&nbsp;<span class=\"highlighted\">Wajdy<\/span>&nbsp;zaprezentuje spektakl \u201eWajda Kilar \u015al\u0105sk\u201d (kwiecie\u0144 \u2013 Kosz\u0119cin, wrzesie\u0144 \u2013 O\u017car\u00f3w Mazowiecki, listopad \u2013 Krak\u00f3w).<\/span><\/p>\n<p><span style=\"color: #000080;\">Kalendarz wszystkich wydarze\u0144 jest dost\u0119pny na stronie&nbsp;<span class=\"highlighted\">Rok<\/span>u Andrzeja&nbsp;<span class=\"highlighted\">Wajdy<\/span>&nbsp;(wajda.pisf.pl), gdzie publikowane s\u0105 aktualne informacje o projektach realizowanych w Polsce i za granic\u0105. (PAP)<\/span><\/p>\n<\/div>\n<hr style=\"height: 15px; background: #d0e6fa; width: 100%;\">\n<div id=\"content\" class=\"content-alignment\">\n<div id=\"watch-description\" class=\"yt-uix-button-panel\">\n<div id=\"watch-description-text\" style=\"text-align: center;\">\n<p><em>Zawarto\u015b\u0107 publikowanych artyku\u0142\u00f3w i materia\u0142\u00f3w nie reprezentuje pogl\u0105d\u00f3w ani opinii Reunion&#8217;68,<\/em><em><br \/>\nani te\u017c webmastera Blogu Reunion&#8217;68, chyba ze jest to wyra\u017anie zaznaczone.<br \/>\nTwoje uwagi, linki, w\u0142asne artyku\u0142y lub wiadomo\u015bci prze\u015blij na adres:<br \/>\n<\/em><span style=\"color: #000080;\"><strong><em><a style=\"color: #000080;\" href=\"mailto:webmaster@reunion68.com\"><span style=\"text-decoration: underline;\">webmaster@reunion68.com<\/span><\/a><\/em><\/strong><\/span><\/p>\n<\/div>\n<\/div>\n<\/div>\n<hr style=\"width: 100%;\">\n","protected":false},"excerpt":{"rendered":"<p>Od 6 marca obchody Roku Andrzeja Wajdy &#8211; przegl\u0105dy film\u00f3w, wystawy, warsztaty ksi\/ dki\/ Materia\u0142y zwi\u0105zane z Andrzejem Wajd\u0105 prezentowane podczas spotkania dotycz\u0105cego obchod\u00f3w Roku Wajdy. Fot. PAP\/Tomasz Gzell Przegl\u0105dy film\u00f3w, festiwale, wystawy, spektakle, projekty edukacyjne, konferencje, warsztaty \u2013 to tylko niekt\u00f3re z wydarze\u0144, kt\u00f3re obejmuje og\u00f3lnopolski i mi\u0119dzynarodowy program obchod\u00f3w Roku Andrzeja Wajdy. Inauguracja [&hellip;]<\/p>\n","protected":false},"author":1,"featured_media":0,"comment_status":"closed","ping_status":"closed","sticky":false,"template":"","format":"standard","meta":[],"categories":[6],"tags":[33,24],"_links":{"self":[{"href":"https:\/\/www.reunion68.se\/index.php?rest_route=\/wp\/v2\/posts\/128473"}],"collection":[{"href":"https:\/\/www.reunion68.se\/index.php?rest_route=\/wp\/v2\/posts"}],"about":[{"href":"https:\/\/www.reunion68.se\/index.php?rest_route=\/wp\/v2\/types\/post"}],"author":[{"embeddable":true,"href":"https:\/\/www.reunion68.se\/index.php?rest_route=\/wp\/v2\/users\/1"}],"replies":[{"embeddable":true,"href":"https:\/\/www.reunion68.se\/index.php?rest_route=%2Fwp%2Fv2%2Fcomments&post=128473"}],"version-history":[{"count":6,"href":"https:\/\/www.reunion68.se\/index.php?rest_route=\/wp\/v2\/posts\/128473\/revisions"}],"predecessor-version":[{"id":128583,"href":"https:\/\/www.reunion68.se\/index.php?rest_route=\/wp\/v2\/posts\/128473\/revisions\/128583"}],"wp:attachment":[{"href":"https:\/\/www.reunion68.se\/index.php?rest_route=%2Fwp%2Fv2%2Fmedia&parent=128473"}],"wp:term":[{"taxonomy":"category","embeddable":true,"href":"https:\/\/www.reunion68.se\/index.php?rest_route=%2Fwp%2Fv2%2Fcategories&post=128473"},{"taxonomy":"post_tag","embeddable":true,"href":"https:\/\/www.reunion68.se\/index.php?rest_route=%2Fwp%2Fv2%2Ftags&post=128473"}],"curies":[{"name":"wp","href":"https:\/\/api.w.org\/{rel}","templated":true}]}}