{"id":12861,"date":"2015-01-19T19:00:54","date_gmt":"2015-01-19T17:00:54","guid":{"rendered":"http:\/\/www.reunion68.se\/?p=12861"},"modified":"2015-01-17T13:05:30","modified_gmt":"2015-01-17T11:05:30","slug":"12861","status":"publish","type":"post","link":"https:\/\/www.reunion68.se\/?p=12861","title":{"rendered":"Antysemityzm ludzi \u0142agodnych i dobrych [WI\u0118\u0179 5 (25) 1960]"},"content":{"rendered":"<h5 style=\"text-align: center;\"><a href=\"http:\/\/www.wiez.pl\/\" target=\"_blank\"><img decoding=\"async\" class=\"center alignleft\" src=\"http:\/\/www.reunion68.com\/Biuletyn\/img\/wiez.png\" alt=\"\" \/><\/a><span style=\"text-decoration: underline; color: #000080;\"><span style=\"text-decoration: underline;\"><strong><a style=\"color: #000080; text-decoration: underline;\" href=\"http:\/\/www.wiez.pl\/czasopismo\/;s,czasopismo_szczegoly,id,318,art,7054\" target=\"_blank\">Antysemityzm ludzi \u0142agodnych i dobrych<\/a><\/strong><\/span><\/span><\/h5>\n<p style=\"text-align: center;\"><strong><span style=\"color: #333333;\">WI\u0118\u0179 5 (25) 1960\u00a0Tadeusz Mazowiecki<\/span><\/strong><\/p>\n<hr style=\"height: 15px; background: #d0e6fa; width: 710px;\" \/>\n<p><img decoding=\"async\" class=\" alignright\" src=\"http:\/\/www.wiez.pl\/zeszyty\/okladka318.jpg\" alt=\"D\u0142ugie oczekiwanie kr\u00f3lestwa \u015bwiat\u0142o\u015bci (i inne...)\" \/><\/p>\n<p style=\"text-align: left;\"><strong><em>Najwi\u0119ksz\u0105 tragedi\u0105 \u017byd\u00f3w jest nie to, \u017ce ich antysemita nienawidzi, ale to, \u017ce \u0142agodni i dobrzy ludzie m\u00f3wi\u0105: \u201eporz\u0105dny cz\u0142owiek, chocia\u017c \u017byd&#8221;.<\/em><\/strong><br \/>\n<strong> Ludwik Hirszfeld: \u201eHistoria jednego \u017cycia\u201d<\/strong><\/p>\n<p style=\"text-align: left;\"><span style=\"color: #000080;\">Przyznam si\u0119, \u017ce kiedy powsta\u0142a inicjatywa przedyskutowania tego problemu ogarn\u0119\u0142y mnie najpierw w\u0105tpliwo\u015bci. Czy dyskutowanie dzi\u015b w Polsce problemu antysemityzmu nie mija si\u0119 z celem albo &#8211; co gorsza &#8211; nie wywo\u0142uje skutk\u00f3w odwrotnych od zamierzonych? S\u0142owem &#8211; obawia\u0142em si\u0119, czy nie b\u0119dzie to czasem wywo\u0142ywanie wilka z lasu, nieumy\u015blne rozbudzanie nami\u0119tno\u015bci, kt\u00f3re w tej kwestii, jak w \u017cadnej innej, powinny wreszcie zamilkn\u0105\u0107.<\/span><\/p>\n<p style=\"text-align: left;\"><span style=\"color: #000080;\">Problem ten wygl\u0105da przecie\u017c obecnie w Polsce zgo\u0142a inaczej ni\u017c w latach mi\u0119dzywojennych. I to jest pierwsza generalna konstatacja, kt\u00f3rej nie spos\u00f3b nie mie\u0107 stale przed oczyma, kiedy si\u0119 do rozpatrywania tej sprawy przyst\u0119puje. Zjawisko otwartego, wojuj\u0105cego antysemityzmu znik\u0142o z powierzchni naszego \u017cycia. Nie ma organizacji, kt\u00f3re by programowo g\u0142osi\u0142y rasizm i antysemityzm. Inne jest stanowisko pa\u0144stwa, kt\u00f3re obie te ideologie traktuje jako wrogie ludzko\u015bci i zakazane przez prawo. Inaczej wygl\u0105da sytuacja w spo\u0142ecze\u0144stwie. Mamy za sob\u0105 tragiczne i do\u015bwiadczenia wojny. Mamy te\u017c za sob\u0105 wiele autentycznej pracy wychowawczej, kt\u00f3ra wprost lub po\u015brednio wp\u0142ywa\u0142a na g\u0142\u0119bsz\u0105, niemechaniczn\u0105 zmian\u0119 postaw ludzkich.<\/span><\/p>\n<p style=\"text-align: left;\"><span style=\"color: #000080;\">Ale &#8211; cho\u0107 pod ka\u017cdym wzgl\u0119dem sytuacja jest inna &#8211; od poruszania tego problemu ucieka\u0107 nie mo\u017cna, bowiem on istnieje. Nie ma otwartego, wojuj\u0105cego antysemityzmu, ale jest jeszcze antysemityzm walcz\u0105cy z zakryt\u0105 przy\u0142bic\u0105. Inny jest jego zasi\u0119g i inne znaczenie, ale nie znik\u0142 on bez reszty. A przede wszystkim istnieje i stanowi w naszym spo\u0142ecze\u0144stwie zjawisko jeszcze ci\u0105gle szerokie antysemityzm \u0142agodny, ta przechowywana na dnie serca pogarda czy po prostu mit anty\u017cydowski, kt\u00f3re, jak nie wygas\u0142\u0105 iskr\u0119 roznieci\u0107 nie tak zn\u00f3w trudno, a kt\u00f3re podtrzymywane s\u0105 przez wiele naros\u0142ych na nowo kompleks\u00f3w.<\/span><\/p>\n<p style=\"text-align: left;\"><span style=\"color: #000080;\">Przezwyci\u0119\u017cenie nie zosta\u0142o wi\u0119c jeszcze doprowadzone do ko\u0144ca. Niedawno przypomniano nam o tym w spos\u00f3b bardzo drastyczny. Rudolf Bucha\u0142a opublikowa\u0142 na \u0142amach \u201eWi\u0119zi\u201d artyku\u0142 o o\u015brodkach neofaszystowskich w r\u00f3\u017cnych krajach \u015bwiata, w kt\u00f3rym omawia\u0142 r\u00f3wnie\u017c spraw\u0119 znanych eksces\u00f3w antysemickich, jakie ostatnio mia\u0142y miejsce w NRF i innych krajach. By\u0142 to referat, kt\u00f3ry wyg\u0142osi\u0142 on w Klubie Inteligencji Katolickiej w Warszawie i w toku dyskusji nad tym w\u0142a\u015bnie referatem zrodzi\u0142a si\u0119 w\u015br\u00f3d s\u0142uchaczy inicjatywa przedyskutowania sprawy antysemityzmu. W par\u0119 dni po opublikowaniu artyku\u0142u Bucha\u0142y redakcja \u201eWi\u0119zi&#8221; otrzyma\u0142a, podpisany kryptonimem, list przypominaj\u0105cy dawne najbardziej niewybredne enuncjacje antysemickie. Autor tego listu przypisuje wszystko z\u0142o zar\u00f3wno w \u015bwiecie, jak i w Polsce \u017bydom, a \u201eWi\u0119\u017a\u201d &#8211; jego zdaniem &#8211; okry\u0142a si\u0119 wieczn\u0105 ha\u0144b\u0105 publikuj\u0105c artyku\u0142 zwalczaj\u0105cy antysemityzm.<\/span><\/p>\n<p style=\"text-align: left;\"><span style=\"color: #000080;\">Mo\u017cna wzruszy\u0107 ramionami i powiedzie\u0107: oto jeden z nieuleczonych, ukryty faszysta. A jednak, czy argumenty, kt\u00f3rymi si\u0119 on pos\u0142uguje, nie s\u0105 ci\u0105gle w spo\u0142ecznym obiegu? Nie ma oczywi\u015bcie sensu dyskutowa\u0107 z cz\u0142owiekiem, kt\u00f3ry pa\u0142a \u017c\u0105dz\u0105 \u015bcinania g\u0142\u00f3w \u017bydowskich. Nie sprowadzajmy jednak wymiaru sprawy do tego, \u017ce \u017cyje jeszcze w Polsce pewna ilo\u015b\u0107 nieuleczonych fanatyk\u00f3w, kt\u00f3rzy gotowi byliby w ka\u017cdej chwili zaktualizowa\u0107 swoje marzenie o pogromach. Istnieje przede wszystkich problem gleby, na kt\u00f3rej i takie zjawiska mog\u0105 jeszcze wyrasta\u0107. A wi\u0119c &#8211; program spo\u0142eczno-psychologicznego klimatu, w kt\u00f3rym pozosta\u0142 wci\u0105\u017c jeszcze g\u0142\u0119boki osad antysemityzmu.<\/span><\/p>\n<p style=\"text-align: left;\"><span style=\"color: #000080;\">Dlatego w\u0142a\u015bnie rozwa\u017cania te adresuj\u0119 nie do fanatyk\u00f3w i pogrobowc\u00f3w faszyzmu, nie do wojuj\u0105cych antysemit\u00f3w, z kt\u00f3rymi dyskutowa\u0107 nie ma sensu. Ich postawa nie stanowi zreszt\u0105 dzi\u015b w naszych warunkach \u201efigury centralnej&#8221; w obrazie tego problemu. Du\u017co wi\u0119ksze znaczenie ma \u00f3w osad antysemityzmu, kt\u00f3ry w przeci\u0119tnych postawach pozosta\u0142 z przesz\u0142o\u015bci lub nar\u00f3s\u0142 na nowo i od czasu do czasu daje o sobie zna\u0107. Pisz\u0119 wi\u0119c z my\u015bl\u0105 o przeci\u0119tnych, \u0142agodnych i dobrych ludziach, kt\u00f3rzy m\u00f3wi\u0105 \u201eporz\u0105dny cz\u0142owiek, chocia\u017c \u017byd\u201d.<\/span><\/p>\n<p style=\"text-align: right;\"><span style=\"color: #000080;\">Czytaj dalej tu: <span style=\"text-decoration: underline;\"><strong><a style=\"color: #000080; text-decoration: underline;\" href=\"http:\/\/www.wiez.pl\/czasopismo\/;s,czasopismo_szczegoly,id,318,art,7054\" target=\"_blank\">Antysemityzm ludzi&#8230;<\/a><\/strong><\/span><\/span><\/p>\n<hr style=\"height: 15px; background: #d0e6fa; width: 710px;\" \/>\n<div id=\"content\" class=\"  content-alignment&lt;br \/&gt;&lt;br \/&gt; \">\n<div id=\"watch-description\" class=\"yt-uix-button-panel\">\n<div id=\"watch-description-text\">\n<p style=\"text-align: center;\"><span style=\"color: #808080;\"> twoje uwagi, linki, wlasne artykuly, lub wiadomosci przeslij do: <strong><span style=\"text-decoration: underline;\"><span style=\"color: #808080; text-decoration: underline;\"><a href=\"mailto:webmaster@reunion68.com\">webmaster@reunion68.com<\/a><\/span><\/span><\/strong><\/span><\/p>\n<\/div>\n<\/div>\n<\/div>\n<p>&nbsp;<\/p>\n<hr style=\"width: 710px;\" \/>\n","protected":false},"excerpt":{"rendered":"<p>Antysemityzm ludzi \u0142agodnych i dobrych WI\u0118\u0179 5 (25) 1960\u00a0Tadeusz Mazowiecki Najwi\u0119ksz\u0105 tragedi\u0105 \u017byd\u00f3w jest nie to, \u017ce ich antysemita nienawidzi, ale to, \u017ce \u0142agodni i dobrzy ludzie m\u00f3wi\u0105: \u201eporz\u0105dny cz\u0142owiek, chocia\u017c \u017byd&#8221;. Ludwik Hirszfeld: \u201eHistoria jednego \u017cycia\u201d Przyznam si\u0119, \u017ce kiedy powsta\u0142a inicjatywa przedyskutowania tego problemu ogarn\u0119\u0142y mnie najpierw w\u0105tpliwo\u015bci. Czy dyskutowanie dzi\u015b w Polsce [&hellip;]<\/p>\n","protected":false},"author":1,"featured_media":0,"comment_status":"closed","ping_status":"closed","sticky":false,"template":"","format":"standard","meta":[],"categories":[6],"tags":[24],"_links":{"self":[{"href":"https:\/\/www.reunion68.se\/index.php?rest_route=\/wp\/v2\/posts\/12861"}],"collection":[{"href":"https:\/\/www.reunion68.se\/index.php?rest_route=\/wp\/v2\/posts"}],"about":[{"href":"https:\/\/www.reunion68.se\/index.php?rest_route=\/wp\/v2\/types\/post"}],"author":[{"embeddable":true,"href":"https:\/\/www.reunion68.se\/index.php?rest_route=\/wp\/v2\/users\/1"}],"replies":[{"embeddable":true,"href":"https:\/\/www.reunion68.se\/index.php?rest_route=%2Fwp%2Fv2%2Fcomments&post=12861"}],"version-history":[{"count":15,"href":"https:\/\/www.reunion68.se\/index.php?rest_route=\/wp\/v2\/posts\/12861\/revisions"}],"predecessor-version":[{"id":12877,"href":"https:\/\/www.reunion68.se\/index.php?rest_route=\/wp\/v2\/posts\/12861\/revisions\/12877"}],"wp:attachment":[{"href":"https:\/\/www.reunion68.se\/index.php?rest_route=%2Fwp%2Fv2%2Fmedia&parent=12861"}],"wp:term":[{"taxonomy":"category","embeddable":true,"href":"https:\/\/www.reunion68.se\/index.php?rest_route=%2Fwp%2Fv2%2Fcategories&post=12861"},{"taxonomy":"post_tag","embeddable":true,"href":"https:\/\/www.reunion68.se\/index.php?rest_route=%2Fwp%2Fv2%2Ftags&post=12861"}],"curies":[{"name":"wp","href":"https:\/\/api.w.org\/{rel}","templated":true}]}}