{"id":128801,"date":"2026-03-14T17:05:00","date_gmt":"2026-03-14T15:05:00","guid":{"rendered":"https:\/\/www.reunion68.se\/?p=128801"},"modified":"2026-03-11T07:31:36","modified_gmt":"2026-03-11T05:31:36","slug":"14-09-118","status":"publish","type":"post","link":"https:\/\/www.reunion68.se\/?p=128801","title":{"rendered":"Wojna na Bliskim Wschodzie. Chasydzi z Izraela nie przyjechali z pielgrzymk\u0105 do grobu Elimelecha w Le\u017cajsku"},"content":{"rendered":"<p style=\"text-align: center;\"><img decoding=\"async\" class=\"aligncenter\" src=\"https:\/\/bi.im-g.pl\/im\/77\/23\/1f\/z32652407AMP,Lezajsk--10-marca-2026-r--Doroczna-pielgrzymka-cha.jpg\" width=\"100%\" \/><span style=\"color: #808080;\"><em>Le\u017cajsk, 10 marca 2026 r. Doroczna pielgrzymka chasyd\u00f3w do grobu cadyka Elimelecha z okazji rocznicy jego \u015bmierci (Fot. Patryk Ogorza\u0142ek \/ Agencja Wyborcza.pl)<\/em><\/span><\/p>\n<hr \/>\n<h3 style=\"text-align: center;\"><a href=\"\/\/rzeszow.wyborcza.pl\/\" target=\"_blank\" rel=\"noopener noreferrer\"><img decoding=\"async\" class=\"center alignleft\" src=\"http:\/\/www.reunion68.com\/Biuletyn\/img\/wyborcza.png\" alt=\"\" width=\"35%\" \/><\/a><span style=\"text-decoration: underline; color: #000080;\"><strong><a style=\"color: #000080; text-decoration: underline;\" href=\"https:\/\/rzeszow.wyborcza.pl\/rzeszow\/7,34962,32652634,chasydzi-z-izraela-nie-przyjechali-z-pielgrzymka-do-grobu-elimelecha.html\" target=\"_blank\" rel=\"noopener noreferrer\">Wojna na Bliskim Wschodzie. Chasydzi z Izraela nie przyjechali z pielgrzymk\u0105 do grobu Elimelecha w Le\u017cajsku<\/a><\/strong><\/span><\/h3>\n<p style=\"text-align: center;\"><span style=\"color: #000000;\"><strong>Anna Gorczyca<\/strong><\/span><\/p>\n<hr style=\"height: 15px; background: #d0e6fa; width: 100%;\" \/>\n<h4 class=\"text--lead \"><strong>Spodziewali\u015bmy si\u0119 oko\u0142o 15 tys. pielgrzym\u00f3w. Ostatecznie przyjecha\u0142o 3,5-4 tys. os\u00f3b, g\u0142\u00f3wnie z USA i Europy &#8211; m\u00f3wi Micha\u0142 Konieczny, dyrektor Fundacji Chasyd\u00f3w Le\u017cajsk-Polska.<\/strong><\/h4>\n<div class=\"article--content article--content-free  \">\n<p class=\"text--paragraph\"><span style=\"color: #000080;\">Chasydzi przyje\u017cd\u017caj\u0105 do Le\u017cajska, aby czci\u0107 kolejne rocznice \u015bmierci cadyka Elimelecha. Wierz\u0105, \u017ce w tym dniu zst\u0119puje on z nieba i zanosi do Boga ich pro\u015bby o zdrowie, pomy\u015blno\u015b\u0107 dla dzieci czy powodzenie w pracy. Swoje intencje zapisuj\u0105 na karteczkach zwanych kwite\u0142e i sk\u0142adaj\u0105 je przy grobie cadyka, znajduj\u0105cym si\u0119 w ohelu na cmentarzu. Modl\u0105 si\u0119, ta\u0144cz\u0105 i \u015bpiewaj\u0105 psalmy. Przed modlitw\u0105 obowi\u0105zkowo korzystaj\u0105 z mykwy, czyli rytualnej \u0142a\u017ani. Kobiety modl\u0105 si\u0119 w osobnej sali.<\/span><\/p>\n<\/div>\n<p class=\"text--paragraph\"><span style=\"color: #000080;\">W tym roku przypada 239. jorcajt, czyli rocznica \u015bmierci cadyka Elimelecha. Zmar\u0142 11 marca 1787 roku, 21 dnia miesi\u0105ca adar. Uroczysto\u015bci przy jego grobie rozpocz\u0119\u0142y si\u0119 w poniedzia\u0142ek 9 marca, trwa\u0142y ca\u0142\u0105 noc i zako\u0144cz\u0105 si\u0119 we wtorek 10 marca oko\u0142o godz. 22\u201323.<\/span><\/p>\n<p class=\"text--paragraph\"><span style=\"color: #000080;\">\u2013 Pielgrzymi ca\u0142y czas doje\u017cd\u017caj\u0105. Po modlitwach cz\u0119\u015b\u0107 z nich nocuje w Le\u017cajsku, a cz\u0119\u015b\u0107 wyje\u017cd\u017ca po kilku godzinach \u2013 m\u00f3wi Micha\u0142 Konieczny, dyrektor Fundacji Chasyd\u00f3w Le\u017cajsk-Polska.<\/span><\/p>\n<p class=\"text--paragraph\"><span style=\"color: #000080;\">Przyznaje: &#8211; Spodziewali\u015bmy si\u0119 oko\u0142o 15 tys. pielgrzym\u00f3w. Tydzie\u0144 temu, gdy rozpocz\u0119\u0142a si\u0119 wojna z Iranem, dowiedzieli\u015bmy si\u0119, \u017ce pielgrzym\u00f3w z Izraela raczej nie b\u0119dzie. Ostatecznie przyjecha\u0142o 3,5-4 tys. os\u00f3b, g\u0142\u00f3wnie z USA i Europy.<\/span><\/p>\n<h4 class=\"text--title font-head-700\"><strong>Pielgrzymka z wi\u0119ksz\u0105 ochron\u0105\u00a0<\/strong><\/h4>\n<p class=\"text--paragraph\"><span style=\"color: #000080;\">Pielgrzymki organizuj\u0105 dwie fundacje chasydzkie: w Nowym Jorku i w Izraelu. Przygotowanie uroczysto\u015bci w Le\u017cajsku to ogromne wyzwanie logistyczne: trzeba zapewni\u0107 transport, wy\u017cywienie, noclegi. Chasydzi przyje\u017cd\u017caj\u0105 autokarami. W poprzednich latach bywa\u0142o, \u017ce by\u0142o ich tak du\u017co, i\u017c w Le\u017cajsku tworzy\u0142y si\u0119 korki, ale mieszka\u0144cy s\u0105 ju\u017c do tego przyzwyczajeni. Ka\u017cdy pielgrzym ma zapewnione koszerne posi\u0142ki przygotowane zgodnie z zasadami. W Domu Pielgrzyma znajduj\u0105cym si\u0119 w pobli\u017cu cmentarza s\u0105 toalety, miejsce modlitwy oraz jadalnia z gotowym jedzeniem. \u2013 Noclegi s\u0105 rozlokowane w ca\u0142ym Le\u017cajsku \u2013 dodaje dyrektor Konieczny.<\/span><\/p>\n<p class=\"text--paragraph\"><span style=\"color: #000080;\">Chasydzi przebywaj\u0105 w Le\u017cajsku bardzo kr\u00f3tko \u2013 zwykle kilka godzin. Je\u015bli spaceruj\u0105 po mie\u015bcie, to g\u0142\u00f3wnie w okolicy cmentarza. W czasie ich wizyty w mie\u015bcie pojawia si\u0119 wi\u0119cej policjant\u00f3w.<\/span><\/p>\n<blockquote class=\"text--quote font-quotation-500\"><p><strong>\u2013 W tym roku \u015brodki bezpiecze\u0144stwa s\u0105 wi\u0119ksze. S\u0105 policjanci, antyterrory\u015bci, w gotowo\u015bci s\u0105 te\u017c stra\u017cacy i stra\u017c miejska. Ze wzgl\u0119du na sytuacj\u0119 na Bliskim Wschodzie robimy wszystko, aby zapewni\u0107 wszystkim bezpiecze\u0144stwo \u2013 m\u00f3wi burmistrz Le\u017cajska Krzysztof Tr\u0119bacz.<\/strong><\/p><\/blockquote>\n<p class=\"text--paragraph\"><span style=\"color: #000080;\">Le\u017cajsk a\u017c do II wojny \u015bwiatowej by\u0142 zamieszkany przez liczn\u0105 spo\u0142eczno\u015b\u0107 \u017cydowsk\u0105 i nale\u017ca\u0142 do najwa\u017cniejszych o\u015brodk\u00f3w chasydyzmu w Polsce. Elimelech Weisblum by\u0142 jednym z za\u0142o\u017cycieli tego ruchu, kt\u00f3ry w XVIII wieku d\u0105\u017cy\u0142 do duchowego odrodzenia judaizmu. Znany by\u0142 zar\u00f3wno jako duchowy uzdrowiciel, jak i przyw\u00f3dca \u017cydowskiej mistyki.<\/span><\/p>\n<hr \/>\n<p class=\"text--paragraph\"><span style=\"color: #808080;\"><i>Redagowa\u0142a <strong>Beata Str\u0105k<\/strong><\/i><\/span><\/p>\n<hr style=\"height: 15px; background: #d0e6fa; width: 100%;\" \/>\n<div id=\"content\" class=\"content-alignment\">\n<div id=\"watch-description\" class=\"yt-uix-button-panel\">\n<div id=\"watch-description-text\" style=\"text-align: center;\">\n<p><em>Zawarto\u015b\u0107 publikowanych artyku\u0142\u00f3w i materia\u0142\u00f3w nie reprezentuje pogl\u0105d\u00f3w ani opinii Reunion&#8217;68,<\/em><em><br \/>\nani te\u017c webmastera Blogu Reunion&#8217;68, chyba ze jest to wyra\u017anie zaznaczone.<br \/>\nTwoje uwagi, linki, w\u0142asne artyku\u0142y lub wiadomo\u015bci prze\u015blij na adres:<br \/>\n<\/em><span style=\"color: #000080;\"><strong><em><a style=\"color: #000080;\" href=\"mailto:webmaster@reunion68.com\"><span style=\"text-decoration: underline;\">webmaster@reunion68.com<\/span><\/a><\/em><\/strong><\/span><\/p>\n<\/div>\n<\/div>\n<\/div>\n<hr style=\"width: 100%;\" \/>\n","protected":false},"excerpt":{"rendered":"<p>Le\u017cajsk, 10 marca 2026 r. Doroczna pielgrzymka chasyd\u00f3w do grobu cadyka Elimelecha z okazji rocznicy jego \u015bmierci (Fot. Patryk Ogorza\u0142ek \/ Agencja Wyborcza.pl) Wojna na Bliskim Wschodzie. Chasydzi z Izraela nie przyjechali z pielgrzymk\u0105 do grobu Elimelecha w Le\u017cajsku Anna Gorczyca Spodziewali\u015bmy si\u0119 oko\u0142o 15 tys. pielgrzym\u00f3w. Ostatecznie przyjecha\u0142o 3,5-4 tys. os\u00f3b, g\u0142\u00f3wnie z USA [&hellip;]<\/p>\n","protected":false},"author":1,"featured_media":0,"comment_status":"closed","ping_status":"closed","sticky":false,"template":"","format":"standard","meta":[],"categories":[6],"tags":[33,24],"_links":{"self":[{"href":"https:\/\/www.reunion68.se\/index.php?rest_route=\/wp\/v2\/posts\/128801"}],"collection":[{"href":"https:\/\/www.reunion68.se\/index.php?rest_route=\/wp\/v2\/posts"}],"about":[{"href":"https:\/\/www.reunion68.se\/index.php?rest_route=\/wp\/v2\/types\/post"}],"author":[{"embeddable":true,"href":"https:\/\/www.reunion68.se\/index.php?rest_route=\/wp\/v2\/users\/1"}],"replies":[{"embeddable":true,"href":"https:\/\/www.reunion68.se\/index.php?rest_route=%2Fwp%2Fv2%2Fcomments&post=128801"}],"version-history":[{"count":5,"href":"https:\/\/www.reunion68.se\/index.php?rest_route=\/wp\/v2\/posts\/128801\/revisions"}],"predecessor-version":[{"id":128813,"href":"https:\/\/www.reunion68.se\/index.php?rest_route=\/wp\/v2\/posts\/128801\/revisions\/128813"}],"wp:attachment":[{"href":"https:\/\/www.reunion68.se\/index.php?rest_route=%2Fwp%2Fv2%2Fmedia&parent=128801"}],"wp:term":[{"taxonomy":"category","embeddable":true,"href":"https:\/\/www.reunion68.se\/index.php?rest_route=%2Fwp%2Fv2%2Fcategories&post=128801"},{"taxonomy":"post_tag","embeddable":true,"href":"https:\/\/www.reunion68.se\/index.php?rest_route=%2Fwp%2Fv2%2Ftags&post=128801"}],"curies":[{"name":"wp","href":"https:\/\/api.w.org\/{rel}","templated":true}]}}