{"id":12895,"date":"2015-01-19T19:05:50","date_gmt":"2015-01-19T17:05:50","guid":{"rendered":"http:\/\/www.reunion68.se\/?p=12895"},"modified":"2015-01-18T15:05:23","modified_gmt":"2015-01-18T13:05:23","slug":"12895","status":"publish","type":"post","link":"https:\/\/www.reunion68.se\/?p=12895","title":{"rendered":"Ewakuacja i likwidacja obozu Auschwitz-Birkenau"},"content":{"rendered":"<h5 style=\"text-align: center;\"><a href=\"http:\/\/pl.auschwitz.org\/\" target=\"_blank\"><img decoding=\"async\" class=\"center alignleft\" src=\"http:\/\/www.reunion68.com\/Biuletyn\/img\/birkenau.png\" alt=\"\" \/><\/a><span style=\"text-decoration: underline; color: #000080;\"><span style=\"text-decoration: underline;\"><strong><a style=\"color: #000080; text-decoration: underline;\" href=\"http:\/\/pl.auschwitz.org\/h\/index.php?option=com_content&amp;task=view&amp;id=22&amp;Itemid=25&amp;limit=1&amp;limitstart=3\" target=\"_blank\">Ewakuacja i likwidacja obozu<\/a><\/strong><\/span><\/span><\/h5>\n<hr style=\"height: 15px; background: #d0e6fa; width: 710px;\" \/>\n<p><span style=\"color: #000080;\">Od 17 do 21 stycznia wyprowadzono z KL Auschwitz i jego podoboz\u00f3w oko\u0142o 56 tys. wi\u0119\u017ani\u00f3w w pieszych kolumnach ewakuacyjnych, g\u0142\u00f3wnie na zach\u00f3d, przez G\u00f3rny i Dolny \u015al\u0105sk, dwa dni p\u00f3\u017aniej w transportach kolejowych ewakuowano 2 tys. wi\u0119\u017ani\u00f3w z podoboz\u00f3w w \u015awi\u0119toch\u0142owicach i Siemianowicach. G\u0142\u00f3wne piesze trasy ewakuacyjne wiod\u0142y do Wodzis\u0142awia \u015al\u0105skiego i Gliwic, gdzie wiele kolumn ewakuacyj\u00adnych przeformowano w transporty kole\u00adjowe. Jedn\u0105 z najd\u0142u\u017cszych tras przeby\u0142o oko\u0142o 3,2 tys. wi\u0119\u017a\u00adni\u00f3w z podobozu w Jaworznie \u2212 250 km do KL Gross-Rosen na Dolnym \u015al\u0105sku.<\/span><\/p>\n<p><img decoding=\"async\" class=\" aligncenter\" src=\"http:\/\/pl.auschwitz.org\/m\/index.php?option=com_ponygallery&amp;func=watermark&amp;id=1449&amp;Itemid=17\" alt=\" \" width=\"710\" border=\"1\" hspace=\"3\" vspace=\"0\" \/><\/p>\n<p><span style=\"color: #000080;\">Kolumny ewakuacyjne mia\u0142y sk\u0142ada\u0107 si\u0119 wy\u0142\u0105cznie ze zdrowych, silnych lu\u00addzi, zdolnych do odbycia kilkudziesi\u0119ciokilometrowego marszu, lecz w prak\u00adtyce zg\u0142aszali si\u0119 do wyj\u015bcia tak\u017ce wi\u0119\u017a\u00adniowie chorzy i wycie\u0144czeni, s\u0105dzili bo\u00adwiem \u2212 nie bez podstaw, \u017ce ci, kt\u00f3rzy pozostan\u0105 na miejscu, zostan\u0105 zg\u0142adze\u00adni. Razem z doros\u0142ymi wi\u0119\u017aniami wy\u00adruszyli w drog\u0119 tak\u017ce ma\u0142oletni wi\u0119\u017a\u00adniowie \u2212 dzieci \u017cydowskie i polskie.<\/span><\/p>\n<p><span style=\"color: #000080;\">Na wszystkich trasach esesma\u0144scy konwojenci strzelali zar\u00f3wno do wi\u0119\u017ani\u00f3w usi\u0142uj\u0105cych zbiec, jak i do nie nad\u0105\u017caj\u0105cych za wsp\u00f3\u0142towa\u00adrzyszami z powodu wyczerpania fizycz\u00adnego. Zar\u00f3wno piesze, jak i kolejowe trasy ewakuacyjne us\u0142ane zosta\u0142y ty\u00adsi\u0105cami zw\u0142ok wi\u0119\u017ani\u00f3w zastrzelonych oraz zmar\u0142ych z wycie\u0144czenia lub prze\u00admarzni\u0119cia. Tylko na G\u00f3rnym \u015al\u0105sku ponios\u0142o \u015bmier\u0107 oko\u0142o 3 tys. ewakuo\u00adwanych wi\u0119\u017ani\u00f3w. Ocenia si\u0119, \u017ce w trak\u00adcie ca\u0142ej ewakuacji zgin\u0119\u0142o nie mniej ni\u017c 9 tysi\u0119cy, a prawdopodobnie do 15 tysi\u0119\u00adcy wi\u0119\u017ani\u00f3w KL Auschwitz. Przemarsze ewakuowanych wi\u0119\u017ani\u00f3w nazwano po wojnie \u201emarszami \u015bmierci\u201d.<\/span><\/p>\n<p><span style=\"color: #000080;\">Jednym z nielicznie zachowanych dokument\u00f3w proweniencji nazistowskiej odnosz\u0105cych si\u0119 do \u201emarsz\u00f3w \u015bmierci\u201d jest raport esesma\u0144ski z 13 marca 1945 r. stwierdzaj\u0105cy przybycie w dniu uprzednim do obozu Leitmeritz (Litomierzyce) w Czechach 58 wi\u0119\u017a\u00adni\u00f3w ewakuowanych z wymienionego podobozu o\u015bwi\u0119\u00adcimskiego Hubertush\u00fctte. W raporcie stwierdzono, \u017ce 144 wi\u0119\u017a\u00adni\u00f3w tego podobozu (w wi\u0119kszo\u015bci \u017byd\u00f3w) \u201ezmar\u0142o\u201d (verstorben) w drodze.<\/span><\/p>\n<p><span style=\"color: #000080;\">W niekt\u00f3rych miejscowo\u015bciach na trasach ewakuacyjnych mia\u0142y miejsce masakry wi\u0119\u017ani\u00f3w. W nocy z 21\/22 stycznia 1945 r. na stacji kolejowej w Leszczynach\/Rz\u0119d\u00f3wce ko\u0142o Rybnika. zatrzymano poci\u0105g odprawiony z Gliwic z oko\u0142o 2,5 tys. wi\u0119\u017aniami. Po po\u0142udniu 22 stycznia rozkazano wi\u0119\u017aniom opu\u015bci\u0107 wagony. Z powodu wycie\u0144czenia fizycznego cz\u0119\u015b\u0107 z nich nie by\u0142a w stanie wykona\u0107 tego rozkazu. Esesmani z eskorty transportu oraz miejscowi policjanci hitlerowscy otworzyli wi\u0119c ogie\u0144 z karabin\u00f3w maszynowych w otwarte drzwi wagon\u00f3w. Ocala\u0142ych, wyp\u0119dzonych z wagon\u00f3w wi\u0119\u017ani\u00f3w pognano na zach\u00f3d. Po ich odej\u015bciu na terenie stacji i w okolicy zebrano ponad 300 zw\u0142ok wi\u0119\u017ani\u00f3w zastrzelonych oraz zmar\u0142ych z wycie\u0144czenia b\u0105d\u017a przemarzni\u0119cia.<\/span><\/p>\n<p><span style=\"color: #000080;\">Wielu Polak\u00f3w oraz Czech\u00f3w, mieszka\u0144c\u00f3w miejscowo\u015bci, przez kt\u00f3re, wzgl\u0119dnie obok kt\u00f3rych przebiega\u0142y trasy ewakuacyjne, pospieszy\u0142o z pomoc\u0105 ewakuowanym wi\u0119\u017aniom. Polega\u0142a ona g\u0142\u00f3wnie na podawaniu wi\u0119\u017aniom wody i \u017cywno\u015bci oraz ukrywaniu uciekinier\u00f3w. Za pomoc uciekinierom w dotrwaniu do wyzwolenia szereg os\u00f3b zosta\u0142o uhonorowanych po wojnie izraelskim odznaczeniem Sprawiedliwy w\u015br\u00f3d Narod\u00f3w \u015awiata.<\/span><\/p>\n<p><span style=\"color: #000080;\">Najdok\u0142adniej dot\u0105d zosta\u0142 rozpoznany i przedstawiony w publikacjach przebieg marszu wi\u0119\u017ani\u00f3w trasami: O\u015bwi\u0119cim \u2013 Pszczyna \u2212 Wodzis\u0142aw \u015al\u0105ski, O\u015bwi\u0119cim &#8211; Tychy &#8211; Gliwice oraz Leszczyny\/Rz\u0119d\u00f3wka \u2013 Kamie\u0144 \u2013 Rybnik \u2013 Racib\u00f3rz (przede wszystkim w pracach Andrzeja Strzeleckiego, Jana Delowicza, Haliny Wr\u00f3bel i Ireny Paj\u0105k), tak\u017ce trasami, kt\u00f3re wiod\u0142y przez Opolszczyzn\u0119 (m. in. w pracach Stanis\u0142awa \u0141ukowskiego i Krzysztofa \u015awierkosza) oraz tras\u0105 Kamienna G\u00f3ra \u2013 Kowary (w pracy Hermanna F. Weissa), stanowi\u0105cej odcinek szlaku wiod\u0105cego do Miel\u0119cic (Geppersdorf) na Dolnym \u015al\u0105sku.<\/span><br \/>\n<span style=\"color: #000080;\"> W oparciu o materia\u0142y dokumentalne zgromadzone w Pa\u0144stwowym Muzeum Auschwitz-Birkenau mo\u017cna by te\u017c stosunkowo dok\u0142adnie przedstawi\u0107 marsze ewakuacyjne wi\u0119\u017ani\u00f3w trasami: Jaworzno &#8211; Gliwice &#8211; KL Gross Rosen (trasa z podobozu Neu Dachs) i Golesz\u00f3w \u2013 Wodzis\u0142aw \u015al\u0105ski (trasa z podobozu Golleschau), ponadto przejazd kolejowych \u201etransport\u00f3w \u015bmierci\u201d przez Morawy i Czechy oraz niekt\u00f3re miejscowo\u015bci w Saksonii.<\/span><\/p>\n<p style=\"text-align: right;\"><span style=\"color: #000080;\">Czytaj dalej tu:<span style=\"text-decoration: underline;\"><strong> <a style=\"color: #000080; text-decoration: underline;\" href=\"http:\/\/pl.auschwitz.org\/h\/index.php?option=com_content&amp;task=view&amp;id=22&amp;Itemid=25&amp;limit=1&amp;limitstart=3\" target=\"_blank\">Ewakuacja i likwidacja obozu<\/a><\/strong><\/span><\/span><\/p>\n<hr style=\"height: 15px; background: #d0e6fa; width: 710px;\" \/>\n<div id=\"content\" class=\"  content-alignment&lt;br \/&gt;&lt;br \/&gt; \">\n<div id=\"watch-description\" class=\"yt-uix-button-panel\">\n<div id=\"watch-description-text\">\n<p style=\"text-align: center;\"><span style=\"color: #808080;\"> twoje uwagi, linki, wlasne artykuly, lub wiadomosci przeslij do: <strong><span style=\"text-decoration: underline;\"><span style=\"color: #808080; text-decoration: underline;\"><a href=\"mailto:webmaster@reunion68.com\">webmaster@reunion68.com<\/a><\/span><\/span><\/strong><\/span><\/p>\n<\/div>\n<\/div>\n<\/div>\n<p>&nbsp;<\/p>\n<hr style=\"width: 710px;\" \/>\n","protected":false},"excerpt":{"rendered":"<p>Ewakuacja i likwidacja obozu Od 17 do 21 stycznia wyprowadzono z KL Auschwitz i jego podoboz\u00f3w oko\u0142o 56 tys. wi\u0119\u017ani\u00f3w w pieszych kolumnach ewakuacyjnych, g\u0142\u00f3wnie na zach\u00f3d, przez G\u00f3rny i Dolny \u015al\u0105sk, dwa dni p\u00f3\u017aniej w transportach kolejowych ewakuowano 2 tys. wi\u0119\u017ani\u00f3w z podoboz\u00f3w w \u015awi\u0119toch\u0142owicach i Siemianowicach. G\u0142\u00f3wne piesze trasy ewakuacyjne wiod\u0142y do Wodzis\u0142awia [&hellip;]<\/p>\n","protected":false},"author":1,"featured_media":0,"comment_status":"closed","ping_status":"closed","sticky":false,"template":"","format":"standard","meta":[],"categories":[4],"tags":[24],"_links":{"self":[{"href":"https:\/\/www.reunion68.se\/index.php?rest_route=\/wp\/v2\/posts\/12895"}],"collection":[{"href":"https:\/\/www.reunion68.se\/index.php?rest_route=\/wp\/v2\/posts"}],"about":[{"href":"https:\/\/www.reunion68.se\/index.php?rest_route=\/wp\/v2\/types\/post"}],"author":[{"embeddable":true,"href":"https:\/\/www.reunion68.se\/index.php?rest_route=\/wp\/v2\/users\/1"}],"replies":[{"embeddable":true,"href":"https:\/\/www.reunion68.se\/index.php?rest_route=%2Fwp%2Fv2%2Fcomments&post=12895"}],"version-history":[{"count":16,"href":"https:\/\/www.reunion68.se\/index.php?rest_route=\/wp\/v2\/posts\/12895\/revisions"}],"predecessor-version":[{"id":12912,"href":"https:\/\/www.reunion68.se\/index.php?rest_route=\/wp\/v2\/posts\/12895\/revisions\/12912"}],"wp:attachment":[{"href":"https:\/\/www.reunion68.se\/index.php?rest_route=%2Fwp%2Fv2%2Fmedia&parent=12895"}],"wp:term":[{"taxonomy":"category","embeddable":true,"href":"https:\/\/www.reunion68.se\/index.php?rest_route=%2Fwp%2Fv2%2Fcategories&post=12895"},{"taxonomy":"post_tag","embeddable":true,"href":"https:\/\/www.reunion68.se\/index.php?rest_route=%2Fwp%2Fv2%2Ftags&post=12895"}],"curies":[{"name":"wp","href":"https:\/\/api.w.org\/{rel}","templated":true}]}}