{"id":12934,"date":"2015-01-18T19:08:54","date_gmt":"2015-01-18T17:08:54","guid":{"rendered":"http:\/\/www.reunion68.se\/?p=12934"},"modified":"2015-01-18T15:39:56","modified_gmt":"2015-01-18T13:39:56","slug":"12934","status":"publish","type":"post","link":"https:\/\/www.reunion68.se\/?p=12934","title":{"rendered":"Pami\u0119ci skre\u015blonych"},"content":{"rendered":"<h5 style=\"text-align: center;\"><a href=\"http:\/\/www.uni.wroc.pl\/\" target=\"_blank\"><img decoding=\"async\" class=\"center alignleft\" src=\"http:\/\/www.reunion68.com\/Biuletyn\/img\/un-wroclaw.png\" alt=\"\" \/><\/a><span style=\"text-decoration: underline; color: #000080;\"><span style=\"text-decoration: underline;\"><strong><a style=\"color: #000080; text-decoration: underline;\" href=\"http:\/\/www.uni.wroc.pl\/wiadomo%C5%9Bci\/historia\/pami%C4%99ci-skre%C5%9Blonych\" target=\"_blank\">Pami\u0119ci skre\u015blonych<\/a><\/strong><\/span><\/span><\/h5>\n<p style=\"text-align: center;\"><span style=\"color: #333333;\"><strong>Kamilla Jasi\u0144ska<\/strong><\/span><\/p>\n<hr style=\"height: 15px; background: #d0e6fa; width: 710px;\" \/>\n<p><img decoding=\"async\" class=\" alignright\" style=\"border-width: 1px; border-style: solid; width: 350px; height: float: left;\" src=\"http:\/\/www.uni.wroc.pl\/sites\/default\/files\/users\/5\/staryUni.jpg\" alt=\"\" \/><\/p>\n<p style=\"text-align: left;\"><span style=\"color: #333333;\"><strong>Uniwersytet Wroc\u0142awski \u2013 cho\u0107 nie jest prawnym nast\u0119pc\u0105 przedwojennego \u015al\u0105skiego Uniwersytetu im. Fryderyka Wilhelma, a jedynie depozytariuszem i spadkobierc\u0105 jego historii, nieponosz\u0105cym odpowiedzialno\u015bci za decyzje poprzednika \u2013 uczci ofiary totalitarnej ideologii nazistowskiej III Rzeszy, tj. osoby, kt\u00f3re po 1933 r. zosta\u0142y pozbawione stopni naukowych uzyskanych na tej uczelni. Projekt \u201eSkre\u015bleni\u201d obejmuje ponad 260 os\u00f3b.<\/strong><\/span><\/p>\n<p style=\"text-align: left;\"><span style=\"color: #000080;\">Dnia 22 stycznia 2015 r. Uniwersytet Wroc\u0142awski oraz Uniwersytet w Kolonii, kt\u00f3ry w 1951 r. przej\u0105\u0142 patronat nad by\u0142ym niemieckim Schlesische Friedrich-Wilhelms-Universit\u00e4t zu Breslau, wydadz\u0105 wsp\u00f3lne o\u015bwiadczenie. Odebranie stopnia naukowego Niemcom, w <strong>przewa\u017caj\u0105cej wi\u0119kszo\u015bci \u017cydowskiego pochodzenia<\/strong>, kt\u00f3rzy uzyskali go na przedwojennym wroc\u0142awskim Uniwersytecie, zostanie oficjalnie uznane za nieby\u0142e i z tego powodu nieposiadaj\u0105ce mocy prawnej. Jak zaznacza prof. Krzysztof Ruchniewicz \u2013 dyrektor Centrum Studi\u00f3w Niemieckich i Europejskich im. Willy\u2019ego Brandta, kt\u00f3ry jest koordynatorem projektu \u201eSkre\u015bleni\u201d, nie b\u0119dzie to przywr\u00f3cenie stopni naukowych, bo tego polski Uniwersytet Wroc\u0142awski uczyni\u0107 nie mo\u017ce. Uroczysto\u015b\u0107 b\u0119dzie jednak symbolicznym upami\u0119tnieniem tych os\u00f3b oraz pot\u0119pieniem bezprawia oraz naruszaj\u0105cego prawa cz\u0142owieka politycznego prze\u015bladowania, jakie sta\u0142o si\u0119 udzia\u0142em przedwojennego \u015brodowiska akademickiego. O\u015bwiadczenie dotyczy\u0107 b\u0119dzie zar\u00f3wno nauczycieli akademickich relegowanych z uczelni, jak i tych, kt\u00f3rzy po uzyskaniu stopnia doktora pracowali poza uczelni\u0105 i wyemigrowali z Niemiec, czego nast\u0119pstwem by\u0142o odebranie im niemieckiego obywatelstwa, maj\u0105tku i uzyskanych wcze\u015bniej stopni naukowych. Na podstawie cz\u0119\u015bciowo zachowanych dokument\u00f3w archiwalnych uda\u0142o si\u0119 ustali\u0107 list\u0119 ponad 260 os\u00f3b pozbawionych przez \u015al\u0105ski Uniwersytet im. Fryderyka Wilhelma stopni i tytu\u0142\u00f3w naukowych, jednak\u017ce og\u00f3lna liczba ofiar tego procederu mo\u017ce by\u0107 wi\u0119ksza.<\/span><\/p>\n<p style=\"text-align: left;\"><span style=\"color: #000080;\">Uroczysto\u015bci, kt\u00f3ra odb\u0119dzie si\u0119 w czwartek 22 stycznia w Auli Leopoldy\u0144skiej (gmach g\u0142\u00f3wny UWr, pl. Uniwersytecki 1) o godz. 11.00, towarzyszy\u0107 b\u0119dzie m.in. koncert Bente Kahan \u201ePie\u015bni z getta\u201d w Synagodze pod Bia\u0142ym Bocianem (ul. W\u0142odkowica 7) o godz. 18.00. Na pi\u0105tek 23 stycznia w Oratorium Marianum (gmach g\u0142\u00f3wny UWr, pl. Uniwersytecki 1, godz. 9.00\u201313.30) zaplanowano sympozjum \u201eSkre\u015bleni\u201d. PE\u0141NY PROGRAM<\/span><\/p>\n<p style=\"text-align: left;\"><span style=\"color: #000080;\">By zrozumie\u0107 t\u0119 wsp\u00f3ln\u0105 inicjatyw\u0119 Uniwersytetu Wroc\u0142awskiego i Uniwersytetu Kolo\u0144skiego, kt\u00f3r\u0105 wspiera Urz\u0105d Marsza\u0142kowski Wojew\u00f3dztwa Dolno\u015bl\u0105skiego oraz Urz\u0105d Miejski Wroc\u0142awia, nale\u017cy zapozna\u0107 si\u0119 z kilkoma istotnymi faktami.<\/span><\/p>\n<p style=\"text-align: left;\"><span style=\"color: #333333;\"><strong>\u015al\u0105ski Uniwersytet im. Fryderyka Wilhelma u progu III Rzeszy<\/strong><\/span><\/p>\n<p style=\"text-align: left;\"><span style=\"color: #000080;\">Na prze\u0142omie 1932 i 1933 r. na niemieckich uczelniach studiowa\u0142o blisko 118 tys. student\u00f3w. Spo\u015br\u00f3d 54 o\u015brodk\u00f3w akademickich Wroc\u0142aw znajdowa\u0142 si\u0119 na czwartym miejscu, zaraz po Berlinie, Lipsku i Dre\u017anie. Na pi\u0119ciowydzia\u0142owym uniwersytecie, nosz\u0105cym od 1911 r. nazw\u0119 \u015al\u0105skiego Uniwersytetu im. Fryderyka Wilhelma (Schlesische Friedrich-Wilhelms-Universit\u00e4t zu Breslau) kszta\u0142ci\u0142o si\u0119 ok. 5600 os\u00f3b, za\u015b w Wy\u017cszej Szkole Technicznej (Technische Hochschule) ok. 1500. Warto pami\u0119ta\u0107, \u017ce ju\u017c w tym czasie tj. od 2 grudnia 1932 r. na mocy decyzji w\u0142adz pa\u0144stwowych Uniwersytet dzia\u0142a\u0142 \u201ew siostrzanej wsp\u00f3\u0142pracy i wsp\u00f3\u0142egzystencji\u201d z Wy\u017csz\u0105 Szko\u0142\u0105 Techniczn\u0105, tworz\u0105c Uniwersytet \u015al\u0105ski. Fuzja, cho\u0107 pod pewnymi wzgl\u0119dami bardzo korzystna, nie wytrzyma\u0142a jednak pr\u00f3by czasu i do rozdzielenia uczelni dosz\u0142o 2 grudnia 1937 r. tj. dok\u0142adnie 5 lat po ich po\u0142\u0105czeniu.<\/span><\/p>\n<p style=\"text-align: left;\"><span style=\"color: #000080;\">Pocz\u0105tek lat 30. XX by\u0142 dla wroc\u0142awskiego Uniwersytetu dosy\u0107 korzystny. Uczelnia mog\u0142a poszczyci\u0107 si\u0119 \u015bwiatowej klasy uczonymi. Powstawa\u0142y nowe programy badawcze i uruchamiano nowe kierunki studi\u00f3w, co sprawi\u0142o, \u017ce sukcesywnie, pocz\u0105wszy od powojennego za\u0142amania, wzrasta\u0142a liczba student\u00f3w, zar\u00f3wno tych przyje\u017cd\u017caj\u0105cych z innych miast niemieckich, jak i z zagranicy np. Pragi, Budapesztu i Wiednia. To wszystko \u015bwiadczy\u0142o o wzrastaj\u0105cej randze uczelni, kt\u00f3ra mia\u0142a ambicje by\u0107 \u201elatarni\u0105 morsk\u0105 niemieckiego ducha, kt\u00f3ra b\u0142yska s\u0105siadom po wschodniej stronie i zaprasza do wymiany duchowych d\u00f3br\u201d.<\/span><\/p>\n<p style=\"text-align: left;\"><span style=\"color: #000080;\">Przej\u0119cie w\u0142adzy kanclerskiej w Niemczech przez Adolfa Hitlera, kt\u00f3re nast\u0105pi\u0142o 30 stycznia 1933 r. by\u0142o pocz\u0105tkiem nowego okresu nie tylko w dziejach Niemiec i Europy, ale tak\u017ce niemieckiego systemu o\u015bwiaty. Dla wielu szk\u00f3\u0142 wy\u017cszych by\u0142a to data prze\u0142omowa, bo jak si\u0119 wkr\u00f3tce okaza\u0142o, oznacza\u0142a koniec autonomii i pocz\u0105tek skrajnego upolitycznienia uczelni. Sukcesywnie wprowadzane w \u017cycie nowe ustawy oficjalnie mia\u0142y na celu \u201eujednolicenie\u201d Rzeszy, natomiast w rzeczywisto\u015bci s\u0142u\u017cy\u0142y ca\u0142kowitemu podporz\u0105dkowaniu spo\u0142ecze\u0144stwa oraz wszystkich instytucji nowym w\u0142adzom. Ju\u017c w lutym 1933 r. w ca\u0142ych Niemczech odwo\u0142ani zostali na pewien czas rektorzy, a senaty i rady wydzia\u0142\u00f3w zacz\u0119\u0142y funkcjonowa\u0107 jako \u201enarodowo-socjalistyczne rady m\u0119\u017c\u00f3w zaufania\u201d. To by\u0142 dopiero pocz\u0105tek g\u0142\u0119bokich i tragicznych w skutkach zmian.<\/span><\/p>\n<p style=\"text-align: right;\"><span style=\"color: #000080;\">Czytaj dalej tu: <span style=\"text-decoration: underline;\"><strong><a style=\"color: #000080; text-decoration: underline;\" href=\"http:\/\/www.uni.wroc.pl\/wiadomo%C5%9Bci\/historia\/pami%C4%99ci-skre%C5%9Blonych\" target=\"_blank\">Pami\u0119ci skre\u015blonych<\/a><\/strong><\/span><\/span><\/p>\n<hr style=\"height: 15px; background: #d0e6fa; width: 710px;\" \/>\n<div id=\"content\" class=\"  content-alignment&lt;br \/&gt;&lt;br \/&gt; \">\n<div id=\"watch-description\" class=\"yt-uix-button-panel\">\n<div id=\"watch-description-text\">\n<p style=\"text-align: center;\"><span style=\"color: #808080;\"> twoje uwagi, linki, wlasne artykuly, lub wiadomosci przeslij do: <strong><span style=\"text-decoration: underline;\"><span style=\"color: #808080; text-decoration: underline;\"><a href=\"mailto:webmaster@reunion68.com\">webmaster@reunion68.com<\/a><\/span><\/span><\/strong><\/span><\/p>\n<\/div>\n<\/div>\n<\/div>\n<p>&nbsp;<\/p>\n<hr style=\"width: 710px;\" \/>\n","protected":false},"excerpt":{"rendered":"<p>Pami\u0119ci skre\u015blonych Kamilla Jasi\u0144ska Uniwersytet Wroc\u0142awski \u2013 cho\u0107 nie jest prawnym nast\u0119pc\u0105 przedwojennego \u015al\u0105skiego Uniwersytetu im. Fryderyka Wilhelma, a jedynie depozytariuszem i spadkobierc\u0105 jego historii, nieponosz\u0105cym odpowiedzialno\u015bci za decyzje poprzednika \u2013 uczci ofiary totalitarnej ideologii nazistowskiej III Rzeszy, tj. osoby, kt\u00f3re po 1933 r. zosta\u0142y pozbawione stopni naukowych uzyskanych na tej uczelni. Projekt \u201eSkre\u015bleni\u201d obejmuje [&hellip;]<\/p>\n","protected":false},"author":1,"featured_media":0,"comment_status":"closed","ping_status":"closed","sticky":false,"template":"","format":"standard","meta":[],"categories":[6],"tags":[24],"_links":{"self":[{"href":"https:\/\/www.reunion68.se\/index.php?rest_route=\/wp\/v2\/posts\/12934"}],"collection":[{"href":"https:\/\/www.reunion68.se\/index.php?rest_route=\/wp\/v2\/posts"}],"about":[{"href":"https:\/\/www.reunion68.se\/index.php?rest_route=\/wp\/v2\/types\/post"}],"author":[{"embeddable":true,"href":"https:\/\/www.reunion68.se\/index.php?rest_route=\/wp\/v2\/users\/1"}],"replies":[{"embeddable":true,"href":"https:\/\/www.reunion68.se\/index.php?rest_route=%2Fwp%2Fv2%2Fcomments&post=12934"}],"version-history":[{"count":21,"href":"https:\/\/www.reunion68.se\/index.php?rest_route=\/wp\/v2\/posts\/12934\/revisions"}],"predecessor-version":[{"id":12948,"href":"https:\/\/www.reunion68.se\/index.php?rest_route=\/wp\/v2\/posts\/12934\/revisions\/12948"}],"wp:attachment":[{"href":"https:\/\/www.reunion68.se\/index.php?rest_route=%2Fwp%2Fv2%2Fmedia&parent=12934"}],"wp:term":[{"taxonomy":"category","embeddable":true,"href":"https:\/\/www.reunion68.se\/index.php?rest_route=%2Fwp%2Fv2%2Fcategories&post=12934"},{"taxonomy":"post_tag","embeddable":true,"href":"https:\/\/www.reunion68.se\/index.php?rest_route=%2Fwp%2Fv2%2Ftags&post=12934"}],"curies":[{"name":"wp","href":"https:\/\/api.w.org\/{rel}","templated":true}]}}