{"id":129915,"date":"2026-04-28T17:00:00","date_gmt":"2026-04-28T15:00:00","guid":{"rendered":"https:\/\/www.reunion68.se\/?p=129915"},"modified":"2026-04-25T08:20:34","modified_gmt":"2026-04-25T06:20:34","slug":"25-05-115","status":"publish","type":"post","link":"https:\/\/www.reunion68.se\/?p=129915","title":{"rendered":"Kr\u00f3l Karol III: El\u017cbieta II by\u0142aby g\u0142\u0119boko zaniepokojona obecnymi czasami"},"content":{"rendered":"<hr>\n<h3 style=\"text-align: center;\"><a href=\"https:\/\/dzieje.pl\/wiadomosci\/\" target=\"_blank\" rel=\"noopener noreferrer\"><img decoding=\"async\" class=\"center alignleft\" src=\"http:\/\/www.reunion68.com\/Biuletyn\/img\/dzieje_logo.png\" alt=\"\" width=\"35%\"><\/a><span style=\"text-decoration: underline; color: #000080;\"><span><strong><a style=\"color: #000080; text-decoration: underline;\" href=\"https:\/\/dzieje.pl\/wiadomosci\/krol-karol-iii-elzbieta-ii-bylaby-gleboko-zaniepokojona-obecnymi-czasami\" target=\"_blank\" rel=\"noopener noreferrer\">Kr\u00f3l Karol III: El\u017cbieta II by\u0142aby g\u0142\u0119boko zaniepokojona obecnymi czasami<\/a><\/strong><\/span><\/span><\/h3>\n<p style=\"text-align: center;\"><span style=\"color: #000000;\"><strong>bjn\/ akl\/<\/strong><\/span><\/p>\n<hr style=\"height: 15px; background: #d0e6fa; width: 100%;\">\n<p style=\"text-align: center;\"><img decoding=\"async\" width=\"100%\" class=\"aligncenter\" src=\"https:\/\/dzieje.pl\/sites\/default\/files\/styles\/open_article_750x0_\/public\/202604\/pap_20250723_1B6.jpg?itok=XINtuzCq\"><span style=\"color: #808080;\"><em>Kr\u00f3l Karol III. Fot. PAP\/EPA\/TOLGA AKMEN<\/em><\/span><\/p>\n<p><span style=\"color: #000080;\"><strong>El\u017cbieta II by\u0142aby g\u0142\u0119boko zaniepokojona czasami, w kt\u00f3rych \u017cyjemy, ale wierzy\u0142a, \u017ce dobro zawsze ostatecznie zwyci\u0119\u017cy &#8211; powiedzia\u0142 brytyjski kr\u00f3l Karol III w nagraniu wideo opublikowanym z okazji przypadaj\u0105cej we wtorek setnej rocznicy urodzin swojej matki.<\/strong><\/span><\/p>\n<div class=\"field field--name-body field--type-text-with-summary field--label-hidden field__item\">\n<p><span style=\"color: #000080;\">El\u017cbieta II panowa\u0142a przez 70 lat i 214 dni &#8211; od 1952 r. do \u015bmierci w dniu 8 wrze\u015bnia 2022 r. &#8211; d\u0142u\u017cej ni\u017c jakikolwiek inny angielski b\u0105d\u017a brytyjski monarcha.<\/span><\/p>\n<p><span style=\"color: #000080;\">&#8211; Dzisiaj, gdy obchodzimy setn\u0105 rocznic\u0119 urodzin mojej ukochanej matki, moja rodzina i ja zatrzymujemy si\u0119, by wspomina\u0107 \u017cycie i odej\u015bcie monarchini, kt\u00f3ra tak wiele dla nas wszystkich znaczy\u0142a, oraz by ponownie cieszy\u0107 si\u0119 licznymi b\u0142ogos\u0142awie\u0144stwami p\u0142yn\u0105cymi z pami\u0119ci o niej &#8211; powiedzia\u0142 Karol III.<\/span><\/p>\n<p><span style=\"color: #000080;\">Podkre\u015bli\u0142, \u017ce dzie\u0144 ten powinien by\u0107 raczej uczczeniem \u201edobrze prze\u017cytego \u017cycia\u201d ni\u017c op\u0142akiwaniem jej straty. Spe\u0142niona przez ni\u0105 obietnica, \u017ce po\u015bwi\u0119ci si\u0119 s\u0142u\u017cbie innym, \u201ewp\u0142yn\u0119\u0142a na \u017cycie niezliczonych ludzi w ca\u0142ym naszym kraju, w krajach Wsp\u00f3lnoty Narod\u00f3w i poza ni\u0105\u201d &#8211; doda\u0142.<\/span><\/p>\n<p><span style=\"color: #000080;\">&#8211; Jej prawie stuletnie \u017cycie by\u0142o okresem niezwyk\u0142ych zmian, a jednak w ka\u017cdej mijaj\u0105cej dekadzie, w ka\u017cdej przemianie pozostawa\u0142a niezmienna, niez\u0142omna i ca\u0142kowicie oddana ludziom, kt\u00f3rym s\u0142u\u017cy\u0142a. Miliony ludzi zapami\u0119taj\u0105 j\u0105 z wa\u017cnych dla narodu chwil, wielu innych \u2013 z przelotnego osobistego spotkania, u\u015bmiechu, mi\u0142ego s\u0142owa, kt\u00f3re podnosi\u0142o na duchu (&#8230;) albo z tego cudownego b\u0142ysku w oku, gdy w ostatnich miesi\u0105cach \u017cycia dzieli\u0142a si\u0119 z misiem Paddingtonem kanapk\u0105 z marmolad\u0105 &#8211; m\u00f3wi\u0142 monarcha.<\/span><\/p>\n<p><span style=\"color: #000080;\">Nie wchodz\u0105c w szczeg\u00f3\u0142y, wyrazi\u0142 opini\u0119, \u017ce jego matka by\u0142aby zaniepokojona obecnymi czasami. &#8211; Podejrzewam, \u017ce wiele aspekt\u00f3w czas\u00f3w, w kt\u00f3rych obecnie \u017cyjemy, mog\u0142oby j\u0105 g\u0142\u0119boko niepokoi\u0107, ale czerpi\u0119 otuch\u0119 z jej przekonania, \u017ce dobro zawsze zwyci\u0119\u017cy i \u017ce ja\u015bniejszy \u015bwit nigdy nie jest daleko za horyzontem &#8211; powiedzia\u0142.<\/span><\/p>\n<p><span style=\"color: #000080;\">W ramach obchod\u00f3w setnej rocznicy urodzin El\u017cbiety II we wtorek zaprezentowano jej pomnik, kt\u00f3ry ma stan\u0105\u0107 w Parku \u015bw. Jakuba znajduj\u0105cym si\u0119 nieopodal Pa\u0142acu Buckingham.(PAP)<\/span><\/p>\n<\/div>\n<hr style=\"height: 15px; background: #d0e6fa; width: 100%;\">\n<div id=\"content\" class=\"content-alignment\">\n<div id=\"watch-description\" class=\"yt-uix-button-panel\">\n<div id=\"watch-description-text\" style=\"text-align: center;\">\n<p><em>Zawarto\u015b\u0107 publikowanych artyku\u0142\u00f3w i materia\u0142\u00f3w nie reprezentuje pogl\u0105d\u00f3w ani opinii Reunion&#8217;68,<\/em><em><br \/>\nani te\u017c webmastera Blogu Reunion&#8217;68, chyba ze jest to wyra\u017anie zaznaczone.<br \/>\nTwoje uwagi, linki, w\u0142asne artyku\u0142y lub wiadomo\u015bci prze\u015blij na adres:<br \/>\n<\/em><span style=\"color: #000080;\"><strong><em><a style=\"color: #000080;\" href=\"mailto:webmaster@reunion68.com\"><span style=\"text-decoration: underline;\">webmaster@reunion68.com<\/span><\/a><\/em><\/strong><\/span><\/p>\n<\/div>\n<\/div>\n<\/div>\n<hr style=\"width: 100%;\">\n","protected":false},"excerpt":{"rendered":"<p>Kr\u00f3l Karol III: El\u017cbieta II by\u0142aby g\u0142\u0119boko zaniepokojona obecnymi czasami bjn\/ akl\/ Kr\u00f3l Karol III. Fot. PAP\/EPA\/TOLGA AKMEN El\u017cbieta II by\u0142aby g\u0142\u0119boko zaniepokojona czasami, w kt\u00f3rych \u017cyjemy, ale wierzy\u0142a, \u017ce dobro zawsze ostatecznie zwyci\u0119\u017cy &#8211; powiedzia\u0142 brytyjski kr\u00f3l Karol III w nagraniu wideo opublikowanym z okazji przypadaj\u0105cej we wtorek setnej rocznicy urodzin swojej matki. El\u017cbieta [&hellip;]<\/p>\n","protected":false},"author":1,"featured_media":0,"comment_status":"closed","ping_status":"closed","sticky":false,"template":"","format":"standard","meta":[],"categories":[6],"tags":[33,24],"_links":{"self":[{"href":"https:\/\/www.reunion68.se\/index.php?rest_route=\/wp\/v2\/posts\/129915"}],"collection":[{"href":"https:\/\/www.reunion68.se\/index.php?rest_route=\/wp\/v2\/posts"}],"about":[{"href":"https:\/\/www.reunion68.se\/index.php?rest_route=\/wp\/v2\/types\/post"}],"author":[{"embeddable":true,"href":"https:\/\/www.reunion68.se\/index.php?rest_route=\/wp\/v2\/users\/1"}],"replies":[{"embeddable":true,"href":"https:\/\/www.reunion68.se\/index.php?rest_route=%2Fwp%2Fv2%2Fcomments&post=129915"}],"version-history":[{"count":7,"href":"https:\/\/www.reunion68.se\/index.php?rest_route=\/wp\/v2\/posts\/129915\/revisions"}],"predecessor-version":[{"id":129931,"href":"https:\/\/www.reunion68.se\/index.php?rest_route=\/wp\/v2\/posts\/129915\/revisions\/129931"}],"wp:attachment":[{"href":"https:\/\/www.reunion68.se\/index.php?rest_route=%2Fwp%2Fv2%2Fmedia&parent=129915"}],"wp:term":[{"taxonomy":"category","embeddable":true,"href":"https:\/\/www.reunion68.se\/index.php?rest_route=%2Fwp%2Fv2%2Fcategories&post=129915"},{"taxonomy":"post_tag","embeddable":true,"href":"https:\/\/www.reunion68.se\/index.php?rest_route=%2Fwp%2Fv2%2Ftags&post=129915"}],"curies":[{"name":"wp","href":"https:\/\/api.w.org\/{rel}","templated":true}]}}